{"id":111880,"date":"2025-01-23T07:20:25","date_gmt":"2025-01-23T10:20:25","guid":{"rendered":"https:\/\/www.noticiasradioreflejos.com.ar\/2021\/?p=111880"},"modified":"2025-01-23T07:20:25","modified_gmt":"2025-01-23T10:20:25","slug":"dia-mundial-de-la-libertad-por-que-se-conmemora-el-23-de-enero","status":"publish","type":"post","link":"https:\/\/www.noticiasradioreflejos.com.ar\/2021\/dia-mundial-de-la-libertad-por-que-se-conmemora-el-23-de-enero\/","title":{"rendered":"D\u00eda Mundial de la Libertad: \u00bfpor qu\u00e9 se conmemora el 23 de enero?"},"content":{"rendered":"<p>Se trata de una fecha que recuerda la importancia de proteger los derechos fundamentales y promover la democracia en todo el mundo.<!--more--><\/p>\n<div class=\"partner-wrapper article-page__body-row\">\n<div class=\"second-col\">\n<p class=\"article-text\">El 23 de enero se celebra el\u00a0<strong>D\u00eda Mundial de la Libertad<\/strong>, una jornada destinada a reflexionar sobre el valor de la libertad como un derecho humano esencial. Esta fecha fue establecida para destacar la importancia de las sociedades democr\u00e1ticas y recordar el compromiso de proteger las libertades individuales frente a cualquier forma de opresi\u00f3n.<\/p>\n<p class=\"article-text\">El origen de esta celebraci\u00f3n est\u00e1 estrechamente vinculado con la historia de Alemania Oriental, donde la ca\u00edda del r\u00e9gimen comunista en 1990 marc\u00f3 un hito en la lucha por la libertad y la democracia. Este suceso inspir\u00f3 la proclamaci\u00f3n de un d\u00eda dedicado a reflexionar sobre los logros alcanzados en la b\u00fasqueda de los derechos humanos y la autodeterminaci\u00f3n.<\/p>\n<p class=\"article-text\">La libertad, en todas sus formas, es un pilar fundamental para garantizar la dignidad y el bienestar de las personas. Desde la libertad de expresi\u00f3n y de pensamiento hasta el derecho a la participaci\u00f3n pol\u00edtica, estos principios son esenciales para construir sociedades justas, inclusivas y sostenibles.<\/p>\n<p class=\"article-text\">Sin embargo, en muchas partes del mundo, estos derechos siguen siendo vulnerados. La jornada busca visibilizar las luchas actuales contra la censura, la discriminaci\u00f3n y las desigualdades, y alienta a la comunidad internacional a trabajar conjuntamente para garantizar que la libertad sea una realidad para todos.<\/p>\n<div id=\"container-after-news-outlook\"><\/div>\n<p class=\"article-text\">Adem\u00e1s de su enfoque en los derechos civiles y pol\u00edticos, el D\u00eda Mundial de la Libertad tambi\u00e9n invita a reflexionar sobre el impacto de las libertades econ\u00f3micas, sociales y culturales en la vida cotidiana. La educaci\u00f3n, el acceso a oportunidades y la justicia social son aspectos fundamentales que complementan la idea integral de libertad.<\/p>\n<figure><picture class=\"news-image\"><source srcset=\"https:\/\/static.eldiario.es\/clip\/7e5150b5-ad62-41e8-bc56-207df0242dd4_source-aspect-ratio_50p_1110031.webp\" type=\"image\/webp\" media=\"(max-width: 576px)\" \/><source srcset=\"https:\/\/static.eldiario.es\/clip\/7e5150b5-ad62-41e8-bc56-207df0242dd4_source-aspect-ratio_50p_1110031.jpg\" type=\"image\/jpg\" media=\"(max-width: 576px)\" \/><source srcset=\"https:\/\/static.eldiario.es\/clip\/7e5150b5-ad62-41e8-bc56-207df0242dd4_source-aspect-ratio_75p_1110031.webp\" type=\"image\/webp\" media=\"(max-width: 767px)\" \/><source srcset=\"https:\/\/static.eldiario.es\/clip\/7e5150b5-ad62-41e8-bc56-207df0242dd4_source-aspect-ratio_75p_1110031.jpg\" type=\"image\/jpg\" media=\"(max-width: 767px)\" \/><source srcset=\"https:\/\/static.eldiario.es\/clip\/7e5150b5-ad62-41e8-bc56-207df0242dd4_source-aspect-ratio_default_1110031.webp\" type=\"image\/webp\" media=\"(min-width: 768px)\" \/><source srcset=\"https:\/\/static.eldiario.es\/clip\/7e5150b5-ad62-41e8-bc56-207df0242dd4_source-aspect-ratio_default_1110031.jpg\" type=\"image\/jpg\" media=\"(min-width: 768px)\" \/><source srcset=\"https:\/\/static.eldiario.es\/clip\/7e5150b5-ad62-41e8-bc56-207df0242dd4_source-aspect-ratio_default_1110031.webp\" type=\"image\/webp\" \/><img decoding=\"async\" class=\"lazy entered loaded\" src=\"https:\/\/static.eldiario.es\/clip\/7e5150b5-ad62-41e8-bc56-207df0242dd4_source-aspect-ratio_default_1110031.jpg\" alt=\"\" data-src=\"https:\/\/static.eldiario.es\/clip\/7e5150b5-ad62-41e8-bc56-207df0242dd4_source-aspect-ratio_default_1110031.jpg\" data-ll-status=\"loaded\" \/><\/picture><\/figure>\n<h2 class=\"article-text\">10 frases para celebrar el D\u00eda Mundial de la Libertad<\/h2>\n<div class=\"list\">\n<ul>\n<li>\u201cTengo un sue\u00f1o, un solo sue\u00f1o, seguir so\u00f1ando. So\u00f1ar con la libertad, so\u00f1ar con la justicia, so\u00f1ar con la igualdad y ojal\u00e1 ya no tuviera necesidad de so\u00f1arlas.\u201d Martin Luther King.<\/li>\n<li>\u201cDonde mora la libertad, all\u00ed est\u00e1 mi patria.\u201d Benjamin Franklin.<\/li>\n<li>\u201cSi somos libres, todo nos sobra\u201d Jos\u00e9 de San Mart\u00edn.<\/li>\n<li>\u201cNo se nos otorgar\u00e1 la libertad externa m\u00e1s que en la medida exacta en que hayamos sabido, en un momento determinado, desarrollar nuestra libertad interna.\u201d Mahatma Gandhi.<\/li>\n<li>\u201cEl \u00fanico medio de conservar el hombre su libertad es estar siempre dispuesto a morir por ella.\u201d Edgar Allan Poe.<\/li>\n<li>\u201cNo hay barrera, cerradura ni cerrojo que puedas imponer a la libertad de mi mente.\u201d Virginia Woolf.<\/li>\n<li>\u201cQue nada nos limite. Que nada nos defina. Que nada nos sujete. Que la libertad sea nuestra propia sustancia.\u201d Simone de Beauvoir.<\/li>\n<li>\u201cLas buenas costumbres, y no la fuerza, son las columnas de las leyes; y el ejercicio de la justicia es el ejercicio de la libertad.\u201d Sim\u00f3n Bol\u00edvar.<\/li>\n<li>\u201cLa libertad est\u00e1 en ser due\u00f1o de la propia vida\u201d. Plat\u00f3n.<\/li>\n<li>\u201cPorque ser libre no es solamente desamarrarse las propias cadenas, sino vivir en una forma que respete y mejore la libertad de los dem\u00e1s.\u201d Nelson Mandela.<\/li>\n<\/ul>\n<\/div>\n<p class=\"article-text\"><em>NB<\/em><\/p>\n<\/div>\n<\/div>\n","protected":false},"excerpt":{"rendered":"<p>Se trata de una fecha que recuerda la importancia de proteger los derechos fundamentales y promover la democracia en todo el mundo.<\/p>\n","protected":false},"author":3,"featured_media":111881,"comment_status":"closed","ping_status":"closed","sticky":false,"template":"","format":"standard","meta":{"footnotes":""},"categories":[35,26],"tags":[],"class_list":["post-111880","post","type-post","status-publish","format-standard","has-post-thumbnail","hentry","category-cultura","category-sociedad"],"yoast_head":"<!-- This site is optimized with the Yoast SEO plugin v25.9 - https:\/\/yoast.com\/wordpress\/plugins\/seo\/ -->\n<title>D\u00eda Mundial de la Libertad: \u00bfpor qu\u00e9 se conmemora el 23 de enero? - Noticias Radio Reflejos<\/title>\n<meta name=\"robots\" content=\"index, follow, max-snippet:-1, max-image-preview:large, max-video-preview:-1\" \/>\n<link rel=\"canonical\" href=\"https:\/\/www.noticiasradioreflejos.com.ar\/2021\/dia-mundial-de-la-libertad-por-que-se-conmemora-el-23-de-enero\/\" \/>\n<meta property=\"og:locale\" content=\"es_ES\" \/>\n<meta property=\"og:type\" content=\"article\" \/>\n<meta property=\"og:title\" content=\"D\u00eda Mundial de la Libertad: \u00bfpor qu\u00e9 se conmemora el 23 de enero? - Noticias Radio Reflejos\" \/>\n<meta property=\"og:description\" content=\"Se trata de una fecha que recuerda la importancia de proteger los derechos fundamentales y promover la democracia en todo el mundo.\" \/>\n<meta property=\"og:url\" content=\"https:\/\/www.noticiasradioreflejos.com.ar\/2021\/dia-mundial-de-la-libertad-por-que-se-conmemora-el-23-de-enero\/\" \/>\n<meta property=\"og:site_name\" content=\"Noticias Radio Reflejos\" \/>\n<meta property=\"article:published_time\" content=\"2025-01-23T10:20:25+00:00\" \/>\n<meta property=\"og:image\" content=\"https:\/\/www.noticiasradioreflejos.com.ar\/2021\/wp-content\/uploads\/2025\/01\/libertad.jpg\" \/>\n\t<meta property=\"og:image:width\" content=\"1200\" \/>\n\t<meta property=\"og:image:height\" content=\"675\" \/>\n\t<meta property=\"og:image:type\" content=\"image\/jpeg\" \/>\n<meta name=\"author\" content=\"Arnaldo Botto\" \/>\n<meta name=\"twitter:card\" content=\"summary_large_image\" \/>\n<script type=\"application\/ld+json\" class=\"yoast-schema-graph\">{\"@context\":\"https:\/\/schema.org\",\"@graph\":[{\"@type\":\"WebPage\",\"@id\":\"https:\/\/www.noticiasradioreflejos.com.ar\/2021\/dia-mundial-de-la-libertad-por-que-se-conmemora-el-23-de-enero\/\",\"url\":\"https:\/\/www.noticiasradioreflejos.com.ar\/2021\/dia-mundial-de-la-libertad-por-que-se-conmemora-el-23-de-enero\/\",\"name\":\"D\u00eda Mundial de la Libertad: \u00bfpor qu\u00e9 se conmemora el 23 de enero? - Noticias Radio Reflejos\",\"isPartOf\":{\"@id\":\"https:\/\/www.noticiasradioreflejos.com.ar\/2021\/#website\"},\"primaryImageOfPage\":{\"@id\":\"https:\/\/www.noticiasradioreflejos.com.ar\/2021\/dia-mundial-de-la-libertad-por-que-se-conmemora-el-23-de-enero\/#primaryimage\"},\"image\":{\"@id\":\"https:\/\/www.noticiasradioreflejos.com.ar\/2021\/dia-mundial-de-la-libertad-por-que-se-conmemora-el-23-de-enero\/#primaryimage\"},\"thumbnailUrl\":\"https:\/\/www.noticiasradioreflejos.com.ar\/2021\/wp-content\/uploads\/2025\/01\/libertad.jpg\",\"datePublished\":\"2025-01-23T10:20:25+00:00\",\"author\":{\"@id\":\"https:\/\/www.noticiasradioreflejos.com.ar\/2021\/#\/schema\/person\/ad82545263dcc5ec0996818884fd5fb1\"},\"breadcrumb\":{\"@id\":\"https:\/\/www.noticiasradioreflejos.com.ar\/2021\/dia-mundial-de-la-libertad-por-que-se-conmemora-el-23-de-enero\/#breadcrumb\"},\"inLanguage\":\"es\",\"potentialAction\":[{\"@type\":\"ReadAction\",\"target\":[\"https:\/\/www.noticiasradioreflejos.com.ar\/2021\/dia-mundial-de-la-libertad-por-que-se-conmemora-el-23-de-enero\/\"]}]},{\"@type\":\"ImageObject\",\"inLanguage\":\"es\",\"@id\":\"https:\/\/www.noticiasradioreflejos.com.ar\/2021\/dia-mundial-de-la-libertad-por-que-se-conmemora-el-23-de-enero\/#primaryimage\",\"url\":\"https:\/\/www.noticiasradioreflejos.com.ar\/2021\/wp-content\/uploads\/2025\/01\/libertad.jpg\",\"contentUrl\":\"https:\/\/www.noticiasradioreflejos.com.ar\/2021\/wp-content\/uploads\/2025\/01\/libertad.jpg\",\"width\":1200,\"height\":675},{\"@type\":\"BreadcrumbList\",\"@id\":\"https:\/\/www.noticiasradioreflejos.com.ar\/2021\/dia-mundial-de-la-libertad-por-que-se-conmemora-el-23-de-enero\/#breadcrumb\",\"itemListElement\":[{\"@type\":\"ListItem\",\"position\":1,\"name\":\"Portada\",\"item\":\"https:\/\/www.noticiasradioreflejos.com.ar\/2021\/\"},{\"@type\":\"ListItem\",\"position\":2,\"name\":\"D\u00eda Mundial de la Libertad: \u00bfpor qu\u00e9 se conmemora el 23 de enero?\"}]},{\"@type\":\"WebSite\",\"@id\":\"https:\/\/www.noticiasradioreflejos.com.ar\/2021\/#website\",\"url\":\"https:\/\/www.noticiasradioreflejos.com.ar\/2021\/\",\"name\":\"Noticias Radio Reflejos\",\"description\":\"Las noticias de mi comarca\",\"potentialAction\":[{\"@type\":\"SearchAction\",\"target\":{\"@type\":\"EntryPoint\",\"urlTemplate\":\"https:\/\/www.noticiasradioreflejos.com.ar\/2021\/?s={search_term_string}\"},\"query-input\":{\"@type\":\"PropertyValueSpecification\",\"valueRequired\":true,\"valueName\":\"search_term_string\"}}],\"inLanguage\":\"es\"},{\"@type\":\"Person\",\"@id\":\"https:\/\/www.noticiasradioreflejos.com.ar\/2021\/#\/schema\/person\/ad82545263dcc5ec0996818884fd5fb1\",\"name\":\"Arnaldo Botto\",\"image\":{\"@type\":\"ImageObject\",\"inLanguage\":\"es\",\"@id\":\"https:\/\/www.noticiasradioreflejos.com.ar\/2021\/#\/schema\/person\/image\/\",\"url\":\"https:\/\/secure.gravatar.com\/avatar\/55cb5e37c1efa326397366e6974cb338056df65cb50e7d64d1cf314e87504837?s=96&d=mm&r=g\",\"contentUrl\":\"https:\/\/secure.gravatar.com\/avatar\/55cb5e37c1efa326397366e6974cb338056df65cb50e7d64d1cf314e87504837?s=96&d=mm&r=g\",\"caption\":\"Arnaldo Botto\"},\"url\":\"https:\/\/www.noticiasradioreflejos.com.ar\/2021\/author\/arnaldo\/\"}]}<\/script>\n<!-- \/ Yoast SEO plugin. -->","yoast_head_json":{"title":"D\u00eda Mundial de la Libertad: \u00bfpor qu\u00e9 se conmemora el 23 de enero? - Noticias Radio Reflejos","robots":{"index":"index","follow":"follow","max-snippet":"max-snippet:-1","max-image-preview":"max-image-preview:large","max-video-preview":"max-video-preview:-1"},"canonical":"https:\/\/www.noticiasradioreflejos.com.ar\/2021\/dia-mundial-de-la-libertad-por-que-se-conmemora-el-23-de-enero\/","og_locale":"es_ES","og_type":"article","og_title":"D\u00eda Mundial de la Libertad: \u00bfpor qu\u00e9 se conmemora el 23 de enero? - Noticias Radio Reflejos","og_description":"Se trata de una fecha que recuerda la importancia de proteger los derechos fundamentales y promover la democracia en todo el mundo.","og_url":"https:\/\/www.noticiasradioreflejos.com.ar\/2021\/dia-mundial-de-la-libertad-por-que-se-conmemora-el-23-de-enero\/","og_site_name":"Noticias Radio Reflejos","article_published_time":"2025-01-23T10:20:25+00:00","og_image":[{"width":1200,"height":675,"url":"https:\/\/www.noticiasradioreflejos.com.ar\/2021\/wp-content\/uploads\/2025\/01\/libertad.jpg","type":"image\/jpeg"}],"author":"Arnaldo Botto","twitter_card":"summary_large_image","schema":{"@context":"https:\/\/schema.org","@graph":[{"@type":"WebPage","@id":"https:\/\/www.noticiasradioreflejos.com.ar\/2021\/dia-mundial-de-la-libertad-por-que-se-conmemora-el-23-de-enero\/","url":"https:\/\/www.noticiasradioreflejos.com.ar\/2021\/dia-mundial-de-la-libertad-por-que-se-conmemora-el-23-de-enero\/","name":"D\u00eda Mundial de la Libertad: \u00bfpor qu\u00e9 se conmemora el 23 de enero? - Noticias Radio Reflejos","isPartOf":{"@id":"https:\/\/www.noticiasradioreflejos.com.ar\/2021\/#website"},"primaryImageOfPage":{"@id":"https:\/\/www.noticiasradioreflejos.com.ar\/2021\/dia-mundial-de-la-libertad-por-que-se-conmemora-el-23-de-enero\/#primaryimage"},"image":{"@id":"https:\/\/www.noticiasradioreflejos.com.ar\/2021\/dia-mundial-de-la-libertad-por-que-se-conmemora-el-23-de-enero\/#primaryimage"},"thumbnailUrl":"https:\/\/www.noticiasradioreflejos.com.ar\/2021\/wp-content\/uploads\/2025\/01\/libertad.jpg","datePublished":"2025-01-23T10:20:25+00:00","author":{"@id":"https:\/\/www.noticiasradioreflejos.com.ar\/2021\/#\/schema\/person\/ad82545263dcc5ec0996818884fd5fb1"},"breadcrumb":{"@id":"https:\/\/www.noticiasradioreflejos.com.ar\/2021\/dia-mundial-de-la-libertad-por-que-se-conmemora-el-23-de-enero\/#breadcrumb"},"inLanguage":"es","potentialAction":[{"@type":"ReadAction","target":["https:\/\/www.noticiasradioreflejos.com.ar\/2021\/dia-mundial-de-la-libertad-por-que-se-conmemora-el-23-de-enero\/"]}]},{"@type":"ImageObject","inLanguage":"es","@id":"https:\/\/www.noticiasradioreflejos.com.ar\/2021\/dia-mundial-de-la-libertad-por-que-se-conmemora-el-23-de-enero\/#primaryimage","url":"https:\/\/www.noticiasradioreflejos.com.ar\/2021\/wp-content\/uploads\/2025\/01\/libertad.jpg","contentUrl":"https:\/\/www.noticiasradioreflejos.com.ar\/2021\/wp-content\/uploads\/2025\/01\/libertad.jpg","width":1200,"height":675},{"@type":"BreadcrumbList","@id":"https:\/\/www.noticiasradioreflejos.com.ar\/2021\/dia-mundial-de-la-libertad-por-que-se-conmemora-el-23-de-enero\/#breadcrumb","itemListElement":[{"@type":"ListItem","position":1,"name":"Portada","item":"https:\/\/www.noticiasradioreflejos.com.ar\/2021\/"},{"@type":"ListItem","position":2,"name":"D\u00eda Mundial de la Libertad: \u00bfpor qu\u00e9 se conmemora el 23 de enero?"}]},{"@type":"WebSite","@id":"https:\/\/www.noticiasradioreflejos.com.ar\/2021\/#website","url":"https:\/\/www.noticiasradioreflejos.com.ar\/2021\/","name":"Noticias Radio Reflejos","description":"Las noticias de mi comarca","potentialAction":[{"@type":"SearchAction","target":{"@type":"EntryPoint","urlTemplate":"https:\/\/www.noticiasradioreflejos.com.ar\/2021\/?s={search_term_string}"},"query-input":{"@type":"PropertyValueSpecification","valueRequired":true,"valueName":"search_term_string"}}],"inLanguage":"es"},{"@type":"Person","@id":"https:\/\/www.noticiasradioreflejos.com.ar\/2021\/#\/schema\/person\/ad82545263dcc5ec0996818884fd5fb1","name":"Arnaldo Botto","image":{"@type":"ImageObject","inLanguage":"es","@id":"https:\/\/www.noticiasradioreflejos.com.ar\/2021\/#\/schema\/person\/image\/","url":"https:\/\/secure.gravatar.com\/avatar\/55cb5e37c1efa326397366e6974cb338056df65cb50e7d64d1cf314e87504837?s=96&d=mm&r=g","contentUrl":"https:\/\/secure.gravatar.com\/avatar\/55cb5e37c1efa326397366e6974cb338056df65cb50e7d64d1cf314e87504837?s=96&d=mm&r=g","caption":"Arnaldo Botto"},"url":"https:\/\/www.noticiasradioreflejos.com.ar\/2021\/author\/arnaldo\/"}]}},"_links":{"self":[{"href":"https:\/\/www.noticiasradioreflejos.com.ar\/2021\/wp-json\/wp\/v2\/posts\/111880","targetHints":{"allow":["GET"]}}],"collection":[{"href":"https:\/\/www.noticiasradioreflejos.com.ar\/2021\/wp-json\/wp\/v2\/posts"}],"about":[{"href":"https:\/\/www.noticiasradioreflejos.com.ar\/2021\/wp-json\/wp\/v2\/types\/post"}],"author":[{"embeddable":true,"href":"https:\/\/www.noticiasradioreflejos.com.ar\/2021\/wp-json\/wp\/v2\/users\/3"}],"replies":[{"embeddable":true,"href":"https:\/\/www.noticiasradioreflejos.com.ar\/2021\/wp-json\/wp\/v2\/comments?post=111880"}],"version-history":[{"count":1,"href":"https:\/\/www.noticiasradioreflejos.com.ar\/2021\/wp-json\/wp\/v2\/posts\/111880\/revisions"}],"predecessor-version":[{"id":111882,"href":"https:\/\/www.noticiasradioreflejos.com.ar\/2021\/wp-json\/wp\/v2\/posts\/111880\/revisions\/111882"}],"wp:featuredmedia":[{"embeddable":true,"href":"https:\/\/www.noticiasradioreflejos.com.ar\/2021\/wp-json\/wp\/v2\/media\/111881"}],"wp:attachment":[{"href":"https:\/\/www.noticiasradioreflejos.com.ar\/2021\/wp-json\/wp\/v2\/media?parent=111880"}],"wp:term":[{"taxonomy":"category","embeddable":true,"href":"https:\/\/www.noticiasradioreflejos.com.ar\/2021\/wp-json\/wp\/v2\/categories?post=111880"},{"taxonomy":"post_tag","embeddable":true,"href":"https:\/\/www.noticiasradioreflejos.com.ar\/2021\/wp-json\/wp\/v2\/tags?post=111880"}],"curies":[{"name":"wp","href":"https:\/\/api.w.org\/{rel}","templated":true}]}}