{"id":111875,"date":"2025-01-23T06:50:58","date_gmt":"2025-01-23T09:50:58","guid":{"rendered":"https:\/\/www.noticiasradioreflejos.com.ar\/2021\/?p=111875"},"modified":"2025-01-23T07:15:02","modified_gmt":"2025-01-23T10:15:02","slug":"ruta-51-un-auto-cayo-en-el-embalse-del-dique-paso-de-las-piedras","status":"publish","type":"post","link":"https:\/\/www.noticiasradioreflejos.com.ar\/2021\/ruta-51-un-auto-cayo-en-el-embalse-del-dique-paso-de-las-piedras\/","title":{"rendered":"Ruta 51: Un auto cay\u00f3 en el embalse del dique Paso de las Piedras"},"content":{"rendered":"<header id=\"mvp-post-head\" class=\"left relative\">Se desconoce cu\u00e1ntas personas viajaban en el veh\u00edculo. Trabajan buzos y bomberos en las maniobras de rescate en un sector muy profundo.<\/header>\n<p><!--more--><\/p>\n<div class=\"mvp-post-main-out left relative\">\n<div class=\"mvp-post-main-in\">\n<div id=\"mvp-post-content\" class=\"left relative\">\n<div id=\"mvp-content-wrap\" class=\"left relative\">\n<div class=\"mvp-post-soc-out right relative\">\n<div class=\"mvp-post-soc-in\">\n<div id=\"mvp-content-body\" class=\"left relative\">\n<div id=\"mvp-content-body-top\" class=\"left relative\">\n<div id=\"mvp-content-main\" class=\"left relative\">\n<div class=\"adelanto\">\n<p>Cerca de la hora 22.30, personal policial tom\u00f3 conocimiento de un accidente que se produjo en la ruta provincial 51, altura del Dique Paso de las Piedras.<\/p>\n<\/div>\n<div class=\"text\">\n<p>Un autom\u00f3vil termin\u00f3 dentro del agua, en sector izquierdo direcci\u00f3n a Bah\u00eda Blanca. Se desconoce el estado de las personas que iban en el mismo.<\/p>\n<p>En el lugar se encuentran presentes los bomberos voluntarios de Coronel Pringles, Cabildo y Saldungaray.<\/p>\n<p>Debido a la escasa visibilidad no se sabe que ocurri\u00f3 con los ocupantes del rodado. Concurr\u00edan al lugar bomberos de la polic\u00eda de la provincia y buzos de Bah\u00eda Blanca.<\/p>\n<p>El auto estar\u00eda cubierto por el agua y es por eso que no pueden acceder. Est\u00e1 confirmado que viajaban buzos del cuerpo de bomberos de Tornquist. El Jefe del Cuerpo Martin Haag y el Director de Defensa Civil Rodrigo Fhur.<\/p>\n<\/div>\n<figure class=\"wp-block-embed is-type-video is-provider-youtube wp-block-embed-youtube wp-embed-aspect-16-9 wp-has-aspect-ratio\">\n<div class=\"wp-block-embed__wrapper\"><iframe loading=\"lazy\" title=\"Busqueda Paso Piedras\" src=\"https:\/\/www.youtube.com\/embed\/4u1Egq-KEZM?feature=oembed\" width=\"740\" height=\"416\" frameborder=\"0\" allowfullscreen=\"allowfullscreen\" data-mce-fragment=\"1\"><\/iframe><\/div><figcaption class=\"wp-element-caption\">Video noticias tornquist.<\/figcaption><\/figure>\n<p>&nbsp;<\/p>\n<\/div>\n<\/div>\n<\/div>\n<\/div>\n<\/div>\n<\/div>\n<\/div>\n<\/div>\n<\/div>\n","protected":false},"excerpt":{"rendered":"<p>Se desconoce cu\u00e1ntas personas viajaban en el veh\u00edculo. Trabajan buzos y bomberos en las maniobras de rescate en un sector muy profundo.<\/p>\n","protected":false},"author":3,"featured_media":111876,"comment_status":"closed","ping_status":"closed","sticky":false,"template":"","format":"standard","meta":{"footnotes":""},"categories":[29],"tags":[48],"class_list":["post-111875","post","type-post","status-publish","format-standard","has-post-thumbnail","hentry","category-policiales","tag-destacada"],"yoast_head":"<!-- This site is optimized with the Yoast SEO plugin v25.9 - https:\/\/yoast.com\/wordpress\/plugins\/seo\/ -->\n<title>Ruta 51: Un auto cay\u00f3 en el embalse del dique Paso de las Piedras - Noticias Radio Reflejos<\/title>\n<meta name=\"robots\" content=\"index, follow, max-snippet:-1, max-image-preview:large, max-video-preview:-1\" \/>\n<link rel=\"canonical\" href=\"https:\/\/www.noticiasradioreflejos.com.ar\/2021\/ruta-51-un-auto-cayo-en-el-embalse-del-dique-paso-de-las-piedras\/\" \/>\n<meta property=\"og:locale\" content=\"es_ES\" \/>\n<meta property=\"og:type\" content=\"article\" \/>\n<meta property=\"og:title\" content=\"Ruta 51: Un auto cay\u00f3 en el embalse del dique Paso de las Piedras - Noticias Radio Reflejos\" \/>\n<meta property=\"og:description\" content=\"Se desconoce cu\u00e1ntas personas viajaban en el veh\u00edculo. Trabajan buzos y bomberos en las maniobras de rescate en un sector muy profundo.\" \/>\n<meta property=\"og:url\" content=\"https:\/\/www.noticiasradioreflejos.com.ar\/2021\/ruta-51-un-auto-cayo-en-el-embalse-del-dique-paso-de-las-piedras\/\" \/>\n<meta property=\"og:site_name\" content=\"Noticias Radio Reflejos\" \/>\n<meta property=\"article:published_time\" content=\"2025-01-23T09:50:58+00:00\" \/>\n<meta property=\"article:modified_time\" content=\"2025-01-23T10:15:02+00:00\" \/>\n<meta property=\"og:image\" content=\"https:\/\/www.noticiasradioreflejos.com.ar\/2021\/wp-content\/uploads\/2025\/01\/buzos-en-el-dique.jpg\" \/>\n\t<meta property=\"og:image:width\" content=\"700\" \/>\n\t<meta property=\"og:image:height\" content=\"490\" \/>\n\t<meta property=\"og:image:type\" content=\"image\/jpeg\" \/>\n<meta name=\"author\" content=\"Arnaldo Botto\" \/>\n<meta name=\"twitter:card\" content=\"summary_large_image\" \/>\n<script type=\"application\/ld+json\" class=\"yoast-schema-graph\">{\"@context\":\"https:\/\/schema.org\",\"@graph\":[{\"@type\":\"WebPage\",\"@id\":\"https:\/\/www.noticiasradioreflejos.com.ar\/2021\/ruta-51-un-auto-cayo-en-el-embalse-del-dique-paso-de-las-piedras\/\",\"url\":\"https:\/\/www.noticiasradioreflejos.com.ar\/2021\/ruta-51-un-auto-cayo-en-el-embalse-del-dique-paso-de-las-piedras\/\",\"name\":\"Ruta 51: Un auto cay\u00f3 en el embalse del dique Paso de las Piedras - Noticias Radio Reflejos\",\"isPartOf\":{\"@id\":\"https:\/\/www.noticiasradioreflejos.com.ar\/2021\/#website\"},\"primaryImageOfPage\":{\"@id\":\"https:\/\/www.noticiasradioreflejos.com.ar\/2021\/ruta-51-un-auto-cayo-en-el-embalse-del-dique-paso-de-las-piedras\/#primaryimage\"},\"image\":{\"@id\":\"https:\/\/www.noticiasradioreflejos.com.ar\/2021\/ruta-51-un-auto-cayo-en-el-embalse-del-dique-paso-de-las-piedras\/#primaryimage\"},\"thumbnailUrl\":\"https:\/\/www.noticiasradioreflejos.com.ar\/2021\/wp-content\/uploads\/2025\/01\/buzos-en-el-dique.jpg\",\"datePublished\":\"2025-01-23T09:50:58+00:00\",\"dateModified\":\"2025-01-23T10:15:02+00:00\",\"author\":{\"@id\":\"https:\/\/www.noticiasradioreflejos.com.ar\/2021\/#\/schema\/person\/ad82545263dcc5ec0996818884fd5fb1\"},\"breadcrumb\":{\"@id\":\"https:\/\/www.noticiasradioreflejos.com.ar\/2021\/ruta-51-un-auto-cayo-en-el-embalse-del-dique-paso-de-las-piedras\/#breadcrumb\"},\"inLanguage\":\"es\",\"potentialAction\":[{\"@type\":\"ReadAction\",\"target\":[\"https:\/\/www.noticiasradioreflejos.com.ar\/2021\/ruta-51-un-auto-cayo-en-el-embalse-del-dique-paso-de-las-piedras\/\"]}]},{\"@type\":\"ImageObject\",\"inLanguage\":\"es\",\"@id\":\"https:\/\/www.noticiasradioreflejos.com.ar\/2021\/ruta-51-un-auto-cayo-en-el-embalse-del-dique-paso-de-las-piedras\/#primaryimage\",\"url\":\"https:\/\/www.noticiasradioreflejos.com.ar\/2021\/wp-content\/uploads\/2025\/01\/buzos-en-el-dique.jpg\",\"contentUrl\":\"https:\/\/www.noticiasradioreflejos.com.ar\/2021\/wp-content\/uploads\/2025\/01\/buzos-en-el-dique.jpg\",\"width\":700,\"height\":490},{\"@type\":\"BreadcrumbList\",\"@id\":\"https:\/\/www.noticiasradioreflejos.com.ar\/2021\/ruta-51-un-auto-cayo-en-el-embalse-del-dique-paso-de-las-piedras\/#breadcrumb\",\"itemListElement\":[{\"@type\":\"ListItem\",\"position\":1,\"name\":\"Portada\",\"item\":\"https:\/\/www.noticiasradioreflejos.com.ar\/2021\/\"},{\"@type\":\"ListItem\",\"position\":2,\"name\":\"Ruta 51: Un auto cay\u00f3 en el embalse del dique Paso de las Piedras\"}]},{\"@type\":\"WebSite\",\"@id\":\"https:\/\/www.noticiasradioreflejos.com.ar\/2021\/#website\",\"url\":\"https:\/\/www.noticiasradioreflejos.com.ar\/2021\/\",\"name\":\"Noticias Radio Reflejos\",\"description\":\"Las noticias de mi comarca\",\"potentialAction\":[{\"@type\":\"SearchAction\",\"target\":{\"@type\":\"EntryPoint\",\"urlTemplate\":\"https:\/\/www.noticiasradioreflejos.com.ar\/2021\/?s={search_term_string}\"},\"query-input\":{\"@type\":\"PropertyValueSpecification\",\"valueRequired\":true,\"valueName\":\"search_term_string\"}}],\"inLanguage\":\"es\"},{\"@type\":\"Person\",\"@id\":\"https:\/\/www.noticiasradioreflejos.com.ar\/2021\/#\/schema\/person\/ad82545263dcc5ec0996818884fd5fb1\",\"name\":\"Arnaldo Botto\",\"image\":{\"@type\":\"ImageObject\",\"inLanguage\":\"es\",\"@id\":\"https:\/\/www.noticiasradioreflejos.com.ar\/2021\/#\/schema\/person\/image\/\",\"url\":\"https:\/\/secure.gravatar.com\/avatar\/55cb5e37c1efa326397366e6974cb338056df65cb50e7d64d1cf314e87504837?s=96&d=mm&r=g\",\"contentUrl\":\"https:\/\/secure.gravatar.com\/avatar\/55cb5e37c1efa326397366e6974cb338056df65cb50e7d64d1cf314e87504837?s=96&d=mm&r=g\",\"caption\":\"Arnaldo Botto\"},\"url\":\"https:\/\/www.noticiasradioreflejos.com.ar\/2021\/author\/arnaldo\/\"}]}<\/script>\n<!-- \/ Yoast SEO plugin. -->","yoast_head_json":{"title":"Ruta 51: Un auto cay\u00f3 en el embalse del dique Paso de las Piedras - Noticias Radio Reflejos","robots":{"index":"index","follow":"follow","max-snippet":"max-snippet:-1","max-image-preview":"max-image-preview:large","max-video-preview":"max-video-preview:-1"},"canonical":"https:\/\/www.noticiasradioreflejos.com.ar\/2021\/ruta-51-un-auto-cayo-en-el-embalse-del-dique-paso-de-las-piedras\/","og_locale":"es_ES","og_type":"article","og_title":"Ruta 51: Un auto cay\u00f3 en el embalse del dique Paso de las Piedras - Noticias Radio Reflejos","og_description":"Se desconoce cu\u00e1ntas personas viajaban en el veh\u00edculo. Trabajan buzos y bomberos en las maniobras de rescate en un sector muy profundo.","og_url":"https:\/\/www.noticiasradioreflejos.com.ar\/2021\/ruta-51-un-auto-cayo-en-el-embalse-del-dique-paso-de-las-piedras\/","og_site_name":"Noticias Radio Reflejos","article_published_time":"2025-01-23T09:50:58+00:00","article_modified_time":"2025-01-23T10:15:02+00:00","og_image":[{"width":700,"height":490,"url":"https:\/\/www.noticiasradioreflejos.com.ar\/2021\/wp-content\/uploads\/2025\/01\/buzos-en-el-dique.jpg","type":"image\/jpeg"}],"author":"Arnaldo Botto","twitter_card":"summary_large_image","schema":{"@context":"https:\/\/schema.org","@graph":[{"@type":"WebPage","@id":"https:\/\/www.noticiasradioreflejos.com.ar\/2021\/ruta-51-un-auto-cayo-en-el-embalse-del-dique-paso-de-las-piedras\/","url":"https:\/\/www.noticiasradioreflejos.com.ar\/2021\/ruta-51-un-auto-cayo-en-el-embalse-del-dique-paso-de-las-piedras\/","name":"Ruta 51: Un auto cay\u00f3 en el embalse del dique Paso de las Piedras - Noticias Radio Reflejos","isPartOf":{"@id":"https:\/\/www.noticiasradioreflejos.com.ar\/2021\/#website"},"primaryImageOfPage":{"@id":"https:\/\/www.noticiasradioreflejos.com.ar\/2021\/ruta-51-un-auto-cayo-en-el-embalse-del-dique-paso-de-las-piedras\/#primaryimage"},"image":{"@id":"https:\/\/www.noticiasradioreflejos.com.ar\/2021\/ruta-51-un-auto-cayo-en-el-embalse-del-dique-paso-de-las-piedras\/#primaryimage"},"thumbnailUrl":"https:\/\/www.noticiasradioreflejos.com.ar\/2021\/wp-content\/uploads\/2025\/01\/buzos-en-el-dique.jpg","datePublished":"2025-01-23T09:50:58+00:00","dateModified":"2025-01-23T10:15:02+00:00","author":{"@id":"https:\/\/www.noticiasradioreflejos.com.ar\/2021\/#\/schema\/person\/ad82545263dcc5ec0996818884fd5fb1"},"breadcrumb":{"@id":"https:\/\/www.noticiasradioreflejos.com.ar\/2021\/ruta-51-un-auto-cayo-en-el-embalse-del-dique-paso-de-las-piedras\/#breadcrumb"},"inLanguage":"es","potentialAction":[{"@type":"ReadAction","target":["https:\/\/www.noticiasradioreflejos.com.ar\/2021\/ruta-51-un-auto-cayo-en-el-embalse-del-dique-paso-de-las-piedras\/"]}]},{"@type":"ImageObject","inLanguage":"es","@id":"https:\/\/www.noticiasradioreflejos.com.ar\/2021\/ruta-51-un-auto-cayo-en-el-embalse-del-dique-paso-de-las-piedras\/#primaryimage","url":"https:\/\/www.noticiasradioreflejos.com.ar\/2021\/wp-content\/uploads\/2025\/01\/buzos-en-el-dique.jpg","contentUrl":"https:\/\/www.noticiasradioreflejos.com.ar\/2021\/wp-content\/uploads\/2025\/01\/buzos-en-el-dique.jpg","width":700,"height":490},{"@type":"BreadcrumbList","@id":"https:\/\/www.noticiasradioreflejos.com.ar\/2021\/ruta-51-un-auto-cayo-en-el-embalse-del-dique-paso-de-las-piedras\/#breadcrumb","itemListElement":[{"@type":"ListItem","position":1,"name":"Portada","item":"https:\/\/www.noticiasradioreflejos.com.ar\/2021\/"},{"@type":"ListItem","position":2,"name":"Ruta 51: Un auto cay\u00f3 en el embalse del dique Paso de las Piedras"}]},{"@type":"WebSite","@id":"https:\/\/www.noticiasradioreflejos.com.ar\/2021\/#website","url":"https:\/\/www.noticiasradioreflejos.com.ar\/2021\/","name":"Noticias Radio Reflejos","description":"Las noticias de mi comarca","potentialAction":[{"@type":"SearchAction","target":{"@type":"EntryPoint","urlTemplate":"https:\/\/www.noticiasradioreflejos.com.ar\/2021\/?s={search_term_string}"},"query-input":{"@type":"PropertyValueSpecification","valueRequired":true,"valueName":"search_term_string"}}],"inLanguage":"es"},{"@type":"Person","@id":"https:\/\/www.noticiasradioreflejos.com.ar\/2021\/#\/schema\/person\/ad82545263dcc5ec0996818884fd5fb1","name":"Arnaldo Botto","image":{"@type":"ImageObject","inLanguage":"es","@id":"https:\/\/www.noticiasradioreflejos.com.ar\/2021\/#\/schema\/person\/image\/","url":"https:\/\/secure.gravatar.com\/avatar\/55cb5e37c1efa326397366e6974cb338056df65cb50e7d64d1cf314e87504837?s=96&d=mm&r=g","contentUrl":"https:\/\/secure.gravatar.com\/avatar\/55cb5e37c1efa326397366e6974cb338056df65cb50e7d64d1cf314e87504837?s=96&d=mm&r=g","caption":"Arnaldo Botto"},"url":"https:\/\/www.noticiasradioreflejos.com.ar\/2021\/author\/arnaldo\/"}]}},"_links":{"self":[{"href":"https:\/\/www.noticiasradioreflejos.com.ar\/2021\/wp-json\/wp\/v2\/posts\/111875","targetHints":{"allow":["GET"]}}],"collection":[{"href":"https:\/\/www.noticiasradioreflejos.com.ar\/2021\/wp-json\/wp\/v2\/posts"}],"about":[{"href":"https:\/\/www.noticiasradioreflejos.com.ar\/2021\/wp-json\/wp\/v2\/types\/post"}],"author":[{"embeddable":true,"href":"https:\/\/www.noticiasradioreflejos.com.ar\/2021\/wp-json\/wp\/v2\/users\/3"}],"replies":[{"embeddable":true,"href":"https:\/\/www.noticiasradioreflejos.com.ar\/2021\/wp-json\/wp\/v2\/comments?post=111875"}],"version-history":[{"count":3,"href":"https:\/\/www.noticiasradioreflejos.com.ar\/2021\/wp-json\/wp\/v2\/posts\/111875\/revisions"}],"predecessor-version":[{"id":111879,"href":"https:\/\/www.noticiasradioreflejos.com.ar\/2021\/wp-json\/wp\/v2\/posts\/111875\/revisions\/111879"}],"wp:featuredmedia":[{"embeddable":true,"href":"https:\/\/www.noticiasradioreflejos.com.ar\/2021\/wp-json\/wp\/v2\/media\/111876"}],"wp:attachment":[{"href":"https:\/\/www.noticiasradioreflejos.com.ar\/2021\/wp-json\/wp\/v2\/media?parent=111875"}],"wp:term":[{"taxonomy":"category","embeddable":true,"href":"https:\/\/www.noticiasradioreflejos.com.ar\/2021\/wp-json\/wp\/v2\/categories?post=111875"},{"taxonomy":"post_tag","embeddable":true,"href":"https:\/\/www.noticiasradioreflejos.com.ar\/2021\/wp-json\/wp\/v2\/tags?post=111875"}],"curies":[{"name":"wp","href":"https:\/\/api.w.org\/{rel}","templated":true}]}}