{"id":111854,"date":"2025-01-22T14:28:33","date_gmt":"2025-01-22T17:28:33","guid":{"rendered":"https:\/\/www.noticiasradioreflejos.com.ar\/2021\/?p=111854"},"modified":"2025-01-22T14:35:34","modified_gmt":"2025-01-22T17:35:34","slug":"transito-sin-control-habitantes-de-villa-la-arcadia-reclaman-medidas","status":"publish","type":"post","link":"https:\/\/www.noticiasradioreflejos.com.ar\/2021\/transito-sin-control-habitantes-de-villa-la-arcadia-reclaman-medidas\/","title":{"rendered":"Tr\u00e1nsito sin control: Habitantes de Villa la Arcadia reclaman medidas."},"content":{"rendered":"<p>Por iniciativa de diferentes vecinos y vecinas, se ha redactado una carta y buscan el respaldo con firmas, para que Moccero tome medidas urgentes, para una mejor convivencia.<\/p>\n<p><!--more--><\/p>\n<p>A trav\u00e9s de una nota, se solicita al intendente de Coronel Su\u00e1rez, la instalaci\u00f3n de reductores de velocidad en todas las calles de Villa la Arcadia, pero especialmente en las que tienen mayor circulaci\u00f3n.<\/p>\n<p>As\u00ed lo manifest\u00f3 Sol Waimann esta ma\u00f1ana en FM Reflejos. La vecina detall\u00f3 los alcances del pedido y los fundamentos que llevan a esta nueva movilizaci\u00f3n vecinal.<\/p>\n<p>\u00bfEste pedido, perd\u00f3n, tan grave es la situaci\u00f3n que tienen que movilizarse de esta manera?<\/p>\n<p>Sol detall\u00f3: \u00abSi, si realmente es muy grave, si uno se pone a conversar con vecinos, vecinas y diferentes personas que habitan Villa la Arcadia de manera recurrente, repetitiva y en diferentes horarios, pasan veh\u00edculos, motos a velocidad alta, alt\u00edsima dir\u00eda, y tenemos suerte, por el momento,\u00a0 no lamentar ning\u00fan accidente, pero hemos visto, creo que la mayor\u00eda de los vecinos de de Villa la Arcadia situaciones como bastante peligrosas; 3 de la tarde corriendo carreras de moto o personas que van a 60, 70 kil\u00f3metros\u00a0 y tambi\u00e9n otros vecinos que viven en Calle de Circunvalaci\u00f3n, Punta Alta, en la calle Coronel Su\u00e1rez, cuando nos ponemos a hablar este tema mencionan los mismos casos.\u00bb<\/p>\n<p><a href=\"https:\/\/www.noticiasradioreflejos.com.ar\/2021\/transito-sin-control-habitantes-de-villa-la-arcadia-reclaman-medidas\/villa-la-arcadia-gaston\/\" rel=\"attachment wp-att-111856\"><img loading=\"lazy\" decoding=\"async\" class=\"aligncenter size-full wp-image-111856\" src=\"https:\/\/www.noticiasradioreflejos.com.ar\/2021\/wp-content\/uploads\/2025\/01\/Villa-la-Arcadia-gaston.jpg\" alt=\"\" width=\"777\" height=\"437\" srcset=\"https:\/\/www.noticiasradioreflejos.com.ar\/2021\/wp-content\/uploads\/2025\/01\/Villa-la-Arcadia-gaston.jpg 777w, https:\/\/www.noticiasradioreflejos.com.ar\/2021\/wp-content\/uploads\/2025\/01\/Villa-la-Arcadia-gaston-300x169.jpg 300w, https:\/\/www.noticiasradioreflejos.com.ar\/2021\/wp-content\/uploads\/2025\/01\/Villa-la-Arcadia-gaston-768x432.jpg 768w, https:\/\/www.noticiasradioreflejos.com.ar\/2021\/wp-content\/uploads\/2025\/01\/Villa-la-Arcadia-gaston-750x422.jpg 750w\" sizes=\"auto, (max-width: 777px) 100vw, 777px\" \/><\/a><\/p>\n<p><em>Gast\u00f3n Waimann reclama desde hace varios a\u00f1os medidas para el control de velocidad en Villa Arcadia.<\/em><\/p>\n<p>&nbsp;<\/p>\n<p>Desde el 2019 hasta la actualidad los vecinos de alguna manera o otra, han tratando de concientizar y trabajar en esta situaci\u00f3n: \u00abdesde la intendencia no hubo respuesta, entonces en la conferencia que tuvo el intendente Ricardo Moccero en el sal\u00f3n del hotel Pillahuinco, junto con los vecinos y vecinas, se comprometi\u00f3 a realizar los reductores \u00a0de velocidad, siempre y cuando los vecinos y vecinas juntemos las firmas correspondiendo. Ante las palabras del intendente y ante la necesidad y la problem\u00e1tica que tenemos los vecinos de la comunidad, se decidi\u00f3 esto\u00bb ampli\u00f3 Waimann.<\/p>\n<p>La nota de referencia exige que los firmantes completen con datos de nombres, apellidos y n\u00famero de documento y se exhibe en varios locales comerciales de la Villa.<\/p>\n<p><a title=\"Nota vecinos Villa Arcadia\" href=\"https:\/\/www.flickr.com\/photos\/182279889@N02\/54281873415\/in\/dateposted-public\/\" data-flickr-embed=\"true\"><img loading=\"lazy\" decoding=\"async\" class=\"aligncenter\" src=\"https:\/\/live.staticflickr.com\/65535\/54281873415_076c143d93_c.jpg\" alt=\"Nota vecinos Villa Arcadia\" width=\"518\" height=\"800\" \/><\/a><br \/>\n\u00abEstamos solicitando primero que se acerquen a firmar la nota y despu\u00e9s tambi\u00e9n es una buena oportunidad para difundir el mensaje de circular a velocidades prudenciales, que seamos un poco m\u00e1s conscientes del otro, del nene o nena que van en bici a la escuela, del que est\u00e1 paseando, de que est\u00e1 corriendo, de que est\u00e1 circulando con prudencia;\u00a0 entonces por suerte todav\u00eda no hemos lamentado nada, pero no lo queremos lamentar.\u00bb destac\u00f3 la vecina.<\/p>\n<p>A la vez agreg\u00f3:\u00bb si alguien quiere imprimir y juntar firmas del lado del Cerro Ceferino, quiz\u00e1s algunos vecinos de acuerdo del clima y del tiempo estemos recorriendo algunas casas, puerta a puerta juntando firmas, pero reitera, es un compromiso que el se\u00f1or Intendente asumi\u00f3, teniendo eso no habr\u00eda ning\u00fan inconveniente para hacerlo, as\u00ed que bueno, creo que es una buena oportunidad para darle una soluci\u00f3n hasta problem\u00e1tica.\u00bb<\/p>\n<p>&nbsp;<\/p>\n<p>Para finalizar Sol Waimann destac\u00f3: \u00abhay una comunidad grande detr\u00e1s que est\u00e1 comprometida y cada uno tiene el derecho y la posibilidad de trabajar por vivir en un espacio mejor y qu\u00e9 es fundamental, porque si no le ponemos un freno a esto, no vamos a estar bien y lo que buscamos es el bienestar de todos, teniendo lugar tan hermoso y tranquilo para vivir, pero que tenemos que ser conscientes de eso.\u00bb<\/p>\n<p><iframe loading=\"lazy\" src=\"https:\/\/w.soundcloud.com\/player\/?url=https%3A\/\/api.soundcloud.com\/tracks\/2015429955&amp;color=%23ff5500&amp;auto_play=false&amp;hide_related=false&amp;show_comments=true&amp;show_user=true&amp;show_reposts=false&amp;show_teaser=true\" width=\"100%\" height=\"166\" frameborder=\"no\" scrolling=\"no\"><\/iframe><\/p>\n<div style=\"font-size: 10px; color: #cccccc; line-break: anywhere; word-break: normal; overflow: hidden; white-space: nowrap; text-overflow: ellipsis; font-family: Interstate,Lucida Grande,Lucida Sans Unicode,Lucida Sans,Garuda,Verdana,Tahoma,sans-serif; font-weight: 100;\"><a style=\"color: #cccccc; text-decoration: none;\" title=\"fmreflejos 103.7\" href=\"https:\/\/soundcloud.com\/fmreflejos-103-7\" target=\"_blank\" rel=\"noopener\">fmreflejos 103.7<\/a> \u00b7 <a style=\"color: #cccccc; text-decoration: none;\" title=\"sol waiman 22-01\" href=\"https:\/\/soundcloud.com\/fmreflejos-103-7\/sol-waiman-22-01\" target=\"_blank\" rel=\"noopener\">sol waiman 22-01<\/a><\/div>\n<p>&nbsp;<\/p>\n<p>&nbsp;<\/p>\n","protected":false},"excerpt":{"rendered":"<p>Por iniciativa de diferentes vecinos y vecinas, se ha redactado una carta y buscan el respaldo con firmas, para que Moccero tome medidas urgentes, para una mejor convivencia.<\/p>\n","protected":false},"author":3,"featured_media":111855,"comment_status":"closed","ping_status":"closed","sticky":false,"template":"","format":"standard","meta":{"footnotes":""},"categories":[24],"tags":[48],"class_list":["post-111854","post","type-post","status-publish","format-standard","has-post-thumbnail","hentry","category-politica","tag-destacada"],"yoast_head":"<!-- This site is optimized with the Yoast SEO plugin v25.9 - https:\/\/yoast.com\/wordpress\/plugins\/seo\/ -->\n<title>Tr\u00e1nsito sin control: Habitantes de Villa la Arcadia reclaman medidas. - Noticias Radio Reflejos<\/title>\n<meta name=\"robots\" content=\"index, follow, max-snippet:-1, max-image-preview:large, max-video-preview:-1\" \/>\n<link rel=\"canonical\" href=\"https:\/\/www.noticiasradioreflejos.com.ar\/2021\/transito-sin-control-habitantes-de-villa-la-arcadia-reclaman-medidas\/\" \/>\n<meta property=\"og:locale\" content=\"es_ES\" \/>\n<meta property=\"og:type\" content=\"article\" \/>\n<meta property=\"og:title\" content=\"Tr\u00e1nsito sin control: Habitantes de Villa la Arcadia reclaman medidas. - Noticias Radio Reflejos\" \/>\n<meta property=\"og:description\" content=\"Por iniciativa de diferentes vecinos y vecinas, se ha redactado una carta y buscan el respaldo con firmas, para que Moccero tome medidas urgentes, para una mejor convivencia.\" \/>\n<meta property=\"og:url\" content=\"https:\/\/www.noticiasradioreflejos.com.ar\/2021\/transito-sin-control-habitantes-de-villa-la-arcadia-reclaman-medidas\/\" \/>\n<meta property=\"og:site_name\" content=\"Noticias Radio Reflejos\" \/>\n<meta property=\"article:published_time\" content=\"2025-01-22T17:28:33+00:00\" \/>\n<meta property=\"article:modified_time\" content=\"2025-01-22T17:35:34+00:00\" \/>\n<meta property=\"og:image\" content=\"https:\/\/www.noticiasradioreflejos.com.ar\/2021\/wp-content\/uploads\/2025\/01\/Villa-la-Arcadia.jpg\" \/>\n\t<meta property=\"og:image:width\" content=\"1000\" \/>\n\t<meta property=\"og:image:height\" content=\"674\" \/>\n\t<meta property=\"og:image:type\" content=\"image\/jpeg\" \/>\n<meta name=\"author\" content=\"Arnaldo Botto\" \/>\n<meta name=\"twitter:card\" content=\"summary_large_image\" \/>\n<script type=\"application\/ld+json\" class=\"yoast-schema-graph\">{\"@context\":\"https:\/\/schema.org\",\"@graph\":[{\"@type\":\"WebPage\",\"@id\":\"https:\/\/www.noticiasradioreflejos.com.ar\/2021\/transito-sin-control-habitantes-de-villa-la-arcadia-reclaman-medidas\/\",\"url\":\"https:\/\/www.noticiasradioreflejos.com.ar\/2021\/transito-sin-control-habitantes-de-villa-la-arcadia-reclaman-medidas\/\",\"name\":\"Tr\u00e1nsito sin control: Habitantes de Villa la Arcadia reclaman medidas. - Noticias Radio Reflejos\",\"isPartOf\":{\"@id\":\"https:\/\/www.noticiasradioreflejos.com.ar\/2021\/#website\"},\"primaryImageOfPage\":{\"@id\":\"https:\/\/www.noticiasradioreflejos.com.ar\/2021\/transito-sin-control-habitantes-de-villa-la-arcadia-reclaman-medidas\/#primaryimage\"},\"image\":{\"@id\":\"https:\/\/www.noticiasradioreflejos.com.ar\/2021\/transito-sin-control-habitantes-de-villa-la-arcadia-reclaman-medidas\/#primaryimage\"},\"thumbnailUrl\":\"https:\/\/www.noticiasradioreflejos.com.ar\/2021\/wp-content\/uploads\/2025\/01\/Villa-la-Arcadia.jpg\",\"datePublished\":\"2025-01-22T17:28:33+00:00\",\"dateModified\":\"2025-01-22T17:35:34+00:00\",\"author\":{\"@id\":\"https:\/\/www.noticiasradioreflejos.com.ar\/2021\/#\/schema\/person\/ad82545263dcc5ec0996818884fd5fb1\"},\"breadcrumb\":{\"@id\":\"https:\/\/www.noticiasradioreflejos.com.ar\/2021\/transito-sin-control-habitantes-de-villa-la-arcadia-reclaman-medidas\/#breadcrumb\"},\"inLanguage\":\"es\",\"potentialAction\":[{\"@type\":\"ReadAction\",\"target\":[\"https:\/\/www.noticiasradioreflejos.com.ar\/2021\/transito-sin-control-habitantes-de-villa-la-arcadia-reclaman-medidas\/\"]}]},{\"@type\":\"ImageObject\",\"inLanguage\":\"es\",\"@id\":\"https:\/\/www.noticiasradioreflejos.com.ar\/2021\/transito-sin-control-habitantes-de-villa-la-arcadia-reclaman-medidas\/#primaryimage\",\"url\":\"https:\/\/www.noticiasradioreflejos.com.ar\/2021\/wp-content\/uploads\/2025\/01\/Villa-la-Arcadia.jpg\",\"contentUrl\":\"https:\/\/www.noticiasradioreflejos.com.ar\/2021\/wp-content\/uploads\/2025\/01\/Villa-la-Arcadia.jpg\",\"width\":1000,\"height\":674},{\"@type\":\"BreadcrumbList\",\"@id\":\"https:\/\/www.noticiasradioreflejos.com.ar\/2021\/transito-sin-control-habitantes-de-villa-la-arcadia-reclaman-medidas\/#breadcrumb\",\"itemListElement\":[{\"@type\":\"ListItem\",\"position\":1,\"name\":\"Portada\",\"item\":\"https:\/\/www.noticiasradioreflejos.com.ar\/2021\/\"},{\"@type\":\"ListItem\",\"position\":2,\"name\":\"Tr\u00e1nsito sin control: Habitantes de Villa la Arcadia reclaman medidas.\"}]},{\"@type\":\"WebSite\",\"@id\":\"https:\/\/www.noticiasradioreflejos.com.ar\/2021\/#website\",\"url\":\"https:\/\/www.noticiasradioreflejos.com.ar\/2021\/\",\"name\":\"Noticias Radio Reflejos\",\"description\":\"Las noticias de mi comarca\",\"potentialAction\":[{\"@type\":\"SearchAction\",\"target\":{\"@type\":\"EntryPoint\",\"urlTemplate\":\"https:\/\/www.noticiasradioreflejos.com.ar\/2021\/?s={search_term_string}\"},\"query-input\":{\"@type\":\"PropertyValueSpecification\",\"valueRequired\":true,\"valueName\":\"search_term_string\"}}],\"inLanguage\":\"es\"},{\"@type\":\"Person\",\"@id\":\"https:\/\/www.noticiasradioreflejos.com.ar\/2021\/#\/schema\/person\/ad82545263dcc5ec0996818884fd5fb1\",\"name\":\"Arnaldo Botto\",\"image\":{\"@type\":\"ImageObject\",\"inLanguage\":\"es\",\"@id\":\"https:\/\/www.noticiasradioreflejos.com.ar\/2021\/#\/schema\/person\/image\/\",\"url\":\"https:\/\/secure.gravatar.com\/avatar\/55cb5e37c1efa326397366e6974cb338056df65cb50e7d64d1cf314e87504837?s=96&d=mm&r=g\",\"contentUrl\":\"https:\/\/secure.gravatar.com\/avatar\/55cb5e37c1efa326397366e6974cb338056df65cb50e7d64d1cf314e87504837?s=96&d=mm&r=g\",\"caption\":\"Arnaldo Botto\"},\"url\":\"https:\/\/www.noticiasradioreflejos.com.ar\/2021\/author\/arnaldo\/\"}]}<\/script>\n<!-- \/ Yoast SEO plugin. -->","yoast_head_json":{"title":"Tr\u00e1nsito sin control: Habitantes de Villa la Arcadia reclaman medidas. - Noticias Radio Reflejos","robots":{"index":"index","follow":"follow","max-snippet":"max-snippet:-1","max-image-preview":"max-image-preview:large","max-video-preview":"max-video-preview:-1"},"canonical":"https:\/\/www.noticiasradioreflejos.com.ar\/2021\/transito-sin-control-habitantes-de-villa-la-arcadia-reclaman-medidas\/","og_locale":"es_ES","og_type":"article","og_title":"Tr\u00e1nsito sin control: Habitantes de Villa la Arcadia reclaman medidas. - Noticias Radio Reflejos","og_description":"Por iniciativa de diferentes vecinos y vecinas, se ha redactado una carta y buscan el respaldo con firmas, para que Moccero tome medidas urgentes, para una mejor convivencia.","og_url":"https:\/\/www.noticiasradioreflejos.com.ar\/2021\/transito-sin-control-habitantes-de-villa-la-arcadia-reclaman-medidas\/","og_site_name":"Noticias Radio Reflejos","article_published_time":"2025-01-22T17:28:33+00:00","article_modified_time":"2025-01-22T17:35:34+00:00","og_image":[{"width":1000,"height":674,"url":"https:\/\/www.noticiasradioreflejos.com.ar\/2021\/wp-content\/uploads\/2025\/01\/Villa-la-Arcadia.jpg","type":"image\/jpeg"}],"author":"Arnaldo Botto","twitter_card":"summary_large_image","schema":{"@context":"https:\/\/schema.org","@graph":[{"@type":"WebPage","@id":"https:\/\/www.noticiasradioreflejos.com.ar\/2021\/transito-sin-control-habitantes-de-villa-la-arcadia-reclaman-medidas\/","url":"https:\/\/www.noticiasradioreflejos.com.ar\/2021\/transito-sin-control-habitantes-de-villa-la-arcadia-reclaman-medidas\/","name":"Tr\u00e1nsito sin control: Habitantes de Villa la Arcadia reclaman medidas. - Noticias Radio Reflejos","isPartOf":{"@id":"https:\/\/www.noticiasradioreflejos.com.ar\/2021\/#website"},"primaryImageOfPage":{"@id":"https:\/\/www.noticiasradioreflejos.com.ar\/2021\/transito-sin-control-habitantes-de-villa-la-arcadia-reclaman-medidas\/#primaryimage"},"image":{"@id":"https:\/\/www.noticiasradioreflejos.com.ar\/2021\/transito-sin-control-habitantes-de-villa-la-arcadia-reclaman-medidas\/#primaryimage"},"thumbnailUrl":"https:\/\/www.noticiasradioreflejos.com.ar\/2021\/wp-content\/uploads\/2025\/01\/Villa-la-Arcadia.jpg","datePublished":"2025-01-22T17:28:33+00:00","dateModified":"2025-01-22T17:35:34+00:00","author":{"@id":"https:\/\/www.noticiasradioreflejos.com.ar\/2021\/#\/schema\/person\/ad82545263dcc5ec0996818884fd5fb1"},"breadcrumb":{"@id":"https:\/\/www.noticiasradioreflejos.com.ar\/2021\/transito-sin-control-habitantes-de-villa-la-arcadia-reclaman-medidas\/#breadcrumb"},"inLanguage":"es","potentialAction":[{"@type":"ReadAction","target":["https:\/\/www.noticiasradioreflejos.com.ar\/2021\/transito-sin-control-habitantes-de-villa-la-arcadia-reclaman-medidas\/"]}]},{"@type":"ImageObject","inLanguage":"es","@id":"https:\/\/www.noticiasradioreflejos.com.ar\/2021\/transito-sin-control-habitantes-de-villa-la-arcadia-reclaman-medidas\/#primaryimage","url":"https:\/\/www.noticiasradioreflejos.com.ar\/2021\/wp-content\/uploads\/2025\/01\/Villa-la-Arcadia.jpg","contentUrl":"https:\/\/www.noticiasradioreflejos.com.ar\/2021\/wp-content\/uploads\/2025\/01\/Villa-la-Arcadia.jpg","width":1000,"height":674},{"@type":"BreadcrumbList","@id":"https:\/\/www.noticiasradioreflejos.com.ar\/2021\/transito-sin-control-habitantes-de-villa-la-arcadia-reclaman-medidas\/#breadcrumb","itemListElement":[{"@type":"ListItem","position":1,"name":"Portada","item":"https:\/\/www.noticiasradioreflejos.com.ar\/2021\/"},{"@type":"ListItem","position":2,"name":"Tr\u00e1nsito sin control: Habitantes de Villa la Arcadia reclaman medidas."}]},{"@type":"WebSite","@id":"https:\/\/www.noticiasradioreflejos.com.ar\/2021\/#website","url":"https:\/\/www.noticiasradioreflejos.com.ar\/2021\/","name":"Noticias Radio Reflejos","description":"Las noticias de mi comarca","potentialAction":[{"@type":"SearchAction","target":{"@type":"EntryPoint","urlTemplate":"https:\/\/www.noticiasradioreflejos.com.ar\/2021\/?s={search_term_string}"},"query-input":{"@type":"PropertyValueSpecification","valueRequired":true,"valueName":"search_term_string"}}],"inLanguage":"es"},{"@type":"Person","@id":"https:\/\/www.noticiasradioreflejos.com.ar\/2021\/#\/schema\/person\/ad82545263dcc5ec0996818884fd5fb1","name":"Arnaldo Botto","image":{"@type":"ImageObject","inLanguage":"es","@id":"https:\/\/www.noticiasradioreflejos.com.ar\/2021\/#\/schema\/person\/image\/","url":"https:\/\/secure.gravatar.com\/avatar\/55cb5e37c1efa326397366e6974cb338056df65cb50e7d64d1cf314e87504837?s=96&d=mm&r=g","contentUrl":"https:\/\/secure.gravatar.com\/avatar\/55cb5e37c1efa326397366e6974cb338056df65cb50e7d64d1cf314e87504837?s=96&d=mm&r=g","caption":"Arnaldo Botto"},"url":"https:\/\/www.noticiasradioreflejos.com.ar\/2021\/author\/arnaldo\/"}]}},"_links":{"self":[{"href":"https:\/\/www.noticiasradioreflejos.com.ar\/2021\/wp-json\/wp\/v2\/posts\/111854","targetHints":{"allow":["GET"]}}],"collection":[{"href":"https:\/\/www.noticiasradioreflejos.com.ar\/2021\/wp-json\/wp\/v2\/posts"}],"about":[{"href":"https:\/\/www.noticiasradioreflejos.com.ar\/2021\/wp-json\/wp\/v2\/types\/post"}],"author":[{"embeddable":true,"href":"https:\/\/www.noticiasradioreflejos.com.ar\/2021\/wp-json\/wp\/v2\/users\/3"}],"replies":[{"embeddable":true,"href":"https:\/\/www.noticiasradioreflejos.com.ar\/2021\/wp-json\/wp\/v2\/comments?post=111854"}],"version-history":[{"count":4,"href":"https:\/\/www.noticiasradioreflejos.com.ar\/2021\/wp-json\/wp\/v2\/posts\/111854\/revisions"}],"predecessor-version":[{"id":111863,"href":"https:\/\/www.noticiasradioreflejos.com.ar\/2021\/wp-json\/wp\/v2\/posts\/111854\/revisions\/111863"}],"wp:featuredmedia":[{"embeddable":true,"href":"https:\/\/www.noticiasradioreflejos.com.ar\/2021\/wp-json\/wp\/v2\/media\/111855"}],"wp:attachment":[{"href":"https:\/\/www.noticiasradioreflejos.com.ar\/2021\/wp-json\/wp\/v2\/media?parent=111854"}],"wp:term":[{"taxonomy":"category","embeddable":true,"href":"https:\/\/www.noticiasradioreflejos.com.ar\/2021\/wp-json\/wp\/v2\/categories?post=111854"},{"taxonomy":"post_tag","embeddable":true,"href":"https:\/\/www.noticiasradioreflejos.com.ar\/2021\/wp-json\/wp\/v2\/tags?post=111854"}],"curies":[{"name":"wp","href":"https:\/\/api.w.org\/{rel}","templated":true}]}}