{"id":111836,"date":"2025-01-21T22:11:04","date_gmt":"2025-01-22T01:11:04","guid":{"rendered":"https:\/\/www.noticiasradioreflejos.com.ar\/2021\/?p=111836"},"modified":"2025-01-21T22:11:21","modified_gmt":"2025-01-22T01:11:21","slug":"video-cristina-saludo-desde-el-balcon-del-lugar-donde-se-alojo-en-sauce-grande","status":"publish","type":"post","link":"https:\/\/www.noticiasradioreflejos.com.ar\/2021\/video-cristina-saludo-desde-el-balcon-del-lugar-donde-se-alojo-en-sauce-grande\/","title":{"rendered":"Video: Cristina salud\u00f3 desde el balc\u00f3n del lugar donde se aloj\u00f3 en Sauce Grande"},"content":{"rendered":"<header id=\"mvp-post-head\" class=\"left relative\">La expresidenta Cristina Kirchner sali\u00f3 a saludar a algunos de los residentes y visitantes de Sauce Grande que se acercaron a la casa donde estaba vacacionando en los \u00faltimos d\u00edas.<\/header>\n<p><!--more--><\/p>\n<div class=\"mvp-post-main-out left relative\">\n<div class=\"mvp-post-main-in\">\n<div id=\"mvp-post-content\" class=\"left relative\">\n<div id=\"mvp-content-wrap\" class=\"left relative\">\n<div class=\"mvp-post-soc-out right relative\">\n<div class=\"mvp-post-soc-in\">\n<div id=\"mvp-content-body\" class=\"left relative\">\n<div id=\"mvp-content-body-top\" class=\"left relative\">\n<div id=\"mvp-content-main\" class=\"left relative\">\n<p>En un video se la ve acompa\u00f1ada del intendente Hern\u00e1n Arranz y del vicepresidente de la C\u00e1mara de Diputados de la provincia de Buenos Aires, Alejandro Dichiara.<\/p>\n<p>\u00abGracias por todo\u00bb, le dice una de las personas que se acercaron. La exmandataria salud\u00f3 desde el balc\u00f3n del lugar donde se hosped\u00f3 desde el s\u00e1bado en Sauce Grande y desde donde partir\u00eda la noche de este martes.<\/p>\n<div id=\"div-gpt-ad-ros-internews-01_parent\" class=\"code-block code-block-11\">\n<div id=\"div-gpt-ad-ros-internews-01\" data-google-query-id=\"CMWH8cKRiIsDFesruQYdqp8LTg\">\n<div id=\"google_ads_iframe_\/22031857995\/INTERNEWS_01_0__container__\"><\/div>\n<\/div>\n<\/div>\n<p>Cristina escogi\u00f3 este destino de la la ciudad balnearia de Monte Hermoso para pasar algunos d\u00edas del verano en compa\u00f1\u00eda de su hija. Al ser una estad\u00eda vacacional, la l\u00edder del peronismo no ofreci\u00f3 declaraciones a la prensa ni encuentros pol\u00edticos.<\/p>\n<p><a title=\"Sauce Grande Crsitina FK\" href=\"https:\/\/www.flickr.com\/photos\/182279889@N02\/54280688040\/in\/dateposted-public\/\" data-flickr-embed=\"true\"><img loading=\"lazy\" decoding=\"async\" class=\"aligncenter\" src=\"https:\/\/live.staticflickr.com\/31337\/54280688040_0347575950_o.jpg\" alt=\"Sauce Grande Crsitina FK\" width=\"483\" height=\"852\" \/><\/a><script async src=\"\/\/embedr.flickr.com\/assets\/client-code.js\" charset=\"utf-8\"><\/script><\/p>\n<\/div>\n<p><strong>Fuente La Br\u00fajula 24<\/strong><\/p>\n<\/div>\n<\/div>\n<\/div>\n<\/div>\n<\/div>\n<\/div>\n<\/div>\n<\/div>\n","protected":false},"excerpt":{"rendered":"<p>La expresidenta Cristina Kirchner sali\u00f3 a saludar a algunos de los residentes y visitantes de Sauce Grande que se acercaron a la casa donde estaba vacacionando en los \u00faltimos d\u00edas.<\/p>\n","protected":false},"author":3,"featured_media":0,"comment_status":"closed","ping_status":"closed","sticky":false,"template":"","format":"standard","meta":{"footnotes":""},"categories":[24],"tags":[48],"class_list":["post-111836","post","type-post","status-publish","format-standard","hentry","category-politica","tag-destacada"],"yoast_head":"<!-- This site is optimized with the Yoast SEO plugin v25.9 - https:\/\/yoast.com\/wordpress\/plugins\/seo\/ -->\n<title>Video: Cristina salud\u00f3 desde el balc\u00f3n del lugar donde se aloj\u00f3 en Sauce Grande - Noticias Radio Reflejos<\/title>\n<meta name=\"robots\" content=\"index, follow, max-snippet:-1, max-image-preview:large, max-video-preview:-1\" \/>\n<link rel=\"canonical\" href=\"https:\/\/www.noticiasradioreflejos.com.ar\/2021\/video-cristina-saludo-desde-el-balcon-del-lugar-donde-se-alojo-en-sauce-grande\/\" \/>\n<meta property=\"og:locale\" content=\"es_ES\" \/>\n<meta property=\"og:type\" content=\"article\" \/>\n<meta property=\"og:title\" content=\"Video: Cristina salud\u00f3 desde el balc\u00f3n del lugar donde se aloj\u00f3 en Sauce Grande - Noticias Radio Reflejos\" \/>\n<meta property=\"og:description\" content=\"La expresidenta Cristina Kirchner sali\u00f3 a saludar a algunos de los residentes y visitantes de Sauce Grande que se acercaron a la casa donde estaba vacacionando en los \u00faltimos d\u00edas.\" \/>\n<meta property=\"og:url\" content=\"https:\/\/www.noticiasradioreflejos.com.ar\/2021\/video-cristina-saludo-desde-el-balcon-del-lugar-donde-se-alojo-en-sauce-grande\/\" \/>\n<meta property=\"og:site_name\" content=\"Noticias Radio Reflejos\" \/>\n<meta property=\"article:published_time\" content=\"2025-01-22T01:11:04+00:00\" \/>\n<meta property=\"article:modified_time\" content=\"2025-01-22T01:11:21+00:00\" \/>\n<meta property=\"og:image\" content=\"https:\/\/live.staticflickr.com\/31337\/54280688040_0347575950_o.jpg\" \/>\n<meta name=\"author\" content=\"Arnaldo Botto\" \/>\n<meta name=\"twitter:card\" content=\"summary_large_image\" \/>\n<script type=\"application\/ld+json\" class=\"yoast-schema-graph\">{\"@context\":\"https:\/\/schema.org\",\"@graph\":[{\"@type\":\"WebPage\",\"@id\":\"https:\/\/www.noticiasradioreflejos.com.ar\/2021\/video-cristina-saludo-desde-el-balcon-del-lugar-donde-se-alojo-en-sauce-grande\/\",\"url\":\"https:\/\/www.noticiasradioreflejos.com.ar\/2021\/video-cristina-saludo-desde-el-balcon-del-lugar-donde-se-alojo-en-sauce-grande\/\",\"name\":\"Video: Cristina salud\u00f3 desde el balc\u00f3n del lugar donde se aloj\u00f3 en Sauce Grande - Noticias Radio Reflejos\",\"isPartOf\":{\"@id\":\"https:\/\/www.noticiasradioreflejos.com.ar\/2021\/#website\"},\"primaryImageOfPage\":{\"@id\":\"https:\/\/www.noticiasradioreflejos.com.ar\/2021\/video-cristina-saludo-desde-el-balcon-del-lugar-donde-se-alojo-en-sauce-grande\/#primaryimage\"},\"image\":{\"@id\":\"https:\/\/www.noticiasradioreflejos.com.ar\/2021\/video-cristina-saludo-desde-el-balcon-del-lugar-donde-se-alojo-en-sauce-grande\/#primaryimage\"},\"thumbnailUrl\":\"https:\/\/live.staticflickr.com\/31337\/54280688040_0347575950_o.jpg\",\"datePublished\":\"2025-01-22T01:11:04+00:00\",\"dateModified\":\"2025-01-22T01:11:21+00:00\",\"author\":{\"@id\":\"https:\/\/www.noticiasradioreflejos.com.ar\/2021\/#\/schema\/person\/ad82545263dcc5ec0996818884fd5fb1\"},\"breadcrumb\":{\"@id\":\"https:\/\/www.noticiasradioreflejos.com.ar\/2021\/video-cristina-saludo-desde-el-balcon-del-lugar-donde-se-alojo-en-sauce-grande\/#breadcrumb\"},\"inLanguage\":\"es\",\"potentialAction\":[{\"@type\":\"ReadAction\",\"target\":[\"https:\/\/www.noticiasradioreflejos.com.ar\/2021\/video-cristina-saludo-desde-el-balcon-del-lugar-donde-se-alojo-en-sauce-grande\/\"]}]},{\"@type\":\"ImageObject\",\"inLanguage\":\"es\",\"@id\":\"https:\/\/www.noticiasradioreflejos.com.ar\/2021\/video-cristina-saludo-desde-el-balcon-del-lugar-donde-se-alojo-en-sauce-grande\/#primaryimage\",\"url\":\"https:\/\/live.staticflickr.com\/31337\/54280688040_0347575950_o.jpg\",\"contentUrl\":\"https:\/\/live.staticflickr.com\/31337\/54280688040_0347575950_o.jpg\"},{\"@type\":\"BreadcrumbList\",\"@id\":\"https:\/\/www.noticiasradioreflejos.com.ar\/2021\/video-cristina-saludo-desde-el-balcon-del-lugar-donde-se-alojo-en-sauce-grande\/#breadcrumb\",\"itemListElement\":[{\"@type\":\"ListItem\",\"position\":1,\"name\":\"Portada\",\"item\":\"https:\/\/www.noticiasradioreflejos.com.ar\/2021\/\"},{\"@type\":\"ListItem\",\"position\":2,\"name\":\"Video: Cristina salud\u00f3 desde el balc\u00f3n del lugar donde se aloj\u00f3 en Sauce Grande\"}]},{\"@type\":\"WebSite\",\"@id\":\"https:\/\/www.noticiasradioreflejos.com.ar\/2021\/#website\",\"url\":\"https:\/\/www.noticiasradioreflejos.com.ar\/2021\/\",\"name\":\"Noticias Radio Reflejos\",\"description\":\"Las noticias de mi comarca\",\"potentialAction\":[{\"@type\":\"SearchAction\",\"target\":{\"@type\":\"EntryPoint\",\"urlTemplate\":\"https:\/\/www.noticiasradioreflejos.com.ar\/2021\/?s={search_term_string}\"},\"query-input\":{\"@type\":\"PropertyValueSpecification\",\"valueRequired\":true,\"valueName\":\"search_term_string\"}}],\"inLanguage\":\"es\"},{\"@type\":\"Person\",\"@id\":\"https:\/\/www.noticiasradioreflejos.com.ar\/2021\/#\/schema\/person\/ad82545263dcc5ec0996818884fd5fb1\",\"name\":\"Arnaldo Botto\",\"image\":{\"@type\":\"ImageObject\",\"inLanguage\":\"es\",\"@id\":\"https:\/\/www.noticiasradioreflejos.com.ar\/2021\/#\/schema\/person\/image\/\",\"url\":\"https:\/\/secure.gravatar.com\/avatar\/55cb5e37c1efa326397366e6974cb338056df65cb50e7d64d1cf314e87504837?s=96&d=mm&r=g\",\"contentUrl\":\"https:\/\/secure.gravatar.com\/avatar\/55cb5e37c1efa326397366e6974cb338056df65cb50e7d64d1cf314e87504837?s=96&d=mm&r=g\",\"caption\":\"Arnaldo Botto\"},\"url\":\"https:\/\/www.noticiasradioreflejos.com.ar\/2021\/author\/arnaldo\/\"}]}<\/script>\n<!-- \/ Yoast SEO plugin. -->","yoast_head_json":{"title":"Video: Cristina salud\u00f3 desde el balc\u00f3n del lugar donde se aloj\u00f3 en Sauce Grande - Noticias Radio Reflejos","robots":{"index":"index","follow":"follow","max-snippet":"max-snippet:-1","max-image-preview":"max-image-preview:large","max-video-preview":"max-video-preview:-1"},"canonical":"https:\/\/www.noticiasradioreflejos.com.ar\/2021\/video-cristina-saludo-desde-el-balcon-del-lugar-donde-se-alojo-en-sauce-grande\/","og_locale":"es_ES","og_type":"article","og_title":"Video: Cristina salud\u00f3 desde el balc\u00f3n del lugar donde se aloj\u00f3 en Sauce Grande - Noticias Radio Reflejos","og_description":"La expresidenta Cristina Kirchner sali\u00f3 a saludar a algunos de los residentes y visitantes de Sauce Grande que se acercaron a la casa donde estaba vacacionando en los \u00faltimos d\u00edas.","og_url":"https:\/\/www.noticiasradioreflejos.com.ar\/2021\/video-cristina-saludo-desde-el-balcon-del-lugar-donde-se-alojo-en-sauce-grande\/","og_site_name":"Noticias Radio Reflejos","article_published_time":"2025-01-22T01:11:04+00:00","article_modified_time":"2025-01-22T01:11:21+00:00","og_image":[{"url":"https:\/\/live.staticflickr.com\/31337\/54280688040_0347575950_o.jpg","type":"","width":"","height":""}],"author":"Arnaldo Botto","twitter_card":"summary_large_image","schema":{"@context":"https:\/\/schema.org","@graph":[{"@type":"WebPage","@id":"https:\/\/www.noticiasradioreflejos.com.ar\/2021\/video-cristina-saludo-desde-el-balcon-del-lugar-donde-se-alojo-en-sauce-grande\/","url":"https:\/\/www.noticiasradioreflejos.com.ar\/2021\/video-cristina-saludo-desde-el-balcon-del-lugar-donde-se-alojo-en-sauce-grande\/","name":"Video: Cristina salud\u00f3 desde el balc\u00f3n del lugar donde se aloj\u00f3 en Sauce Grande - Noticias Radio Reflejos","isPartOf":{"@id":"https:\/\/www.noticiasradioreflejos.com.ar\/2021\/#website"},"primaryImageOfPage":{"@id":"https:\/\/www.noticiasradioreflejos.com.ar\/2021\/video-cristina-saludo-desde-el-balcon-del-lugar-donde-se-alojo-en-sauce-grande\/#primaryimage"},"image":{"@id":"https:\/\/www.noticiasradioreflejos.com.ar\/2021\/video-cristina-saludo-desde-el-balcon-del-lugar-donde-se-alojo-en-sauce-grande\/#primaryimage"},"thumbnailUrl":"https:\/\/live.staticflickr.com\/31337\/54280688040_0347575950_o.jpg","datePublished":"2025-01-22T01:11:04+00:00","dateModified":"2025-01-22T01:11:21+00:00","author":{"@id":"https:\/\/www.noticiasradioreflejos.com.ar\/2021\/#\/schema\/person\/ad82545263dcc5ec0996818884fd5fb1"},"breadcrumb":{"@id":"https:\/\/www.noticiasradioreflejos.com.ar\/2021\/video-cristina-saludo-desde-el-balcon-del-lugar-donde-se-alojo-en-sauce-grande\/#breadcrumb"},"inLanguage":"es","potentialAction":[{"@type":"ReadAction","target":["https:\/\/www.noticiasradioreflejos.com.ar\/2021\/video-cristina-saludo-desde-el-balcon-del-lugar-donde-se-alojo-en-sauce-grande\/"]}]},{"@type":"ImageObject","inLanguage":"es","@id":"https:\/\/www.noticiasradioreflejos.com.ar\/2021\/video-cristina-saludo-desde-el-balcon-del-lugar-donde-se-alojo-en-sauce-grande\/#primaryimage","url":"https:\/\/live.staticflickr.com\/31337\/54280688040_0347575950_o.jpg","contentUrl":"https:\/\/live.staticflickr.com\/31337\/54280688040_0347575950_o.jpg"},{"@type":"BreadcrumbList","@id":"https:\/\/www.noticiasradioreflejos.com.ar\/2021\/video-cristina-saludo-desde-el-balcon-del-lugar-donde-se-alojo-en-sauce-grande\/#breadcrumb","itemListElement":[{"@type":"ListItem","position":1,"name":"Portada","item":"https:\/\/www.noticiasradioreflejos.com.ar\/2021\/"},{"@type":"ListItem","position":2,"name":"Video: Cristina salud\u00f3 desde el balc\u00f3n del lugar donde se aloj\u00f3 en Sauce Grande"}]},{"@type":"WebSite","@id":"https:\/\/www.noticiasradioreflejos.com.ar\/2021\/#website","url":"https:\/\/www.noticiasradioreflejos.com.ar\/2021\/","name":"Noticias Radio Reflejos","description":"Las noticias de mi comarca","potentialAction":[{"@type":"SearchAction","target":{"@type":"EntryPoint","urlTemplate":"https:\/\/www.noticiasradioreflejos.com.ar\/2021\/?s={search_term_string}"},"query-input":{"@type":"PropertyValueSpecification","valueRequired":true,"valueName":"search_term_string"}}],"inLanguage":"es"},{"@type":"Person","@id":"https:\/\/www.noticiasradioreflejos.com.ar\/2021\/#\/schema\/person\/ad82545263dcc5ec0996818884fd5fb1","name":"Arnaldo Botto","image":{"@type":"ImageObject","inLanguage":"es","@id":"https:\/\/www.noticiasradioreflejos.com.ar\/2021\/#\/schema\/person\/image\/","url":"https:\/\/secure.gravatar.com\/avatar\/55cb5e37c1efa326397366e6974cb338056df65cb50e7d64d1cf314e87504837?s=96&d=mm&r=g","contentUrl":"https:\/\/secure.gravatar.com\/avatar\/55cb5e37c1efa326397366e6974cb338056df65cb50e7d64d1cf314e87504837?s=96&d=mm&r=g","caption":"Arnaldo Botto"},"url":"https:\/\/www.noticiasradioreflejos.com.ar\/2021\/author\/arnaldo\/"}]}},"_links":{"self":[{"href":"https:\/\/www.noticiasradioreflejos.com.ar\/2021\/wp-json\/wp\/v2\/posts\/111836","targetHints":{"allow":["GET"]}}],"collection":[{"href":"https:\/\/www.noticiasradioreflejos.com.ar\/2021\/wp-json\/wp\/v2\/posts"}],"about":[{"href":"https:\/\/www.noticiasradioreflejos.com.ar\/2021\/wp-json\/wp\/v2\/types\/post"}],"author":[{"embeddable":true,"href":"https:\/\/www.noticiasradioreflejos.com.ar\/2021\/wp-json\/wp\/v2\/users\/3"}],"replies":[{"embeddable":true,"href":"https:\/\/www.noticiasradioreflejos.com.ar\/2021\/wp-json\/wp\/v2\/comments?post=111836"}],"version-history":[{"count":1,"href":"https:\/\/www.noticiasradioreflejos.com.ar\/2021\/wp-json\/wp\/v2\/posts\/111836\/revisions"}],"predecessor-version":[{"id":111838,"href":"https:\/\/www.noticiasradioreflejos.com.ar\/2021\/wp-json\/wp\/v2\/posts\/111836\/revisions\/111838"}],"wp:attachment":[{"href":"https:\/\/www.noticiasradioreflejos.com.ar\/2021\/wp-json\/wp\/v2\/media?parent=111836"}],"wp:term":[{"taxonomy":"category","embeddable":true,"href":"https:\/\/www.noticiasradioreflejos.com.ar\/2021\/wp-json\/wp\/v2\/categories?post=111836"},{"taxonomy":"post_tag","embeddable":true,"href":"https:\/\/www.noticiasradioreflejos.com.ar\/2021\/wp-json\/wp\/v2\/tags?post=111836"}],"curies":[{"name":"wp","href":"https:\/\/api.w.org\/{rel}","templated":true}]}}