{"id":111769,"date":"2025-01-20T18:02:35","date_gmt":"2025-01-20T21:02:35","guid":{"rendered":"https:\/\/www.noticiasradioreflejos.com.ar\/2021\/?p=111769"},"modified":"2025-01-20T18:15:53","modified_gmt":"2025-01-20T21:15:53","slug":"fiesta-de-las-golondrinas-sabiamos-que-iba-a-ser-convocante-no-nunca-creimos-que-iba-a-pasar-lo-que-paso-el-sabado","status":"publish","type":"post","link":"https:\/\/www.noticiasradioreflejos.com.ar\/2021\/fiesta-de-las-golondrinas-sabiamos-que-iba-a-ser-convocante-no-nunca-creimos-que-iba-a-pasar-lo-que-paso-el-sabado\/","title":{"rendered":"Fiesta de las Golondrinas: \u00abSab\u00edamos que iba a ser convocante, nunca cre\u00edmos que iba a pasar lo que pas\u00f3 el s\u00e1bado\u00bb"},"content":{"rendered":"<p>M\u00e1s tranquila y con menor ansiedad,<strong> Mar\u00eda Sol Salgado<\/strong> pudo realizar un reconto de la exitosa <a href=\"https:\/\/www.noticiasradioreflejos.com.ar\/2021\/cerro-la-33o-edicion-de-la-fiesta-provincial-de-las-golondrinas\/\"><strong>33\u00b0 Fiesta Provincial de las Golondrinas en Villa Ventana<\/strong><\/a>. <!--more--><\/p>\n<p>Las expectativas eran buenas, auspiciosas, pero con solo un mes y medio de trabajo y tama\u00f1a empresa, las dudas flotaban en el aire. Esta ma\u00f1ana, la integrante de bomberos Voluntarios de Villa y referente de la organizaci\u00f3n de la fiesta habl\u00f3 en FM Reflejos.<\/p>\n<p><strong>Mar\u00eda Sol Salgado<\/strong>, tuvo a cargo las palabras oficiales en el escenario de la Plaza Salerno en la noche del s\u00e1bado y se la not\u00f3 emocionada y asombrada con lo que ten\u00eda enfrente. Una multitud la estaba mirando y escuchando y ten\u00eda tambi\u00e9n, un r\u00e9cord absoluto en los 33 a\u00f1os de historia de esta fiesta popular.<\/p>\n<p>&nbsp;<\/p>\n<p>&nbsp;<\/p>\n<p>\u00abFeliz, feliz de lo que pas\u00f3 en la plaza. Ten\u00edamos mucho miedo, no s\u00e9 si miedo, si la palabra es miedo, sino ha sido de lo que iba a pasar. Si bien a medida de que fueron pasando los d\u00edas, desde hace un mes y d\u00edas atr\u00e1s que agarramos la fiesta, sab\u00edamos que iba a ser convocante, no nunca cre\u00edmos que iba a pasar lo que pas\u00f3 el s\u00e1bado, creo.\u00bb expres\u00f3 en el inicio de la charla Mar\u00eda Sol.<\/p>\n<p><a href=\"https:\/\/www.noticiasradioreflejos.com.ar\/2021\/fiesta-de-las-golondrinas-sabiamos-que-iba-a-ser-convocante-no-nunca-creimos-que-iba-a-pasar-lo-que-paso-el-sabado\/drone-fotos-15\/\" rel=\"attachment wp-att-111773\"><img loading=\"lazy\" decoding=\"async\" class=\"aligncenter size-full wp-image-111773\" src=\"https:\/\/www.noticiasradioreflejos.com.ar\/2021\/wp-content\/uploads\/2025\/01\/drone-fotos-15.jpg\" alt=\"\" width=\"1064\" height=\"798\" srcset=\"https:\/\/www.noticiasradioreflejos.com.ar\/2021\/wp-content\/uploads\/2025\/01\/drone-fotos-15.jpg 1064w, https:\/\/www.noticiasradioreflejos.com.ar\/2021\/wp-content\/uploads\/2025\/01\/drone-fotos-15-300x225.jpg 300w, https:\/\/www.noticiasradioreflejos.com.ar\/2021\/wp-content\/uploads\/2025\/01\/drone-fotos-15-1024x768.jpg 1024w, https:\/\/www.noticiasradioreflejos.com.ar\/2021\/wp-content\/uploads\/2025\/01\/drone-fotos-15-768x576.jpg 768w, https:\/\/www.noticiasradioreflejos.com.ar\/2021\/wp-content\/uploads\/2025\/01\/drone-fotos-15-750x563.jpg 750w\" sizes=\"auto, (max-width: 1064px) 100vw, 1064px\" \/><\/a><\/p>\n<p>La bombero serrana no dej\u00f3 de manifestar sus sensaciones en el an\u00e1lisis de los acontecimientos: \u00abhac\u00eda mucho que bomberos no organizaba algo as\u00ed;\u00a0 en los comienzos de bomberos ten\u00edamos los pick nic que hac\u00edamos en el club hotel. ah\u00ed hab\u00edamos arrancado desde cero, desde hacer la comida a nosotros todos, a bueno, a lograr lo que se lograba.\u00bb<\/p>\n<p>Salgado cont\u00f3 que flotaba en todos los integrantes de la instituci\u00f3n serrana, la idea de retomar con la organizaci\u00f3n del tradicional Pick nic que se dej\u00f3 de hacer varias d\u00e9cadas atr\u00e1s, y llegaron a solicitar la fecha para su realizaci\u00f3n, pero algo pas\u00f3 y las cosas cambiaron de rumbo: \u00bb pedimos la fecha para el pick nic, \u00a0para hacer algo con bomberos. Y en ese momento veo que sale un flyer que desde la delegaci\u00f3n que convocaba a un mi\u00e9rcoles, a las 10 de la ma\u00f1ana en la plaza para ver qu\u00e9 pasaba con la fiesta- Entonces ah\u00ed dice, \u00bfse agarra las golondrinas? Y no s\u00e9, bueno. En la comisi\u00f3n salimos todos pensando, bueno, \u00bfQu\u00e9 va a pasar?&#8230; Y fuimos el mi\u00e9rcoles a la reuni\u00f3n, hab\u00eda un grupo de vecinos integrantes de la comisi\u00f3n anterior y ver ah\u00ed dijimos, bueno, \u00bfla agarra bomberos? Y as\u00ed fue.\u00bb<\/p>\n<p>&nbsp;<\/p>\n<p>La propuesta gener\u00f3 alguna preocupaci\u00f3n en el \u00e1mbito de la comisi\u00f3n de bomberos, pero a medida que se pusieron trabajar las dudas se disipaban y m\u00e1s, cuando vieron el apoyo de comerciantes en el auspicio de la fiesta.\u00a0 Pero la mayor preocupaci\u00f3n se centraba en el alto riesgo de incendios que hay en la zona por el verano, cosa que en subcontinente de los integrantes de cuerpo activo y la comisi\u00f3n directiva pesaba al momento de la decisi\u00f3n. Mar\u00eda Sol lo puntualiz\u00f3:<strong> \u00bb yo ven\u00eda a retranquila, hasta el d\u00eda que ya me convocaron para el fuego de Tornquist. Ah\u00ed s\u00ed, ah\u00ed me asust\u00e9 mucho. <\/strong>Y est\u00e1bamos a un d\u00eda, as\u00ed que no hab\u00eda marcha atr\u00e1s, pero no, como siempre, la verdad que los chicos, los bomberos vinieron, algunos vinieron a las madrugada o a las seis de la ma\u00f1ana y a la tarde estaban trabajando ah\u00ed a la par de los que no hab\u00edamos ido al fuego. Pero conf\u00edo en que si nos ponemos un objetivo, lo logramos. Desde el minuto cero que se form\u00f3 el cuartel, ha sido as\u00ed, vamos a hacer esto y hacemos esto. Y bueno, as\u00ed tenemos el cuartel que tenemos hoy, se logr\u00f3 el objetivo, el objetivo era no perder la fiesta.\u00bb<\/p>\n<p>Sobre la organizaci\u00f3n, Salgado tambi\u00e9n destac\u00f3 la importancia y acompa\u00f1amiento del municipio y en especial de <strong>Luc\u00eda Urriaga, subsecretaria de cultura<\/strong>: \u00abla verdad que fue un trabajo conjunto desde el primer momento, desde esa reuni\u00f3n o desde el mensajito de Bernardo, trabajamos en conjunto constantemente. Yo creo que hay que agradecer. El otro d\u00eda en una radio me preguntaban y yo dec\u00eda, es que solo no hubi\u00e9semos logrado esto y yo creo que el municipio solo tampoco, era un trabajo o s\u00ed o s\u00ed en conjunto. Y la verdad que s\u00ed, que el municipio fue trabajar codo a codo.\u00bb<\/p>\n<p><iframe loading=\"lazy\" style=\"border: none; overflow: hidden;\" src=\"https:\/\/www.facebook.com\/plugins\/post.php?href=https%3A%2F%2Fwww.facebook.com%2Fpermalink.php%3Fstory_fbid%3Dpfbid024YA3N38aFAL5yrEVUCJ4PGJmc9UrFkzVh9V9BVMLtVpBtFpfreKpGojkf5Sjz5mXl%26id%3D100091327519773&amp;show_text=true&amp;width=500\" width=\"500\" height=\"699\" frameborder=\"0\" scrolling=\"no\" allowfullscreen=\"allowfullscreen\"><\/iframe><\/p>\n<p>&nbsp;<\/p>\n<p>Mar\u00eda Sol durante la charla, describi\u00f3 parte de la log\u00edstica que usaron para el dise\u00f1o de la plaza, c\u00f3mo ubicaron cada uno de los casi 100 puestos que la rodearon y otros detalles que finalmente le dieron el toque que los concurrentes pudieron disfrutar, aunque durante la noche del s\u00e1bado mucha gente tom\u00f3 la disensi\u00f3n de irse por falta de lugar o comodidad para ubicarse.<\/p>\n<p>Y tambien llegamos a analizar sobre la historia y fundamentos de los comienzos de la Fiesta: \u00abRecuerdo, ac\u00e1 en la plaza, con<strong> Chich\u00ed (\u00c1balos), Kaltembach<\/strong> que era el locutor siempre de las fiestas y el grupo de vecinos que acompa\u00f1aba a Chich\u00ed, la asociaci\u00f3n\u00a0 de fomento, a los fide\u00edtos, las b\u00fasquedas de tesoros. El otro d\u00eda nosotros record\u00e1bamos a <strong>Irma Esponda<\/strong>, que era la responsable de la b\u00fasqueda del tesoro y dec\u00edamos que habr\u00eda que retomar la b\u00fasqueda a la ma\u00f1ana o en alg\u00fan momento hacer algo.\u00bb<\/p>\n<p>Finalmente, Salgado agradeci\u00f3 a los conductores del evento, organizadores, personal de Centro Cultural y asegur\u00f3 que en febrero se convocan para empezar a organizar la 34 edici\u00f3n de un fiesta que cerr\u00f3 con un balance altamente positivo en todos los aspectos.<\/p>\n<p>&nbsp;<\/p>\n<p><iframe loading=\"lazy\" src=\"https:\/\/w.soundcloud.com\/player\/?url=https%3A\/\/api.soundcloud.com\/tracks\/2013095547&amp;color=%23ff5500&amp;auto_play=false&amp;hide_related=false&amp;show_comments=true&amp;show_user=true&amp;show_reposts=false&amp;show_teaser=true\" width=\"100%\" height=\"166\" frameborder=\"no\" scrolling=\"no\"><\/iframe><\/p>\n<div style=\"font-size: 10px; color: #cccccc; line-break: anywhere; word-break: normal; overflow: hidden; white-space: nowrap; text-overflow: ellipsis; font-family: Interstate,Lucida Grande,Lucida Sans Unicode,Lucida Sans,Garuda,Verdana,Tahoma,sans-serif; font-weight: 100;\"><a style=\"color: #cccccc; text-decoration: none;\" title=\"fmreflejos 103.7\" href=\"https:\/\/soundcloud.com\/fmreflejos-103-7\" target=\"_blank\" rel=\"noopener\">fmreflejos 103.7<\/a> \u00b7 <a style=\"color: #cccccc; text-decoration: none;\" title=\"Maria Sol Salgado 20-01\" href=\"https:\/\/soundcloud.com\/fmreflejos-103-7\/maria-sol-salgado-20-01\" target=\"_blank\" rel=\"noopener\">Maria Sol Salgado 20-01<\/a><\/div>\n","protected":false},"excerpt":{"rendered":"<p>M\u00e1s tranquila y con menor ansiedad, Mar\u00eda Sol Salgado pudo realizar un reconto de la exitosa 33\u00b0 Fiesta Provincial de las Golondrinas en Villa Ventana.<\/p>\n","protected":false},"author":3,"featured_media":111772,"comment_status":"closed","ping_status":"closed","sticky":false,"template":"","format":"standard","meta":{"footnotes":""},"categories":[26],"tags":[48],"class_list":["post-111769","post","type-post","status-publish","format-standard","has-post-thumbnail","hentry","category-sociedad","tag-destacada"],"yoast_head":"<!-- This site is optimized with the Yoast SEO plugin v25.9 - https:\/\/yoast.com\/wordpress\/plugins\/seo\/ -->\n<title>Fiesta de las Golondrinas: &quot;Sab\u00edamos que iba a ser convocante, nunca cre\u00edmos que iba a pasar lo que pas\u00f3 el s\u00e1bado&quot; - Noticias Radio Reflejos<\/title>\n<meta name=\"robots\" content=\"index, follow, max-snippet:-1, max-image-preview:large, max-video-preview:-1\" \/>\n<link rel=\"canonical\" href=\"https:\/\/www.noticiasradioreflejos.com.ar\/2021\/fiesta-de-las-golondrinas-sabiamos-que-iba-a-ser-convocante-no-nunca-creimos-que-iba-a-pasar-lo-que-paso-el-sabado\/\" \/>\n<meta property=\"og:locale\" content=\"es_ES\" \/>\n<meta property=\"og:type\" content=\"article\" \/>\n<meta property=\"og:title\" content=\"Fiesta de las Golondrinas: &quot;Sab\u00edamos que iba a ser convocante, nunca cre\u00edmos que iba a pasar lo que pas\u00f3 el s\u00e1bado&quot; - Noticias Radio Reflejos\" \/>\n<meta property=\"og:description\" content=\"M\u00e1s tranquila y con menor ansiedad, Mar\u00eda Sol Salgado pudo realizar un reconto de la exitosa 33\u00b0 Fiesta Provincial de las Golondrinas en Villa Ventana.\" \/>\n<meta property=\"og:url\" content=\"https:\/\/www.noticiasradioreflejos.com.ar\/2021\/fiesta-de-las-golondrinas-sabiamos-que-iba-a-ser-convocante-no-nunca-creimos-que-iba-a-pasar-lo-que-paso-el-sabado\/\" \/>\n<meta property=\"og:site_name\" content=\"Noticias Radio Reflejos\" \/>\n<meta property=\"article:published_time\" content=\"2025-01-20T21:02:35+00:00\" \/>\n<meta property=\"article:modified_time\" content=\"2025-01-20T21:15:53+00:00\" \/>\n<meta property=\"og:image\" content=\"https:\/\/www.noticiasradioreflejos.com.ar\/2021\/wp-content\/uploads\/2025\/01\/Plaza-Salerno-1.jpg\" \/>\n\t<meta property=\"og:image:width\" content=\"1064\" \/>\n\t<meta property=\"og:image:height\" content=\"798\" \/>\n\t<meta property=\"og:image:type\" content=\"image\/jpeg\" \/>\n<meta name=\"author\" content=\"Arnaldo Botto\" \/>\n<meta name=\"twitter:card\" content=\"summary_large_image\" \/>\n<script type=\"application\/ld+json\" class=\"yoast-schema-graph\">{\"@context\":\"https:\/\/schema.org\",\"@graph\":[{\"@type\":\"WebPage\",\"@id\":\"https:\/\/www.noticiasradioreflejos.com.ar\/2021\/fiesta-de-las-golondrinas-sabiamos-que-iba-a-ser-convocante-no-nunca-creimos-que-iba-a-pasar-lo-que-paso-el-sabado\/\",\"url\":\"https:\/\/www.noticiasradioreflejos.com.ar\/2021\/fiesta-de-las-golondrinas-sabiamos-que-iba-a-ser-convocante-no-nunca-creimos-que-iba-a-pasar-lo-que-paso-el-sabado\/\",\"name\":\"Fiesta de las Golondrinas: \\\"Sab\u00edamos que iba a ser convocante, nunca cre\u00edmos que iba a pasar lo que pas\u00f3 el s\u00e1bado\\\" - Noticias Radio Reflejos\",\"isPartOf\":{\"@id\":\"https:\/\/www.noticiasradioreflejos.com.ar\/2021\/#website\"},\"primaryImageOfPage\":{\"@id\":\"https:\/\/www.noticiasradioreflejos.com.ar\/2021\/fiesta-de-las-golondrinas-sabiamos-que-iba-a-ser-convocante-no-nunca-creimos-que-iba-a-pasar-lo-que-paso-el-sabado\/#primaryimage\"},\"image\":{\"@id\":\"https:\/\/www.noticiasradioreflejos.com.ar\/2021\/fiesta-de-las-golondrinas-sabiamos-que-iba-a-ser-convocante-no-nunca-creimos-que-iba-a-pasar-lo-que-paso-el-sabado\/#primaryimage\"},\"thumbnailUrl\":\"https:\/\/www.noticiasradioreflejos.com.ar\/2021\/wp-content\/uploads\/2025\/01\/Plaza-Salerno-1.jpg\",\"datePublished\":\"2025-01-20T21:02:35+00:00\",\"dateModified\":\"2025-01-20T21:15:53+00:00\",\"author\":{\"@id\":\"https:\/\/www.noticiasradioreflejos.com.ar\/2021\/#\/schema\/person\/ad82545263dcc5ec0996818884fd5fb1\"},\"breadcrumb\":{\"@id\":\"https:\/\/www.noticiasradioreflejos.com.ar\/2021\/fiesta-de-las-golondrinas-sabiamos-que-iba-a-ser-convocante-no-nunca-creimos-que-iba-a-pasar-lo-que-paso-el-sabado\/#breadcrumb\"},\"inLanguage\":\"es\",\"potentialAction\":[{\"@type\":\"ReadAction\",\"target\":[\"https:\/\/www.noticiasradioreflejos.com.ar\/2021\/fiesta-de-las-golondrinas-sabiamos-que-iba-a-ser-convocante-no-nunca-creimos-que-iba-a-pasar-lo-que-paso-el-sabado\/\"]}]},{\"@type\":\"ImageObject\",\"inLanguage\":\"es\",\"@id\":\"https:\/\/www.noticiasradioreflejos.com.ar\/2021\/fiesta-de-las-golondrinas-sabiamos-que-iba-a-ser-convocante-no-nunca-creimos-que-iba-a-pasar-lo-que-paso-el-sabado\/#primaryimage\",\"url\":\"https:\/\/www.noticiasradioreflejos.com.ar\/2021\/wp-content\/uploads\/2025\/01\/Plaza-Salerno-1.jpg\",\"contentUrl\":\"https:\/\/www.noticiasradioreflejos.com.ar\/2021\/wp-content\/uploads\/2025\/01\/Plaza-Salerno-1.jpg\",\"width\":1064,\"height\":798},{\"@type\":\"BreadcrumbList\",\"@id\":\"https:\/\/www.noticiasradioreflejos.com.ar\/2021\/fiesta-de-las-golondrinas-sabiamos-que-iba-a-ser-convocante-no-nunca-creimos-que-iba-a-pasar-lo-que-paso-el-sabado\/#breadcrumb\",\"itemListElement\":[{\"@type\":\"ListItem\",\"position\":1,\"name\":\"Portada\",\"item\":\"https:\/\/www.noticiasradioreflejos.com.ar\/2021\/\"},{\"@type\":\"ListItem\",\"position\":2,\"name\":\"Fiesta de las Golondrinas: \u00abSab\u00edamos que iba a ser convocante, nunca cre\u00edmos que iba a pasar lo que pas\u00f3 el s\u00e1bado\u00bb\"}]},{\"@type\":\"WebSite\",\"@id\":\"https:\/\/www.noticiasradioreflejos.com.ar\/2021\/#website\",\"url\":\"https:\/\/www.noticiasradioreflejos.com.ar\/2021\/\",\"name\":\"Noticias Radio Reflejos\",\"description\":\"Las noticias de mi comarca\",\"potentialAction\":[{\"@type\":\"SearchAction\",\"target\":{\"@type\":\"EntryPoint\",\"urlTemplate\":\"https:\/\/www.noticiasradioreflejos.com.ar\/2021\/?s={search_term_string}\"},\"query-input\":{\"@type\":\"PropertyValueSpecification\",\"valueRequired\":true,\"valueName\":\"search_term_string\"}}],\"inLanguage\":\"es\"},{\"@type\":\"Person\",\"@id\":\"https:\/\/www.noticiasradioreflejos.com.ar\/2021\/#\/schema\/person\/ad82545263dcc5ec0996818884fd5fb1\",\"name\":\"Arnaldo Botto\",\"image\":{\"@type\":\"ImageObject\",\"inLanguage\":\"es\",\"@id\":\"https:\/\/www.noticiasradioreflejos.com.ar\/2021\/#\/schema\/person\/image\/\",\"url\":\"https:\/\/secure.gravatar.com\/avatar\/55cb5e37c1efa326397366e6974cb338056df65cb50e7d64d1cf314e87504837?s=96&d=mm&r=g\",\"contentUrl\":\"https:\/\/secure.gravatar.com\/avatar\/55cb5e37c1efa326397366e6974cb338056df65cb50e7d64d1cf314e87504837?s=96&d=mm&r=g\",\"caption\":\"Arnaldo Botto\"},\"url\":\"https:\/\/www.noticiasradioreflejos.com.ar\/2021\/author\/arnaldo\/\"}]}<\/script>\n<!-- \/ Yoast SEO plugin. -->","yoast_head_json":{"title":"Fiesta de las Golondrinas: \"Sab\u00edamos que iba a ser convocante, nunca cre\u00edmos que iba a pasar lo que pas\u00f3 el s\u00e1bado\" - Noticias Radio Reflejos","robots":{"index":"index","follow":"follow","max-snippet":"max-snippet:-1","max-image-preview":"max-image-preview:large","max-video-preview":"max-video-preview:-1"},"canonical":"https:\/\/www.noticiasradioreflejos.com.ar\/2021\/fiesta-de-las-golondrinas-sabiamos-que-iba-a-ser-convocante-no-nunca-creimos-que-iba-a-pasar-lo-que-paso-el-sabado\/","og_locale":"es_ES","og_type":"article","og_title":"Fiesta de las Golondrinas: \"Sab\u00edamos que iba a ser convocante, nunca cre\u00edmos que iba a pasar lo que pas\u00f3 el s\u00e1bado\" - Noticias Radio Reflejos","og_description":"M\u00e1s tranquila y con menor ansiedad, Mar\u00eda Sol Salgado pudo realizar un reconto de la exitosa 33\u00b0 Fiesta Provincial de las Golondrinas en Villa Ventana.","og_url":"https:\/\/www.noticiasradioreflejos.com.ar\/2021\/fiesta-de-las-golondrinas-sabiamos-que-iba-a-ser-convocante-no-nunca-creimos-que-iba-a-pasar-lo-que-paso-el-sabado\/","og_site_name":"Noticias Radio Reflejos","article_published_time":"2025-01-20T21:02:35+00:00","article_modified_time":"2025-01-20T21:15:53+00:00","og_image":[{"width":1064,"height":798,"url":"https:\/\/www.noticiasradioreflejos.com.ar\/2021\/wp-content\/uploads\/2025\/01\/Plaza-Salerno-1.jpg","type":"image\/jpeg"}],"author":"Arnaldo Botto","twitter_card":"summary_large_image","schema":{"@context":"https:\/\/schema.org","@graph":[{"@type":"WebPage","@id":"https:\/\/www.noticiasradioreflejos.com.ar\/2021\/fiesta-de-las-golondrinas-sabiamos-que-iba-a-ser-convocante-no-nunca-creimos-que-iba-a-pasar-lo-que-paso-el-sabado\/","url":"https:\/\/www.noticiasradioreflejos.com.ar\/2021\/fiesta-de-las-golondrinas-sabiamos-que-iba-a-ser-convocante-no-nunca-creimos-que-iba-a-pasar-lo-que-paso-el-sabado\/","name":"Fiesta de las Golondrinas: \"Sab\u00edamos que iba a ser convocante, nunca cre\u00edmos que iba a pasar lo que pas\u00f3 el s\u00e1bado\" - Noticias Radio Reflejos","isPartOf":{"@id":"https:\/\/www.noticiasradioreflejos.com.ar\/2021\/#website"},"primaryImageOfPage":{"@id":"https:\/\/www.noticiasradioreflejos.com.ar\/2021\/fiesta-de-las-golondrinas-sabiamos-que-iba-a-ser-convocante-no-nunca-creimos-que-iba-a-pasar-lo-que-paso-el-sabado\/#primaryimage"},"image":{"@id":"https:\/\/www.noticiasradioreflejos.com.ar\/2021\/fiesta-de-las-golondrinas-sabiamos-que-iba-a-ser-convocante-no-nunca-creimos-que-iba-a-pasar-lo-que-paso-el-sabado\/#primaryimage"},"thumbnailUrl":"https:\/\/www.noticiasradioreflejos.com.ar\/2021\/wp-content\/uploads\/2025\/01\/Plaza-Salerno-1.jpg","datePublished":"2025-01-20T21:02:35+00:00","dateModified":"2025-01-20T21:15:53+00:00","author":{"@id":"https:\/\/www.noticiasradioreflejos.com.ar\/2021\/#\/schema\/person\/ad82545263dcc5ec0996818884fd5fb1"},"breadcrumb":{"@id":"https:\/\/www.noticiasradioreflejos.com.ar\/2021\/fiesta-de-las-golondrinas-sabiamos-que-iba-a-ser-convocante-no-nunca-creimos-que-iba-a-pasar-lo-que-paso-el-sabado\/#breadcrumb"},"inLanguage":"es","potentialAction":[{"@type":"ReadAction","target":["https:\/\/www.noticiasradioreflejos.com.ar\/2021\/fiesta-de-las-golondrinas-sabiamos-que-iba-a-ser-convocante-no-nunca-creimos-que-iba-a-pasar-lo-que-paso-el-sabado\/"]}]},{"@type":"ImageObject","inLanguage":"es","@id":"https:\/\/www.noticiasradioreflejos.com.ar\/2021\/fiesta-de-las-golondrinas-sabiamos-que-iba-a-ser-convocante-no-nunca-creimos-que-iba-a-pasar-lo-que-paso-el-sabado\/#primaryimage","url":"https:\/\/www.noticiasradioreflejos.com.ar\/2021\/wp-content\/uploads\/2025\/01\/Plaza-Salerno-1.jpg","contentUrl":"https:\/\/www.noticiasradioreflejos.com.ar\/2021\/wp-content\/uploads\/2025\/01\/Plaza-Salerno-1.jpg","width":1064,"height":798},{"@type":"BreadcrumbList","@id":"https:\/\/www.noticiasradioreflejos.com.ar\/2021\/fiesta-de-las-golondrinas-sabiamos-que-iba-a-ser-convocante-no-nunca-creimos-que-iba-a-pasar-lo-que-paso-el-sabado\/#breadcrumb","itemListElement":[{"@type":"ListItem","position":1,"name":"Portada","item":"https:\/\/www.noticiasradioreflejos.com.ar\/2021\/"},{"@type":"ListItem","position":2,"name":"Fiesta de las Golondrinas: \u00abSab\u00edamos que iba a ser convocante, nunca cre\u00edmos que iba a pasar lo que pas\u00f3 el s\u00e1bado\u00bb"}]},{"@type":"WebSite","@id":"https:\/\/www.noticiasradioreflejos.com.ar\/2021\/#website","url":"https:\/\/www.noticiasradioreflejos.com.ar\/2021\/","name":"Noticias Radio Reflejos","description":"Las noticias de mi comarca","potentialAction":[{"@type":"SearchAction","target":{"@type":"EntryPoint","urlTemplate":"https:\/\/www.noticiasradioreflejos.com.ar\/2021\/?s={search_term_string}"},"query-input":{"@type":"PropertyValueSpecification","valueRequired":true,"valueName":"search_term_string"}}],"inLanguage":"es"},{"@type":"Person","@id":"https:\/\/www.noticiasradioreflejos.com.ar\/2021\/#\/schema\/person\/ad82545263dcc5ec0996818884fd5fb1","name":"Arnaldo Botto","image":{"@type":"ImageObject","inLanguage":"es","@id":"https:\/\/www.noticiasradioreflejos.com.ar\/2021\/#\/schema\/person\/image\/","url":"https:\/\/secure.gravatar.com\/avatar\/55cb5e37c1efa326397366e6974cb338056df65cb50e7d64d1cf314e87504837?s=96&d=mm&r=g","contentUrl":"https:\/\/secure.gravatar.com\/avatar\/55cb5e37c1efa326397366e6974cb338056df65cb50e7d64d1cf314e87504837?s=96&d=mm&r=g","caption":"Arnaldo Botto"},"url":"https:\/\/www.noticiasradioreflejos.com.ar\/2021\/author\/arnaldo\/"}]}},"_links":{"self":[{"href":"https:\/\/www.noticiasradioreflejos.com.ar\/2021\/wp-json\/wp\/v2\/posts\/111769","targetHints":{"allow":["GET"]}}],"collection":[{"href":"https:\/\/www.noticiasradioreflejos.com.ar\/2021\/wp-json\/wp\/v2\/posts"}],"about":[{"href":"https:\/\/www.noticiasradioreflejos.com.ar\/2021\/wp-json\/wp\/v2\/types\/post"}],"author":[{"embeddable":true,"href":"https:\/\/www.noticiasradioreflejos.com.ar\/2021\/wp-json\/wp\/v2\/users\/3"}],"replies":[{"embeddable":true,"href":"https:\/\/www.noticiasradioreflejos.com.ar\/2021\/wp-json\/wp\/v2\/comments?post=111769"}],"version-history":[{"count":4,"href":"https:\/\/www.noticiasradioreflejos.com.ar\/2021\/wp-json\/wp\/v2\/posts\/111769\/revisions"}],"predecessor-version":[{"id":111779,"href":"https:\/\/www.noticiasradioreflejos.com.ar\/2021\/wp-json\/wp\/v2\/posts\/111769\/revisions\/111779"}],"wp:featuredmedia":[{"embeddable":true,"href":"https:\/\/www.noticiasradioreflejos.com.ar\/2021\/wp-json\/wp\/v2\/media\/111772"}],"wp:attachment":[{"href":"https:\/\/www.noticiasradioreflejos.com.ar\/2021\/wp-json\/wp\/v2\/media?parent=111769"}],"wp:term":[{"taxonomy":"category","embeddable":true,"href":"https:\/\/www.noticiasradioreflejos.com.ar\/2021\/wp-json\/wp\/v2\/categories?post=111769"},{"taxonomy":"post_tag","embeddable":true,"href":"https:\/\/www.noticiasradioreflejos.com.ar\/2021\/wp-json\/wp\/v2\/tags?post=111769"}],"curies":[{"name":"wp","href":"https:\/\/api.w.org\/{rel}","templated":true}]}}