{"id":111738,"date":"2025-01-19T12:36:41","date_gmt":"2025-01-19T15:36:41","guid":{"rendered":"https:\/\/www.noticiasradioreflejos.com.ar\/2021\/?p=111738"},"modified":"2025-01-19T12:36:41","modified_gmt":"2025-01-19T15:36:41","slug":"desde-el-triunfo-de-milei-los-medicamentos-de-las-personas-mayores-aumentaron-un-62-por-ciento-por-encima-de-la-inflacion","status":"publish","type":"post","link":"https:\/\/www.noticiasradioreflejos.com.ar\/2021\/desde-el-triunfo-de-milei-los-medicamentos-de-las-personas-mayores-aumentaron-un-62-por-ciento-por-encima-de-la-inflacion\/","title":{"rendered":"Desde el triunfo de Milei, los medicamentos de las personas mayores aumentaron un 6,2 por ciento por encima de la inflaci\u00f3n"},"content":{"rendered":"<p>El promedio de los 10 remedios que m\u00e1s aumentaron en el \u00faltimo a\u00f1o alcanza una suba interanual promedio de 133 por ciento<!--more--><br \/>\nLos medicamentos m\u00e1s consumidos por las personas mayores aumentaron un 6,2 por ciento por encima de la inflaci\u00f3n, desde el triunfo de La Libertad Avanza (LLA) hasta la fecha, seg\u00fan un estudio realizado por el Centro de Econom\u00eda Pol\u00edtica Argentina (CEPA).<\/p>\n<p>\u00abDesde que Javier Milei gan\u00f3 el ballotage en noviembre de 2023 los medicamentos que las personas mayores utilizan habitualmente alcanzaron en promedio una inflaci\u00f3n acumulada del 215,0%, superando a la inflaci\u00f3n de 208,8%\u00bb, destac\u00f3 el trabajo.<\/p>\n<p>En las conclusiones del informe se indica que luego del triunfo de Milei, \u00aben noviembre se registr\u00f3 una suba del 25,7%, en diciembre el incremento alcanz\u00f3 40,9%, en enero sumaron 13,6%, en febrero ajustaron al 15,0%, en marzo al 8,4%, en abril al 2,5%, en mayo al 3,8%, en junio al 2,8%, en julio ajustaron 5,0%, en agosto 3,0%, en septiembre 1,7%, en octubre 1,6%, en noviembre 1,3% y en diciembre 1,2%\u00bb.<\/p>\n<p>El promedio de los 10 medicamentos que m\u00e1s aumentaron en el \u00faltimo a\u00f1o alcanza una suba interanual promedio de 133%.<\/p>\n<p>Entre esos 10 productos se encuentran el DAFLON 500, un venot\u00f3nico utilizado para aumentar la tonicidad de las venas y vasculoprotector utilizado para aumentar la resistencia de los peque\u00f1os vasos sangu\u00edneos, que aument\u00f3 177% y el IBUPIRAC 600 MG, uno de los antiinflamatorios no esteroideo (AINE) m\u00e1s utilizado para combatir dolores y fiebre.<\/p>\n<p>El informe del CEPA hizo referencia adem\u00e1s ala reducci\u00f3n de cobertura y cambios en la pol\u00edtica de medicamentos gratis del PAMI, el instituto que implementa la obra social de los jubilados<br \/>\ny pensionados.<\/p>\n<p>Record\u00f3 que en marzo de 2020 el PAMI, \u00abimplement\u00f3 un nuevo vadem\u00e9cum de medicamentos esenciales gratuitos, es decir, un listado de medicamentos sin cargo con el objetivo de garantizar el tratamiento adecuado de las patolog\u00edas m\u00e1s frecuentes en las personas mayores\u00bb.<\/p>\n<p>\u00abDe esta manera -agreg\u00f3- la cobertura al 100% de los medicamentos m\u00e1s consumidos por esta poblaci\u00f3n, sumado las coberturas del 80% para medicaci\u00f3n ambulatoria y del 100% para<br \/>\nmedicaci\u00f3n especial, represent\u00f3 un importante ahorro para los ingresos de las personas mayores, mayoritariamente jubilaciones y pensiones\u00bb.<\/p>\n<p>Recordaron que recientemente se decidi\u00f3 limitar el acceso de hasta 5 medicamentos s\u00f3lo a los jubilados de hasta 1,5 jubilaciones m\u00ednimas.<\/p>\n<p>Los jubilados alcanzados, de todas formas, deben realizar un tr\u00e1mite para obtener el beneficio.<\/p>\n<p>En la actualidad, la obra social de los jubilados redujo 44 mol\u00e9culas farmacol\u00f3gicas que ten\u00edan cobertura 100% en su vadem\u00e9cum, en tanto que en junio se hab\u00edan reducido otras 11 mol\u00e9culas.<\/p>\n<p>En base a los datos relevados sobre los precios de medicamentos excluidos de la canasta PAMI, se observa que los tres medicamentos que registraron los mayores aumentos en sus precios entre agosto y diciembre de 2024 fueron: Dermagl\u00f3s, con una suba de 78,4%, Lanzopral, con un incremento de 71,7%, y Pantus 40, cuyo precio aument\u00f3 un 70,0%.<\/p>\n<p>Estos incrementos \u00abreflejan un ajuste significativo en el costo de estos medicamentos, afectando directamente el bolsillo de los afiliados que los adquieren, desde la nueva disposici\u00f3n del organismo, fuera de la cobertura de la canasta PAMI\u00bb, indic\u00f3 el informe.<\/p>\n","protected":false},"excerpt":{"rendered":"<p>El promedio de los 10 remedios que m\u00e1s aumentaron en el \u00faltimo a\u00f1o alcanza una suba interanual promedio de 133 por ciento<\/p>\n","protected":false},"author":3,"featured_media":97994,"comment_status":"closed","ping_status":"closed","sticky":false,"template":"","format":"standard","meta":{"footnotes":""},"categories":[36],"tags":[],"class_list":["post-111738","post","type-post","status-publish","format-standard","has-post-thumbnail","hentry","category-economia"],"yoast_head":"<!-- This site is optimized with the Yoast SEO plugin v25.9 - https:\/\/yoast.com\/wordpress\/plugins\/seo\/ -->\n<title>Desde el triunfo de Milei, los medicamentos de las personas mayores aumentaron un 6,2 por ciento por encima de la inflaci\u00f3n - Noticias Radio Reflejos<\/title>\n<meta name=\"robots\" content=\"index, follow, max-snippet:-1, max-image-preview:large, max-video-preview:-1\" \/>\n<link rel=\"canonical\" href=\"https:\/\/www.noticiasradioreflejos.com.ar\/2021\/desde-el-triunfo-de-milei-los-medicamentos-de-las-personas-mayores-aumentaron-un-62-por-ciento-por-encima-de-la-inflacion\/\" \/>\n<meta property=\"og:locale\" content=\"es_ES\" \/>\n<meta property=\"og:type\" content=\"article\" \/>\n<meta property=\"og:title\" content=\"Desde el triunfo de Milei, los medicamentos de las personas mayores aumentaron un 6,2 por ciento por encima de la inflaci\u00f3n - Noticias Radio Reflejos\" \/>\n<meta property=\"og:description\" content=\"El promedio de los 10 remedios que m\u00e1s aumentaron en el \u00faltimo a\u00f1o alcanza una suba interanual promedio de 133 por ciento\" \/>\n<meta property=\"og:url\" content=\"https:\/\/www.noticiasradioreflejos.com.ar\/2021\/desde-el-triunfo-de-milei-los-medicamentos-de-las-personas-mayores-aumentaron-un-62-por-ciento-por-encima-de-la-inflacion\/\" \/>\n<meta property=\"og:site_name\" content=\"Noticias Radio Reflejos\" \/>\n<meta property=\"article:published_time\" content=\"2025-01-19T15:36:41+00:00\" \/>\n<meta property=\"og:image\" content=\"https:\/\/www.noticiasradioreflejos.com.ar\/2021\/wp-content\/uploads\/2024\/01\/medicamentos.jpg\" \/>\n\t<meta property=\"og:image:width\" content=\"1200\" \/>\n\t<meta property=\"og:image:height\" content=\"675\" \/>\n\t<meta property=\"og:image:type\" content=\"image\/jpeg\" \/>\n<meta name=\"author\" content=\"Arnaldo Botto\" \/>\n<meta name=\"twitter:card\" content=\"summary_large_image\" \/>\n<script type=\"application\/ld+json\" class=\"yoast-schema-graph\">{\"@context\":\"https:\/\/schema.org\",\"@graph\":[{\"@type\":\"WebPage\",\"@id\":\"https:\/\/www.noticiasradioreflejos.com.ar\/2021\/desde-el-triunfo-de-milei-los-medicamentos-de-las-personas-mayores-aumentaron-un-62-por-ciento-por-encima-de-la-inflacion\/\",\"url\":\"https:\/\/www.noticiasradioreflejos.com.ar\/2021\/desde-el-triunfo-de-milei-los-medicamentos-de-las-personas-mayores-aumentaron-un-62-por-ciento-por-encima-de-la-inflacion\/\",\"name\":\"Desde el triunfo de Milei, los medicamentos de las personas mayores aumentaron un 6,2 por ciento por encima de la inflaci\u00f3n - Noticias Radio Reflejos\",\"isPartOf\":{\"@id\":\"https:\/\/www.noticiasradioreflejos.com.ar\/2021\/#website\"},\"primaryImageOfPage\":{\"@id\":\"https:\/\/www.noticiasradioreflejos.com.ar\/2021\/desde-el-triunfo-de-milei-los-medicamentos-de-las-personas-mayores-aumentaron-un-62-por-ciento-por-encima-de-la-inflacion\/#primaryimage\"},\"image\":{\"@id\":\"https:\/\/www.noticiasradioreflejos.com.ar\/2021\/desde-el-triunfo-de-milei-los-medicamentos-de-las-personas-mayores-aumentaron-un-62-por-ciento-por-encima-de-la-inflacion\/#primaryimage\"},\"thumbnailUrl\":\"https:\/\/www.noticiasradioreflejos.com.ar\/2021\/wp-content\/uploads\/2024\/01\/medicamentos.jpg\",\"datePublished\":\"2025-01-19T15:36:41+00:00\",\"author\":{\"@id\":\"https:\/\/www.noticiasradioreflejos.com.ar\/2021\/#\/schema\/person\/ad82545263dcc5ec0996818884fd5fb1\"},\"breadcrumb\":{\"@id\":\"https:\/\/www.noticiasradioreflejos.com.ar\/2021\/desde-el-triunfo-de-milei-los-medicamentos-de-las-personas-mayores-aumentaron-un-62-por-ciento-por-encima-de-la-inflacion\/#breadcrumb\"},\"inLanguage\":\"es\",\"potentialAction\":[{\"@type\":\"ReadAction\",\"target\":[\"https:\/\/www.noticiasradioreflejos.com.ar\/2021\/desde-el-triunfo-de-milei-los-medicamentos-de-las-personas-mayores-aumentaron-un-62-por-ciento-por-encima-de-la-inflacion\/\"]}]},{\"@type\":\"ImageObject\",\"inLanguage\":\"es\",\"@id\":\"https:\/\/www.noticiasradioreflejos.com.ar\/2021\/desde-el-triunfo-de-milei-los-medicamentos-de-las-personas-mayores-aumentaron-un-62-por-ciento-por-encima-de-la-inflacion\/#primaryimage\",\"url\":\"https:\/\/www.noticiasradioreflejos.com.ar\/2021\/wp-content\/uploads\/2024\/01\/medicamentos.jpg\",\"contentUrl\":\"https:\/\/www.noticiasradioreflejos.com.ar\/2021\/wp-content\/uploads\/2024\/01\/medicamentos.jpg\",\"width\":1200,\"height\":675},{\"@type\":\"BreadcrumbList\",\"@id\":\"https:\/\/www.noticiasradioreflejos.com.ar\/2021\/desde-el-triunfo-de-milei-los-medicamentos-de-las-personas-mayores-aumentaron-un-62-por-ciento-por-encima-de-la-inflacion\/#breadcrumb\",\"itemListElement\":[{\"@type\":\"ListItem\",\"position\":1,\"name\":\"Portada\",\"item\":\"https:\/\/www.noticiasradioreflejos.com.ar\/2021\/\"},{\"@type\":\"ListItem\",\"position\":2,\"name\":\"Desde el triunfo de Milei, los medicamentos de las personas mayores aumentaron un 6,2 por ciento por encima de la inflaci\u00f3n\"}]},{\"@type\":\"WebSite\",\"@id\":\"https:\/\/www.noticiasradioreflejos.com.ar\/2021\/#website\",\"url\":\"https:\/\/www.noticiasradioreflejos.com.ar\/2021\/\",\"name\":\"Noticias Radio Reflejos\",\"description\":\"Las noticias de mi comarca\",\"potentialAction\":[{\"@type\":\"SearchAction\",\"target\":{\"@type\":\"EntryPoint\",\"urlTemplate\":\"https:\/\/www.noticiasradioreflejos.com.ar\/2021\/?s={search_term_string}\"},\"query-input\":{\"@type\":\"PropertyValueSpecification\",\"valueRequired\":true,\"valueName\":\"search_term_string\"}}],\"inLanguage\":\"es\"},{\"@type\":\"Person\",\"@id\":\"https:\/\/www.noticiasradioreflejos.com.ar\/2021\/#\/schema\/person\/ad82545263dcc5ec0996818884fd5fb1\",\"name\":\"Arnaldo Botto\",\"image\":{\"@type\":\"ImageObject\",\"inLanguage\":\"es\",\"@id\":\"https:\/\/www.noticiasradioreflejos.com.ar\/2021\/#\/schema\/person\/image\/\",\"url\":\"https:\/\/secure.gravatar.com\/avatar\/55cb5e37c1efa326397366e6974cb338056df65cb50e7d64d1cf314e87504837?s=96&d=mm&r=g\",\"contentUrl\":\"https:\/\/secure.gravatar.com\/avatar\/55cb5e37c1efa326397366e6974cb338056df65cb50e7d64d1cf314e87504837?s=96&d=mm&r=g\",\"caption\":\"Arnaldo Botto\"},\"url\":\"https:\/\/www.noticiasradioreflejos.com.ar\/2021\/author\/arnaldo\/\"}]}<\/script>\n<!-- \/ Yoast SEO plugin. -->","yoast_head_json":{"title":"Desde el triunfo de Milei, los medicamentos de las personas mayores aumentaron un 6,2 por ciento por encima de la inflaci\u00f3n - Noticias Radio Reflejos","robots":{"index":"index","follow":"follow","max-snippet":"max-snippet:-1","max-image-preview":"max-image-preview:large","max-video-preview":"max-video-preview:-1"},"canonical":"https:\/\/www.noticiasradioreflejos.com.ar\/2021\/desde-el-triunfo-de-milei-los-medicamentos-de-las-personas-mayores-aumentaron-un-62-por-ciento-por-encima-de-la-inflacion\/","og_locale":"es_ES","og_type":"article","og_title":"Desde el triunfo de Milei, los medicamentos de las personas mayores aumentaron un 6,2 por ciento por encima de la inflaci\u00f3n - Noticias Radio Reflejos","og_description":"El promedio de los 10 remedios que m\u00e1s aumentaron en el \u00faltimo a\u00f1o alcanza una suba interanual promedio de 133 por ciento","og_url":"https:\/\/www.noticiasradioreflejos.com.ar\/2021\/desde-el-triunfo-de-milei-los-medicamentos-de-las-personas-mayores-aumentaron-un-62-por-ciento-por-encima-de-la-inflacion\/","og_site_name":"Noticias Radio Reflejos","article_published_time":"2025-01-19T15:36:41+00:00","og_image":[{"width":1200,"height":675,"url":"https:\/\/www.noticiasradioreflejos.com.ar\/2021\/wp-content\/uploads\/2024\/01\/medicamentos.jpg","type":"image\/jpeg"}],"author":"Arnaldo Botto","twitter_card":"summary_large_image","schema":{"@context":"https:\/\/schema.org","@graph":[{"@type":"WebPage","@id":"https:\/\/www.noticiasradioreflejos.com.ar\/2021\/desde-el-triunfo-de-milei-los-medicamentos-de-las-personas-mayores-aumentaron-un-62-por-ciento-por-encima-de-la-inflacion\/","url":"https:\/\/www.noticiasradioreflejos.com.ar\/2021\/desde-el-triunfo-de-milei-los-medicamentos-de-las-personas-mayores-aumentaron-un-62-por-ciento-por-encima-de-la-inflacion\/","name":"Desde el triunfo de Milei, los medicamentos de las personas mayores aumentaron un 6,2 por ciento por encima de la inflaci\u00f3n - Noticias Radio Reflejos","isPartOf":{"@id":"https:\/\/www.noticiasradioreflejos.com.ar\/2021\/#website"},"primaryImageOfPage":{"@id":"https:\/\/www.noticiasradioreflejos.com.ar\/2021\/desde-el-triunfo-de-milei-los-medicamentos-de-las-personas-mayores-aumentaron-un-62-por-ciento-por-encima-de-la-inflacion\/#primaryimage"},"image":{"@id":"https:\/\/www.noticiasradioreflejos.com.ar\/2021\/desde-el-triunfo-de-milei-los-medicamentos-de-las-personas-mayores-aumentaron-un-62-por-ciento-por-encima-de-la-inflacion\/#primaryimage"},"thumbnailUrl":"https:\/\/www.noticiasradioreflejos.com.ar\/2021\/wp-content\/uploads\/2024\/01\/medicamentos.jpg","datePublished":"2025-01-19T15:36:41+00:00","author":{"@id":"https:\/\/www.noticiasradioreflejos.com.ar\/2021\/#\/schema\/person\/ad82545263dcc5ec0996818884fd5fb1"},"breadcrumb":{"@id":"https:\/\/www.noticiasradioreflejos.com.ar\/2021\/desde-el-triunfo-de-milei-los-medicamentos-de-las-personas-mayores-aumentaron-un-62-por-ciento-por-encima-de-la-inflacion\/#breadcrumb"},"inLanguage":"es","potentialAction":[{"@type":"ReadAction","target":["https:\/\/www.noticiasradioreflejos.com.ar\/2021\/desde-el-triunfo-de-milei-los-medicamentos-de-las-personas-mayores-aumentaron-un-62-por-ciento-por-encima-de-la-inflacion\/"]}]},{"@type":"ImageObject","inLanguage":"es","@id":"https:\/\/www.noticiasradioreflejos.com.ar\/2021\/desde-el-triunfo-de-milei-los-medicamentos-de-las-personas-mayores-aumentaron-un-62-por-ciento-por-encima-de-la-inflacion\/#primaryimage","url":"https:\/\/www.noticiasradioreflejos.com.ar\/2021\/wp-content\/uploads\/2024\/01\/medicamentos.jpg","contentUrl":"https:\/\/www.noticiasradioreflejos.com.ar\/2021\/wp-content\/uploads\/2024\/01\/medicamentos.jpg","width":1200,"height":675},{"@type":"BreadcrumbList","@id":"https:\/\/www.noticiasradioreflejos.com.ar\/2021\/desde-el-triunfo-de-milei-los-medicamentos-de-las-personas-mayores-aumentaron-un-62-por-ciento-por-encima-de-la-inflacion\/#breadcrumb","itemListElement":[{"@type":"ListItem","position":1,"name":"Portada","item":"https:\/\/www.noticiasradioreflejos.com.ar\/2021\/"},{"@type":"ListItem","position":2,"name":"Desde el triunfo de Milei, los medicamentos de las personas mayores aumentaron un 6,2 por ciento por encima de la inflaci\u00f3n"}]},{"@type":"WebSite","@id":"https:\/\/www.noticiasradioreflejos.com.ar\/2021\/#website","url":"https:\/\/www.noticiasradioreflejos.com.ar\/2021\/","name":"Noticias Radio Reflejos","description":"Las noticias de mi comarca","potentialAction":[{"@type":"SearchAction","target":{"@type":"EntryPoint","urlTemplate":"https:\/\/www.noticiasradioreflejos.com.ar\/2021\/?s={search_term_string}"},"query-input":{"@type":"PropertyValueSpecification","valueRequired":true,"valueName":"search_term_string"}}],"inLanguage":"es"},{"@type":"Person","@id":"https:\/\/www.noticiasradioreflejos.com.ar\/2021\/#\/schema\/person\/ad82545263dcc5ec0996818884fd5fb1","name":"Arnaldo Botto","image":{"@type":"ImageObject","inLanguage":"es","@id":"https:\/\/www.noticiasradioreflejos.com.ar\/2021\/#\/schema\/person\/image\/","url":"https:\/\/secure.gravatar.com\/avatar\/55cb5e37c1efa326397366e6974cb338056df65cb50e7d64d1cf314e87504837?s=96&d=mm&r=g","contentUrl":"https:\/\/secure.gravatar.com\/avatar\/55cb5e37c1efa326397366e6974cb338056df65cb50e7d64d1cf314e87504837?s=96&d=mm&r=g","caption":"Arnaldo Botto"},"url":"https:\/\/www.noticiasradioreflejos.com.ar\/2021\/author\/arnaldo\/"}]}},"_links":{"self":[{"href":"https:\/\/www.noticiasradioreflejos.com.ar\/2021\/wp-json\/wp\/v2\/posts\/111738","targetHints":{"allow":["GET"]}}],"collection":[{"href":"https:\/\/www.noticiasradioreflejos.com.ar\/2021\/wp-json\/wp\/v2\/posts"}],"about":[{"href":"https:\/\/www.noticiasradioreflejos.com.ar\/2021\/wp-json\/wp\/v2\/types\/post"}],"author":[{"embeddable":true,"href":"https:\/\/www.noticiasradioreflejos.com.ar\/2021\/wp-json\/wp\/v2\/users\/3"}],"replies":[{"embeddable":true,"href":"https:\/\/www.noticiasradioreflejos.com.ar\/2021\/wp-json\/wp\/v2\/comments?post=111738"}],"version-history":[{"count":1,"href":"https:\/\/www.noticiasradioreflejos.com.ar\/2021\/wp-json\/wp\/v2\/posts\/111738\/revisions"}],"predecessor-version":[{"id":111739,"href":"https:\/\/www.noticiasradioreflejos.com.ar\/2021\/wp-json\/wp\/v2\/posts\/111738\/revisions\/111739"}],"wp:featuredmedia":[{"embeddable":true,"href":"https:\/\/www.noticiasradioreflejos.com.ar\/2021\/wp-json\/wp\/v2\/media\/97994"}],"wp:attachment":[{"href":"https:\/\/www.noticiasradioreflejos.com.ar\/2021\/wp-json\/wp\/v2\/media?parent=111738"}],"wp:term":[{"taxonomy":"category","embeddable":true,"href":"https:\/\/www.noticiasradioreflejos.com.ar\/2021\/wp-json\/wp\/v2\/categories?post=111738"},{"taxonomy":"post_tag","embeddable":true,"href":"https:\/\/www.noticiasradioreflejos.com.ar\/2021\/wp-json\/wp\/v2\/tags?post=111738"}],"curies":[{"name":"wp","href":"https:\/\/api.w.org\/{rel}","templated":true}]}}