{"id":111714,"date":"2025-01-18T09:39:33","date_gmt":"2025-01-18T12:39:33","guid":{"rendered":"https:\/\/www.noticiasradioreflejos.com.ar\/2021\/?p=111714"},"modified":"2025-01-18T09:39:33","modified_gmt":"2025-01-18T12:39:33","slug":"mas-trabajadores-pagaran-ganancias-las-nuevas-escalas-y-su-impacto-en-el-poder-adquisitivo","status":"publish","type":"post","link":"https:\/\/www.noticiasradioreflejos.com.ar\/2021\/mas-trabajadores-pagaran-ganancias-las-nuevas-escalas-y-su-impacto-en-el-poder-adquisitivo\/","title":{"rendered":"M\u00e1s trabajadores pagar\u00e1n Ganancias: las nuevas escalas y su impacto en el poder adquisitivo"},"content":{"rendered":"<header id=\"mvp-post-head\" class=\"left relative\">El ajuste en 11,78% que dispuso ARCA, por debajo de la recuperaci\u00f3n de los salarios, incorporar\u00e1 a miles de contribuyentes al r\u00e9gimen del impuesto. Efecto sobre el consumo y la presi\u00f3n fiscal.<\/p>\n<\/header>\n<p><!--more--><\/p>\n<div class=\"mvp-post-main-out left relative\">\n<div class=\"mvp-post-main-in\">\n<div id=\"mvp-post-content\" class=\"left relative\">\n<div id=\"mvp-post-feat-img\" class=\"left relative mvp-post-feat-img-wide2\"><\/div>\n<div id=\"mvp-content-wrap\" class=\"left relative\">\n<div class=\"mvp-post-soc-out right relative\">\n<div class=\"mvp-post-soc-in\">\n<div id=\"mvp-content-body\" class=\"left relative\">\n<div id=\"mvp-content-body-top\" class=\"left relative\">\n<div id=\"mvp-content-main\" class=\"left relative\">\n<p>En 2025, se prev\u00e9 un aumento significativo en el n\u00famero de trabajadores alcanzados por el Impuesto a las Ganancias. Este fen\u00f3meno se atribuye al crecimiento de los salarios por encima de la inflaci\u00f3n, lo que posiciona a muchos empleados en un umbral de ingresos m\u00e1s alto y los obliga a tributar. A partir de enero, las escalas del impuesto se ajustaron un 11,78% seg\u00fan el \u00cdndice de Precios al Consumidor (IPC) entre septiembre y diciembre de 2024. As\u00ed, el m\u00ednimo imponible para tributar ser\u00e1 de $2.280.700 brutos, equivalente a un salario neto de $1.892.937 sin deducciones.<\/p>\n<p>Los trabajadores con deducciones por c\u00f3nyuge y dos hijos menores tendr\u00e1n un piso de tributaci\u00f3n m\u00e1s alto: $3.024.494 brutos, o $2.516.337 netos. Por su parte, los aut\u00f3nomos tambi\u00e9n enfrentar\u00e1n ajustes, con ingresos mensuales promedio para tributar que oscilar\u00e1n entre $1.468.658 y $1.631.843, dependiendo de la categor\u00eda. Estas modificaciones podr\u00edan sumar a miles de nuevos contribuyentes al r\u00e9gimen, aumentando la presi\u00f3n fiscal sobre un sector que ya enfrenta m\u00faltiples cargas impositivas.<\/p>\n<p>Expertos como Juan Luis Bour, economista jefe de FIEL, advierten que este incremento de contribuyentes deber\u00e1 ser monitoreado de cerca por las autoridades fiscales y econ\u00f3micas. \u201cEl aumento de los contribuyentes podr\u00eda generar m\u00e1s presi\u00f3n sobre los ingresos de los trabajadores sin un incremento proporcional en sus ingresos reales\u201d, se\u00f1al\u00f3. Por su parte, el contador Sebasti\u00e1n Dom\u00ednguez explic\u00f3 que la combinaci\u00f3n de ajustes insuficientes en las escalas y aumentos salariales es la principal causa de este fen\u00f3meno. Adem\u00e1s, aclar\u00f3 que solo una modificaci\u00f3n legal podr\u00eda revertir la situaci\u00f3n, ya que el Ejecutivo no tiene facultades para hacerlo por decreto.<\/p>\n<p>Dom\u00ednguez tambi\u00e9n subray\u00f3 que acuerdos salariales con sumas no remunerativas no pueden evitar Ganancias debido a las \u00faltimas reformas, que gravan todos los conceptos. \u201cAntes se pod\u00edan incluir conceptos no gravados, pero ahora todo es alcanzado por el impuesto, incluyendo el aguinaldo\u201d, detall\u00f3. El contador Carlos Schestakow agreg\u00f3 que las deducciones actuales para trabajadores de la cuarta categor\u00eda son insuficientes para compensar el impacto fiscal. \u201cAunque se descuentan jubilaci\u00f3n y obra social, el efecto de las deducciones es limitado\u201d, puntualiz\u00f3.<\/p>\n<p>El economista Daniel Garro, de Value International Group, advirti\u00f3 sobre las implicancias econ\u00f3micas y pol\u00edticas de esta situaci\u00f3n. \u201cCon salarios recuper\u00e1ndose por encima de la inflaci\u00f3n y el m\u00ednimo imponible ajustado por IPC, matem\u00e1ticamente m\u00e1s personas pagar\u00e1n Ganancias. Esto significa menos dinero para consumo y m\u00e1s ingresos para el fisco\u201d, dijo. Tambi\u00e9n se\u00f1al\u00f3 que este contexto refleja la creciente conciencia sobre el costo de sostener el Estado.<\/p>\n<p>Finalmente, Jorge Colina, de Idesa, argument\u00f3 que el impuesto afecta principalmente a trabajadores con altos ingresos y capacidad de consumo. Sin embargo, destac\u00f3 que el impacto fiscal general ser\u00e1 limitado dado que este impuesto representa una porci\u00f3n menor de la recaudaci\u00f3n total. Mientras tanto, Juan Luis Bour enfatiz\u00f3 que, con escalas progresivas y un aumento real de salarios, la presi\u00f3n sobre el salario formal seguir\u00e1 creciendo. \u201cHoy no hay manera de evitar Ganancias; todo es taxable\u201d, concluy\u00f3.<\/p>\n<p><em>Con informaci\u00f3n de Infobae<\/em><\/p>\n<\/div>\n<\/div>\n<\/div>\n<\/div>\n<\/div>\n<\/div>\n<\/div>\n<\/div>\n<\/div>\n","protected":false},"excerpt":{"rendered":"<p>El ajuste en 11,78% que dispuso ARCA, por debajo de la recuperaci\u00f3n de los salarios, incorporar\u00e1 a miles de contribuyentes al r\u00e9gimen del impuesto. Efecto sobre el consumo y la presi\u00f3n fiscal.<\/p>\n","protected":false},"author":3,"featured_media":111715,"comment_status":"closed","ping_status":"closed","sticky":false,"template":"","format":"standard","meta":{"footnotes":""},"categories":[36],"tags":[],"class_list":["post-111714","post","type-post","status-publish","format-standard","has-post-thumbnail","hentry","category-economia"],"yoast_head":"<!-- This site is optimized with the Yoast SEO plugin v25.9 - https:\/\/yoast.com\/wordpress\/plugins\/seo\/ -->\n<title>M\u00e1s trabajadores pagar\u00e1n Ganancias: las nuevas escalas y su impacto en el poder adquisitivo - Noticias Radio Reflejos<\/title>\n<meta name=\"robots\" content=\"index, follow, max-snippet:-1, max-image-preview:large, max-video-preview:-1\" \/>\n<link rel=\"canonical\" href=\"https:\/\/www.noticiasradioreflejos.com.ar\/2021\/mas-trabajadores-pagaran-ganancias-las-nuevas-escalas-y-su-impacto-en-el-poder-adquisitivo\/\" \/>\n<meta property=\"og:locale\" content=\"es_ES\" \/>\n<meta property=\"og:type\" content=\"article\" \/>\n<meta property=\"og:title\" content=\"M\u00e1s trabajadores pagar\u00e1n Ganancias: las nuevas escalas y su impacto en el poder adquisitivo - Noticias Radio Reflejos\" \/>\n<meta property=\"og:description\" content=\"El ajuste en 11,78% que dispuso ARCA, por debajo de la recuperaci\u00f3n de los salarios, incorporar\u00e1 a miles de contribuyentes al r\u00e9gimen del impuesto. Efecto sobre el consumo y la presi\u00f3n fiscal.\" \/>\n<meta property=\"og:url\" content=\"https:\/\/www.noticiasradioreflejos.com.ar\/2021\/mas-trabajadores-pagaran-ganancias-las-nuevas-escalas-y-su-impacto-en-el-poder-adquisitivo\/\" \/>\n<meta property=\"og:site_name\" content=\"Noticias Radio Reflejos\" \/>\n<meta property=\"article:published_time\" content=\"2025-01-18T12:39:33+00:00\" \/>\n<meta property=\"og:image\" content=\"https:\/\/www.noticiasradioreflejos.com.ar\/2021\/wp-content\/uploads\/2025\/01\/ganancias.jpg\" \/>\n\t<meta property=\"og:image:width\" content=\"1200\" \/>\n\t<meta property=\"og:image:height\" content=\"755\" \/>\n\t<meta property=\"og:image:type\" content=\"image\/jpeg\" \/>\n<meta name=\"author\" content=\"Arnaldo Botto\" \/>\n<meta name=\"twitter:card\" content=\"summary_large_image\" \/>\n<script type=\"application\/ld+json\" class=\"yoast-schema-graph\">{\"@context\":\"https:\/\/schema.org\",\"@graph\":[{\"@type\":\"WebPage\",\"@id\":\"https:\/\/www.noticiasradioreflejos.com.ar\/2021\/mas-trabajadores-pagaran-ganancias-las-nuevas-escalas-y-su-impacto-en-el-poder-adquisitivo\/\",\"url\":\"https:\/\/www.noticiasradioreflejos.com.ar\/2021\/mas-trabajadores-pagaran-ganancias-las-nuevas-escalas-y-su-impacto-en-el-poder-adquisitivo\/\",\"name\":\"M\u00e1s trabajadores pagar\u00e1n Ganancias: las nuevas escalas y su impacto en el poder adquisitivo - Noticias Radio Reflejos\",\"isPartOf\":{\"@id\":\"https:\/\/www.noticiasradioreflejos.com.ar\/2021\/#website\"},\"primaryImageOfPage\":{\"@id\":\"https:\/\/www.noticiasradioreflejos.com.ar\/2021\/mas-trabajadores-pagaran-ganancias-las-nuevas-escalas-y-su-impacto-en-el-poder-adquisitivo\/#primaryimage\"},\"image\":{\"@id\":\"https:\/\/www.noticiasradioreflejos.com.ar\/2021\/mas-trabajadores-pagaran-ganancias-las-nuevas-escalas-y-su-impacto-en-el-poder-adquisitivo\/#primaryimage\"},\"thumbnailUrl\":\"https:\/\/www.noticiasradioreflejos.com.ar\/2021\/wp-content\/uploads\/2025\/01\/ganancias.jpg\",\"datePublished\":\"2025-01-18T12:39:33+00:00\",\"author\":{\"@id\":\"https:\/\/www.noticiasradioreflejos.com.ar\/2021\/#\/schema\/person\/ad82545263dcc5ec0996818884fd5fb1\"},\"breadcrumb\":{\"@id\":\"https:\/\/www.noticiasradioreflejos.com.ar\/2021\/mas-trabajadores-pagaran-ganancias-las-nuevas-escalas-y-su-impacto-en-el-poder-adquisitivo\/#breadcrumb\"},\"inLanguage\":\"es\",\"potentialAction\":[{\"@type\":\"ReadAction\",\"target\":[\"https:\/\/www.noticiasradioreflejos.com.ar\/2021\/mas-trabajadores-pagaran-ganancias-las-nuevas-escalas-y-su-impacto-en-el-poder-adquisitivo\/\"]}]},{\"@type\":\"ImageObject\",\"inLanguage\":\"es\",\"@id\":\"https:\/\/www.noticiasradioreflejos.com.ar\/2021\/mas-trabajadores-pagaran-ganancias-las-nuevas-escalas-y-su-impacto-en-el-poder-adquisitivo\/#primaryimage\",\"url\":\"https:\/\/www.noticiasradioreflejos.com.ar\/2021\/wp-content\/uploads\/2025\/01\/ganancias.jpg\",\"contentUrl\":\"https:\/\/www.noticiasradioreflejos.com.ar\/2021\/wp-content\/uploads\/2025\/01\/ganancias.jpg\",\"width\":1200,\"height\":755},{\"@type\":\"BreadcrumbList\",\"@id\":\"https:\/\/www.noticiasradioreflejos.com.ar\/2021\/mas-trabajadores-pagaran-ganancias-las-nuevas-escalas-y-su-impacto-en-el-poder-adquisitivo\/#breadcrumb\",\"itemListElement\":[{\"@type\":\"ListItem\",\"position\":1,\"name\":\"Portada\",\"item\":\"https:\/\/www.noticiasradioreflejos.com.ar\/2021\/\"},{\"@type\":\"ListItem\",\"position\":2,\"name\":\"M\u00e1s trabajadores pagar\u00e1n Ganancias: las nuevas escalas y su impacto en el poder adquisitivo\"}]},{\"@type\":\"WebSite\",\"@id\":\"https:\/\/www.noticiasradioreflejos.com.ar\/2021\/#website\",\"url\":\"https:\/\/www.noticiasradioreflejos.com.ar\/2021\/\",\"name\":\"Noticias Radio Reflejos\",\"description\":\"Las noticias de mi comarca\",\"potentialAction\":[{\"@type\":\"SearchAction\",\"target\":{\"@type\":\"EntryPoint\",\"urlTemplate\":\"https:\/\/www.noticiasradioreflejos.com.ar\/2021\/?s={search_term_string}\"},\"query-input\":{\"@type\":\"PropertyValueSpecification\",\"valueRequired\":true,\"valueName\":\"search_term_string\"}}],\"inLanguage\":\"es\"},{\"@type\":\"Person\",\"@id\":\"https:\/\/www.noticiasradioreflejos.com.ar\/2021\/#\/schema\/person\/ad82545263dcc5ec0996818884fd5fb1\",\"name\":\"Arnaldo Botto\",\"image\":{\"@type\":\"ImageObject\",\"inLanguage\":\"es\",\"@id\":\"https:\/\/www.noticiasradioreflejos.com.ar\/2021\/#\/schema\/person\/image\/\",\"url\":\"https:\/\/secure.gravatar.com\/avatar\/55cb5e37c1efa326397366e6974cb338056df65cb50e7d64d1cf314e87504837?s=96&d=mm&r=g\",\"contentUrl\":\"https:\/\/secure.gravatar.com\/avatar\/55cb5e37c1efa326397366e6974cb338056df65cb50e7d64d1cf314e87504837?s=96&d=mm&r=g\",\"caption\":\"Arnaldo Botto\"},\"url\":\"https:\/\/www.noticiasradioreflejos.com.ar\/2021\/author\/arnaldo\/\"}]}<\/script>\n<!-- \/ Yoast SEO plugin. -->","yoast_head_json":{"title":"M\u00e1s trabajadores pagar\u00e1n Ganancias: las nuevas escalas y su impacto en el poder adquisitivo - Noticias Radio Reflejos","robots":{"index":"index","follow":"follow","max-snippet":"max-snippet:-1","max-image-preview":"max-image-preview:large","max-video-preview":"max-video-preview:-1"},"canonical":"https:\/\/www.noticiasradioreflejos.com.ar\/2021\/mas-trabajadores-pagaran-ganancias-las-nuevas-escalas-y-su-impacto-en-el-poder-adquisitivo\/","og_locale":"es_ES","og_type":"article","og_title":"M\u00e1s trabajadores pagar\u00e1n Ganancias: las nuevas escalas y su impacto en el poder adquisitivo - Noticias Radio Reflejos","og_description":"El ajuste en 11,78% que dispuso ARCA, por debajo de la recuperaci\u00f3n de los salarios, incorporar\u00e1 a miles de contribuyentes al r\u00e9gimen del impuesto. Efecto sobre el consumo y la presi\u00f3n fiscal.","og_url":"https:\/\/www.noticiasradioreflejos.com.ar\/2021\/mas-trabajadores-pagaran-ganancias-las-nuevas-escalas-y-su-impacto-en-el-poder-adquisitivo\/","og_site_name":"Noticias Radio Reflejos","article_published_time":"2025-01-18T12:39:33+00:00","og_image":[{"width":1200,"height":755,"url":"https:\/\/www.noticiasradioreflejos.com.ar\/2021\/wp-content\/uploads\/2025\/01\/ganancias.jpg","type":"image\/jpeg"}],"author":"Arnaldo Botto","twitter_card":"summary_large_image","schema":{"@context":"https:\/\/schema.org","@graph":[{"@type":"WebPage","@id":"https:\/\/www.noticiasradioreflejos.com.ar\/2021\/mas-trabajadores-pagaran-ganancias-las-nuevas-escalas-y-su-impacto-en-el-poder-adquisitivo\/","url":"https:\/\/www.noticiasradioreflejos.com.ar\/2021\/mas-trabajadores-pagaran-ganancias-las-nuevas-escalas-y-su-impacto-en-el-poder-adquisitivo\/","name":"M\u00e1s trabajadores pagar\u00e1n Ganancias: las nuevas escalas y su impacto en el poder adquisitivo - Noticias Radio Reflejos","isPartOf":{"@id":"https:\/\/www.noticiasradioreflejos.com.ar\/2021\/#website"},"primaryImageOfPage":{"@id":"https:\/\/www.noticiasradioreflejos.com.ar\/2021\/mas-trabajadores-pagaran-ganancias-las-nuevas-escalas-y-su-impacto-en-el-poder-adquisitivo\/#primaryimage"},"image":{"@id":"https:\/\/www.noticiasradioreflejos.com.ar\/2021\/mas-trabajadores-pagaran-ganancias-las-nuevas-escalas-y-su-impacto-en-el-poder-adquisitivo\/#primaryimage"},"thumbnailUrl":"https:\/\/www.noticiasradioreflejos.com.ar\/2021\/wp-content\/uploads\/2025\/01\/ganancias.jpg","datePublished":"2025-01-18T12:39:33+00:00","author":{"@id":"https:\/\/www.noticiasradioreflejos.com.ar\/2021\/#\/schema\/person\/ad82545263dcc5ec0996818884fd5fb1"},"breadcrumb":{"@id":"https:\/\/www.noticiasradioreflejos.com.ar\/2021\/mas-trabajadores-pagaran-ganancias-las-nuevas-escalas-y-su-impacto-en-el-poder-adquisitivo\/#breadcrumb"},"inLanguage":"es","potentialAction":[{"@type":"ReadAction","target":["https:\/\/www.noticiasradioreflejos.com.ar\/2021\/mas-trabajadores-pagaran-ganancias-las-nuevas-escalas-y-su-impacto-en-el-poder-adquisitivo\/"]}]},{"@type":"ImageObject","inLanguage":"es","@id":"https:\/\/www.noticiasradioreflejos.com.ar\/2021\/mas-trabajadores-pagaran-ganancias-las-nuevas-escalas-y-su-impacto-en-el-poder-adquisitivo\/#primaryimage","url":"https:\/\/www.noticiasradioreflejos.com.ar\/2021\/wp-content\/uploads\/2025\/01\/ganancias.jpg","contentUrl":"https:\/\/www.noticiasradioreflejos.com.ar\/2021\/wp-content\/uploads\/2025\/01\/ganancias.jpg","width":1200,"height":755},{"@type":"BreadcrumbList","@id":"https:\/\/www.noticiasradioreflejos.com.ar\/2021\/mas-trabajadores-pagaran-ganancias-las-nuevas-escalas-y-su-impacto-en-el-poder-adquisitivo\/#breadcrumb","itemListElement":[{"@type":"ListItem","position":1,"name":"Portada","item":"https:\/\/www.noticiasradioreflejos.com.ar\/2021\/"},{"@type":"ListItem","position":2,"name":"M\u00e1s trabajadores pagar\u00e1n Ganancias: las nuevas escalas y su impacto en el poder adquisitivo"}]},{"@type":"WebSite","@id":"https:\/\/www.noticiasradioreflejos.com.ar\/2021\/#website","url":"https:\/\/www.noticiasradioreflejos.com.ar\/2021\/","name":"Noticias Radio Reflejos","description":"Las noticias de mi comarca","potentialAction":[{"@type":"SearchAction","target":{"@type":"EntryPoint","urlTemplate":"https:\/\/www.noticiasradioreflejos.com.ar\/2021\/?s={search_term_string}"},"query-input":{"@type":"PropertyValueSpecification","valueRequired":true,"valueName":"search_term_string"}}],"inLanguage":"es"},{"@type":"Person","@id":"https:\/\/www.noticiasradioreflejos.com.ar\/2021\/#\/schema\/person\/ad82545263dcc5ec0996818884fd5fb1","name":"Arnaldo Botto","image":{"@type":"ImageObject","inLanguage":"es","@id":"https:\/\/www.noticiasradioreflejos.com.ar\/2021\/#\/schema\/person\/image\/","url":"https:\/\/secure.gravatar.com\/avatar\/55cb5e37c1efa326397366e6974cb338056df65cb50e7d64d1cf314e87504837?s=96&d=mm&r=g","contentUrl":"https:\/\/secure.gravatar.com\/avatar\/55cb5e37c1efa326397366e6974cb338056df65cb50e7d64d1cf314e87504837?s=96&d=mm&r=g","caption":"Arnaldo Botto"},"url":"https:\/\/www.noticiasradioreflejos.com.ar\/2021\/author\/arnaldo\/"}]}},"_links":{"self":[{"href":"https:\/\/www.noticiasradioreflejos.com.ar\/2021\/wp-json\/wp\/v2\/posts\/111714","targetHints":{"allow":["GET"]}}],"collection":[{"href":"https:\/\/www.noticiasradioreflejos.com.ar\/2021\/wp-json\/wp\/v2\/posts"}],"about":[{"href":"https:\/\/www.noticiasradioreflejos.com.ar\/2021\/wp-json\/wp\/v2\/types\/post"}],"author":[{"embeddable":true,"href":"https:\/\/www.noticiasradioreflejos.com.ar\/2021\/wp-json\/wp\/v2\/users\/3"}],"replies":[{"embeddable":true,"href":"https:\/\/www.noticiasradioreflejos.com.ar\/2021\/wp-json\/wp\/v2\/comments?post=111714"}],"version-history":[{"count":1,"href":"https:\/\/www.noticiasradioreflejos.com.ar\/2021\/wp-json\/wp\/v2\/posts\/111714\/revisions"}],"predecessor-version":[{"id":111716,"href":"https:\/\/www.noticiasradioreflejos.com.ar\/2021\/wp-json\/wp\/v2\/posts\/111714\/revisions\/111716"}],"wp:featuredmedia":[{"embeddable":true,"href":"https:\/\/www.noticiasradioreflejos.com.ar\/2021\/wp-json\/wp\/v2\/media\/111715"}],"wp:attachment":[{"href":"https:\/\/www.noticiasradioreflejos.com.ar\/2021\/wp-json\/wp\/v2\/media?parent=111714"}],"wp:term":[{"taxonomy":"category","embeddable":true,"href":"https:\/\/www.noticiasradioreflejos.com.ar\/2021\/wp-json\/wp\/v2\/categories?post=111714"},{"taxonomy":"post_tag","embeddable":true,"href":"https:\/\/www.noticiasradioreflejos.com.ar\/2021\/wp-json\/wp\/v2\/tags?post=111714"}],"curies":[{"name":"wp","href":"https:\/\/api.w.org\/{rel}","templated":true}]}}