{"id":111669,"date":"2025-01-17T07:15:20","date_gmt":"2025-01-17T10:15:20","guid":{"rendered":"https:\/\/www.noticiasradioreflejos.com.ar\/2021\/?p=111669"},"modified":"2025-01-17T10:44:34","modified_gmt":"2025-01-17T13:44:34","slug":"dia-del-protector-animal-por-que-se-celebra-cada-17-de-enero","status":"publish","type":"post","link":"https:\/\/www.noticiasradioreflejos.com.ar\/2021\/dia-del-protector-animal-por-que-se-celebra-cada-17-de-enero\/","title":{"rendered":"D\u00eda del protector animal: \u00bfpor qu\u00e9 se celebra cada 17 de enero?"},"content":{"rendered":"<p>Cada 17 de enero se recuerda a San Antonio Abad (San Ant\u00f3n), quien es considerado el protector, patr\u00f3n o santo de los animales ya que le agradaban mucho y siempre los cuidaba. Actualmente este d\u00eda es dedicado a todas aquellas personas y asociaciones que especialmente protegen a los animales.<!--more-->El 17 de enero se celebra <strong>el d\u00eda del Protector Animal\u00a0en honor\u00a0a San Antonio Abad<\/strong>\u00a0mejor conocido como<strong>\u00a0San Ant\u00f3n<\/strong> quien es considerado como el protector y patr\u00f3n de los animales ya que le agradaban mucho y siempre los cuidaba.<\/p>\n<p>En medio de la vida austera que llev\u00f3, descubri\u00f3 la sabidur\u00eda y el amor divinos a trav\u00e9s de observar a la naturaleza. De esa revelaci\u00f3n, adquiri\u00f3 la costumbre de bendecir a los animales y a las plantas. A partir de su muerte, fue invocado como\u00a0protector de los animales.\u00a0<strong>Por ello, esta celebraci\u00f3n trata de recordar el equilibrio que debe existir entre el hombre, la naturaleza y los animales.<\/strong><\/p>\n<p>San Ant\u00f3n descubri\u00f3 la sabidur\u00eda a base de observar a los animales y el amor divino a trav\u00e9s de la naturaleza y as\u00ed se convirti\u00f3 en el patr\u00f3n de los animales. Por ser San Antonio protector de los animales se acostumbra a que en su fiesta se lleven a bendecir los animales dom\u00e9sticos, es por ello que en los templos los feligreses llevan a sus mascotas para ser benditas por los sacerdotes.<\/p>\n<p>&nbsp;<\/p>\n<p>San Antonio se suma a la lista de Santos que amaron a los animales, como San Francisco de As\u00eds, San Mart\u00edn de Porres, Madre Teresa de Calcuta, quien mencion\u00f3: \u201cLa compasi\u00f3n por los animales y por los hombres no se excluyen mutuamente\u201d, porque sabemos que toda vida es digna de respetar y salvar.<\/p>\n<p>&nbsp;<\/p>\n<p>Actualmente este d\u00eda es dedicado a todas aquellas personas y asociaciones que especialmente protegen a los animales. Se reconoce especialmente a quienes dedican su coraz\u00f3n, tiempo y recursos para salvar, cuidar y proteger a los animales, en la mayor\u00eda de los casos a perros y gatos, realizando una gran labor, ya sea p\u00fablicamente o desde el anonimato.<\/p>\n<div class=\"content-container col-12 col-lg-8\">\n<div class=\"c-content\">\n<div class=\"partner-wrapper article-page__body-row\">\n<div class=\"second-col\">\n<p class=\"article-text\"><strong><em>MM EldiarioAR<\/em><\/strong><\/p>\n<\/div>\n<\/div>\n<\/div>\n<\/div>\n","protected":false},"excerpt":{"rendered":"<p>Cada 17 de enero se recuerda a San Antonio Abad (San Ant\u00f3n), quien es considerado el protector, patr\u00f3n o santo de los animales ya que le agradaban mucho y siempre los cuidaba. Actualmente este d\u00eda es dedicado a todas aquellas personas y asociaciones que especialmente protegen a los animales.<\/p>\n","protected":false},"author":3,"featured_media":0,"comment_status":"closed","ping_status":"closed","sticky":false,"template":"","format":"standard","meta":{"footnotes":""},"categories":[26],"tags":[],"class_list":["post-111669","post","type-post","status-publish","format-standard","hentry","category-sociedad"],"yoast_head":"<!-- This site is optimized with the Yoast SEO plugin v25.9 - https:\/\/yoast.com\/wordpress\/plugins\/seo\/ -->\n<title>D\u00eda del protector animal: \u00bfpor qu\u00e9 se celebra cada 17 de enero? - Noticias Radio Reflejos<\/title>\n<meta name=\"robots\" content=\"index, follow, max-snippet:-1, max-image-preview:large, max-video-preview:-1\" \/>\n<link rel=\"canonical\" href=\"https:\/\/www.noticiasradioreflejos.com.ar\/2021\/dia-del-protector-animal-por-que-se-celebra-cada-17-de-enero\/\" \/>\n<meta property=\"og:locale\" content=\"es_ES\" \/>\n<meta property=\"og:type\" content=\"article\" \/>\n<meta property=\"og:title\" content=\"D\u00eda del protector animal: \u00bfpor qu\u00e9 se celebra cada 17 de enero? - Noticias Radio Reflejos\" \/>\n<meta property=\"og:description\" content=\"Cada 17 de enero se recuerda a San Antonio Abad (San Ant\u00f3n), quien es considerado el protector, patr\u00f3n o santo de los animales ya que le agradaban mucho y siempre los cuidaba. Actualmente este d\u00eda es dedicado a todas aquellas personas y asociaciones que especialmente protegen a los animales.\" \/>\n<meta property=\"og:url\" content=\"https:\/\/www.noticiasradioreflejos.com.ar\/2021\/dia-del-protector-animal-por-que-se-celebra-cada-17-de-enero\/\" \/>\n<meta property=\"og:site_name\" content=\"Noticias Radio Reflejos\" \/>\n<meta property=\"article:published_time\" content=\"2025-01-17T10:15:20+00:00\" \/>\n<meta property=\"article:modified_time\" content=\"2025-01-17T13:44:34+00:00\" \/>\n<meta property=\"og:image\" content=\"https:\/\/www.noticiasradioreflejos.com.ar\/2021\/wp-content\/uploads\/2021\/07\/logosol300x200.png\" \/>\n\t<meta property=\"og:image:width\" content=\"300\" \/>\n\t<meta property=\"og:image:height\" content=\"200\" \/>\n\t<meta property=\"og:image:type\" content=\"image\/png\" \/>\n<meta name=\"author\" content=\"Arnaldo Botto\" \/>\n<meta name=\"twitter:card\" content=\"summary_large_image\" \/>\n<script type=\"application\/ld+json\" class=\"yoast-schema-graph\">{\"@context\":\"https:\/\/schema.org\",\"@graph\":[{\"@type\":\"WebPage\",\"@id\":\"https:\/\/www.noticiasradioreflejos.com.ar\/2021\/dia-del-protector-animal-por-que-se-celebra-cada-17-de-enero\/\",\"url\":\"https:\/\/www.noticiasradioreflejos.com.ar\/2021\/dia-del-protector-animal-por-que-se-celebra-cada-17-de-enero\/\",\"name\":\"D\u00eda del protector animal: \u00bfpor qu\u00e9 se celebra cada 17 de enero? - Noticias Radio Reflejos\",\"isPartOf\":{\"@id\":\"https:\/\/www.noticiasradioreflejos.com.ar\/2021\/#website\"},\"datePublished\":\"2025-01-17T10:15:20+00:00\",\"dateModified\":\"2025-01-17T13:44:34+00:00\",\"author\":{\"@id\":\"https:\/\/www.noticiasradioreflejos.com.ar\/2021\/#\/schema\/person\/ad82545263dcc5ec0996818884fd5fb1\"},\"breadcrumb\":{\"@id\":\"https:\/\/www.noticiasradioreflejos.com.ar\/2021\/dia-del-protector-animal-por-que-se-celebra-cada-17-de-enero\/#breadcrumb\"},\"inLanguage\":\"es\",\"potentialAction\":[{\"@type\":\"ReadAction\",\"target\":[\"https:\/\/www.noticiasradioreflejos.com.ar\/2021\/dia-del-protector-animal-por-que-se-celebra-cada-17-de-enero\/\"]}]},{\"@type\":\"BreadcrumbList\",\"@id\":\"https:\/\/www.noticiasradioreflejos.com.ar\/2021\/dia-del-protector-animal-por-que-se-celebra-cada-17-de-enero\/#breadcrumb\",\"itemListElement\":[{\"@type\":\"ListItem\",\"position\":1,\"name\":\"Portada\",\"item\":\"https:\/\/www.noticiasradioreflejos.com.ar\/2021\/\"},{\"@type\":\"ListItem\",\"position\":2,\"name\":\"D\u00eda del protector animal: \u00bfpor qu\u00e9 se celebra cada 17 de enero?\"}]},{\"@type\":\"WebSite\",\"@id\":\"https:\/\/www.noticiasradioreflejos.com.ar\/2021\/#website\",\"url\":\"https:\/\/www.noticiasradioreflejos.com.ar\/2021\/\",\"name\":\"Noticias Radio Reflejos\",\"description\":\"Las noticias de mi comarca\",\"potentialAction\":[{\"@type\":\"SearchAction\",\"target\":{\"@type\":\"EntryPoint\",\"urlTemplate\":\"https:\/\/www.noticiasradioreflejos.com.ar\/2021\/?s={search_term_string}\"},\"query-input\":{\"@type\":\"PropertyValueSpecification\",\"valueRequired\":true,\"valueName\":\"search_term_string\"}}],\"inLanguage\":\"es\"},{\"@type\":\"Person\",\"@id\":\"https:\/\/www.noticiasradioreflejos.com.ar\/2021\/#\/schema\/person\/ad82545263dcc5ec0996818884fd5fb1\",\"name\":\"Arnaldo Botto\",\"image\":{\"@type\":\"ImageObject\",\"inLanguage\":\"es\",\"@id\":\"https:\/\/www.noticiasradioreflejos.com.ar\/2021\/#\/schema\/person\/image\/\",\"url\":\"https:\/\/secure.gravatar.com\/avatar\/55cb5e37c1efa326397366e6974cb338056df65cb50e7d64d1cf314e87504837?s=96&d=mm&r=g\",\"contentUrl\":\"https:\/\/secure.gravatar.com\/avatar\/55cb5e37c1efa326397366e6974cb338056df65cb50e7d64d1cf314e87504837?s=96&d=mm&r=g\",\"caption\":\"Arnaldo Botto\"},\"url\":\"https:\/\/www.noticiasradioreflejos.com.ar\/2021\/author\/arnaldo\/\"}]}<\/script>\n<!-- \/ Yoast SEO plugin. -->","yoast_head_json":{"title":"D\u00eda del protector animal: \u00bfpor qu\u00e9 se celebra cada 17 de enero? - Noticias Radio Reflejos","robots":{"index":"index","follow":"follow","max-snippet":"max-snippet:-1","max-image-preview":"max-image-preview:large","max-video-preview":"max-video-preview:-1"},"canonical":"https:\/\/www.noticiasradioreflejos.com.ar\/2021\/dia-del-protector-animal-por-que-se-celebra-cada-17-de-enero\/","og_locale":"es_ES","og_type":"article","og_title":"D\u00eda del protector animal: \u00bfpor qu\u00e9 se celebra cada 17 de enero? - Noticias Radio Reflejos","og_description":"Cada 17 de enero se recuerda a San Antonio Abad (San Ant\u00f3n), quien es considerado el protector, patr\u00f3n o santo de los animales ya que le agradaban mucho y siempre los cuidaba. Actualmente este d\u00eda es dedicado a todas aquellas personas y asociaciones que especialmente protegen a los animales.","og_url":"https:\/\/www.noticiasradioreflejos.com.ar\/2021\/dia-del-protector-animal-por-que-se-celebra-cada-17-de-enero\/","og_site_name":"Noticias Radio Reflejos","article_published_time":"2025-01-17T10:15:20+00:00","article_modified_time":"2025-01-17T13:44:34+00:00","og_image":[{"width":300,"height":200,"url":"https:\/\/www.noticiasradioreflejos.com.ar\/2021\/wp-content\/uploads\/2021\/07\/logosol300x200.png","type":"image\/png"}],"author":"Arnaldo Botto","twitter_card":"summary_large_image","schema":{"@context":"https:\/\/schema.org","@graph":[{"@type":"WebPage","@id":"https:\/\/www.noticiasradioreflejos.com.ar\/2021\/dia-del-protector-animal-por-que-se-celebra-cada-17-de-enero\/","url":"https:\/\/www.noticiasradioreflejos.com.ar\/2021\/dia-del-protector-animal-por-que-se-celebra-cada-17-de-enero\/","name":"D\u00eda del protector animal: \u00bfpor qu\u00e9 se celebra cada 17 de enero? - Noticias Radio Reflejos","isPartOf":{"@id":"https:\/\/www.noticiasradioreflejos.com.ar\/2021\/#website"},"datePublished":"2025-01-17T10:15:20+00:00","dateModified":"2025-01-17T13:44:34+00:00","author":{"@id":"https:\/\/www.noticiasradioreflejos.com.ar\/2021\/#\/schema\/person\/ad82545263dcc5ec0996818884fd5fb1"},"breadcrumb":{"@id":"https:\/\/www.noticiasradioreflejos.com.ar\/2021\/dia-del-protector-animal-por-que-se-celebra-cada-17-de-enero\/#breadcrumb"},"inLanguage":"es","potentialAction":[{"@type":"ReadAction","target":["https:\/\/www.noticiasradioreflejos.com.ar\/2021\/dia-del-protector-animal-por-que-se-celebra-cada-17-de-enero\/"]}]},{"@type":"BreadcrumbList","@id":"https:\/\/www.noticiasradioreflejos.com.ar\/2021\/dia-del-protector-animal-por-que-se-celebra-cada-17-de-enero\/#breadcrumb","itemListElement":[{"@type":"ListItem","position":1,"name":"Portada","item":"https:\/\/www.noticiasradioreflejos.com.ar\/2021\/"},{"@type":"ListItem","position":2,"name":"D\u00eda del protector animal: \u00bfpor qu\u00e9 se celebra cada 17 de enero?"}]},{"@type":"WebSite","@id":"https:\/\/www.noticiasradioreflejos.com.ar\/2021\/#website","url":"https:\/\/www.noticiasradioreflejos.com.ar\/2021\/","name":"Noticias Radio Reflejos","description":"Las noticias de mi comarca","potentialAction":[{"@type":"SearchAction","target":{"@type":"EntryPoint","urlTemplate":"https:\/\/www.noticiasradioreflejos.com.ar\/2021\/?s={search_term_string}"},"query-input":{"@type":"PropertyValueSpecification","valueRequired":true,"valueName":"search_term_string"}}],"inLanguage":"es"},{"@type":"Person","@id":"https:\/\/www.noticiasradioreflejos.com.ar\/2021\/#\/schema\/person\/ad82545263dcc5ec0996818884fd5fb1","name":"Arnaldo Botto","image":{"@type":"ImageObject","inLanguage":"es","@id":"https:\/\/www.noticiasradioreflejos.com.ar\/2021\/#\/schema\/person\/image\/","url":"https:\/\/secure.gravatar.com\/avatar\/55cb5e37c1efa326397366e6974cb338056df65cb50e7d64d1cf314e87504837?s=96&d=mm&r=g","contentUrl":"https:\/\/secure.gravatar.com\/avatar\/55cb5e37c1efa326397366e6974cb338056df65cb50e7d64d1cf314e87504837?s=96&d=mm&r=g","caption":"Arnaldo Botto"},"url":"https:\/\/www.noticiasradioreflejos.com.ar\/2021\/author\/arnaldo\/"}]}},"_links":{"self":[{"href":"https:\/\/www.noticiasradioreflejos.com.ar\/2021\/wp-json\/wp\/v2\/posts\/111669","targetHints":{"allow":["GET"]}}],"collection":[{"href":"https:\/\/www.noticiasradioreflejos.com.ar\/2021\/wp-json\/wp\/v2\/posts"}],"about":[{"href":"https:\/\/www.noticiasradioreflejos.com.ar\/2021\/wp-json\/wp\/v2\/types\/post"}],"author":[{"embeddable":true,"href":"https:\/\/www.noticiasradioreflejos.com.ar\/2021\/wp-json\/wp\/v2\/users\/3"}],"replies":[{"embeddable":true,"href":"https:\/\/www.noticiasradioreflejos.com.ar\/2021\/wp-json\/wp\/v2\/comments?post=111669"}],"version-history":[{"count":3,"href":"https:\/\/www.noticiasradioreflejos.com.ar\/2021\/wp-json\/wp\/v2\/posts\/111669\/revisions"}],"predecessor-version":[{"id":111681,"href":"https:\/\/www.noticiasradioreflejos.com.ar\/2021\/wp-json\/wp\/v2\/posts\/111669\/revisions\/111681"}],"wp:attachment":[{"href":"https:\/\/www.noticiasradioreflejos.com.ar\/2021\/wp-json\/wp\/v2\/media?parent=111669"}],"wp:term":[{"taxonomy":"category","embeddable":true,"href":"https:\/\/www.noticiasradioreflejos.com.ar\/2021\/wp-json\/wp\/v2\/categories?post=111669"},{"taxonomy":"post_tag","embeddable":true,"href":"https:\/\/www.noticiasradioreflejos.com.ar\/2021\/wp-json\/wp\/v2\/tags?post=111669"}],"curies":[{"name":"wp","href":"https:\/\/api.w.org\/{rel}","templated":true}]}}