{"id":111663,"date":"2025-01-17T07:02:36","date_gmt":"2025-01-17T10:02:36","guid":{"rendered":"https:\/\/www.noticiasradioreflejos.com.ar\/2021\/?p=111663"},"modified":"2025-01-17T07:02:36","modified_gmt":"2025-01-17T10:02:36","slug":"arranca-la-segunda-quincena-de-enero-con-fuerte-presencia-de-controles-en-todo-el-pais","status":"publish","type":"post","link":"https:\/\/www.noticiasradioreflejos.com.ar\/2021\/arranca-la-segunda-quincena-de-enero-con-fuerte-presencia-de-controles-en-todo-el-pais\/","title":{"rendered":"Arranca la segunda quincena de enero, con fuerte presencia de controles en todo el pa\u00eds"},"content":{"rendered":"<div>En el marco de la temporada de verano, la Comisi\u00f3n Nacional de Regulaci\u00f3n del Transporte (CNRT) y la Agencia Nacional de Seguridad Vial (ANSV) realizar\u00e1n operativos en 150 puntos estrat\u00e9gicos de todo el pa\u00eds. En lo que va de enero ya fiscalizaron m\u00e1s de 300 mil micros, camiones y veh\u00edculos particulares.<\/div>\n<div><\/div>\n<p><!--more--><\/p>\n<div>Desde la salida de micros en terminales de \u00f3mnibus hasta controles a los conductores que viajen por vacaciones por diferentes rutas, los operativos est\u00e1n distribuidos a lo largo y ancho de cada provincia con el principal objetivo de prevenir siniestros viales y hacer respetar los derechos de los pasajeros.<\/div>\n<div>En este sentido, durante la primera quincena de enero se llevaron adelante m\u00e1s de 300 mil controles, en los cuales se emitieron en total 6.022 actas de infracci\u00f3n.<\/div>\n<div>Dentro de las principales faltas detectadas por los agentes se encuentran: alcoholemias positivas, falta de documentaci\u00f3n, falta de RTO\/VTV, no uso de cintur\u00f3n de seguridad y circular con la patente tapada. Muchas de estas infracciones tienen como consecuencia la retenci\u00f3n del veh\u00edculo y de la licencia correspondiente.<\/div>\n<div>Por otra parte, la mayor cantidad de alcoholemias positivas se registraron en las rutas de la provincia de Buenos Aires y en la regi\u00f3n Centro del pa\u00eds, seguido por la regi\u00f3n Patag\u00f3nica. En los puntos fijos que se encuentran sobre las rutas provinciales 2 y 11, por ejemplo, se registraron 232 casos positivos de alcohol al volante.<\/div>\n<div>Con respecto a los controles del transporte de carga y pasajeros, los puntos de mayor cantidad de fiscalizaciones fueron el \u00c1rea Metropolitana de Buenos Aires, C\u00f3rdoba, Santa Fe, Mendoza, Corrientes y Santiago del Estero.<\/div>\n<div>Es importante remarcar los controles no solo buscan detectar y sancionar infracciones, sino que tambi\u00e9n promueven una cultura de responsabilidad individual, donde cada conductor entienda que sus decisiones a bordo de un veh\u00edculo afectan directamente la vida de todos.<\/div>\n","protected":false},"excerpt":{"rendered":"<p>En el marco de la temporada de verano, la Comisi\u00f3n Nacional de Regulaci\u00f3n del Transporte (CNRT) y la Agencia Nacional de Seguridad Vial (ANSV) realizar\u00e1n operativos en 150 puntos estrat\u00e9gicos de todo el pa\u00eds. En lo que va de enero ya fiscalizaron m\u00e1s de 300 mil micros, camiones y veh\u00edculos particulares.<\/p>\n","protected":false},"author":3,"featured_media":111664,"comment_status":"closed","ping_status":"closed","sticky":false,"template":"","format":"standard","meta":{"footnotes":""},"categories":[58],"tags":[],"class_list":["post-111663","post","type-post","status-publish","format-standard","has-post-thumbnail","hentry","category-gobierno"],"yoast_head":"<!-- This site is optimized with the Yoast SEO plugin v25.9 - https:\/\/yoast.com\/wordpress\/plugins\/seo\/ -->\n<title>Arranca la segunda quincena de enero, con fuerte presencia de controles en todo el pa\u00eds - Noticias Radio Reflejos<\/title>\n<meta name=\"robots\" content=\"index, follow, max-snippet:-1, max-image-preview:large, max-video-preview:-1\" \/>\n<link rel=\"canonical\" href=\"https:\/\/www.noticiasradioreflejos.com.ar\/2021\/arranca-la-segunda-quincena-de-enero-con-fuerte-presencia-de-controles-en-todo-el-pais\/\" \/>\n<meta property=\"og:locale\" content=\"es_ES\" \/>\n<meta property=\"og:type\" content=\"article\" \/>\n<meta property=\"og:title\" content=\"Arranca la segunda quincena de enero, con fuerte presencia de controles en todo el pa\u00eds - Noticias Radio Reflejos\" \/>\n<meta property=\"og:description\" content=\"En el marco de la temporada de verano, la Comisi\u00f3n Nacional de Regulaci\u00f3n del Transporte (CNRT) y la Agencia Nacional de Seguridad Vial (ANSV) realizar\u00e1n operativos en 150 puntos estrat\u00e9gicos de todo el pa\u00eds. En lo que va de enero ya fiscalizaron m\u00e1s de 300 mil micros, camiones y veh\u00edculos particulares.\" \/>\n<meta property=\"og:url\" content=\"https:\/\/www.noticiasradioreflejos.com.ar\/2021\/arranca-la-segunda-quincena-de-enero-con-fuerte-presencia-de-controles-en-todo-el-pais\/\" \/>\n<meta property=\"og:site_name\" content=\"Noticias Radio Reflejos\" \/>\n<meta property=\"article:published_time\" content=\"2025-01-17T10:02:36+00:00\" \/>\n<meta property=\"og:image\" content=\"https:\/\/www.noticiasradioreflejos.com.ar\/2021\/wp-content\/uploads\/2025\/01\/Controles-ANSV-CNRT-1.jpg\" \/>\n\t<meta property=\"og:image:width\" content=\"1535\" \/>\n\t<meta property=\"og:image:height\" content=\"776\" \/>\n\t<meta property=\"og:image:type\" content=\"image\/jpeg\" \/>\n<meta name=\"author\" content=\"Arnaldo Botto\" \/>\n<meta name=\"twitter:card\" content=\"summary_large_image\" \/>\n<script type=\"application\/ld+json\" class=\"yoast-schema-graph\">{\"@context\":\"https:\/\/schema.org\",\"@graph\":[{\"@type\":\"WebPage\",\"@id\":\"https:\/\/www.noticiasradioreflejos.com.ar\/2021\/arranca-la-segunda-quincena-de-enero-con-fuerte-presencia-de-controles-en-todo-el-pais\/\",\"url\":\"https:\/\/www.noticiasradioreflejos.com.ar\/2021\/arranca-la-segunda-quincena-de-enero-con-fuerte-presencia-de-controles-en-todo-el-pais\/\",\"name\":\"Arranca la segunda quincena de enero, con fuerte presencia de controles en todo el pa\u00eds - Noticias Radio Reflejos\",\"isPartOf\":{\"@id\":\"https:\/\/www.noticiasradioreflejos.com.ar\/2021\/#website\"},\"primaryImageOfPage\":{\"@id\":\"https:\/\/www.noticiasradioreflejos.com.ar\/2021\/arranca-la-segunda-quincena-de-enero-con-fuerte-presencia-de-controles-en-todo-el-pais\/#primaryimage\"},\"image\":{\"@id\":\"https:\/\/www.noticiasradioreflejos.com.ar\/2021\/arranca-la-segunda-quincena-de-enero-con-fuerte-presencia-de-controles-en-todo-el-pais\/#primaryimage\"},\"thumbnailUrl\":\"https:\/\/www.noticiasradioreflejos.com.ar\/2021\/wp-content\/uploads\/2025\/01\/Controles-ANSV-CNRT-1.jpg\",\"datePublished\":\"2025-01-17T10:02:36+00:00\",\"author\":{\"@id\":\"https:\/\/www.noticiasradioreflejos.com.ar\/2021\/#\/schema\/person\/ad82545263dcc5ec0996818884fd5fb1\"},\"breadcrumb\":{\"@id\":\"https:\/\/www.noticiasradioreflejos.com.ar\/2021\/arranca-la-segunda-quincena-de-enero-con-fuerte-presencia-de-controles-en-todo-el-pais\/#breadcrumb\"},\"inLanguage\":\"es\",\"potentialAction\":[{\"@type\":\"ReadAction\",\"target\":[\"https:\/\/www.noticiasradioreflejos.com.ar\/2021\/arranca-la-segunda-quincena-de-enero-con-fuerte-presencia-de-controles-en-todo-el-pais\/\"]}]},{\"@type\":\"ImageObject\",\"inLanguage\":\"es\",\"@id\":\"https:\/\/www.noticiasradioreflejos.com.ar\/2021\/arranca-la-segunda-quincena-de-enero-con-fuerte-presencia-de-controles-en-todo-el-pais\/#primaryimage\",\"url\":\"https:\/\/www.noticiasradioreflejos.com.ar\/2021\/wp-content\/uploads\/2025\/01\/Controles-ANSV-CNRT-1.jpg\",\"contentUrl\":\"https:\/\/www.noticiasradioreflejos.com.ar\/2021\/wp-content\/uploads\/2025\/01\/Controles-ANSV-CNRT-1.jpg\",\"width\":1535,\"height\":776},{\"@type\":\"BreadcrumbList\",\"@id\":\"https:\/\/www.noticiasradioreflejos.com.ar\/2021\/arranca-la-segunda-quincena-de-enero-con-fuerte-presencia-de-controles-en-todo-el-pais\/#breadcrumb\",\"itemListElement\":[{\"@type\":\"ListItem\",\"position\":1,\"name\":\"Portada\",\"item\":\"https:\/\/www.noticiasradioreflejos.com.ar\/2021\/\"},{\"@type\":\"ListItem\",\"position\":2,\"name\":\"Arranca la segunda quincena de enero, con fuerte presencia de controles en todo el pa\u00eds\"}]},{\"@type\":\"WebSite\",\"@id\":\"https:\/\/www.noticiasradioreflejos.com.ar\/2021\/#website\",\"url\":\"https:\/\/www.noticiasradioreflejos.com.ar\/2021\/\",\"name\":\"Noticias Radio Reflejos\",\"description\":\"Las noticias de mi comarca\",\"potentialAction\":[{\"@type\":\"SearchAction\",\"target\":{\"@type\":\"EntryPoint\",\"urlTemplate\":\"https:\/\/www.noticiasradioreflejos.com.ar\/2021\/?s={search_term_string}\"},\"query-input\":{\"@type\":\"PropertyValueSpecification\",\"valueRequired\":true,\"valueName\":\"search_term_string\"}}],\"inLanguage\":\"es\"},{\"@type\":\"Person\",\"@id\":\"https:\/\/www.noticiasradioreflejos.com.ar\/2021\/#\/schema\/person\/ad82545263dcc5ec0996818884fd5fb1\",\"name\":\"Arnaldo Botto\",\"image\":{\"@type\":\"ImageObject\",\"inLanguage\":\"es\",\"@id\":\"https:\/\/www.noticiasradioreflejos.com.ar\/2021\/#\/schema\/person\/image\/\",\"url\":\"https:\/\/secure.gravatar.com\/avatar\/55cb5e37c1efa326397366e6974cb338056df65cb50e7d64d1cf314e87504837?s=96&d=mm&r=g\",\"contentUrl\":\"https:\/\/secure.gravatar.com\/avatar\/55cb5e37c1efa326397366e6974cb338056df65cb50e7d64d1cf314e87504837?s=96&d=mm&r=g\",\"caption\":\"Arnaldo Botto\"},\"url\":\"https:\/\/www.noticiasradioreflejos.com.ar\/2021\/author\/arnaldo\/\"}]}<\/script>\n<!-- \/ Yoast SEO plugin. -->","yoast_head_json":{"title":"Arranca la segunda quincena de enero, con fuerte presencia de controles en todo el pa\u00eds - Noticias Radio Reflejos","robots":{"index":"index","follow":"follow","max-snippet":"max-snippet:-1","max-image-preview":"max-image-preview:large","max-video-preview":"max-video-preview:-1"},"canonical":"https:\/\/www.noticiasradioreflejos.com.ar\/2021\/arranca-la-segunda-quincena-de-enero-con-fuerte-presencia-de-controles-en-todo-el-pais\/","og_locale":"es_ES","og_type":"article","og_title":"Arranca la segunda quincena de enero, con fuerte presencia de controles en todo el pa\u00eds - Noticias Radio Reflejos","og_description":"En el marco de la temporada de verano, la Comisi\u00f3n Nacional de Regulaci\u00f3n del Transporte (CNRT) y la Agencia Nacional de Seguridad Vial (ANSV) realizar\u00e1n operativos en 150 puntos estrat\u00e9gicos de todo el pa\u00eds. En lo que va de enero ya fiscalizaron m\u00e1s de 300 mil micros, camiones y veh\u00edculos particulares.","og_url":"https:\/\/www.noticiasradioreflejos.com.ar\/2021\/arranca-la-segunda-quincena-de-enero-con-fuerte-presencia-de-controles-en-todo-el-pais\/","og_site_name":"Noticias Radio Reflejos","article_published_time":"2025-01-17T10:02:36+00:00","og_image":[{"width":1535,"height":776,"url":"https:\/\/www.noticiasradioreflejos.com.ar\/2021\/wp-content\/uploads\/2025\/01\/Controles-ANSV-CNRT-1.jpg","type":"image\/jpeg"}],"author":"Arnaldo Botto","twitter_card":"summary_large_image","schema":{"@context":"https:\/\/schema.org","@graph":[{"@type":"WebPage","@id":"https:\/\/www.noticiasradioreflejos.com.ar\/2021\/arranca-la-segunda-quincena-de-enero-con-fuerte-presencia-de-controles-en-todo-el-pais\/","url":"https:\/\/www.noticiasradioreflejos.com.ar\/2021\/arranca-la-segunda-quincena-de-enero-con-fuerte-presencia-de-controles-en-todo-el-pais\/","name":"Arranca la segunda quincena de enero, con fuerte presencia de controles en todo el pa\u00eds - Noticias Radio Reflejos","isPartOf":{"@id":"https:\/\/www.noticiasradioreflejos.com.ar\/2021\/#website"},"primaryImageOfPage":{"@id":"https:\/\/www.noticiasradioreflejos.com.ar\/2021\/arranca-la-segunda-quincena-de-enero-con-fuerte-presencia-de-controles-en-todo-el-pais\/#primaryimage"},"image":{"@id":"https:\/\/www.noticiasradioreflejos.com.ar\/2021\/arranca-la-segunda-quincena-de-enero-con-fuerte-presencia-de-controles-en-todo-el-pais\/#primaryimage"},"thumbnailUrl":"https:\/\/www.noticiasradioreflejos.com.ar\/2021\/wp-content\/uploads\/2025\/01\/Controles-ANSV-CNRT-1.jpg","datePublished":"2025-01-17T10:02:36+00:00","author":{"@id":"https:\/\/www.noticiasradioreflejos.com.ar\/2021\/#\/schema\/person\/ad82545263dcc5ec0996818884fd5fb1"},"breadcrumb":{"@id":"https:\/\/www.noticiasradioreflejos.com.ar\/2021\/arranca-la-segunda-quincena-de-enero-con-fuerte-presencia-de-controles-en-todo-el-pais\/#breadcrumb"},"inLanguage":"es","potentialAction":[{"@type":"ReadAction","target":["https:\/\/www.noticiasradioreflejos.com.ar\/2021\/arranca-la-segunda-quincena-de-enero-con-fuerte-presencia-de-controles-en-todo-el-pais\/"]}]},{"@type":"ImageObject","inLanguage":"es","@id":"https:\/\/www.noticiasradioreflejos.com.ar\/2021\/arranca-la-segunda-quincena-de-enero-con-fuerte-presencia-de-controles-en-todo-el-pais\/#primaryimage","url":"https:\/\/www.noticiasradioreflejos.com.ar\/2021\/wp-content\/uploads\/2025\/01\/Controles-ANSV-CNRT-1.jpg","contentUrl":"https:\/\/www.noticiasradioreflejos.com.ar\/2021\/wp-content\/uploads\/2025\/01\/Controles-ANSV-CNRT-1.jpg","width":1535,"height":776},{"@type":"BreadcrumbList","@id":"https:\/\/www.noticiasradioreflejos.com.ar\/2021\/arranca-la-segunda-quincena-de-enero-con-fuerte-presencia-de-controles-en-todo-el-pais\/#breadcrumb","itemListElement":[{"@type":"ListItem","position":1,"name":"Portada","item":"https:\/\/www.noticiasradioreflejos.com.ar\/2021\/"},{"@type":"ListItem","position":2,"name":"Arranca la segunda quincena de enero, con fuerte presencia de controles en todo el pa\u00eds"}]},{"@type":"WebSite","@id":"https:\/\/www.noticiasradioreflejos.com.ar\/2021\/#website","url":"https:\/\/www.noticiasradioreflejos.com.ar\/2021\/","name":"Noticias Radio Reflejos","description":"Las noticias de mi comarca","potentialAction":[{"@type":"SearchAction","target":{"@type":"EntryPoint","urlTemplate":"https:\/\/www.noticiasradioreflejos.com.ar\/2021\/?s={search_term_string}"},"query-input":{"@type":"PropertyValueSpecification","valueRequired":true,"valueName":"search_term_string"}}],"inLanguage":"es"},{"@type":"Person","@id":"https:\/\/www.noticiasradioreflejos.com.ar\/2021\/#\/schema\/person\/ad82545263dcc5ec0996818884fd5fb1","name":"Arnaldo Botto","image":{"@type":"ImageObject","inLanguage":"es","@id":"https:\/\/www.noticiasradioreflejos.com.ar\/2021\/#\/schema\/person\/image\/","url":"https:\/\/secure.gravatar.com\/avatar\/55cb5e37c1efa326397366e6974cb338056df65cb50e7d64d1cf314e87504837?s=96&d=mm&r=g","contentUrl":"https:\/\/secure.gravatar.com\/avatar\/55cb5e37c1efa326397366e6974cb338056df65cb50e7d64d1cf314e87504837?s=96&d=mm&r=g","caption":"Arnaldo Botto"},"url":"https:\/\/www.noticiasradioreflejos.com.ar\/2021\/author\/arnaldo\/"}]}},"_links":{"self":[{"href":"https:\/\/www.noticiasradioreflejos.com.ar\/2021\/wp-json\/wp\/v2\/posts\/111663","targetHints":{"allow":["GET"]}}],"collection":[{"href":"https:\/\/www.noticiasradioreflejos.com.ar\/2021\/wp-json\/wp\/v2\/posts"}],"about":[{"href":"https:\/\/www.noticiasradioreflejos.com.ar\/2021\/wp-json\/wp\/v2\/types\/post"}],"author":[{"embeddable":true,"href":"https:\/\/www.noticiasradioreflejos.com.ar\/2021\/wp-json\/wp\/v2\/users\/3"}],"replies":[{"embeddable":true,"href":"https:\/\/www.noticiasradioreflejos.com.ar\/2021\/wp-json\/wp\/v2\/comments?post=111663"}],"version-history":[{"count":1,"href":"https:\/\/www.noticiasradioreflejos.com.ar\/2021\/wp-json\/wp\/v2\/posts\/111663\/revisions"}],"predecessor-version":[{"id":111665,"href":"https:\/\/www.noticiasradioreflejos.com.ar\/2021\/wp-json\/wp\/v2\/posts\/111663\/revisions\/111665"}],"wp:featuredmedia":[{"embeddable":true,"href":"https:\/\/www.noticiasradioreflejos.com.ar\/2021\/wp-json\/wp\/v2\/media\/111664"}],"wp:attachment":[{"href":"https:\/\/www.noticiasradioreflejos.com.ar\/2021\/wp-json\/wp\/v2\/media?parent=111663"}],"wp:term":[{"taxonomy":"category","embeddable":true,"href":"https:\/\/www.noticiasradioreflejos.com.ar\/2021\/wp-json\/wp\/v2\/categories?post=111663"},{"taxonomy":"post_tag","embeddable":true,"href":"https:\/\/www.noticiasradioreflejos.com.ar\/2021\/wp-json\/wp\/v2\/tags?post=111663"}],"curies":[{"name":"wp","href":"https:\/\/api.w.org\/{rel}","templated":true}]}}