{"id":111637,"date":"2025-01-16T08:32:10","date_gmt":"2025-01-16T11:32:10","guid":{"rendered":"https:\/\/www.noticiasradioreflejos.com.ar\/2021\/?p=111637"},"modified":"2025-01-16T09:52:32","modified_gmt":"2025-01-16T12:52:32","slug":"mas-fuego-en-la-patagonia-tras-el-pn-nahuel-huapi-se-incendia-un-pueblo-en-chubut","status":"publish","type":"post","link":"https:\/\/www.noticiasradioreflejos.com.ar\/2021\/mas-fuego-en-la-patagonia-tras-el-pn-nahuel-huapi-se-incendia-un-pueblo-en-chubut\/","title":{"rendered":"Se incendian los bosques de Epuy\u00e9n, en Chubut, y hay cientos de evacuados"},"content":{"rendered":"<p>El Servicio Provincial del Manejo del Fuego trabaja en<strong> Epuy\u00e9n<\/strong> junto a tres aviones hidrantes. Fueron evacuadas m\u00e1s de 200 viviendas y se cort\u00f3 la Ruta 40.<!--more--><\/p>\n<p>&nbsp;<\/p>\n<p>La localidad chubutense de<strong>\u00a0Epuy\u00e9n<\/strong>, en la zona conocida como Rinconada, qued\u00f3 este mi\u00e9rcoles envuelta en un inmenso incendio forestal. Las llamas comenzaron precisamente entre el cementerio municipal y la Escuela Provincial N\u00b0 9.<\/p>\n<div class=\"partner-wrapper article-page__body-row\">\n<div class=\"second-col\">\n<p class=\"article-text\">Por el avance del fuego hubo que evacuar al menos 200 familias. Aunque r\u00e1pidamente acudi\u00f3 al lugar personal del Servicio Provincial del Manejo del Fuego, que trabaj\u00f3 junto a tres aviones hidrantes, el viento complic\u00f3 el operativo y el desastre lleg\u00f3 a la Ruta 40.<\/p>\n<p class=\"article-text\">\u201c<strong>Ya se evacuaron a 200 viviendas<\/strong>, seg\u00fan nos inform\u00f3 el director de Defensa Civil del Municipio. El incendio est\u00e1 muy activo. Vamos a tener mucho viento hasta altas horas de la noche, por lo que\u00a0<strong>es muy dif\u00edcil de controlar<\/strong>. Est\u00e1n todos los recursos puestos\u201d, seg\u00fan inform\u00f3 al sitio local ADN Sur el subsecretario de Protecci\u00f3n Civil de Chubut, Eduardo P\u00e9rez.<\/p>\n<figure><picture class=\"news-image\"><source srcset=\"https:\/\/static.eldiario.es\/clip\/dbe67428-1026-44b6-956b-3f3b6d5227b7_16-9-discover-aspect-ratio_50p_0.webp\" type=\"image\/webp\" media=\"(max-width: 576px)\" \/><source srcset=\"https:\/\/static.eldiario.es\/clip\/dbe67428-1026-44b6-956b-3f3b6d5227b7_16-9-discover-aspect-ratio_50p_0.jpg\" type=\"image\/jpg\" media=\"(max-width: 576px)\" \/><source srcset=\"https:\/\/static.eldiario.es\/clip\/dbe67428-1026-44b6-956b-3f3b6d5227b7_16-9-discover-aspect-ratio_75p_0.webp\" type=\"image\/webp\" media=\"(max-width: 767px)\" \/><source srcset=\"https:\/\/static.eldiario.es\/clip\/dbe67428-1026-44b6-956b-3f3b6d5227b7_16-9-discover-aspect-ratio_75p_0.jpg\" type=\"image\/jpg\" media=\"(max-width: 767px)\" \/><source srcset=\"https:\/\/static.eldiario.es\/clip\/dbe67428-1026-44b6-956b-3f3b6d5227b7_16-9-discover-aspect-ratio_default_0.webp\" type=\"image\/webp\" media=\"(min-width: 768px)\" \/><source srcset=\"https:\/\/static.eldiario.es\/clip\/dbe67428-1026-44b6-956b-3f3b6d5227b7_16-9-discover-aspect-ratio_default_0.jpg\" type=\"image\/jpg\" media=\"(min-width: 768px)\" \/><source srcset=\"https:\/\/static.eldiario.es\/clip\/dbe67428-1026-44b6-956b-3f3b6d5227b7_16-9-discover-aspect-ratio_default_0.webp\" type=\"image\/webp\" \/><img decoding=\"async\" class=\"lazy entered loaded\" src=\"https:\/\/static.eldiario.es\/clip\/dbe67428-1026-44b6-956b-3f3b6d5227b7_16-9-discover-aspect-ratio_default_0.jpg\" alt=\"\" data-src=\"https:\/\/static.eldiario.es\/clip\/dbe67428-1026-44b6-956b-3f3b6d5227b7_16-9-discover-aspect-ratio_default_0.jpg\" data-ll-status=\"loaded\" \/><\/picture><figcaption class=\"image-footer\"><em><span class=\"title\">El fuego avanza entre la poblaci\u00f3n.\u00a0<span class=\"author\">Gentileza Noticias de la Comarca \/ ADN Sur<\/span><\/span><\/em><\/figcaption><\/figure>\n<p>&nbsp;<\/p>\n<p class=\"article-text\">\u201cLo primordial es salvar vidas. Hay que evacuar toda la zona porque, con este viento, no sabemos d\u00f3nde puede ir a parar el incendio. Por favor,\u00a0<strong>l<\/strong>e pedimos a la gente que no se acerque al incendio y no transite por los callejones. Es un incendio reciente, que comenz\u00f3 hace dos horas y estamos trabajando, pero las condiciones clim\u00e1ticas son adversas, sobre todo en un incendio de interfaz, donde hay muchas viviendas\u201d, agreg\u00f3.<\/p>\n<figure><picture class=\"news-image\"><source srcset=\"https:\/\/static.eldiario.es\/clip\/d6ae5fd8-29db-4c94-837c-e6d82949080d_16-9-discover-aspect-ratio_50p_0.webp\" type=\"image\/webp\" media=\"(max-width: 576px)\" \/><source srcset=\"https:\/\/static.eldiario.es\/clip\/d6ae5fd8-29db-4c94-837c-e6d82949080d_16-9-discover-aspect-ratio_50p_0.jpg\" type=\"image\/jpg\" media=\"(max-width: 576px)\" \/><source srcset=\"https:\/\/static.eldiario.es\/clip\/d6ae5fd8-29db-4c94-837c-e6d82949080d_16-9-discover-aspect-ratio_75p_0.webp\" type=\"image\/webp\" media=\"(max-width: 767px)\" \/><source srcset=\"https:\/\/static.eldiario.es\/clip\/d6ae5fd8-29db-4c94-837c-e6d82949080d_16-9-discover-aspect-ratio_75p_0.jpg\" type=\"image\/jpg\" media=\"(max-width: 767px)\" \/><source srcset=\"https:\/\/static.eldiario.es\/clip\/d6ae5fd8-29db-4c94-837c-e6d82949080d_16-9-discover-aspect-ratio_default_0.webp\" type=\"image\/webp\" media=\"(min-width: 768px)\" \/><source srcset=\"https:\/\/static.eldiario.es\/clip\/d6ae5fd8-29db-4c94-837c-e6d82949080d_16-9-discover-aspect-ratio_default_0.jpg\" type=\"image\/jpg\" media=\"(min-width: 768px)\" \/><source srcset=\"https:\/\/static.eldiario.es\/clip\/d6ae5fd8-29db-4c94-837c-e6d82949080d_16-9-discover-aspect-ratio_default_0.webp\" type=\"image\/webp\" \/><img decoding=\"async\" class=\"lazy entered loaded\" src=\"https:\/\/static.eldiario.es\/clip\/d6ae5fd8-29db-4c94-837c-e6d82949080d_16-9-discover-aspect-ratio_default_0.jpg\" alt=\"\" data-src=\"https:\/\/static.eldiario.es\/clip\/d6ae5fd8-29db-4c94-837c-e6d82949080d_16-9-discover-aspect-ratio_default_0.jpg\" data-ll-status=\"loaded\" \/><\/picture><figcaption class=\"image-footer\"><em><span class=\"title\">Los pobladores de la zona esperan lluvias.\u00a0<span class=\"author\">Gentileza La Radio de la Cordillera 105.5FM \/ ADN Sur<\/span><\/span><\/em><\/figcaption><\/figure>\n<p>&nbsp;<\/p>\n<p class=\"article-text\">A las 15 se tom\u00f3 la decisi\u00f3n de evacuar las viviendas y a las 18 la de cortar la ruta para prevenir mayores accidentes.<\/p>\n<div id=\"container-after-news-outlook\"><\/div>\n<figure><picture class=\"news-image\"><source srcset=\"https:\/\/static.eldiario.es\/clip\/329e6065-73db-41a8-bbd5-f8cfaeada926_16-9-discover-aspect-ratio_50p_0.webp\" type=\"image\/webp\" media=\"(max-width: 576px)\" \/><source srcset=\"https:\/\/static.eldiario.es\/clip\/329e6065-73db-41a8-bbd5-f8cfaeada926_16-9-discover-aspect-ratio_50p_0.jpg\" type=\"image\/jpg\" media=\"(max-width: 576px)\" \/><source srcset=\"https:\/\/static.eldiario.es\/clip\/329e6065-73db-41a8-bbd5-f8cfaeada926_16-9-discover-aspect-ratio_75p_0.webp\" type=\"image\/webp\" media=\"(max-width: 767px)\" \/><source srcset=\"https:\/\/static.eldiario.es\/clip\/329e6065-73db-41a8-bbd5-f8cfaeada926_16-9-discover-aspect-ratio_75p_0.jpg\" type=\"image\/jpg\" media=\"(max-width: 767px)\" \/><source srcset=\"https:\/\/static.eldiario.es\/clip\/329e6065-73db-41a8-bbd5-f8cfaeada926_16-9-discover-aspect-ratio_default_0.webp\" type=\"image\/webp\" media=\"(min-width: 768px)\" \/><source srcset=\"https:\/\/static.eldiario.es\/clip\/329e6065-73db-41a8-bbd5-f8cfaeada926_16-9-discover-aspect-ratio_default_0.jpg\" type=\"image\/jpg\" media=\"(min-width: 768px)\" \/><source srcset=\"https:\/\/static.eldiario.es\/clip\/329e6065-73db-41a8-bbd5-f8cfaeada926_16-9-discover-aspect-ratio_default_0.webp\" type=\"image\/webp\" \/><img decoding=\"async\" class=\"lazy entered loaded\" src=\"https:\/\/static.eldiario.es\/clip\/329e6065-73db-41a8-bbd5-f8cfaeada926_16-9-discover-aspect-ratio_default_0.jpg\" alt=\"\" data-src=\"https:\/\/static.eldiario.es\/clip\/329e6065-73db-41a8-bbd5-f8cfaeada926_16-9-discover-aspect-ratio_default_0.jpg\" data-ll-status=\"loaded\" \/><\/picture><figcaption class=\"image-footer\"><span class=\"title\">As\u00ed arras\u00f3 el fuego en Epuy\u00e9n.\u00a0<span class=\"author\">Captura de video<\/span><\/span><\/figcaption><blockquote class=\"twitter-tweet\">\n<p dir=\"ltr\" lang=\"es\">Terrible incendio en Epuyen! Con el viento que hay. Un desastre! <a href=\"https:\/\/t.co\/Ld5AIGphof\">pic.twitter.com\/Ld5AIGphof<\/a><\/p>\n<p>\u2014 Lilia (@cerroyplaya) <a href=\"https:\/\/twitter.com\/cerroyplaya\/status\/1879561067577397477?ref_src=twsrc%5Etfw\">January 15, 2025<\/a><\/p><\/blockquote>\n<p><script async src=\"https:\/\/platform.twitter.com\/widgets.js\" charset=\"utf-8\"><\/script><\/p>\n<div class=\"partner-wrapper article-page__body-row\">\n<div class=\"second-col\">\n<p class=\"article-text\">Para este jueves se espera la presencia del gobernador Ignacio Torres en el lugar, quien dar\u00e1 una conferencia de prensa.<\/p>\n<p class=\"article-text\">Las altas temperaturas y los incendios forestales no dan tregua. El lunes se consumieron m\u00e1s de 3.5000 hect\u00e1reas d<strong>el Parque Nacional Nahuel Huapi<\/strong>, en Bariloche donde los operativos hab\u00edan comenzado tres semanas atr\u00e1s, pero las condiciones clim\u00e1ticas complicaron las tareas en el \u00faltimo tiempo.<\/p>\n<\/div>\n<\/div>\n<\/figure>\n<\/div>\n<\/div>\n<p>&nbsp;<\/p>\n<p>&nbsp;<\/p>\n<p><strong>Fuente El DiariAR<\/strong><\/p>\n","protected":false},"excerpt":{"rendered":"<p>El Servicio Provincial del Manejo del Fuego trabaja en Epuy\u00e9n junto a tres aviones hidrantes. Fueron evacuadas m\u00e1s de 200 viviendas y se cort\u00f3 la Ruta 40.<\/p>\n","protected":false},"author":3,"featured_media":111638,"comment_status":"closed","ping_status":"closed","sticky":false,"template":"","format":"standard","meta":{"footnotes":""},"categories":[26],"tags":[48],"class_list":["post-111637","post","type-post","status-publish","format-standard","has-post-thumbnail","hentry","category-sociedad","tag-destacada"],"yoast_head":"<!-- This site is optimized with the Yoast SEO plugin v25.9 - https:\/\/yoast.com\/wordpress\/plugins\/seo\/ -->\n<title>Se incendian los bosques de Epuy\u00e9n, en Chubut, y hay cientos de evacuados - Noticias Radio Reflejos<\/title>\n<meta name=\"robots\" content=\"index, follow, max-snippet:-1, max-image-preview:large, max-video-preview:-1\" \/>\n<link rel=\"canonical\" href=\"https:\/\/www.noticiasradioreflejos.com.ar\/2021\/mas-fuego-en-la-patagonia-tras-el-pn-nahuel-huapi-se-incendia-un-pueblo-en-chubut\/\" \/>\n<meta property=\"og:locale\" content=\"es_ES\" \/>\n<meta property=\"og:type\" content=\"article\" \/>\n<meta property=\"og:title\" content=\"Se incendian los bosques de Epuy\u00e9n, en Chubut, y hay cientos de evacuados - Noticias Radio Reflejos\" \/>\n<meta property=\"og:description\" content=\"El Servicio Provincial del Manejo del Fuego trabaja en Epuy\u00e9n junto a tres aviones hidrantes. Fueron evacuadas m\u00e1s de 200 viviendas y se cort\u00f3 la Ruta 40.\" \/>\n<meta property=\"og:url\" content=\"https:\/\/www.noticiasradioreflejos.com.ar\/2021\/mas-fuego-en-la-patagonia-tras-el-pn-nahuel-huapi-se-incendia-un-pueblo-en-chubut\/\" \/>\n<meta property=\"og:site_name\" content=\"Noticias Radio Reflejos\" \/>\n<meta property=\"article:published_time\" content=\"2025-01-16T11:32:10+00:00\" \/>\n<meta property=\"article:modified_time\" content=\"2025-01-16T12:52:32+00:00\" \/>\n<meta property=\"og:image\" content=\"https:\/\/www.noticiasradioreflejos.com.ar\/2021\/wp-content\/uploads\/2025\/01\/Epuyen.jpg\" \/>\n\t<meta property=\"og:image:width\" content=\"1200\" \/>\n\t<meta property=\"og:image:height\" content=\"675\" \/>\n\t<meta property=\"og:image:type\" content=\"image\/jpeg\" \/>\n<meta name=\"author\" content=\"Arnaldo Botto\" \/>\n<meta name=\"twitter:card\" content=\"summary_large_image\" \/>\n<script type=\"application\/ld+json\" class=\"yoast-schema-graph\">{\"@context\":\"https:\/\/schema.org\",\"@graph\":[{\"@type\":\"WebPage\",\"@id\":\"https:\/\/www.noticiasradioreflejos.com.ar\/2021\/mas-fuego-en-la-patagonia-tras-el-pn-nahuel-huapi-se-incendia-un-pueblo-en-chubut\/\",\"url\":\"https:\/\/www.noticiasradioreflejos.com.ar\/2021\/mas-fuego-en-la-patagonia-tras-el-pn-nahuel-huapi-se-incendia-un-pueblo-en-chubut\/\",\"name\":\"Se incendian los bosques de Epuy\u00e9n, en Chubut, y hay cientos de evacuados - Noticias Radio Reflejos\",\"isPartOf\":{\"@id\":\"https:\/\/www.noticiasradioreflejos.com.ar\/2021\/#website\"},\"primaryImageOfPage\":{\"@id\":\"https:\/\/www.noticiasradioreflejos.com.ar\/2021\/mas-fuego-en-la-patagonia-tras-el-pn-nahuel-huapi-se-incendia-un-pueblo-en-chubut\/#primaryimage\"},\"image\":{\"@id\":\"https:\/\/www.noticiasradioreflejos.com.ar\/2021\/mas-fuego-en-la-patagonia-tras-el-pn-nahuel-huapi-se-incendia-un-pueblo-en-chubut\/#primaryimage\"},\"thumbnailUrl\":\"https:\/\/www.noticiasradioreflejos.com.ar\/2021\/wp-content\/uploads\/2025\/01\/Epuyen.jpg\",\"datePublished\":\"2025-01-16T11:32:10+00:00\",\"dateModified\":\"2025-01-16T12:52:32+00:00\",\"author\":{\"@id\":\"https:\/\/www.noticiasradioreflejos.com.ar\/2021\/#\/schema\/person\/ad82545263dcc5ec0996818884fd5fb1\"},\"breadcrumb\":{\"@id\":\"https:\/\/www.noticiasradioreflejos.com.ar\/2021\/mas-fuego-en-la-patagonia-tras-el-pn-nahuel-huapi-se-incendia-un-pueblo-en-chubut\/#breadcrumb\"},\"inLanguage\":\"es\",\"potentialAction\":[{\"@type\":\"ReadAction\",\"target\":[\"https:\/\/www.noticiasradioreflejos.com.ar\/2021\/mas-fuego-en-la-patagonia-tras-el-pn-nahuel-huapi-se-incendia-un-pueblo-en-chubut\/\"]}]},{\"@type\":\"ImageObject\",\"inLanguage\":\"es\",\"@id\":\"https:\/\/www.noticiasradioreflejos.com.ar\/2021\/mas-fuego-en-la-patagonia-tras-el-pn-nahuel-huapi-se-incendia-un-pueblo-en-chubut\/#primaryimage\",\"url\":\"https:\/\/www.noticiasradioreflejos.com.ar\/2021\/wp-content\/uploads\/2025\/01\/Epuyen.jpg\",\"contentUrl\":\"https:\/\/www.noticiasradioreflejos.com.ar\/2021\/wp-content\/uploads\/2025\/01\/Epuyen.jpg\",\"width\":1200,\"height\":675},{\"@type\":\"BreadcrumbList\",\"@id\":\"https:\/\/www.noticiasradioreflejos.com.ar\/2021\/mas-fuego-en-la-patagonia-tras-el-pn-nahuel-huapi-se-incendia-un-pueblo-en-chubut\/#breadcrumb\",\"itemListElement\":[{\"@type\":\"ListItem\",\"position\":1,\"name\":\"Portada\",\"item\":\"https:\/\/www.noticiasradioreflejos.com.ar\/2021\/\"},{\"@type\":\"ListItem\",\"position\":2,\"name\":\"Se incendian los bosques de Epuy\u00e9n, en Chubut, y hay cientos de evacuados\"}]},{\"@type\":\"WebSite\",\"@id\":\"https:\/\/www.noticiasradioreflejos.com.ar\/2021\/#website\",\"url\":\"https:\/\/www.noticiasradioreflejos.com.ar\/2021\/\",\"name\":\"Noticias Radio Reflejos\",\"description\":\"Las noticias de mi comarca\",\"potentialAction\":[{\"@type\":\"SearchAction\",\"target\":{\"@type\":\"EntryPoint\",\"urlTemplate\":\"https:\/\/www.noticiasradioreflejos.com.ar\/2021\/?s={search_term_string}\"},\"query-input\":{\"@type\":\"PropertyValueSpecification\",\"valueRequired\":true,\"valueName\":\"search_term_string\"}}],\"inLanguage\":\"es\"},{\"@type\":\"Person\",\"@id\":\"https:\/\/www.noticiasradioreflejos.com.ar\/2021\/#\/schema\/person\/ad82545263dcc5ec0996818884fd5fb1\",\"name\":\"Arnaldo Botto\",\"image\":{\"@type\":\"ImageObject\",\"inLanguage\":\"es\",\"@id\":\"https:\/\/www.noticiasradioreflejos.com.ar\/2021\/#\/schema\/person\/image\/\",\"url\":\"https:\/\/secure.gravatar.com\/avatar\/55cb5e37c1efa326397366e6974cb338056df65cb50e7d64d1cf314e87504837?s=96&d=mm&r=g\",\"contentUrl\":\"https:\/\/secure.gravatar.com\/avatar\/55cb5e37c1efa326397366e6974cb338056df65cb50e7d64d1cf314e87504837?s=96&d=mm&r=g\",\"caption\":\"Arnaldo Botto\"},\"url\":\"https:\/\/www.noticiasradioreflejos.com.ar\/2021\/author\/arnaldo\/\"}]}<\/script>\n<!-- \/ Yoast SEO plugin. -->","yoast_head_json":{"title":"Se incendian los bosques de Epuy\u00e9n, en Chubut, y hay cientos de evacuados - Noticias Radio Reflejos","robots":{"index":"index","follow":"follow","max-snippet":"max-snippet:-1","max-image-preview":"max-image-preview:large","max-video-preview":"max-video-preview:-1"},"canonical":"https:\/\/www.noticiasradioreflejos.com.ar\/2021\/mas-fuego-en-la-patagonia-tras-el-pn-nahuel-huapi-se-incendia-un-pueblo-en-chubut\/","og_locale":"es_ES","og_type":"article","og_title":"Se incendian los bosques de Epuy\u00e9n, en Chubut, y hay cientos de evacuados - Noticias Radio Reflejos","og_description":"El Servicio Provincial del Manejo del Fuego trabaja en Epuy\u00e9n junto a tres aviones hidrantes. Fueron evacuadas m\u00e1s de 200 viviendas y se cort\u00f3 la Ruta 40.","og_url":"https:\/\/www.noticiasradioreflejos.com.ar\/2021\/mas-fuego-en-la-patagonia-tras-el-pn-nahuel-huapi-se-incendia-un-pueblo-en-chubut\/","og_site_name":"Noticias Radio Reflejos","article_published_time":"2025-01-16T11:32:10+00:00","article_modified_time":"2025-01-16T12:52:32+00:00","og_image":[{"width":1200,"height":675,"url":"https:\/\/www.noticiasradioreflejos.com.ar\/2021\/wp-content\/uploads\/2025\/01\/Epuyen.jpg","type":"image\/jpeg"}],"author":"Arnaldo Botto","twitter_card":"summary_large_image","schema":{"@context":"https:\/\/schema.org","@graph":[{"@type":"WebPage","@id":"https:\/\/www.noticiasradioreflejos.com.ar\/2021\/mas-fuego-en-la-patagonia-tras-el-pn-nahuel-huapi-se-incendia-un-pueblo-en-chubut\/","url":"https:\/\/www.noticiasradioreflejos.com.ar\/2021\/mas-fuego-en-la-patagonia-tras-el-pn-nahuel-huapi-se-incendia-un-pueblo-en-chubut\/","name":"Se incendian los bosques de Epuy\u00e9n, en Chubut, y hay cientos de evacuados - Noticias Radio Reflejos","isPartOf":{"@id":"https:\/\/www.noticiasradioreflejos.com.ar\/2021\/#website"},"primaryImageOfPage":{"@id":"https:\/\/www.noticiasradioreflejos.com.ar\/2021\/mas-fuego-en-la-patagonia-tras-el-pn-nahuel-huapi-se-incendia-un-pueblo-en-chubut\/#primaryimage"},"image":{"@id":"https:\/\/www.noticiasradioreflejos.com.ar\/2021\/mas-fuego-en-la-patagonia-tras-el-pn-nahuel-huapi-se-incendia-un-pueblo-en-chubut\/#primaryimage"},"thumbnailUrl":"https:\/\/www.noticiasradioreflejos.com.ar\/2021\/wp-content\/uploads\/2025\/01\/Epuyen.jpg","datePublished":"2025-01-16T11:32:10+00:00","dateModified":"2025-01-16T12:52:32+00:00","author":{"@id":"https:\/\/www.noticiasradioreflejos.com.ar\/2021\/#\/schema\/person\/ad82545263dcc5ec0996818884fd5fb1"},"breadcrumb":{"@id":"https:\/\/www.noticiasradioreflejos.com.ar\/2021\/mas-fuego-en-la-patagonia-tras-el-pn-nahuel-huapi-se-incendia-un-pueblo-en-chubut\/#breadcrumb"},"inLanguage":"es","potentialAction":[{"@type":"ReadAction","target":["https:\/\/www.noticiasradioreflejos.com.ar\/2021\/mas-fuego-en-la-patagonia-tras-el-pn-nahuel-huapi-se-incendia-un-pueblo-en-chubut\/"]}]},{"@type":"ImageObject","inLanguage":"es","@id":"https:\/\/www.noticiasradioreflejos.com.ar\/2021\/mas-fuego-en-la-patagonia-tras-el-pn-nahuel-huapi-se-incendia-un-pueblo-en-chubut\/#primaryimage","url":"https:\/\/www.noticiasradioreflejos.com.ar\/2021\/wp-content\/uploads\/2025\/01\/Epuyen.jpg","contentUrl":"https:\/\/www.noticiasradioreflejos.com.ar\/2021\/wp-content\/uploads\/2025\/01\/Epuyen.jpg","width":1200,"height":675},{"@type":"BreadcrumbList","@id":"https:\/\/www.noticiasradioreflejos.com.ar\/2021\/mas-fuego-en-la-patagonia-tras-el-pn-nahuel-huapi-se-incendia-un-pueblo-en-chubut\/#breadcrumb","itemListElement":[{"@type":"ListItem","position":1,"name":"Portada","item":"https:\/\/www.noticiasradioreflejos.com.ar\/2021\/"},{"@type":"ListItem","position":2,"name":"Se incendian los bosques de Epuy\u00e9n, en Chubut, y hay cientos de evacuados"}]},{"@type":"WebSite","@id":"https:\/\/www.noticiasradioreflejos.com.ar\/2021\/#website","url":"https:\/\/www.noticiasradioreflejos.com.ar\/2021\/","name":"Noticias Radio Reflejos","description":"Las noticias de mi comarca","potentialAction":[{"@type":"SearchAction","target":{"@type":"EntryPoint","urlTemplate":"https:\/\/www.noticiasradioreflejos.com.ar\/2021\/?s={search_term_string}"},"query-input":{"@type":"PropertyValueSpecification","valueRequired":true,"valueName":"search_term_string"}}],"inLanguage":"es"},{"@type":"Person","@id":"https:\/\/www.noticiasradioreflejos.com.ar\/2021\/#\/schema\/person\/ad82545263dcc5ec0996818884fd5fb1","name":"Arnaldo Botto","image":{"@type":"ImageObject","inLanguage":"es","@id":"https:\/\/www.noticiasradioreflejos.com.ar\/2021\/#\/schema\/person\/image\/","url":"https:\/\/secure.gravatar.com\/avatar\/55cb5e37c1efa326397366e6974cb338056df65cb50e7d64d1cf314e87504837?s=96&d=mm&r=g","contentUrl":"https:\/\/secure.gravatar.com\/avatar\/55cb5e37c1efa326397366e6974cb338056df65cb50e7d64d1cf314e87504837?s=96&d=mm&r=g","caption":"Arnaldo Botto"},"url":"https:\/\/www.noticiasradioreflejos.com.ar\/2021\/author\/arnaldo\/"}]}},"_links":{"self":[{"href":"https:\/\/www.noticiasradioreflejos.com.ar\/2021\/wp-json\/wp\/v2\/posts\/111637","targetHints":{"allow":["GET"]}}],"collection":[{"href":"https:\/\/www.noticiasradioreflejos.com.ar\/2021\/wp-json\/wp\/v2\/posts"}],"about":[{"href":"https:\/\/www.noticiasradioreflejos.com.ar\/2021\/wp-json\/wp\/v2\/types\/post"}],"author":[{"embeddable":true,"href":"https:\/\/www.noticiasradioreflejos.com.ar\/2021\/wp-json\/wp\/v2\/users\/3"}],"replies":[{"embeddable":true,"href":"https:\/\/www.noticiasradioreflejos.com.ar\/2021\/wp-json\/wp\/v2\/comments?post=111637"}],"version-history":[{"count":3,"href":"https:\/\/www.noticiasradioreflejos.com.ar\/2021\/wp-json\/wp\/v2\/posts\/111637\/revisions"}],"predecessor-version":[{"id":111643,"href":"https:\/\/www.noticiasradioreflejos.com.ar\/2021\/wp-json\/wp\/v2\/posts\/111637\/revisions\/111643"}],"wp:featuredmedia":[{"embeddable":true,"href":"https:\/\/www.noticiasradioreflejos.com.ar\/2021\/wp-json\/wp\/v2\/media\/111638"}],"wp:attachment":[{"href":"https:\/\/www.noticiasradioreflejos.com.ar\/2021\/wp-json\/wp\/v2\/media?parent=111637"}],"wp:term":[{"taxonomy":"category","embeddable":true,"href":"https:\/\/www.noticiasradioreflejos.com.ar\/2021\/wp-json\/wp\/v2\/categories?post=111637"},{"taxonomy":"post_tag","embeddable":true,"href":"https:\/\/www.noticiasradioreflejos.com.ar\/2021\/wp-json\/wp\/v2\/tags?post=111637"}],"curies":[{"name":"wp","href":"https:\/\/api.w.org\/{rel}","templated":true}]}}