{"id":111635,"date":"2025-01-16T08:26:14","date_gmt":"2025-01-16T11:26:14","guid":{"rendered":"https:\/\/www.noticiasradioreflejos.com.ar\/2021\/?p=111635"},"modified":"2025-01-16T09:54:02","modified_gmt":"2025-01-16T12:54:02","slug":"jueves-nublado-e-inestable-en-la-comarca-serrana-buenos-aires-y-otras-16-provincias-afectadas-por-las-altas-temperaturas","status":"publish","type":"post","link":"https:\/\/www.noticiasradioreflejos.com.ar\/2021\/jueves-nublado-e-inestable-en-la-comarca-serrana-buenos-aires-y-otras-16-provincias-afectadas-por-las-altas-temperaturas\/","title":{"rendered":"Jueves nublado e inestable en la comarca serrana; Buenos Aires y otras 16 provincias afectadas por las altas temperaturas"},"content":{"rendered":"<p>Tras la agobiante jornada de ayer en Sierra de la Ventana, este jueves arranc\u00f3 con alivio y hubo lluvias en zonas cercanas. Se siente con fuerza la primera ola de calor del a\u00f1o, y el Servicio Meteorol\u00f3gico Nacional manten\u00eda para este jueves sus advertencias en varias zonas del pa\u00eds.<!--more--><\/p>\n<p>Las marcas del mi\u00e9rcoles estuvieron cercanas a los 39\u00b0 en toda la zona serrana; hoy amaneci\u00f3 el cielo cubierto y<br \/>\npasadas las 5 AM un sereno chaparr\u00f3n dej\u00f3 8 mm de precipitaci\u00f3n en Sierra de la Ventana, y se dieron similares registros en todo el distrito.<\/p>\n<p><strong>Registros de lluvias de la zona<\/strong><\/p>\n<p>8 mm en Sierra de la Ventana<br \/>\n8 mm en Sierras Grandes<br \/>\n10 mm en Villa Ventana<br \/>\n9 mm en Tornquist<br \/>\n12 mm en Chasico<br \/>\n16 mm en Tres Picos<\/p>\n<h4>Se mantiene el alerta por la ola de calor<\/h4>\n<p>Sigue el calor agobiante en algunas zonas durante el inicio del 2025, y por eso el Servicio Meteorol\u00f3gico Nacional (SMN) manten\u00eda para este jueves nuevos alertas por altas temperaturas para diferentes distritos.<\/p>\n<p><a title=\"16 de enero\" href=\"https:\/\/www.flickr.com\/photos\/182279889@N02\/54269694274\/in\/dateposted-public\/\" data-flickr-embed=\"true\"><img loading=\"lazy\" decoding=\"async\" class=\"aligncenter\" src=\"https:\/\/live.staticflickr.com\/65535\/54269694274_3a6afeec9e_z.jpg\" alt=\"16 de enero\" width=\"636\" height=\"384\" \/><\/a><br \/>\nDe esta manera, se mantiene el alerta amarillo que reg\u00eda para algunas partes de las provincias de Buenos Aires, Entre R\u00edos, Corrientes, Misiones, Formosa, Chaco, Salta, Tucum\u00e1n, Santa Fe, Santiago del Estero, C\u00f3rdoba, La Rioja, Catamarca, San Juan, San Luis, La Pampa y Mendoza.<\/p>\n<p>En zonas de Buenos Aires, C\u00f3rdoba, San Luis, Mendoza y San Juan, el aviso sub\u00eda a alerta naranja y hasta rojo.<\/p>\n<p>Sigue el alerta por calor extremo: Buenos Aires y otras 16 provincias afectadas por las altas temperaturas<br \/>\nQu\u00e9 implica cada nivel de alerta por temperaturas extremas<\/p>\n<p>&nbsp;<\/p>\n<h4>Alerta amarilla:<\/h4>\n<p>El alerta de nivel amarillo establece un efecto leve a moderado en la salud, de acuerdo al sistema del SMN.<\/p>\n<p>Implica, en este caso, que las temperaturas pueden ser peligrosas, sobre todo para los grupos de riesgo, como ni\u00f1os y ni\u00f1as, personas mayores de 65 a\u00f1os, con enfermedades cr\u00f3nicas.<\/p>\n<p>&nbsp;<\/p>\n<h4>Alerta naranja:<\/h4>\n<p>Este aviso implica un efecto moderado a alto en la salud, por lo que las temperaturas pueden ser muy peligrosas, especialmente para los grupos de riesgo.<\/p>\n<p>&nbsp;<\/p>\n<h4>Alerta roja:<\/h4>\n<p>La advertencia de nivel rojo significa que el calor puede tener un efecto alto a extremo en la salud. En este caso, las temperaturas son muy peligrosas, y pueden afectar a todas las personas, incluso a las saludables.<\/p>\n<p>&nbsp;<\/p>\n<p>&nbsp;<\/p>\n<p><strong>Recomendaciones del SMN ante temperaturas extremas<\/strong><br \/>\nLas recomendaciones para este tipo de eventos son indicadas por el Ministerio de Salud.<\/p>\n<ul>\n<li style=\"list-style-type: none;\">\n<ul>\n<li>Aumentar el consumo de agua sin esperar a tener sed para mantener una hidrataci\u00f3n adecuada.<\/li>\n<li>No exponerse al sol en exceso, ni en horas centrales del d\u00eda (entre las 10 y las 16 horas).<\/li>\n<li>Prestar atenci\u00f3n a los beb\u00e9s, ni\u00f1os y ni\u00f1as y a las personas mayores.<\/li>\n<li>Evitar las bebidas con cafe\u00edna, con alcohol o muy azucaradas.<\/li>\n<li>Evitar comidas muy abundantes.<\/li>\n<li>Ingerir verduras y frutas.<\/li>\n<li>Reducir la actividad f\u00edsica.<\/li>\n<li>Usar ropa ligera, holgada y de colores claros; sombrero, anteojos oscuros.<\/li>\n<li>Permanecer en espacios ventilados o acondicionados.<\/li>\n<\/ul>\n<\/li>\n<\/ul>\n<p>Recordar que no existe un tratamiento farmacol\u00f3gico contra el golpe de calor y s\u00f3lo los m\u00e9todos cl\u00e1sicos, citados arriba, pueden prevenirlo y contrarrestarlo.<\/p>\n<p><strong>Qu\u00e9 es un evento de temperaturas extremas<\/strong><\/p>\n<p>Un evento de temperaturas extremas es un per\u00edodo en el que se espera que se registren valores de temperatura m\u00e1xima y m\u00ednima que pueden poner en peligro la salud de las personas. Luego de realizar una serie de estudios interdisciplinarios en Argentina, se encontr\u00f3 que hab\u00eda ciertos valores umbrales de temperaturas a partir de los cuales aumentaba la morbilidad y la mortalidad de las personas.<\/p>\n","protected":false},"excerpt":{"rendered":"<p>Tras la agobiante jornada de ayer en Sierra de la Ventana, este jueves arranc\u00f3 con alivio y hubo lluvias en zonas cercanas. Se siente con fuerza la primera ola de calor del a\u00f1o, y el Servicio Meteorol\u00f3gico Nacional manten\u00eda para este jueves sus advertencias en varias zonas del pa\u00eds.<\/p>\n","protected":false},"author":3,"featured_media":67263,"comment_status":"closed","ping_status":"closed","sticky":false,"template":"","format":"standard","meta":{"footnotes":""},"categories":[46],"tags":[48],"class_list":["post-111635","post","type-post","status-publish","format-standard","has-post-thumbnail","hentry","category-ciencia-y-tecnologia","tag-destacada"],"yoast_head":"<!-- This site is optimized with the Yoast SEO plugin v25.9 - https:\/\/yoast.com\/wordpress\/plugins\/seo\/ -->\n<title>Jueves nublado e inestable en la comarca serrana; Buenos Aires y otras 16 provincias afectadas por las altas temperaturas - Noticias Radio Reflejos<\/title>\n<meta name=\"robots\" content=\"index, follow, max-snippet:-1, max-image-preview:large, max-video-preview:-1\" \/>\n<link rel=\"canonical\" href=\"https:\/\/www.noticiasradioreflejos.com.ar\/2021\/jueves-nublado-e-inestable-en-la-comarca-serrana-buenos-aires-y-otras-16-provincias-afectadas-por-las-altas-temperaturas\/\" \/>\n<meta property=\"og:locale\" content=\"es_ES\" \/>\n<meta property=\"og:type\" content=\"article\" \/>\n<meta property=\"og:title\" content=\"Jueves nublado e inestable en la comarca serrana; Buenos Aires y otras 16 provincias afectadas por las altas temperaturas - Noticias Radio Reflejos\" \/>\n<meta property=\"og:description\" content=\"Tras la agobiante jornada de ayer en Sierra de la Ventana, este jueves arranc\u00f3 con alivio y hubo lluvias en zonas cercanas. Se siente con fuerza la primera ola de calor del a\u00f1o, y el Servicio Meteorol\u00f3gico Nacional manten\u00eda para este jueves sus advertencias en varias zonas del pa\u00eds.\" \/>\n<meta property=\"og:url\" content=\"https:\/\/www.noticiasradioreflejos.com.ar\/2021\/jueves-nublado-e-inestable-en-la-comarca-serrana-buenos-aires-y-otras-16-provincias-afectadas-por-las-altas-temperaturas\/\" \/>\n<meta property=\"og:site_name\" content=\"Noticias Radio Reflejos\" \/>\n<meta property=\"article:published_time\" content=\"2025-01-16T11:26:14+00:00\" \/>\n<meta property=\"article:modified_time\" content=\"2025-01-16T12:54:02+00:00\" \/>\n<meta property=\"og:image\" content=\"https:\/\/www.noticiasradioreflejos.com.ar\/2021\/wp-content\/uploads\/2022\/01\/Av-Roca-con-lluvias.jpg\" \/>\n\t<meta property=\"og:image:width\" content=\"2048\" \/>\n\t<meta property=\"og:image:height\" content=\"1365\" \/>\n\t<meta property=\"og:image:type\" content=\"image\/jpeg\" \/>\n<meta name=\"author\" content=\"Arnaldo Botto\" \/>\n<meta name=\"twitter:card\" content=\"summary_large_image\" \/>\n<script type=\"application\/ld+json\" class=\"yoast-schema-graph\">{\"@context\":\"https:\/\/schema.org\",\"@graph\":[{\"@type\":\"WebPage\",\"@id\":\"https:\/\/www.noticiasradioreflejos.com.ar\/2021\/jueves-nublado-e-inestable-en-la-comarca-serrana-buenos-aires-y-otras-16-provincias-afectadas-por-las-altas-temperaturas\/\",\"url\":\"https:\/\/www.noticiasradioreflejos.com.ar\/2021\/jueves-nublado-e-inestable-en-la-comarca-serrana-buenos-aires-y-otras-16-provincias-afectadas-por-las-altas-temperaturas\/\",\"name\":\"Jueves nublado e inestable en la comarca serrana; Buenos Aires y otras 16 provincias afectadas por las altas temperaturas - Noticias Radio Reflejos\",\"isPartOf\":{\"@id\":\"https:\/\/www.noticiasradioreflejos.com.ar\/2021\/#website\"},\"primaryImageOfPage\":{\"@id\":\"https:\/\/www.noticiasradioreflejos.com.ar\/2021\/jueves-nublado-e-inestable-en-la-comarca-serrana-buenos-aires-y-otras-16-provincias-afectadas-por-las-altas-temperaturas\/#primaryimage\"},\"image\":{\"@id\":\"https:\/\/www.noticiasradioreflejos.com.ar\/2021\/jueves-nublado-e-inestable-en-la-comarca-serrana-buenos-aires-y-otras-16-provincias-afectadas-por-las-altas-temperaturas\/#primaryimage\"},\"thumbnailUrl\":\"https:\/\/www.noticiasradioreflejos.com.ar\/2021\/wp-content\/uploads\/2022\/01\/Av-Roca-con-lluvias.jpg\",\"datePublished\":\"2025-01-16T11:26:14+00:00\",\"dateModified\":\"2025-01-16T12:54:02+00:00\",\"author\":{\"@id\":\"https:\/\/www.noticiasradioreflejos.com.ar\/2021\/#\/schema\/person\/ad82545263dcc5ec0996818884fd5fb1\"},\"breadcrumb\":{\"@id\":\"https:\/\/www.noticiasradioreflejos.com.ar\/2021\/jueves-nublado-e-inestable-en-la-comarca-serrana-buenos-aires-y-otras-16-provincias-afectadas-por-las-altas-temperaturas\/#breadcrumb\"},\"inLanguage\":\"es\",\"potentialAction\":[{\"@type\":\"ReadAction\",\"target\":[\"https:\/\/www.noticiasradioreflejos.com.ar\/2021\/jueves-nublado-e-inestable-en-la-comarca-serrana-buenos-aires-y-otras-16-provincias-afectadas-por-las-altas-temperaturas\/\"]}]},{\"@type\":\"ImageObject\",\"inLanguage\":\"es\",\"@id\":\"https:\/\/www.noticiasradioreflejos.com.ar\/2021\/jueves-nublado-e-inestable-en-la-comarca-serrana-buenos-aires-y-otras-16-provincias-afectadas-por-las-altas-temperaturas\/#primaryimage\",\"url\":\"https:\/\/www.noticiasradioreflejos.com.ar\/2021\/wp-content\/uploads\/2022\/01\/Av-Roca-con-lluvias.jpg\",\"contentUrl\":\"https:\/\/www.noticiasradioreflejos.com.ar\/2021\/wp-content\/uploads\/2022\/01\/Av-Roca-con-lluvias.jpg\",\"width\":2048,\"height\":1365},{\"@type\":\"BreadcrumbList\",\"@id\":\"https:\/\/www.noticiasradioreflejos.com.ar\/2021\/jueves-nublado-e-inestable-en-la-comarca-serrana-buenos-aires-y-otras-16-provincias-afectadas-por-las-altas-temperaturas\/#breadcrumb\",\"itemListElement\":[{\"@type\":\"ListItem\",\"position\":1,\"name\":\"Portada\",\"item\":\"https:\/\/www.noticiasradioreflejos.com.ar\/2021\/\"},{\"@type\":\"ListItem\",\"position\":2,\"name\":\"Jueves nublado e inestable en la comarca serrana; Buenos Aires y otras 16 provincias afectadas por las altas temperaturas\"}]},{\"@type\":\"WebSite\",\"@id\":\"https:\/\/www.noticiasradioreflejos.com.ar\/2021\/#website\",\"url\":\"https:\/\/www.noticiasradioreflejos.com.ar\/2021\/\",\"name\":\"Noticias Radio Reflejos\",\"description\":\"Las noticias de mi comarca\",\"potentialAction\":[{\"@type\":\"SearchAction\",\"target\":{\"@type\":\"EntryPoint\",\"urlTemplate\":\"https:\/\/www.noticiasradioreflejos.com.ar\/2021\/?s={search_term_string}\"},\"query-input\":{\"@type\":\"PropertyValueSpecification\",\"valueRequired\":true,\"valueName\":\"search_term_string\"}}],\"inLanguage\":\"es\"},{\"@type\":\"Person\",\"@id\":\"https:\/\/www.noticiasradioreflejos.com.ar\/2021\/#\/schema\/person\/ad82545263dcc5ec0996818884fd5fb1\",\"name\":\"Arnaldo Botto\",\"image\":{\"@type\":\"ImageObject\",\"inLanguage\":\"es\",\"@id\":\"https:\/\/www.noticiasradioreflejos.com.ar\/2021\/#\/schema\/person\/image\/\",\"url\":\"https:\/\/secure.gravatar.com\/avatar\/55cb5e37c1efa326397366e6974cb338056df65cb50e7d64d1cf314e87504837?s=96&d=mm&r=g\",\"contentUrl\":\"https:\/\/secure.gravatar.com\/avatar\/55cb5e37c1efa326397366e6974cb338056df65cb50e7d64d1cf314e87504837?s=96&d=mm&r=g\",\"caption\":\"Arnaldo Botto\"},\"url\":\"https:\/\/www.noticiasradioreflejos.com.ar\/2021\/author\/arnaldo\/\"}]}<\/script>\n<!-- \/ Yoast SEO plugin. -->","yoast_head_json":{"title":"Jueves nublado e inestable en la comarca serrana; Buenos Aires y otras 16 provincias afectadas por las altas temperaturas - Noticias Radio Reflejos","robots":{"index":"index","follow":"follow","max-snippet":"max-snippet:-1","max-image-preview":"max-image-preview:large","max-video-preview":"max-video-preview:-1"},"canonical":"https:\/\/www.noticiasradioreflejos.com.ar\/2021\/jueves-nublado-e-inestable-en-la-comarca-serrana-buenos-aires-y-otras-16-provincias-afectadas-por-las-altas-temperaturas\/","og_locale":"es_ES","og_type":"article","og_title":"Jueves nublado e inestable en la comarca serrana; Buenos Aires y otras 16 provincias afectadas por las altas temperaturas - Noticias Radio Reflejos","og_description":"Tras la agobiante jornada de ayer en Sierra de la Ventana, este jueves arranc\u00f3 con alivio y hubo lluvias en zonas cercanas. Se siente con fuerza la primera ola de calor del a\u00f1o, y el Servicio Meteorol\u00f3gico Nacional manten\u00eda para este jueves sus advertencias en varias zonas del pa\u00eds.","og_url":"https:\/\/www.noticiasradioreflejos.com.ar\/2021\/jueves-nublado-e-inestable-en-la-comarca-serrana-buenos-aires-y-otras-16-provincias-afectadas-por-las-altas-temperaturas\/","og_site_name":"Noticias Radio Reflejos","article_published_time":"2025-01-16T11:26:14+00:00","article_modified_time":"2025-01-16T12:54:02+00:00","og_image":[{"width":2048,"height":1365,"url":"https:\/\/www.noticiasradioreflejos.com.ar\/2021\/wp-content\/uploads\/2022\/01\/Av-Roca-con-lluvias.jpg","type":"image\/jpeg"}],"author":"Arnaldo Botto","twitter_card":"summary_large_image","schema":{"@context":"https:\/\/schema.org","@graph":[{"@type":"WebPage","@id":"https:\/\/www.noticiasradioreflejos.com.ar\/2021\/jueves-nublado-e-inestable-en-la-comarca-serrana-buenos-aires-y-otras-16-provincias-afectadas-por-las-altas-temperaturas\/","url":"https:\/\/www.noticiasradioreflejos.com.ar\/2021\/jueves-nublado-e-inestable-en-la-comarca-serrana-buenos-aires-y-otras-16-provincias-afectadas-por-las-altas-temperaturas\/","name":"Jueves nublado e inestable en la comarca serrana; Buenos Aires y otras 16 provincias afectadas por las altas temperaturas - Noticias Radio Reflejos","isPartOf":{"@id":"https:\/\/www.noticiasradioreflejos.com.ar\/2021\/#website"},"primaryImageOfPage":{"@id":"https:\/\/www.noticiasradioreflejos.com.ar\/2021\/jueves-nublado-e-inestable-en-la-comarca-serrana-buenos-aires-y-otras-16-provincias-afectadas-por-las-altas-temperaturas\/#primaryimage"},"image":{"@id":"https:\/\/www.noticiasradioreflejos.com.ar\/2021\/jueves-nublado-e-inestable-en-la-comarca-serrana-buenos-aires-y-otras-16-provincias-afectadas-por-las-altas-temperaturas\/#primaryimage"},"thumbnailUrl":"https:\/\/www.noticiasradioreflejos.com.ar\/2021\/wp-content\/uploads\/2022\/01\/Av-Roca-con-lluvias.jpg","datePublished":"2025-01-16T11:26:14+00:00","dateModified":"2025-01-16T12:54:02+00:00","author":{"@id":"https:\/\/www.noticiasradioreflejos.com.ar\/2021\/#\/schema\/person\/ad82545263dcc5ec0996818884fd5fb1"},"breadcrumb":{"@id":"https:\/\/www.noticiasradioreflejos.com.ar\/2021\/jueves-nublado-e-inestable-en-la-comarca-serrana-buenos-aires-y-otras-16-provincias-afectadas-por-las-altas-temperaturas\/#breadcrumb"},"inLanguage":"es","potentialAction":[{"@type":"ReadAction","target":["https:\/\/www.noticiasradioreflejos.com.ar\/2021\/jueves-nublado-e-inestable-en-la-comarca-serrana-buenos-aires-y-otras-16-provincias-afectadas-por-las-altas-temperaturas\/"]}]},{"@type":"ImageObject","inLanguage":"es","@id":"https:\/\/www.noticiasradioreflejos.com.ar\/2021\/jueves-nublado-e-inestable-en-la-comarca-serrana-buenos-aires-y-otras-16-provincias-afectadas-por-las-altas-temperaturas\/#primaryimage","url":"https:\/\/www.noticiasradioreflejos.com.ar\/2021\/wp-content\/uploads\/2022\/01\/Av-Roca-con-lluvias.jpg","contentUrl":"https:\/\/www.noticiasradioreflejos.com.ar\/2021\/wp-content\/uploads\/2022\/01\/Av-Roca-con-lluvias.jpg","width":2048,"height":1365},{"@type":"BreadcrumbList","@id":"https:\/\/www.noticiasradioreflejos.com.ar\/2021\/jueves-nublado-e-inestable-en-la-comarca-serrana-buenos-aires-y-otras-16-provincias-afectadas-por-las-altas-temperaturas\/#breadcrumb","itemListElement":[{"@type":"ListItem","position":1,"name":"Portada","item":"https:\/\/www.noticiasradioreflejos.com.ar\/2021\/"},{"@type":"ListItem","position":2,"name":"Jueves nublado e inestable en la comarca serrana; Buenos Aires y otras 16 provincias afectadas por las altas temperaturas"}]},{"@type":"WebSite","@id":"https:\/\/www.noticiasradioreflejos.com.ar\/2021\/#website","url":"https:\/\/www.noticiasradioreflejos.com.ar\/2021\/","name":"Noticias Radio Reflejos","description":"Las noticias de mi comarca","potentialAction":[{"@type":"SearchAction","target":{"@type":"EntryPoint","urlTemplate":"https:\/\/www.noticiasradioreflejos.com.ar\/2021\/?s={search_term_string}"},"query-input":{"@type":"PropertyValueSpecification","valueRequired":true,"valueName":"search_term_string"}}],"inLanguage":"es"},{"@type":"Person","@id":"https:\/\/www.noticiasradioreflejos.com.ar\/2021\/#\/schema\/person\/ad82545263dcc5ec0996818884fd5fb1","name":"Arnaldo Botto","image":{"@type":"ImageObject","inLanguage":"es","@id":"https:\/\/www.noticiasradioreflejos.com.ar\/2021\/#\/schema\/person\/image\/","url":"https:\/\/secure.gravatar.com\/avatar\/55cb5e37c1efa326397366e6974cb338056df65cb50e7d64d1cf314e87504837?s=96&d=mm&r=g","contentUrl":"https:\/\/secure.gravatar.com\/avatar\/55cb5e37c1efa326397366e6974cb338056df65cb50e7d64d1cf314e87504837?s=96&d=mm&r=g","caption":"Arnaldo Botto"},"url":"https:\/\/www.noticiasradioreflejos.com.ar\/2021\/author\/arnaldo\/"}]}},"_links":{"self":[{"href":"https:\/\/www.noticiasradioreflejos.com.ar\/2021\/wp-json\/wp\/v2\/posts\/111635","targetHints":{"allow":["GET"]}}],"collection":[{"href":"https:\/\/www.noticiasradioreflejos.com.ar\/2021\/wp-json\/wp\/v2\/posts"}],"about":[{"href":"https:\/\/www.noticiasradioreflejos.com.ar\/2021\/wp-json\/wp\/v2\/types\/post"}],"author":[{"embeddable":true,"href":"https:\/\/www.noticiasradioreflejos.com.ar\/2021\/wp-json\/wp\/v2\/users\/3"}],"replies":[{"embeddable":true,"href":"https:\/\/www.noticiasradioreflejos.com.ar\/2021\/wp-json\/wp\/v2\/comments?post=111635"}],"version-history":[{"count":4,"href":"https:\/\/www.noticiasradioreflejos.com.ar\/2021\/wp-json\/wp\/v2\/posts\/111635\/revisions"}],"predecessor-version":[{"id":111644,"href":"https:\/\/www.noticiasradioreflejos.com.ar\/2021\/wp-json\/wp\/v2\/posts\/111635\/revisions\/111644"}],"wp:featuredmedia":[{"embeddable":true,"href":"https:\/\/www.noticiasradioreflejos.com.ar\/2021\/wp-json\/wp\/v2\/media\/67263"}],"wp:attachment":[{"href":"https:\/\/www.noticiasradioreflejos.com.ar\/2021\/wp-json\/wp\/v2\/media?parent=111635"}],"wp:term":[{"taxonomy":"category","embeddable":true,"href":"https:\/\/www.noticiasradioreflejos.com.ar\/2021\/wp-json\/wp\/v2\/categories?post=111635"},{"taxonomy":"post_tag","embeddable":true,"href":"https:\/\/www.noticiasradioreflejos.com.ar\/2021\/wp-json\/wp\/v2\/tags?post=111635"}],"curies":[{"name":"wp","href":"https:\/\/api.w.org\/{rel}","templated":true}]}}