{"id":111632,"date":"2025-01-15T21:43:06","date_gmt":"2025-01-16T00:43:06","guid":{"rendered":"https:\/\/www.noticiasradioreflejos.com.ar\/2021\/?p=111632"},"modified":"2025-01-15T21:43:06","modified_gmt":"2025-01-16T00:43:06","slug":"la-costa-atlantica-resigna-turistas-por-los-precios-y-tambien-playa-por-erosion","status":"publish","type":"post","link":"https:\/\/www.noticiasradioreflejos.com.ar\/2021\/la-costa-atlantica-resigna-turistas-por-los-precios-y-tambien-playa-por-erosion\/","title":{"rendered":"La costa atl\u00e1ntica resigna turistas por los precios y tambi\u00e9n playa por erosi\u00f3n"},"content":{"rendered":"<p>Mar Chiquita es la que m\u00e1s playa perdi\u00f3: casi seis metros. Mar del Plata, en tanto, se lamenta por los turistas que se llev\u00f3 Brasil por ser m\u00e1s barato.<!--more--><\/p>\n<div class=\"article-body\" data-tadevel-template=\"web\/article-body\">\n<div class=\"article-body-content\">\n<p>La\u00a0<strong>temporada alta<\/strong>\u00a0en la\u00a0<strong>costa atl\u00e1ntica<\/strong>\u00a0arranc\u00f3 2025 con\u00a0<strong>menos veraneantes que en a\u00f1os anteriores<\/strong>, debido al\u00a0<strong>\u00e9xodo a Brasil\u00a0<\/strong><strong>y Uruguay<\/strong>\u00a0por su menor costo, mientras\u00a0<strong>la erosi\u00f3n se come cada a\u00f1o un metro de acantilado o m\u00e9dano<\/strong>\u00a0en los 1200 kil\u00f3metros de extensi\u00f3n\u00a0<strong>entre San Clemente del Tuy\u00fa y Miramar.<\/strong><\/p>\n<p>M\u00e1s all\u00e1 de ese l\u00edmite, la costa bonaerense se comprime y la\u00a0<strong>agencia Noticias Argentinas<\/strong>\u00a0relev\u00f3 los datos.<\/p>\n<p>\u00abEn algunos lugares,<strong>\u00a0los m\u00e9danos han retrocedido de uno a dos metros por a\u00f1o<\/strong>, como en\u00a0<strong>Villa Gesell y Pinamar,\u00a0<\/strong>donde hab\u00edan metido avenidas costaneras y balnearios de cemento que nunca debieron haberse construido\u00bb,<\/p>\n<p>En el\u00a0<strong>Partido de la Costa y Mar Chiquita se pierden hasta 7 metros por a\u00f1o,\u00a0<\/strong>por lo que se derrumbaron casas construidas hace 50 a\u00f1os.<\/p>\n<p>Lo advert\u00eda\u00a0<strong>Federico Isla,<\/strong>\u00a0investigador superior del Instituto de Investigaciones Marinas y Costeras (IIMyC- CONICET, UNMDP) a la Agencia CTyS-UNLaM.<\/p>\n<p><strong>Mar Chiquita<\/strong>\u00a0es el territorio m\u00e1s perjudicado. Se calcula que\u00a0<strong>ya perdi\u00f3 casi seis metros de playa en los \u00faltimos a\u00f1os.<\/strong>\u00a0Esto, seg\u00fan el experto, se debe a que es\u00a0<strong>donde empieza la costa blanda,<\/strong>\u00a0la plataforma es angosta y\u00a0<strong>las olas llegan con m\u00e1s virulencia.<\/strong><\/p>\n<p>La erosi\u00f3n costera tiene varios factores intervinientes. Por un lado, est\u00e1 el\u00a0<strong>clim\u00e1tico:\u00a0<\/strong>la recurrencia y magnitud de las\u00a0<strong>tormentas extratropicales<\/strong>\u00a0provenientes del\u00a0<strong>sudeste\u00a0<\/strong>que forman olas que rompen en la costa, adem\u00e1s del\u00a0<strong>aumento antropog\u00e9nico del nivel del mar.\u00a0<\/strong><\/p>\n<p>\u201cHay una\u00a0<strong>erosi\u00f3n generalizada en el norte de General Pueyrred\u00f3n y sur de Mar Chiquita,\u00a0<\/strong>pero tambi\u00e9n en la<strong>\u00a0costa de Villa Gesell y Pinamar\u00a0<\/strong>y ya est\u00e1 pasando que\u00a0<strong>hay localidades del Partido de La Costa, como Mar del Tuy\u00fa, Santa Teresita y Las Toninas, que se est\u00e1n quedando sin playa<\/strong>\u201d, agrega.<\/p>\n<p>Cada a\u00f1o\u00a0<strong>se pierde un promedio de dos metros de playa.<\/strong><\/p>\n<p>Dunas que se achican, intervenciones urbanas que empeoran la situaci\u00f3n, sudestadas; el combo se multiplica y los investigadores alertan, pero\u00a0<strong>la pol\u00edtica municipal sigue privilegiando concesiones que en dos d\u00e9cadas quiz\u00e1s ya est\u00e9n tapadas por el agua.<\/strong><\/p>\n<p>El cambio clim\u00e1tico se lleva gran parte de protagonismo. El calentamiento de los oc\u00e9anos conlleva la\u00a0<strong>expansi\u00f3n t\u00e9rmica de sus aguas.<\/strong><\/p>\n<p>Este escenario, sumado al deshielo de los glaciares y la fusi\u00f3n de los mantos de hielo,\u00a0<strong>acelera la subida del nivel del mar.<\/strong><\/p>\n<p>En los registros de todo el mundo, se puede observar un\u00a0<strong>aumento antropog\u00e9nico de la marea desde 1993.<\/strong>\u00a0Por ello no sorprende -pero s\u00ed preocupa- la reciente noticia del desprendimiento del t\u00e9mpano m\u00e1s grande del mundo en la Ant\u00e1rtida, que navega por estos d\u00edas a la deriva por el Oc\u00e9ano Atl\u00e1ntico Sur.<\/p>\n<p>\u201cLo que prev\u00e9 el\u00a0<strong>Panel de Cambio Clim\u00e1tico (IPCC)<\/strong>\u00a0es que el nivel del mar se va a incrementar. La inc\u00f3gnita es\u00a0<strong>cu\u00e1nto va a aumentar para el 2100.<\/strong>\u00a0Muchos municipios ya tienen problemas por esto y se espera que l<strong>as sudestadas del Atl\u00e1ntico Sur sean cada vez m\u00e1s intensas y recurrentes<\/strong>\u201d, alerta el investigador del CONICET.<\/p>\n<h3>Erosi\u00f3n econ\u00f3mica<\/h3>\n<p>Las\u00a0<strong>plazas no ocupadas por turistas en los balnearios de la costa atl\u00e1ntica\u00a0<\/strong>tienen varias explicaciones: la p\u00e9rdida de poder adquisitivo de gran parte de la poblaci\u00f3n debido al ajuste econ\u00f3mico, los elevados valores en d\u00f3lares del veraneo local versus el abaratamiento comparativo de playas de pa\u00edses vecinos medido en la misma moneda.<\/p>\n<p>La Federaci\u00f3n Econ\u00f3mica de la Provincia de Buenos Aires (FEBA) ubic\u00f3\u00a0<strong>el promedio de ocupaci\u00f3n hotelera entre la Costa Atl\u00e1ntica, las Sierras y el turismo rural en torno del 75% en los primeros d\u00edas del mes<\/strong>.<\/p>\n<p>Coexisten en ese porcentaje situaciones muy dis\u00edmiles como\u00a0<strong>el 92% en Mar de las Pampas y el 65% en Mar del Plata.<\/strong><\/p>\n<p>Entre esos dos extremos, hay\u00a0<strong>un amplio espectro de realidades dentro del 70 y el 80% de actividad.<\/strong><\/p>\n<p>Los c\u00e1lculos son tentativos porque\u00a0<strong>el turismo m\u00e1s gasolero improvisa cortas estad\u00edas de no m\u00e1s de 4 o 5 d\u00edas sobre la fecha de vacaciones.<\/strong><\/p>\n<p>Brasil y Uruguay son los principales enemigos de la costa argentina este a\u00f1o.<\/p>\n<p>En esta temporada, se estima que\u00a0<strong>alrededor de 1,5 millones de argentinos viajan a Brasil para veranear.<\/strong><\/p>\n<p>El\u00a0<strong>m\u00e1ximo hist\u00f3rico de turistas provenientes de Argentina hab\u00eda sido de 2.622.327 en 2017<\/strong>, seg\u00fan registrara el Ministerio de Turismo brasile\u00f1o.<\/p>\n<p>La cifra refleja<strong>\u00a0el pico m\u00e1s alto alcanzado desde 2002,<\/strong>\u00a0a\u00f1o en el que Brasil registr\u00f3 solo 689.000 visitantes que optaron por ese pa\u00eds en vez de la Costa Atl\u00e1ntica.<\/p>\n<p>Una de las playas m\u00e1s buscadas son\u00a0<strong>Playa Los Ingleses y Canasvieiras,\u00a0<\/strong>donde ya casi no queda lugar, registra un\u00a0<strong>88% de ocupaci\u00f3n<\/strong>\u00a0y falta la gente que va sin reserva.<\/p>\n<p>El valor promedio de una propiedad para una familia de cuatro personas en\u00a0<strong>Florian\u00f3polis<\/strong>\u00a0est\u00e1 en torno a los u$s100 diarios.<\/p>\n<p>En Mar del Plata, los departamentos que se manejan en pesos tiene una<strong>\u00a0base de $150.000 la noche.<\/strong><\/p>\n<h3>Erosi\u00f3n tur\u00edstica<\/h3>\n<p>El\u00a0<strong>uso que hacen las personas de las playas<\/strong>\u00a0tambi\u00e9n impacta considerablemente en el\u00a0<strong>proceso erosivo y acelera la p\u00e9rdida de costas.<\/strong><\/p>\n<p>Seg\u00fan Isla, doctor en Ciencias Naturales, muchos lugares tienen inconvenientes por la<strong>\u00a0extracci\u00f3n de arena<\/strong>, una pr\u00e1ctica recurrente fuera de temporada. Adem\u00e1s, se realizan\u00a0<strong>obras de defensa que originan que otras zonas se queden sin aportes de este material.<\/strong><\/p>\n<p>No es s\u00f3lo el\u00a0<strong>cambio clim\u00e1tico<\/strong>\u00a0el causante de que la arena vaya desapareciendo.\u00a0<strong>Los balnearios tambi\u00e9n aportan su cuota.<\/strong><\/p>\n<p>\u201cCuando empieza la temporada,\u00a0<strong>los concesionarios comienzan a mover arena y desplazarla de las zonas m\u00e1s altas de la playa a las m\u00e1s bajas, que pueden ser afectadas por las olas y tormentas<\/strong>\u201d, precisa Isla.<\/p>\n<p>A ello se le suma el\u00a0<strong>\u201cdescontrol\u201d de los veh\u00edculos conocidos como todoterrenos,<\/strong>\u00a0principalmente en partidos como los de\u00a0<strong>Villa Gesell, Pinamar, Tres Arroyos y Necochea<\/strong>, que ingresan a las playas y modifican la superficie costera.<\/p>\n<p>\u201cLo que ocurre es que\u00a0<strong>entran de a cientos\u00a0<\/strong>y, cuando sube la marea,\u00a0<strong>la arena se ha movilizado<\/strong>. As\u00ed es m\u00e1s f\u00e1cil que se produzca<strong>\u00a0la erosi\u00f3n por efecto de las olas<\/strong>\u201d, alerta.<\/p>\n<p>&nbsp;<\/p>\n<\/div>\n<\/div>\n<p><strong>Fuente NA<\/strong><\/p>\n","protected":false},"excerpt":{"rendered":"<p>Mar Chiquita es la que m\u00e1s playa perdi\u00f3: casi seis metros. Mar del Plata, en tanto, se lamenta por los turistas que se llev\u00f3 Brasil por ser m\u00e1s barato.<\/p>\n","protected":false},"author":3,"featured_media":111633,"comment_status":"closed","ping_status":"closed","sticky":false,"template":"","format":"standard","meta":{"footnotes":""},"categories":[46,36],"tags":[],"class_list":["post-111632","post","type-post","status-publish","format-standard","has-post-thumbnail","hentry","category-ciencia-y-tecnologia","category-economia"],"yoast_head":"<!-- This site is optimized with the Yoast SEO plugin v25.9 - https:\/\/yoast.com\/wordpress\/plugins\/seo\/ -->\n<title>La costa atl\u00e1ntica resigna turistas por los precios y tambi\u00e9n playa por erosi\u00f3n - Noticias Radio Reflejos<\/title>\n<meta name=\"robots\" content=\"index, follow, max-snippet:-1, max-image-preview:large, max-video-preview:-1\" \/>\n<link rel=\"canonical\" href=\"https:\/\/www.noticiasradioreflejos.com.ar\/2021\/la-costa-atlantica-resigna-turistas-por-los-precios-y-tambien-playa-por-erosion\/\" \/>\n<meta property=\"og:locale\" content=\"es_ES\" \/>\n<meta property=\"og:type\" content=\"article\" \/>\n<meta property=\"og:title\" content=\"La costa atl\u00e1ntica resigna turistas por los precios y tambi\u00e9n playa por erosi\u00f3n - Noticias Radio Reflejos\" \/>\n<meta property=\"og:description\" content=\"Mar Chiquita es la que m\u00e1s playa perdi\u00f3: casi seis metros. Mar del Plata, en tanto, se lamenta por los turistas que se llev\u00f3 Brasil por ser m\u00e1s barato.\" \/>\n<meta property=\"og:url\" content=\"https:\/\/www.noticiasradioreflejos.com.ar\/2021\/la-costa-atlantica-resigna-turistas-por-los-precios-y-tambien-playa-por-erosion\/\" \/>\n<meta property=\"og:site_name\" content=\"Noticias Radio Reflejos\" \/>\n<meta property=\"article:published_time\" content=\"2025-01-16T00:43:06+00:00\" \/>\n<meta property=\"og:image\" content=\"https:\/\/www.noticiasradioreflejos.com.ar\/2021\/wp-content\/uploads\/2025\/01\/Mar-Chiquita.jpg\" \/>\n\t<meta property=\"og:image:width\" content=\"640\" \/>\n\t<meta property=\"og:image:height\" content=\"360\" \/>\n\t<meta property=\"og:image:type\" content=\"image\/jpeg\" \/>\n<meta name=\"author\" content=\"Arnaldo Botto\" \/>\n<meta name=\"twitter:card\" content=\"summary_large_image\" \/>\n<script type=\"application\/ld+json\" class=\"yoast-schema-graph\">{\"@context\":\"https:\/\/schema.org\",\"@graph\":[{\"@type\":\"WebPage\",\"@id\":\"https:\/\/www.noticiasradioreflejos.com.ar\/2021\/la-costa-atlantica-resigna-turistas-por-los-precios-y-tambien-playa-por-erosion\/\",\"url\":\"https:\/\/www.noticiasradioreflejos.com.ar\/2021\/la-costa-atlantica-resigna-turistas-por-los-precios-y-tambien-playa-por-erosion\/\",\"name\":\"La costa atl\u00e1ntica resigna turistas por los precios y tambi\u00e9n playa por erosi\u00f3n - Noticias Radio Reflejos\",\"isPartOf\":{\"@id\":\"https:\/\/www.noticiasradioreflejos.com.ar\/2021\/#website\"},\"primaryImageOfPage\":{\"@id\":\"https:\/\/www.noticiasradioreflejos.com.ar\/2021\/la-costa-atlantica-resigna-turistas-por-los-precios-y-tambien-playa-por-erosion\/#primaryimage\"},\"image\":{\"@id\":\"https:\/\/www.noticiasradioreflejos.com.ar\/2021\/la-costa-atlantica-resigna-turistas-por-los-precios-y-tambien-playa-por-erosion\/#primaryimage\"},\"thumbnailUrl\":\"https:\/\/www.noticiasradioreflejos.com.ar\/2021\/wp-content\/uploads\/2025\/01\/Mar-Chiquita.jpg\",\"datePublished\":\"2025-01-16T00:43:06+00:00\",\"author\":{\"@id\":\"https:\/\/www.noticiasradioreflejos.com.ar\/2021\/#\/schema\/person\/ad82545263dcc5ec0996818884fd5fb1\"},\"breadcrumb\":{\"@id\":\"https:\/\/www.noticiasradioreflejos.com.ar\/2021\/la-costa-atlantica-resigna-turistas-por-los-precios-y-tambien-playa-por-erosion\/#breadcrumb\"},\"inLanguage\":\"es\",\"potentialAction\":[{\"@type\":\"ReadAction\",\"target\":[\"https:\/\/www.noticiasradioreflejos.com.ar\/2021\/la-costa-atlantica-resigna-turistas-por-los-precios-y-tambien-playa-por-erosion\/\"]}]},{\"@type\":\"ImageObject\",\"inLanguage\":\"es\",\"@id\":\"https:\/\/www.noticiasradioreflejos.com.ar\/2021\/la-costa-atlantica-resigna-turistas-por-los-precios-y-tambien-playa-por-erosion\/#primaryimage\",\"url\":\"https:\/\/www.noticiasradioreflejos.com.ar\/2021\/wp-content\/uploads\/2025\/01\/Mar-Chiquita.jpg\",\"contentUrl\":\"https:\/\/www.noticiasradioreflejos.com.ar\/2021\/wp-content\/uploads\/2025\/01\/Mar-Chiquita.jpg\",\"width\":640,\"height\":360},{\"@type\":\"BreadcrumbList\",\"@id\":\"https:\/\/www.noticiasradioreflejos.com.ar\/2021\/la-costa-atlantica-resigna-turistas-por-los-precios-y-tambien-playa-por-erosion\/#breadcrumb\",\"itemListElement\":[{\"@type\":\"ListItem\",\"position\":1,\"name\":\"Portada\",\"item\":\"https:\/\/www.noticiasradioreflejos.com.ar\/2021\/\"},{\"@type\":\"ListItem\",\"position\":2,\"name\":\"La costa atl\u00e1ntica resigna turistas por los precios y tambi\u00e9n playa por erosi\u00f3n\"}]},{\"@type\":\"WebSite\",\"@id\":\"https:\/\/www.noticiasradioreflejos.com.ar\/2021\/#website\",\"url\":\"https:\/\/www.noticiasradioreflejos.com.ar\/2021\/\",\"name\":\"Noticias Radio Reflejos\",\"description\":\"Las noticias de mi comarca\",\"potentialAction\":[{\"@type\":\"SearchAction\",\"target\":{\"@type\":\"EntryPoint\",\"urlTemplate\":\"https:\/\/www.noticiasradioreflejos.com.ar\/2021\/?s={search_term_string}\"},\"query-input\":{\"@type\":\"PropertyValueSpecification\",\"valueRequired\":true,\"valueName\":\"search_term_string\"}}],\"inLanguage\":\"es\"},{\"@type\":\"Person\",\"@id\":\"https:\/\/www.noticiasradioreflejos.com.ar\/2021\/#\/schema\/person\/ad82545263dcc5ec0996818884fd5fb1\",\"name\":\"Arnaldo Botto\",\"image\":{\"@type\":\"ImageObject\",\"inLanguage\":\"es\",\"@id\":\"https:\/\/www.noticiasradioreflejos.com.ar\/2021\/#\/schema\/person\/image\/\",\"url\":\"https:\/\/secure.gravatar.com\/avatar\/55cb5e37c1efa326397366e6974cb338056df65cb50e7d64d1cf314e87504837?s=96&d=mm&r=g\",\"contentUrl\":\"https:\/\/secure.gravatar.com\/avatar\/55cb5e37c1efa326397366e6974cb338056df65cb50e7d64d1cf314e87504837?s=96&d=mm&r=g\",\"caption\":\"Arnaldo Botto\"},\"url\":\"https:\/\/www.noticiasradioreflejos.com.ar\/2021\/author\/arnaldo\/\"}]}<\/script>\n<!-- \/ Yoast SEO plugin. -->","yoast_head_json":{"title":"La costa atl\u00e1ntica resigna turistas por los precios y tambi\u00e9n playa por erosi\u00f3n - Noticias Radio Reflejos","robots":{"index":"index","follow":"follow","max-snippet":"max-snippet:-1","max-image-preview":"max-image-preview:large","max-video-preview":"max-video-preview:-1"},"canonical":"https:\/\/www.noticiasradioreflejos.com.ar\/2021\/la-costa-atlantica-resigna-turistas-por-los-precios-y-tambien-playa-por-erosion\/","og_locale":"es_ES","og_type":"article","og_title":"La costa atl\u00e1ntica resigna turistas por los precios y tambi\u00e9n playa por erosi\u00f3n - Noticias Radio Reflejos","og_description":"Mar Chiquita es la que m\u00e1s playa perdi\u00f3: casi seis metros. Mar del Plata, en tanto, se lamenta por los turistas que se llev\u00f3 Brasil por ser m\u00e1s barato.","og_url":"https:\/\/www.noticiasradioreflejos.com.ar\/2021\/la-costa-atlantica-resigna-turistas-por-los-precios-y-tambien-playa-por-erosion\/","og_site_name":"Noticias Radio Reflejos","article_published_time":"2025-01-16T00:43:06+00:00","og_image":[{"width":640,"height":360,"url":"https:\/\/www.noticiasradioreflejos.com.ar\/2021\/wp-content\/uploads\/2025\/01\/Mar-Chiquita.jpg","type":"image\/jpeg"}],"author":"Arnaldo Botto","twitter_card":"summary_large_image","schema":{"@context":"https:\/\/schema.org","@graph":[{"@type":"WebPage","@id":"https:\/\/www.noticiasradioreflejos.com.ar\/2021\/la-costa-atlantica-resigna-turistas-por-los-precios-y-tambien-playa-por-erosion\/","url":"https:\/\/www.noticiasradioreflejos.com.ar\/2021\/la-costa-atlantica-resigna-turistas-por-los-precios-y-tambien-playa-por-erosion\/","name":"La costa atl\u00e1ntica resigna turistas por los precios y tambi\u00e9n playa por erosi\u00f3n - Noticias Radio Reflejos","isPartOf":{"@id":"https:\/\/www.noticiasradioreflejos.com.ar\/2021\/#website"},"primaryImageOfPage":{"@id":"https:\/\/www.noticiasradioreflejos.com.ar\/2021\/la-costa-atlantica-resigna-turistas-por-los-precios-y-tambien-playa-por-erosion\/#primaryimage"},"image":{"@id":"https:\/\/www.noticiasradioreflejos.com.ar\/2021\/la-costa-atlantica-resigna-turistas-por-los-precios-y-tambien-playa-por-erosion\/#primaryimage"},"thumbnailUrl":"https:\/\/www.noticiasradioreflejos.com.ar\/2021\/wp-content\/uploads\/2025\/01\/Mar-Chiquita.jpg","datePublished":"2025-01-16T00:43:06+00:00","author":{"@id":"https:\/\/www.noticiasradioreflejos.com.ar\/2021\/#\/schema\/person\/ad82545263dcc5ec0996818884fd5fb1"},"breadcrumb":{"@id":"https:\/\/www.noticiasradioreflejos.com.ar\/2021\/la-costa-atlantica-resigna-turistas-por-los-precios-y-tambien-playa-por-erosion\/#breadcrumb"},"inLanguage":"es","potentialAction":[{"@type":"ReadAction","target":["https:\/\/www.noticiasradioreflejos.com.ar\/2021\/la-costa-atlantica-resigna-turistas-por-los-precios-y-tambien-playa-por-erosion\/"]}]},{"@type":"ImageObject","inLanguage":"es","@id":"https:\/\/www.noticiasradioreflejos.com.ar\/2021\/la-costa-atlantica-resigna-turistas-por-los-precios-y-tambien-playa-por-erosion\/#primaryimage","url":"https:\/\/www.noticiasradioreflejos.com.ar\/2021\/wp-content\/uploads\/2025\/01\/Mar-Chiquita.jpg","contentUrl":"https:\/\/www.noticiasradioreflejos.com.ar\/2021\/wp-content\/uploads\/2025\/01\/Mar-Chiquita.jpg","width":640,"height":360},{"@type":"BreadcrumbList","@id":"https:\/\/www.noticiasradioreflejos.com.ar\/2021\/la-costa-atlantica-resigna-turistas-por-los-precios-y-tambien-playa-por-erosion\/#breadcrumb","itemListElement":[{"@type":"ListItem","position":1,"name":"Portada","item":"https:\/\/www.noticiasradioreflejos.com.ar\/2021\/"},{"@type":"ListItem","position":2,"name":"La costa atl\u00e1ntica resigna turistas por los precios y tambi\u00e9n playa por erosi\u00f3n"}]},{"@type":"WebSite","@id":"https:\/\/www.noticiasradioreflejos.com.ar\/2021\/#website","url":"https:\/\/www.noticiasradioreflejos.com.ar\/2021\/","name":"Noticias Radio Reflejos","description":"Las noticias de mi comarca","potentialAction":[{"@type":"SearchAction","target":{"@type":"EntryPoint","urlTemplate":"https:\/\/www.noticiasradioreflejos.com.ar\/2021\/?s={search_term_string}"},"query-input":{"@type":"PropertyValueSpecification","valueRequired":true,"valueName":"search_term_string"}}],"inLanguage":"es"},{"@type":"Person","@id":"https:\/\/www.noticiasradioreflejos.com.ar\/2021\/#\/schema\/person\/ad82545263dcc5ec0996818884fd5fb1","name":"Arnaldo Botto","image":{"@type":"ImageObject","inLanguage":"es","@id":"https:\/\/www.noticiasradioreflejos.com.ar\/2021\/#\/schema\/person\/image\/","url":"https:\/\/secure.gravatar.com\/avatar\/55cb5e37c1efa326397366e6974cb338056df65cb50e7d64d1cf314e87504837?s=96&d=mm&r=g","contentUrl":"https:\/\/secure.gravatar.com\/avatar\/55cb5e37c1efa326397366e6974cb338056df65cb50e7d64d1cf314e87504837?s=96&d=mm&r=g","caption":"Arnaldo Botto"},"url":"https:\/\/www.noticiasradioreflejos.com.ar\/2021\/author\/arnaldo\/"}]}},"_links":{"self":[{"href":"https:\/\/www.noticiasradioreflejos.com.ar\/2021\/wp-json\/wp\/v2\/posts\/111632","targetHints":{"allow":["GET"]}}],"collection":[{"href":"https:\/\/www.noticiasradioreflejos.com.ar\/2021\/wp-json\/wp\/v2\/posts"}],"about":[{"href":"https:\/\/www.noticiasradioreflejos.com.ar\/2021\/wp-json\/wp\/v2\/types\/post"}],"author":[{"embeddable":true,"href":"https:\/\/www.noticiasradioreflejos.com.ar\/2021\/wp-json\/wp\/v2\/users\/3"}],"replies":[{"embeddable":true,"href":"https:\/\/www.noticiasradioreflejos.com.ar\/2021\/wp-json\/wp\/v2\/comments?post=111632"}],"version-history":[{"count":1,"href":"https:\/\/www.noticiasradioreflejos.com.ar\/2021\/wp-json\/wp\/v2\/posts\/111632\/revisions"}],"predecessor-version":[{"id":111634,"href":"https:\/\/www.noticiasradioreflejos.com.ar\/2021\/wp-json\/wp\/v2\/posts\/111632\/revisions\/111634"}],"wp:featuredmedia":[{"embeddable":true,"href":"https:\/\/www.noticiasradioreflejos.com.ar\/2021\/wp-json\/wp\/v2\/media\/111633"}],"wp:attachment":[{"href":"https:\/\/www.noticiasradioreflejos.com.ar\/2021\/wp-json\/wp\/v2\/media?parent=111632"}],"wp:term":[{"taxonomy":"category","embeddable":true,"href":"https:\/\/www.noticiasradioreflejos.com.ar\/2021\/wp-json\/wp\/v2\/categories?post=111632"},{"taxonomy":"post_tag","embeddable":true,"href":"https:\/\/www.noticiasradioreflejos.com.ar\/2021\/wp-json\/wp\/v2\/tags?post=111632"}],"curies":[{"name":"wp","href":"https:\/\/api.w.org\/{rel}","templated":true}]}}