{"id":111630,"date":"2025-01-15T21:37:27","date_gmt":"2025-01-16T00:37:27","guid":{"rendered":"https:\/\/www.noticiasradioreflejos.com.ar\/2021\/?p=111630"},"modified":"2025-01-15T21:37:27","modified_gmt":"2025-01-16T00:37:27","slug":"cierre-de-multinacional-en-suarez-fracaso-una-mediacion-para-evitar-el-desmantelamiento","status":"publish","type":"post","link":"https:\/\/www.noticiasradioreflejos.com.ar\/2021\/cierre-de-multinacional-en-suarez-fracaso-una-mediacion-para-evitar-el-desmantelamiento\/","title":{"rendered":"Cierre de multinacional en Su\u00e1rez: fracas\u00f3 una mediaci\u00f3n para evitar el desmantelamiento"},"content":{"rendered":"<header id=\"mvp-post-head\" class=\"left relative\">La Provincia, trabajadores y la empresa negocian el pago de indemnizaci\u00f3n y evitar el desguace de las instalaciones.<\/p>\n<div class=\"zox-post-info-wrap\">\n<div class=\"zox-post-byline-wrap\">\n<div class=\"mvp-author-info-thumb left relative\"><\/div>\n<\/div>\n<\/div>\n<\/header>\n<p><!--more--><\/p>\n<div class=\"mvp-post-main-out left relative\">\n<div class=\"mvp-post-main-in\">\n<div id=\"mvp-post-content\" class=\"left relative\">\n<div id=\"mvp-post-feat-img\" class=\"left relative mvp-post-feat-img-wide2\"><\/div>\n<div id=\"mvp-content-wrap\" class=\"left relative\">\n<div class=\"mvp-post-soc-out right relative\">\n<div class=\"mvp-post-soc-in\">\n<div id=\"mvp-content-body\" class=\"left relative\">\n<div id=\"mvp-content-body-top\" class=\"left relative\">\n<div id=\"mvp-content-main\" class=\"left relative\">\n<p>El conflicto por el cierre de la planta de la compa\u00f1\u00eda DASS en Coronel Su\u00e1rez no tiene visos de soluci\u00f3n: este mi\u00e9rcoles volvi\u00f3 a fracasar el intento de conciliaci\u00f3n entre los 360 despedidos y la empresa, mientras el gobierno bonaerense busca que al menos se paguen las indemnizaciones en los t\u00e9rminos legales y que, adem\u00e1s, no se desmantele la planta.<\/p>\n<p>Fuentes del ministerio de Trabajo bonaerense, la postura de la empresa es inflexible: no revisar\u00e1 su decisi\u00f3n de cierre y despido de trabajadores (la producci\u00f3n ser\u00eda reemplazada por importaciones), pese a que tanto la Provincia como el municipio le ofrecieron ayuda para superar la crisis.<\/p>\n<p>Trabajo declar\u00f3 un nuevo cuarto intermedio hasta el mi\u00e9rcoles pr\u00f3ximo a las 11, mientras formalmente busca sostener las fuentes de trabajo, para lo cual, afirman, \u201cse agotar\u00e1n todas las instancias\u201d. En el encuentro, que se realiz\u00f3 en La Plata, adem\u00e1s del ministro de Trabajo, Walter Correa, estuvo el intendente de Coronel Su\u00e1rez Ricardo Moccero y representantes del ministerio de Producci\u00f3n. Del lado empresario estuvieron representantes de DAAS y de Adidas Argentina.<\/p>\n<p>El escenario m\u00e1s realista pasa por un intento de minimizar el da\u00f1o. En ese plano, uno de los objetivos es que DAAS pague las indemnizaciones de ley. Tras un an\u00e1lisis de antecedentes, los t\u00e9cnicos de Trabajo concluyeron que en otros conflictos similar en provincia eso se logr\u00f3.<\/p>\n<p>Otro de los \u00edtems que busca sostener la Provincia es el mantenimiento de las instalaciones de la planta: evitar el desguace de maquinarias y lograr que quede en funciones al menos una dotaci\u00f3n m\u00ednima de personal que adem\u00e1s sostenga las condiciones de seguridad e higiene.<\/p>\n<p>Fuente: DIB<\/p>\n<\/div>\n<\/div>\n<\/div>\n<\/div>\n<\/div>\n<\/div>\n<\/div>\n<\/div>\n<\/div>\n","protected":false},"excerpt":{"rendered":"<p>La Provincia, trabajadores y la empresa negocian el pago de indemnizaci\u00f3n y evitar el desguace de las instalaciones.<\/p>\n","protected":false},"author":3,"featured_media":111318,"comment_status":"closed","ping_status":"closed","sticky":false,"template":"","format":"standard","meta":{"footnotes":""},"categories":[36],"tags":[48],"class_list":["post-111630","post","type-post","status-publish","format-standard","has-post-thumbnail","hentry","category-economia","tag-destacada"],"yoast_head":"<!-- This site is optimized with the Yoast SEO plugin v25.9 - https:\/\/yoast.com\/wordpress\/plugins\/seo\/ -->\n<title>Cierre de multinacional en Su\u00e1rez: fracas\u00f3 una mediaci\u00f3n para evitar el desmantelamiento - Noticias Radio Reflejos<\/title>\n<meta name=\"robots\" content=\"index, follow, max-snippet:-1, max-image-preview:large, max-video-preview:-1\" \/>\n<link rel=\"canonical\" href=\"https:\/\/www.noticiasradioreflejos.com.ar\/2021\/cierre-de-multinacional-en-suarez-fracaso-una-mediacion-para-evitar-el-desmantelamiento\/\" \/>\n<meta property=\"og:locale\" content=\"es_ES\" \/>\n<meta property=\"og:type\" content=\"article\" \/>\n<meta property=\"og:title\" content=\"Cierre de multinacional en Su\u00e1rez: fracas\u00f3 una mediaci\u00f3n para evitar el desmantelamiento - Noticias Radio Reflejos\" \/>\n<meta property=\"og:description\" content=\"La Provincia, trabajadores y la empresa negocian el pago de indemnizaci\u00f3n y evitar el desguace de las instalaciones.\" \/>\n<meta property=\"og:url\" content=\"https:\/\/www.noticiasradioreflejos.com.ar\/2021\/cierre-de-multinacional-en-suarez-fracaso-una-mediacion-para-evitar-el-desmantelamiento\/\" \/>\n<meta property=\"og:site_name\" content=\"Noticias Radio Reflejos\" \/>\n<meta property=\"article:published_time\" content=\"2025-01-16T00:37:27+00:00\" \/>\n<meta property=\"og:image\" content=\"https:\/\/www.noticiasradioreflejos.com.ar\/2021\/wp-content\/uploads\/2025\/01\/Dass-Suarez.jpg\" \/>\n\t<meta property=\"og:image:width\" content=\"1121\" \/>\n\t<meta property=\"og:image:height\" content=\"633\" \/>\n\t<meta property=\"og:image:type\" content=\"image\/jpeg\" \/>\n<meta name=\"author\" content=\"Arnaldo Botto\" \/>\n<meta name=\"twitter:card\" content=\"summary_large_image\" \/>\n<script type=\"application\/ld+json\" class=\"yoast-schema-graph\">{\"@context\":\"https:\/\/schema.org\",\"@graph\":[{\"@type\":\"WebPage\",\"@id\":\"https:\/\/www.noticiasradioreflejos.com.ar\/2021\/cierre-de-multinacional-en-suarez-fracaso-una-mediacion-para-evitar-el-desmantelamiento\/\",\"url\":\"https:\/\/www.noticiasradioreflejos.com.ar\/2021\/cierre-de-multinacional-en-suarez-fracaso-una-mediacion-para-evitar-el-desmantelamiento\/\",\"name\":\"Cierre de multinacional en Su\u00e1rez: fracas\u00f3 una mediaci\u00f3n para evitar el desmantelamiento - Noticias Radio Reflejos\",\"isPartOf\":{\"@id\":\"https:\/\/www.noticiasradioreflejos.com.ar\/2021\/#website\"},\"primaryImageOfPage\":{\"@id\":\"https:\/\/www.noticiasradioreflejos.com.ar\/2021\/cierre-de-multinacional-en-suarez-fracaso-una-mediacion-para-evitar-el-desmantelamiento\/#primaryimage\"},\"image\":{\"@id\":\"https:\/\/www.noticiasradioreflejos.com.ar\/2021\/cierre-de-multinacional-en-suarez-fracaso-una-mediacion-para-evitar-el-desmantelamiento\/#primaryimage\"},\"thumbnailUrl\":\"https:\/\/www.noticiasradioreflejos.com.ar\/2021\/wp-content\/uploads\/2025\/01\/Dass-Suarez.jpg\",\"datePublished\":\"2025-01-16T00:37:27+00:00\",\"author\":{\"@id\":\"https:\/\/www.noticiasradioreflejos.com.ar\/2021\/#\/schema\/person\/ad82545263dcc5ec0996818884fd5fb1\"},\"breadcrumb\":{\"@id\":\"https:\/\/www.noticiasradioreflejos.com.ar\/2021\/cierre-de-multinacional-en-suarez-fracaso-una-mediacion-para-evitar-el-desmantelamiento\/#breadcrumb\"},\"inLanguage\":\"es\",\"potentialAction\":[{\"@type\":\"ReadAction\",\"target\":[\"https:\/\/www.noticiasradioreflejos.com.ar\/2021\/cierre-de-multinacional-en-suarez-fracaso-una-mediacion-para-evitar-el-desmantelamiento\/\"]}]},{\"@type\":\"ImageObject\",\"inLanguage\":\"es\",\"@id\":\"https:\/\/www.noticiasradioreflejos.com.ar\/2021\/cierre-de-multinacional-en-suarez-fracaso-una-mediacion-para-evitar-el-desmantelamiento\/#primaryimage\",\"url\":\"https:\/\/www.noticiasradioreflejos.com.ar\/2021\/wp-content\/uploads\/2025\/01\/Dass-Suarez.jpg\",\"contentUrl\":\"https:\/\/www.noticiasradioreflejos.com.ar\/2021\/wp-content\/uploads\/2025\/01\/Dass-Suarez.jpg\",\"width\":1121,\"height\":633},{\"@type\":\"BreadcrumbList\",\"@id\":\"https:\/\/www.noticiasradioreflejos.com.ar\/2021\/cierre-de-multinacional-en-suarez-fracaso-una-mediacion-para-evitar-el-desmantelamiento\/#breadcrumb\",\"itemListElement\":[{\"@type\":\"ListItem\",\"position\":1,\"name\":\"Portada\",\"item\":\"https:\/\/www.noticiasradioreflejos.com.ar\/2021\/\"},{\"@type\":\"ListItem\",\"position\":2,\"name\":\"Cierre de multinacional en Su\u00e1rez: fracas\u00f3 una mediaci\u00f3n para evitar el desmantelamiento\"}]},{\"@type\":\"WebSite\",\"@id\":\"https:\/\/www.noticiasradioreflejos.com.ar\/2021\/#website\",\"url\":\"https:\/\/www.noticiasradioreflejos.com.ar\/2021\/\",\"name\":\"Noticias Radio Reflejos\",\"description\":\"Las noticias de mi comarca\",\"potentialAction\":[{\"@type\":\"SearchAction\",\"target\":{\"@type\":\"EntryPoint\",\"urlTemplate\":\"https:\/\/www.noticiasradioreflejos.com.ar\/2021\/?s={search_term_string}\"},\"query-input\":{\"@type\":\"PropertyValueSpecification\",\"valueRequired\":true,\"valueName\":\"search_term_string\"}}],\"inLanguage\":\"es\"},{\"@type\":\"Person\",\"@id\":\"https:\/\/www.noticiasradioreflejos.com.ar\/2021\/#\/schema\/person\/ad82545263dcc5ec0996818884fd5fb1\",\"name\":\"Arnaldo Botto\",\"image\":{\"@type\":\"ImageObject\",\"inLanguage\":\"es\",\"@id\":\"https:\/\/www.noticiasradioreflejos.com.ar\/2021\/#\/schema\/person\/image\/\",\"url\":\"https:\/\/secure.gravatar.com\/avatar\/55cb5e37c1efa326397366e6974cb338056df65cb50e7d64d1cf314e87504837?s=96&d=mm&r=g\",\"contentUrl\":\"https:\/\/secure.gravatar.com\/avatar\/55cb5e37c1efa326397366e6974cb338056df65cb50e7d64d1cf314e87504837?s=96&d=mm&r=g\",\"caption\":\"Arnaldo Botto\"},\"url\":\"https:\/\/www.noticiasradioreflejos.com.ar\/2021\/author\/arnaldo\/\"}]}<\/script>\n<!-- \/ Yoast SEO plugin. -->","yoast_head_json":{"title":"Cierre de multinacional en Su\u00e1rez: fracas\u00f3 una mediaci\u00f3n para evitar el desmantelamiento - Noticias Radio Reflejos","robots":{"index":"index","follow":"follow","max-snippet":"max-snippet:-1","max-image-preview":"max-image-preview:large","max-video-preview":"max-video-preview:-1"},"canonical":"https:\/\/www.noticiasradioreflejos.com.ar\/2021\/cierre-de-multinacional-en-suarez-fracaso-una-mediacion-para-evitar-el-desmantelamiento\/","og_locale":"es_ES","og_type":"article","og_title":"Cierre de multinacional en Su\u00e1rez: fracas\u00f3 una mediaci\u00f3n para evitar el desmantelamiento - Noticias Radio Reflejos","og_description":"La Provincia, trabajadores y la empresa negocian el pago de indemnizaci\u00f3n y evitar el desguace de las instalaciones.","og_url":"https:\/\/www.noticiasradioreflejos.com.ar\/2021\/cierre-de-multinacional-en-suarez-fracaso-una-mediacion-para-evitar-el-desmantelamiento\/","og_site_name":"Noticias Radio Reflejos","article_published_time":"2025-01-16T00:37:27+00:00","og_image":[{"width":1121,"height":633,"url":"https:\/\/www.noticiasradioreflejos.com.ar\/2021\/wp-content\/uploads\/2025\/01\/Dass-Suarez.jpg","type":"image\/jpeg"}],"author":"Arnaldo Botto","twitter_card":"summary_large_image","schema":{"@context":"https:\/\/schema.org","@graph":[{"@type":"WebPage","@id":"https:\/\/www.noticiasradioreflejos.com.ar\/2021\/cierre-de-multinacional-en-suarez-fracaso-una-mediacion-para-evitar-el-desmantelamiento\/","url":"https:\/\/www.noticiasradioreflejos.com.ar\/2021\/cierre-de-multinacional-en-suarez-fracaso-una-mediacion-para-evitar-el-desmantelamiento\/","name":"Cierre de multinacional en Su\u00e1rez: fracas\u00f3 una mediaci\u00f3n para evitar el desmantelamiento - Noticias Radio Reflejos","isPartOf":{"@id":"https:\/\/www.noticiasradioreflejos.com.ar\/2021\/#website"},"primaryImageOfPage":{"@id":"https:\/\/www.noticiasradioreflejos.com.ar\/2021\/cierre-de-multinacional-en-suarez-fracaso-una-mediacion-para-evitar-el-desmantelamiento\/#primaryimage"},"image":{"@id":"https:\/\/www.noticiasradioreflejos.com.ar\/2021\/cierre-de-multinacional-en-suarez-fracaso-una-mediacion-para-evitar-el-desmantelamiento\/#primaryimage"},"thumbnailUrl":"https:\/\/www.noticiasradioreflejos.com.ar\/2021\/wp-content\/uploads\/2025\/01\/Dass-Suarez.jpg","datePublished":"2025-01-16T00:37:27+00:00","author":{"@id":"https:\/\/www.noticiasradioreflejos.com.ar\/2021\/#\/schema\/person\/ad82545263dcc5ec0996818884fd5fb1"},"breadcrumb":{"@id":"https:\/\/www.noticiasradioreflejos.com.ar\/2021\/cierre-de-multinacional-en-suarez-fracaso-una-mediacion-para-evitar-el-desmantelamiento\/#breadcrumb"},"inLanguage":"es","potentialAction":[{"@type":"ReadAction","target":["https:\/\/www.noticiasradioreflejos.com.ar\/2021\/cierre-de-multinacional-en-suarez-fracaso-una-mediacion-para-evitar-el-desmantelamiento\/"]}]},{"@type":"ImageObject","inLanguage":"es","@id":"https:\/\/www.noticiasradioreflejos.com.ar\/2021\/cierre-de-multinacional-en-suarez-fracaso-una-mediacion-para-evitar-el-desmantelamiento\/#primaryimage","url":"https:\/\/www.noticiasradioreflejos.com.ar\/2021\/wp-content\/uploads\/2025\/01\/Dass-Suarez.jpg","contentUrl":"https:\/\/www.noticiasradioreflejos.com.ar\/2021\/wp-content\/uploads\/2025\/01\/Dass-Suarez.jpg","width":1121,"height":633},{"@type":"BreadcrumbList","@id":"https:\/\/www.noticiasradioreflejos.com.ar\/2021\/cierre-de-multinacional-en-suarez-fracaso-una-mediacion-para-evitar-el-desmantelamiento\/#breadcrumb","itemListElement":[{"@type":"ListItem","position":1,"name":"Portada","item":"https:\/\/www.noticiasradioreflejos.com.ar\/2021\/"},{"@type":"ListItem","position":2,"name":"Cierre de multinacional en Su\u00e1rez: fracas\u00f3 una mediaci\u00f3n para evitar el desmantelamiento"}]},{"@type":"WebSite","@id":"https:\/\/www.noticiasradioreflejos.com.ar\/2021\/#website","url":"https:\/\/www.noticiasradioreflejos.com.ar\/2021\/","name":"Noticias Radio Reflejos","description":"Las noticias de mi comarca","potentialAction":[{"@type":"SearchAction","target":{"@type":"EntryPoint","urlTemplate":"https:\/\/www.noticiasradioreflejos.com.ar\/2021\/?s={search_term_string}"},"query-input":{"@type":"PropertyValueSpecification","valueRequired":true,"valueName":"search_term_string"}}],"inLanguage":"es"},{"@type":"Person","@id":"https:\/\/www.noticiasradioreflejos.com.ar\/2021\/#\/schema\/person\/ad82545263dcc5ec0996818884fd5fb1","name":"Arnaldo Botto","image":{"@type":"ImageObject","inLanguage":"es","@id":"https:\/\/www.noticiasradioreflejos.com.ar\/2021\/#\/schema\/person\/image\/","url":"https:\/\/secure.gravatar.com\/avatar\/55cb5e37c1efa326397366e6974cb338056df65cb50e7d64d1cf314e87504837?s=96&d=mm&r=g","contentUrl":"https:\/\/secure.gravatar.com\/avatar\/55cb5e37c1efa326397366e6974cb338056df65cb50e7d64d1cf314e87504837?s=96&d=mm&r=g","caption":"Arnaldo Botto"},"url":"https:\/\/www.noticiasradioreflejos.com.ar\/2021\/author\/arnaldo\/"}]}},"_links":{"self":[{"href":"https:\/\/www.noticiasradioreflejos.com.ar\/2021\/wp-json\/wp\/v2\/posts\/111630","targetHints":{"allow":["GET"]}}],"collection":[{"href":"https:\/\/www.noticiasradioreflejos.com.ar\/2021\/wp-json\/wp\/v2\/posts"}],"about":[{"href":"https:\/\/www.noticiasradioreflejos.com.ar\/2021\/wp-json\/wp\/v2\/types\/post"}],"author":[{"embeddable":true,"href":"https:\/\/www.noticiasradioreflejos.com.ar\/2021\/wp-json\/wp\/v2\/users\/3"}],"replies":[{"embeddable":true,"href":"https:\/\/www.noticiasradioreflejos.com.ar\/2021\/wp-json\/wp\/v2\/comments?post=111630"}],"version-history":[{"count":1,"href":"https:\/\/www.noticiasradioreflejos.com.ar\/2021\/wp-json\/wp\/v2\/posts\/111630\/revisions"}],"predecessor-version":[{"id":111631,"href":"https:\/\/www.noticiasradioreflejos.com.ar\/2021\/wp-json\/wp\/v2\/posts\/111630\/revisions\/111631"}],"wp:featuredmedia":[{"embeddable":true,"href":"https:\/\/www.noticiasradioreflejos.com.ar\/2021\/wp-json\/wp\/v2\/media\/111318"}],"wp:attachment":[{"href":"https:\/\/www.noticiasradioreflejos.com.ar\/2021\/wp-json\/wp\/v2\/media?parent=111630"}],"wp:term":[{"taxonomy":"category","embeddable":true,"href":"https:\/\/www.noticiasradioreflejos.com.ar\/2021\/wp-json\/wp\/v2\/categories?post=111630"},{"taxonomy":"post_tag","embeddable":true,"href":"https:\/\/www.noticiasradioreflejos.com.ar\/2021\/wp-json\/wp\/v2\/tags?post=111630"}],"curies":[{"name":"wp","href":"https:\/\/api.w.org\/{rel}","templated":true}]}}