{"id":111604,"date":"2025-01-15T07:40:58","date_gmt":"2025-01-15T10:40:58","guid":{"rendered":"https:\/\/www.noticiasradioreflejos.com.ar\/2021\/?p=111604"},"modified":"2025-01-16T11:51:18","modified_gmt":"2025-01-16T14:51:18","slug":"ajustes-en-el-monotributo-ganancias-y-jubilaciones-a-partir-del-ipc-de-diciembre","status":"publish","type":"post","link":"https:\/\/www.noticiasradioreflejos.com.ar\/2021\/ajustes-en-el-monotributo-ganancias-y-jubilaciones-a-partir-del-ipc-de-diciembre\/","title":{"rendered":"Ajustes en el monotributo, Ganancias y jubilaciones a partir del IPC de diciembre"},"content":{"rendered":"<p>&gt;Monotributo, Impuesto a las Ganancias y jubilaciones y pensiones se actualizar\u00e1n a partir del nuevo dato de inflaci\u00f3n de 2,7% en diciembre, difundido hoy poe el Indec.<!--more--><\/p>\n<p>En el caso del Monotributo, los par\u00e1metros se incrementar\u00e1n un 21,13%, correspondiente a la inflaci\u00f3n acumulada entre julio y diciembre de 2024, impactando a m\u00e1s de 3,5 millones de contribuyentes.<\/p>\n<p>As\u00ed, la cuota mensual de la categor\u00eda m\u00e1s baja (A) subir\u00e1 de $26.600 a $32.220, mientras que el l\u00edmite anual de facturaci\u00f3n para la categor\u00eda m\u00e1s alta (K) se elevar\u00e1 de $68.000.000 a $82.368.000.<\/p>\n<p>Esto se debe a lo dispuesto por el art\u00edculo 52 de la Ley 27.743, que establece la actualizaci\u00f3n semestral de los par\u00e1metros del Monotributo \u2014incluyendo los l\u00edmites de facturaci\u00f3n, alquileres devengados y cuotas mensuales\u2014 en enero y julio de cada a\u00f1o fiscal, aplicando el coeficiente de inflaci\u00f3n del semestre anterior.<\/p>\n<p>Por su parte, la recategorizaci\u00f3n deber\u00e1 realizarse hasta el 5 de febrero y agosto, seg\u00fan determin\u00f3 ARCA (ex-AFIP).<\/p>\n<p>El 20 de enero vencer\u00e1 el pago de la cuota mensual, sin modificaciones adicionales.<\/p>\n<p>En cuanto al Impuesto a las Ganancias, la Ley 27.743 tambi\u00e9n estipula una actualizaci\u00f3n semestral en enero y julio.<\/p>\n<p>Sin embargo, el decreto 652\/2024 estableci\u00f3 una excepci\u00f3n para enero de 2025: la actualizaci\u00f3n se basar\u00e1 en la inflaci\u00f3n de septiembre a diciembre de 2024 (11,78%).<\/p>\n<p>Con este ajuste, el nuevo M\u00ednimo No Imponible (MNI) ser\u00e1 de $2.235.000, frente a los $2.000.000 actuales.<\/p>\n<p>Esto impactar\u00e1 a alrededor de 700.000 empleados en relaci\u00f3n de dependencia y 100.000 jubilados que ya pagan el impuesto, una cifra que aumentar\u00e1 debido a esta actualizaci\u00f3n parcial.<\/p>\n<p>El Gobierno argument\u00f3 que en septiembre ya se aplic\u00f3 un ajuste excepcional, que ahora debe deducirse del c\u00e1lculo semestral. No obstante, dicho ajuste fue por la inflaci\u00f3n de abril a junio, que inicialmente no se hab\u00eda aplicado.<\/p>\n<p>En ese momento, se corrigi\u00f3 un aumento menor (8,37%) para alcanzar un ajuste acumulado del 13,35%, considerando junio, julio y agosto.<\/p>\n<p>Por \u00faltimo, las jubilaciones y pensiones tendr\u00e1n un incremento del 2,7% en febrero, reflejando el dato de inflaci\u00f3n de diciembre.<\/p>\n<p>Sin embargo, el bono de hasta $70.000 que reciben unos 5 millones de jubilados con haberes m\u00ednimos permanecer\u00e1 sin cambios, lo que implica que sus ingresos estar\u00e1n por debajo de la inflaci\u00f3n acumulada, como ocurre desde marzo de 2024.<\/p>\n","protected":false},"excerpt":{"rendered":"<p>&gt;Monotributo, Impuesto a las Ganancias y jubilaciones y pensiones se actualizar\u00e1n a partir del nuevo dato de inflaci\u00f3n de 2,7% en diciembre, difundido hoy poe el Indec.<\/p>\n","protected":false},"author":3,"featured_media":111028,"comment_status":"closed","ping_status":"closed","sticky":false,"template":"","format":"standard","meta":{"footnotes":""},"categories":[36],"tags":[],"class_list":["post-111604","post","type-post","status-publish","format-standard","has-post-thumbnail","hentry","category-economia"],"yoast_head":"<!-- This site is optimized with the Yoast SEO plugin v25.9 - https:\/\/yoast.com\/wordpress\/plugins\/seo\/ -->\n<title>Ajustes en el monotributo, Ganancias y jubilaciones a partir del IPC de diciembre - Noticias Radio Reflejos<\/title>\n<meta name=\"robots\" content=\"index, follow, max-snippet:-1, max-image-preview:large, max-video-preview:-1\" \/>\n<link rel=\"canonical\" href=\"https:\/\/www.noticiasradioreflejos.com.ar\/2021\/ajustes-en-el-monotributo-ganancias-y-jubilaciones-a-partir-del-ipc-de-diciembre\/\" \/>\n<meta property=\"og:locale\" content=\"es_ES\" \/>\n<meta property=\"og:type\" content=\"article\" \/>\n<meta property=\"og:title\" content=\"Ajustes en el monotributo, Ganancias y jubilaciones a partir del IPC de diciembre - Noticias Radio Reflejos\" \/>\n<meta property=\"og:description\" content=\"&gt;Monotributo, Impuesto a las Ganancias y jubilaciones y pensiones se actualizar\u00e1n a partir del nuevo dato de inflaci\u00f3n de 2,7% en diciembre, difundido hoy poe el Indec.\" \/>\n<meta property=\"og:url\" content=\"https:\/\/www.noticiasradioreflejos.com.ar\/2021\/ajustes-en-el-monotributo-ganancias-y-jubilaciones-a-partir-del-ipc-de-diciembre\/\" \/>\n<meta property=\"og:site_name\" content=\"Noticias Radio Reflejos\" \/>\n<meta property=\"article:published_time\" content=\"2025-01-15T10:40:58+00:00\" \/>\n<meta property=\"article:modified_time\" content=\"2025-01-16T14:51:18+00:00\" \/>\n<meta property=\"og:image\" content=\"https:\/\/www.noticiasradioreflejos.com.ar\/2021\/wp-content\/uploads\/2024\/12\/Monotributo.jpg\" \/>\n\t<meta property=\"og:image:width\" content=\"1121\" \/>\n\t<meta property=\"og:image:height\" content=\"633\" \/>\n\t<meta property=\"og:image:type\" content=\"image\/jpeg\" \/>\n<meta name=\"author\" content=\"Arnaldo Botto\" \/>\n<meta name=\"twitter:card\" content=\"summary_large_image\" \/>\n<script type=\"application\/ld+json\" class=\"yoast-schema-graph\">{\"@context\":\"https:\/\/schema.org\",\"@graph\":[{\"@type\":\"WebPage\",\"@id\":\"https:\/\/www.noticiasradioreflejos.com.ar\/2021\/ajustes-en-el-monotributo-ganancias-y-jubilaciones-a-partir-del-ipc-de-diciembre\/\",\"url\":\"https:\/\/www.noticiasradioreflejos.com.ar\/2021\/ajustes-en-el-monotributo-ganancias-y-jubilaciones-a-partir-del-ipc-de-diciembre\/\",\"name\":\"Ajustes en el monotributo, Ganancias y jubilaciones a partir del IPC de diciembre - Noticias Radio Reflejos\",\"isPartOf\":{\"@id\":\"https:\/\/www.noticiasradioreflejos.com.ar\/2021\/#website\"},\"primaryImageOfPage\":{\"@id\":\"https:\/\/www.noticiasradioreflejos.com.ar\/2021\/ajustes-en-el-monotributo-ganancias-y-jubilaciones-a-partir-del-ipc-de-diciembre\/#primaryimage\"},\"image\":{\"@id\":\"https:\/\/www.noticiasradioreflejos.com.ar\/2021\/ajustes-en-el-monotributo-ganancias-y-jubilaciones-a-partir-del-ipc-de-diciembre\/#primaryimage\"},\"thumbnailUrl\":\"https:\/\/www.noticiasradioreflejos.com.ar\/2021\/wp-content\/uploads\/2024\/12\/Monotributo.jpg\",\"datePublished\":\"2025-01-15T10:40:58+00:00\",\"dateModified\":\"2025-01-16T14:51:18+00:00\",\"author\":{\"@id\":\"https:\/\/www.noticiasradioreflejos.com.ar\/2021\/#\/schema\/person\/ad82545263dcc5ec0996818884fd5fb1\"},\"breadcrumb\":{\"@id\":\"https:\/\/www.noticiasradioreflejos.com.ar\/2021\/ajustes-en-el-monotributo-ganancias-y-jubilaciones-a-partir-del-ipc-de-diciembre\/#breadcrumb\"},\"inLanguage\":\"es\",\"potentialAction\":[{\"@type\":\"ReadAction\",\"target\":[\"https:\/\/www.noticiasradioreflejos.com.ar\/2021\/ajustes-en-el-monotributo-ganancias-y-jubilaciones-a-partir-del-ipc-de-diciembre\/\"]}]},{\"@type\":\"ImageObject\",\"inLanguage\":\"es\",\"@id\":\"https:\/\/www.noticiasradioreflejos.com.ar\/2021\/ajustes-en-el-monotributo-ganancias-y-jubilaciones-a-partir-del-ipc-de-diciembre\/#primaryimage\",\"url\":\"https:\/\/www.noticiasradioreflejos.com.ar\/2021\/wp-content\/uploads\/2024\/12\/Monotributo.jpg\",\"contentUrl\":\"https:\/\/www.noticiasradioreflejos.com.ar\/2021\/wp-content\/uploads\/2024\/12\/Monotributo.jpg\",\"width\":1121,\"height\":633},{\"@type\":\"BreadcrumbList\",\"@id\":\"https:\/\/www.noticiasradioreflejos.com.ar\/2021\/ajustes-en-el-monotributo-ganancias-y-jubilaciones-a-partir-del-ipc-de-diciembre\/#breadcrumb\",\"itemListElement\":[{\"@type\":\"ListItem\",\"position\":1,\"name\":\"Portada\",\"item\":\"https:\/\/www.noticiasradioreflejos.com.ar\/2021\/\"},{\"@type\":\"ListItem\",\"position\":2,\"name\":\"Ajustes en el monotributo, Ganancias y jubilaciones a partir del IPC de diciembre\"}]},{\"@type\":\"WebSite\",\"@id\":\"https:\/\/www.noticiasradioreflejos.com.ar\/2021\/#website\",\"url\":\"https:\/\/www.noticiasradioreflejos.com.ar\/2021\/\",\"name\":\"Noticias Radio Reflejos\",\"description\":\"Las noticias de mi comarca\",\"potentialAction\":[{\"@type\":\"SearchAction\",\"target\":{\"@type\":\"EntryPoint\",\"urlTemplate\":\"https:\/\/www.noticiasradioreflejos.com.ar\/2021\/?s={search_term_string}\"},\"query-input\":{\"@type\":\"PropertyValueSpecification\",\"valueRequired\":true,\"valueName\":\"search_term_string\"}}],\"inLanguage\":\"es\"},{\"@type\":\"Person\",\"@id\":\"https:\/\/www.noticiasradioreflejos.com.ar\/2021\/#\/schema\/person\/ad82545263dcc5ec0996818884fd5fb1\",\"name\":\"Arnaldo Botto\",\"image\":{\"@type\":\"ImageObject\",\"inLanguage\":\"es\",\"@id\":\"https:\/\/www.noticiasradioreflejos.com.ar\/2021\/#\/schema\/person\/image\/\",\"url\":\"https:\/\/secure.gravatar.com\/avatar\/55cb5e37c1efa326397366e6974cb338056df65cb50e7d64d1cf314e87504837?s=96&d=mm&r=g\",\"contentUrl\":\"https:\/\/secure.gravatar.com\/avatar\/55cb5e37c1efa326397366e6974cb338056df65cb50e7d64d1cf314e87504837?s=96&d=mm&r=g\",\"caption\":\"Arnaldo Botto\"},\"url\":\"https:\/\/www.noticiasradioreflejos.com.ar\/2021\/author\/arnaldo\/\"}]}<\/script>\n<!-- \/ Yoast SEO plugin. -->","yoast_head_json":{"title":"Ajustes en el monotributo, Ganancias y jubilaciones a partir del IPC de diciembre - Noticias Radio Reflejos","robots":{"index":"index","follow":"follow","max-snippet":"max-snippet:-1","max-image-preview":"max-image-preview:large","max-video-preview":"max-video-preview:-1"},"canonical":"https:\/\/www.noticiasradioreflejos.com.ar\/2021\/ajustes-en-el-monotributo-ganancias-y-jubilaciones-a-partir-del-ipc-de-diciembre\/","og_locale":"es_ES","og_type":"article","og_title":"Ajustes en el monotributo, Ganancias y jubilaciones a partir del IPC de diciembre - Noticias Radio Reflejos","og_description":"&gt;Monotributo, Impuesto a las Ganancias y jubilaciones y pensiones se actualizar\u00e1n a partir del nuevo dato de inflaci\u00f3n de 2,7% en diciembre, difundido hoy poe el Indec.","og_url":"https:\/\/www.noticiasradioreflejos.com.ar\/2021\/ajustes-en-el-monotributo-ganancias-y-jubilaciones-a-partir-del-ipc-de-diciembre\/","og_site_name":"Noticias Radio Reflejos","article_published_time":"2025-01-15T10:40:58+00:00","article_modified_time":"2025-01-16T14:51:18+00:00","og_image":[{"width":1121,"height":633,"url":"https:\/\/www.noticiasradioreflejos.com.ar\/2021\/wp-content\/uploads\/2024\/12\/Monotributo.jpg","type":"image\/jpeg"}],"author":"Arnaldo Botto","twitter_card":"summary_large_image","schema":{"@context":"https:\/\/schema.org","@graph":[{"@type":"WebPage","@id":"https:\/\/www.noticiasradioreflejos.com.ar\/2021\/ajustes-en-el-monotributo-ganancias-y-jubilaciones-a-partir-del-ipc-de-diciembre\/","url":"https:\/\/www.noticiasradioreflejos.com.ar\/2021\/ajustes-en-el-monotributo-ganancias-y-jubilaciones-a-partir-del-ipc-de-diciembre\/","name":"Ajustes en el monotributo, Ganancias y jubilaciones a partir del IPC de diciembre - Noticias Radio Reflejos","isPartOf":{"@id":"https:\/\/www.noticiasradioreflejos.com.ar\/2021\/#website"},"primaryImageOfPage":{"@id":"https:\/\/www.noticiasradioreflejos.com.ar\/2021\/ajustes-en-el-monotributo-ganancias-y-jubilaciones-a-partir-del-ipc-de-diciembre\/#primaryimage"},"image":{"@id":"https:\/\/www.noticiasradioreflejos.com.ar\/2021\/ajustes-en-el-monotributo-ganancias-y-jubilaciones-a-partir-del-ipc-de-diciembre\/#primaryimage"},"thumbnailUrl":"https:\/\/www.noticiasradioreflejos.com.ar\/2021\/wp-content\/uploads\/2024\/12\/Monotributo.jpg","datePublished":"2025-01-15T10:40:58+00:00","dateModified":"2025-01-16T14:51:18+00:00","author":{"@id":"https:\/\/www.noticiasradioreflejos.com.ar\/2021\/#\/schema\/person\/ad82545263dcc5ec0996818884fd5fb1"},"breadcrumb":{"@id":"https:\/\/www.noticiasradioreflejos.com.ar\/2021\/ajustes-en-el-monotributo-ganancias-y-jubilaciones-a-partir-del-ipc-de-diciembre\/#breadcrumb"},"inLanguage":"es","potentialAction":[{"@type":"ReadAction","target":["https:\/\/www.noticiasradioreflejos.com.ar\/2021\/ajustes-en-el-monotributo-ganancias-y-jubilaciones-a-partir-del-ipc-de-diciembre\/"]}]},{"@type":"ImageObject","inLanguage":"es","@id":"https:\/\/www.noticiasradioreflejos.com.ar\/2021\/ajustes-en-el-monotributo-ganancias-y-jubilaciones-a-partir-del-ipc-de-diciembre\/#primaryimage","url":"https:\/\/www.noticiasradioreflejos.com.ar\/2021\/wp-content\/uploads\/2024\/12\/Monotributo.jpg","contentUrl":"https:\/\/www.noticiasradioreflejos.com.ar\/2021\/wp-content\/uploads\/2024\/12\/Monotributo.jpg","width":1121,"height":633},{"@type":"BreadcrumbList","@id":"https:\/\/www.noticiasradioreflejos.com.ar\/2021\/ajustes-en-el-monotributo-ganancias-y-jubilaciones-a-partir-del-ipc-de-diciembre\/#breadcrumb","itemListElement":[{"@type":"ListItem","position":1,"name":"Portada","item":"https:\/\/www.noticiasradioreflejos.com.ar\/2021\/"},{"@type":"ListItem","position":2,"name":"Ajustes en el monotributo, Ganancias y jubilaciones a partir del IPC de diciembre"}]},{"@type":"WebSite","@id":"https:\/\/www.noticiasradioreflejos.com.ar\/2021\/#website","url":"https:\/\/www.noticiasradioreflejos.com.ar\/2021\/","name":"Noticias Radio Reflejos","description":"Las noticias de mi comarca","potentialAction":[{"@type":"SearchAction","target":{"@type":"EntryPoint","urlTemplate":"https:\/\/www.noticiasradioreflejos.com.ar\/2021\/?s={search_term_string}"},"query-input":{"@type":"PropertyValueSpecification","valueRequired":true,"valueName":"search_term_string"}}],"inLanguage":"es"},{"@type":"Person","@id":"https:\/\/www.noticiasradioreflejos.com.ar\/2021\/#\/schema\/person\/ad82545263dcc5ec0996818884fd5fb1","name":"Arnaldo Botto","image":{"@type":"ImageObject","inLanguage":"es","@id":"https:\/\/www.noticiasradioreflejos.com.ar\/2021\/#\/schema\/person\/image\/","url":"https:\/\/secure.gravatar.com\/avatar\/55cb5e37c1efa326397366e6974cb338056df65cb50e7d64d1cf314e87504837?s=96&d=mm&r=g","contentUrl":"https:\/\/secure.gravatar.com\/avatar\/55cb5e37c1efa326397366e6974cb338056df65cb50e7d64d1cf314e87504837?s=96&d=mm&r=g","caption":"Arnaldo Botto"},"url":"https:\/\/www.noticiasradioreflejos.com.ar\/2021\/author\/arnaldo\/"}]}},"_links":{"self":[{"href":"https:\/\/www.noticiasradioreflejos.com.ar\/2021\/wp-json\/wp\/v2\/posts\/111604","targetHints":{"allow":["GET"]}}],"collection":[{"href":"https:\/\/www.noticiasradioreflejos.com.ar\/2021\/wp-json\/wp\/v2\/posts"}],"about":[{"href":"https:\/\/www.noticiasradioreflejos.com.ar\/2021\/wp-json\/wp\/v2\/types\/post"}],"author":[{"embeddable":true,"href":"https:\/\/www.noticiasradioreflejos.com.ar\/2021\/wp-json\/wp\/v2\/users\/3"}],"replies":[{"embeddable":true,"href":"https:\/\/www.noticiasradioreflejos.com.ar\/2021\/wp-json\/wp\/v2\/comments?post=111604"}],"version-history":[{"count":1,"href":"https:\/\/www.noticiasradioreflejos.com.ar\/2021\/wp-json\/wp\/v2\/posts\/111604\/revisions"}],"predecessor-version":[{"id":111605,"href":"https:\/\/www.noticiasradioreflejos.com.ar\/2021\/wp-json\/wp\/v2\/posts\/111604\/revisions\/111605"}],"wp:featuredmedia":[{"embeddable":true,"href":"https:\/\/www.noticiasradioreflejos.com.ar\/2021\/wp-json\/wp\/v2\/media\/111028"}],"wp:attachment":[{"href":"https:\/\/www.noticiasradioreflejos.com.ar\/2021\/wp-json\/wp\/v2\/media?parent=111604"}],"wp:term":[{"taxonomy":"category","embeddable":true,"href":"https:\/\/www.noticiasradioreflejos.com.ar\/2021\/wp-json\/wp\/v2\/categories?post=111604"},{"taxonomy":"post_tag","embeddable":true,"href":"https:\/\/www.noticiasradioreflejos.com.ar\/2021\/wp-json\/wp\/v2\/tags?post=111604"}],"curies":[{"name":"wp","href":"https:\/\/api.w.org\/{rel}","templated":true}]}}