{"id":111601,"date":"2025-01-15T07:38:11","date_gmt":"2025-01-15T10:38:11","guid":{"rendered":"https:\/\/www.noticiasradioreflejos.com.ar\/2021\/?p=111601"},"modified":"2025-01-15T07:38:11","modified_gmt":"2025-01-15T10:38:11","slug":"alerta-por-calor-extremo-buenos-aires-y-otras-15-provincias-afectadas-por-las-altas-temperaturas","status":"publish","type":"post","link":"https:\/\/www.noticiasradioreflejos.com.ar\/2021\/alerta-por-calor-extremo-buenos-aires-y-otras-15-provincias-afectadas-por-las-altas-temperaturas\/","title":{"rendered":"Alerta por calor extremo: Buenos Aires y otras 15 provincias afectadas por las altas temperaturas"},"content":{"rendered":"<p>Se siente con fuerza la primera ola de calor del a\u00f1o, y el Servicio Meteorol\u00f3gico Nacional manten\u00eda para este mi\u00e9rcoles sus advertencias en varias zonas del pa\u00eds.<!--more--><\/p>\n<p>En Sierra de la Ventana y toda la zona serrana se espera una m\u00e1xima que rondar\u00eda los 36\u00b0.<\/p>\n<div class=\"column-main\">\n<div class=\"article-body\" data-tadevel-template=\"web\/article-body\">\n<div class=\"article-body-content\">\n<p>Se siente con fuerza el calor en algunas zonas durante el inicio del 2025,\u00a0y por eso el\u00a0<strong>Servicio Meteorol\u00f3gico Nacional (SMN)<\/strong>\u00a0manten\u00eda para este\u00a0mi\u00e9rcoles\u00a0nuevos\u00a0<strong>alertas<\/strong>\u00a0por\u00a0<strong>altas temperaturas<\/strong>\u00a0para diferentes distritos.<\/p>\n<p>De esta manera, se mantiene el\u00a0<strong>alerta amarillo que reg\u00eda para algunas partes de las provincias de Buenos Aires,<\/strong><strong>\u00a0Entre R\u00edos, Corrientes, Misiones, Formosa, Chaco, Salta, Tucum\u00e1n, Santa Fe, Santiago del Estero, C\u00f3rdoba, La Rioja, San Juan, San Luis, La Pampa y Mendoza<\/strong><strong>.<\/strong><\/p>\n<figure class=\"multimedia\" data-type=\"photo\" data-tadevel-template=\"web\/multimedia\">\n<div class=\"content\">\n<div class=\"sizer\" data-sizer=\"aspect-ratio\" data-tadevel-template=\"web\/aspect-ratio\">\n<div class=\"backdrop\" data-tadevel-template=\"web\/picture\"><\/div>\n<picture data-tadevel-template=\"web\/picture\"><source srcset=\"https:\/\/alpha-assets.tadevel-cdn.com\/67872f402b5a34b337ff048a\/180.webp 106w, https:\/\/alpha-assets.tadevel-cdn.com\/67872f402b5a34b337ff048a\/360.webp 212w, https:\/\/alpha-assets.tadevel-cdn.com\/67872f402b5a34b337ff048a\/720.webp 425w\" type=\"image\/webp\" sizes=\"(min-device-width: 768px) 768px, 200px\" \/><source srcset=\"https:\/\/alpha-assets.tadevel-cdn.com\/67872f402b5a34b337ff048a\/720.jpeg 425w\" type=\"image\/jpeg\" sizes=\"(min-device-width: 768px) 768px, 200px\" \/><\/picture>\n<div class=\"overlay\"><\/div>\n<p>&nbsp;<\/p>\n<\/div>\n<\/div>\n<\/figure>\n<h3>Qu\u00e9 implica cada nivel de alerta por temperaturas extremas<\/h3>\n<p><strong>Alerta amarilla:<\/strong><\/p>\n<p>El alerta de\u00a0<strong>nivel amarillo establece un efecto leve a moderado en la salud, de acuerdo al sistema del SMN.<\/strong><\/p>\n<p>Implica, en este caso, que\u00a0<strong>las temperaturas pueden ser peligrosas<\/strong>,\u00a0sobre todo para los grupos de riesgo, como ni\u00f1os y ni\u00f1as, personas mayores de 65 a\u00f1os, con enfermedades cr\u00f3nicas.<\/p>\n<p><strong>Alerta naranja:<\/strong><\/p>\n<p>Este aviso implica\u00a0<strong>un efecto moderado a alto en la salud<\/strong>, por lo que\u00a0<strong>las temperaturas pueden ser muy peligrosas<\/strong>,\u00a0especialmente para los grupos de riesgo.<\/p>\n<p><strong>Alerta roja:<\/strong><\/p>\n<p>La advertencia de\u00a0<strong>nivel rojo significa que el calor puede tener un efecto alto a extremo en la salud.<\/strong><strong>\u00a0<\/strong>En este caso,\u00a0<strong>las temperaturas son muy peligrosas,<\/strong><strong>\u00a0<\/strong>y pueden afectar a todas las personas, incluso a las saludables.<\/p>\n<h3>Recomendaciones del SMN ante temperaturas extremas<\/h3>\n<p>Las recomendaciones para este tipo de eventos son indicadas por el Ministerio de Salud.<\/p>\n<ul>\n<li>Aumentar el consumo de agua sin esperar a tener sed para mantener una hidrataci\u00f3n adecuada.<\/li>\n<li>No exponerse al sol en exceso, ni en horas centrales del d\u00eda (entre las 10 y las 16 horas).<\/li>\n<li>Prestar atenci\u00f3n a los beb\u00e9s, ni\u00f1os y ni\u00f1as y a las personas mayores.<\/li>\n<li>Evitar las bebidas con cafe\u00edna, con alcohol o muy azucaradas.<\/li>\n<li>Evitar comidas muy abundantes.<\/li>\n<li>Ingerir verduras y frutas.<\/li>\n<li>Reducir la actividad f\u00edsica.<\/li>\n<li>Usar ropa ligera, holgada y de colores claros; sombrero, anteojos oscuros.<\/li>\n<li>Permanecer en espacios ventilados o acondicionados.<\/li>\n<li>Recordar que no existe un tratamiento farmacol\u00f3gico contra el golpe de calor y s\u00f3lo los m\u00e9todos cl\u00e1sicos, citados arriba, pueden prevenirlo y contrarrestarlo.<\/li>\n<\/ul>\n<h3><strong>Qu\u00e9 es un evento de temperaturas extremas<\/strong><\/h3>\n<p>Un evento de temperaturas extremas es un per\u00edodo en el que se espera que se registren\u00a0<strong>valores de temperatura m\u00e1xima y m\u00ednima que pueden poner en peligro la salud de las personas.<\/strong>\u00a0Luego de realizar una serie de estudios interdisciplinarios en Argentina, se encontr\u00f3 que hab\u00eda ciertos valores umbrales de temperaturas a partir de los cuales aumentaba la morbilidad y la mortalidad de las personas.<\/p>\n<\/div>\n<\/div>\n<\/div>\n","protected":false},"excerpt":{"rendered":"<p>Se siente con fuerza la primera ola de calor del a\u00f1o, y el Servicio Meteorol\u00f3gico Nacional manten\u00eda para este mi\u00e9rcoles sus advertencias en varias zonas del pa\u00eds.<\/p>\n","protected":false},"author":3,"featured_media":0,"comment_status":"closed","ping_status":"closed","sticky":false,"template":"","format":"standard","meta":{"footnotes":""},"categories":[46],"tags":[48],"class_list":["post-111601","post","type-post","status-publish","format-standard","hentry","category-ciencia-y-tecnologia","tag-destacada"],"yoast_head":"<!-- This site is optimized with the Yoast SEO plugin v25.9 - https:\/\/yoast.com\/wordpress\/plugins\/seo\/ -->\n<title>Alerta por calor extremo: Buenos Aires y otras 15 provincias afectadas por las altas temperaturas - Noticias Radio Reflejos<\/title>\n<meta name=\"robots\" content=\"index, follow, max-snippet:-1, max-image-preview:large, max-video-preview:-1\" \/>\n<link rel=\"canonical\" href=\"https:\/\/www.noticiasradioreflejos.com.ar\/2021\/alerta-por-calor-extremo-buenos-aires-y-otras-15-provincias-afectadas-por-las-altas-temperaturas\/\" \/>\n<meta property=\"og:locale\" content=\"es_ES\" \/>\n<meta property=\"og:type\" content=\"article\" \/>\n<meta property=\"og:title\" content=\"Alerta por calor extremo: Buenos Aires y otras 15 provincias afectadas por las altas temperaturas - Noticias Radio Reflejos\" \/>\n<meta property=\"og:description\" content=\"Se siente con fuerza la primera ola de calor del a\u00f1o, y el Servicio Meteorol\u00f3gico Nacional manten\u00eda para este mi\u00e9rcoles sus advertencias en varias zonas del pa\u00eds.\" \/>\n<meta property=\"og:url\" content=\"https:\/\/www.noticiasradioreflejos.com.ar\/2021\/alerta-por-calor-extremo-buenos-aires-y-otras-15-provincias-afectadas-por-las-altas-temperaturas\/\" \/>\n<meta property=\"og:site_name\" content=\"Noticias Radio Reflejos\" \/>\n<meta property=\"article:published_time\" content=\"2025-01-15T10:38:11+00:00\" \/>\n<meta property=\"og:image\" content=\"https:\/\/www.noticiasradioreflejos.com.ar\/2021\/wp-content\/uploads\/2021\/07\/logosol300x200.png\" \/>\n\t<meta property=\"og:image:width\" content=\"300\" \/>\n\t<meta property=\"og:image:height\" content=\"200\" \/>\n\t<meta property=\"og:image:type\" content=\"image\/png\" \/>\n<meta name=\"author\" content=\"Arnaldo Botto\" \/>\n<meta name=\"twitter:card\" content=\"summary_large_image\" \/>\n<script type=\"application\/ld+json\" class=\"yoast-schema-graph\">{\"@context\":\"https:\/\/schema.org\",\"@graph\":[{\"@type\":\"WebPage\",\"@id\":\"https:\/\/www.noticiasradioreflejos.com.ar\/2021\/alerta-por-calor-extremo-buenos-aires-y-otras-15-provincias-afectadas-por-las-altas-temperaturas\/\",\"url\":\"https:\/\/www.noticiasradioreflejos.com.ar\/2021\/alerta-por-calor-extremo-buenos-aires-y-otras-15-provincias-afectadas-por-las-altas-temperaturas\/\",\"name\":\"Alerta por calor extremo: Buenos Aires y otras 15 provincias afectadas por las altas temperaturas - Noticias Radio Reflejos\",\"isPartOf\":{\"@id\":\"https:\/\/www.noticiasradioreflejos.com.ar\/2021\/#website\"},\"datePublished\":\"2025-01-15T10:38:11+00:00\",\"author\":{\"@id\":\"https:\/\/www.noticiasradioreflejos.com.ar\/2021\/#\/schema\/person\/ad82545263dcc5ec0996818884fd5fb1\"},\"breadcrumb\":{\"@id\":\"https:\/\/www.noticiasradioreflejos.com.ar\/2021\/alerta-por-calor-extremo-buenos-aires-y-otras-15-provincias-afectadas-por-las-altas-temperaturas\/#breadcrumb\"},\"inLanguage\":\"es\",\"potentialAction\":[{\"@type\":\"ReadAction\",\"target\":[\"https:\/\/www.noticiasradioreflejos.com.ar\/2021\/alerta-por-calor-extremo-buenos-aires-y-otras-15-provincias-afectadas-por-las-altas-temperaturas\/\"]}]},{\"@type\":\"BreadcrumbList\",\"@id\":\"https:\/\/www.noticiasradioreflejos.com.ar\/2021\/alerta-por-calor-extremo-buenos-aires-y-otras-15-provincias-afectadas-por-las-altas-temperaturas\/#breadcrumb\",\"itemListElement\":[{\"@type\":\"ListItem\",\"position\":1,\"name\":\"Portada\",\"item\":\"https:\/\/www.noticiasradioreflejos.com.ar\/2021\/\"},{\"@type\":\"ListItem\",\"position\":2,\"name\":\"Alerta por calor extremo: Buenos Aires y otras 15 provincias afectadas por las altas temperaturas\"}]},{\"@type\":\"WebSite\",\"@id\":\"https:\/\/www.noticiasradioreflejos.com.ar\/2021\/#website\",\"url\":\"https:\/\/www.noticiasradioreflejos.com.ar\/2021\/\",\"name\":\"Noticias Radio Reflejos\",\"description\":\"Las noticias de mi comarca\",\"potentialAction\":[{\"@type\":\"SearchAction\",\"target\":{\"@type\":\"EntryPoint\",\"urlTemplate\":\"https:\/\/www.noticiasradioreflejos.com.ar\/2021\/?s={search_term_string}\"},\"query-input\":{\"@type\":\"PropertyValueSpecification\",\"valueRequired\":true,\"valueName\":\"search_term_string\"}}],\"inLanguage\":\"es\"},{\"@type\":\"Person\",\"@id\":\"https:\/\/www.noticiasradioreflejos.com.ar\/2021\/#\/schema\/person\/ad82545263dcc5ec0996818884fd5fb1\",\"name\":\"Arnaldo Botto\",\"image\":{\"@type\":\"ImageObject\",\"inLanguage\":\"es\",\"@id\":\"https:\/\/www.noticiasradioreflejos.com.ar\/2021\/#\/schema\/person\/image\/\",\"url\":\"https:\/\/secure.gravatar.com\/avatar\/55cb5e37c1efa326397366e6974cb338056df65cb50e7d64d1cf314e87504837?s=96&d=mm&r=g\",\"contentUrl\":\"https:\/\/secure.gravatar.com\/avatar\/55cb5e37c1efa326397366e6974cb338056df65cb50e7d64d1cf314e87504837?s=96&d=mm&r=g\",\"caption\":\"Arnaldo Botto\"},\"url\":\"https:\/\/www.noticiasradioreflejos.com.ar\/2021\/author\/arnaldo\/\"}]}<\/script>\n<!-- \/ Yoast SEO plugin. -->","yoast_head_json":{"title":"Alerta por calor extremo: Buenos Aires y otras 15 provincias afectadas por las altas temperaturas - Noticias Radio Reflejos","robots":{"index":"index","follow":"follow","max-snippet":"max-snippet:-1","max-image-preview":"max-image-preview:large","max-video-preview":"max-video-preview:-1"},"canonical":"https:\/\/www.noticiasradioreflejos.com.ar\/2021\/alerta-por-calor-extremo-buenos-aires-y-otras-15-provincias-afectadas-por-las-altas-temperaturas\/","og_locale":"es_ES","og_type":"article","og_title":"Alerta por calor extremo: Buenos Aires y otras 15 provincias afectadas por las altas temperaturas - Noticias Radio Reflejos","og_description":"Se siente con fuerza la primera ola de calor del a\u00f1o, y el Servicio Meteorol\u00f3gico Nacional manten\u00eda para este mi\u00e9rcoles sus advertencias en varias zonas del pa\u00eds.","og_url":"https:\/\/www.noticiasradioreflejos.com.ar\/2021\/alerta-por-calor-extremo-buenos-aires-y-otras-15-provincias-afectadas-por-las-altas-temperaturas\/","og_site_name":"Noticias Radio Reflejos","article_published_time":"2025-01-15T10:38:11+00:00","og_image":[{"width":300,"height":200,"url":"https:\/\/www.noticiasradioreflejos.com.ar\/2021\/wp-content\/uploads\/2021\/07\/logosol300x200.png","type":"image\/png"}],"author":"Arnaldo Botto","twitter_card":"summary_large_image","schema":{"@context":"https:\/\/schema.org","@graph":[{"@type":"WebPage","@id":"https:\/\/www.noticiasradioreflejos.com.ar\/2021\/alerta-por-calor-extremo-buenos-aires-y-otras-15-provincias-afectadas-por-las-altas-temperaturas\/","url":"https:\/\/www.noticiasradioreflejos.com.ar\/2021\/alerta-por-calor-extremo-buenos-aires-y-otras-15-provincias-afectadas-por-las-altas-temperaturas\/","name":"Alerta por calor extremo: Buenos Aires y otras 15 provincias afectadas por las altas temperaturas - Noticias Radio Reflejos","isPartOf":{"@id":"https:\/\/www.noticiasradioreflejos.com.ar\/2021\/#website"},"datePublished":"2025-01-15T10:38:11+00:00","author":{"@id":"https:\/\/www.noticiasradioreflejos.com.ar\/2021\/#\/schema\/person\/ad82545263dcc5ec0996818884fd5fb1"},"breadcrumb":{"@id":"https:\/\/www.noticiasradioreflejos.com.ar\/2021\/alerta-por-calor-extremo-buenos-aires-y-otras-15-provincias-afectadas-por-las-altas-temperaturas\/#breadcrumb"},"inLanguage":"es","potentialAction":[{"@type":"ReadAction","target":["https:\/\/www.noticiasradioreflejos.com.ar\/2021\/alerta-por-calor-extremo-buenos-aires-y-otras-15-provincias-afectadas-por-las-altas-temperaturas\/"]}]},{"@type":"BreadcrumbList","@id":"https:\/\/www.noticiasradioreflejos.com.ar\/2021\/alerta-por-calor-extremo-buenos-aires-y-otras-15-provincias-afectadas-por-las-altas-temperaturas\/#breadcrumb","itemListElement":[{"@type":"ListItem","position":1,"name":"Portada","item":"https:\/\/www.noticiasradioreflejos.com.ar\/2021\/"},{"@type":"ListItem","position":2,"name":"Alerta por calor extremo: Buenos Aires y otras 15 provincias afectadas por las altas temperaturas"}]},{"@type":"WebSite","@id":"https:\/\/www.noticiasradioreflejos.com.ar\/2021\/#website","url":"https:\/\/www.noticiasradioreflejos.com.ar\/2021\/","name":"Noticias Radio Reflejos","description":"Las noticias de mi comarca","potentialAction":[{"@type":"SearchAction","target":{"@type":"EntryPoint","urlTemplate":"https:\/\/www.noticiasradioreflejos.com.ar\/2021\/?s={search_term_string}"},"query-input":{"@type":"PropertyValueSpecification","valueRequired":true,"valueName":"search_term_string"}}],"inLanguage":"es"},{"@type":"Person","@id":"https:\/\/www.noticiasradioreflejos.com.ar\/2021\/#\/schema\/person\/ad82545263dcc5ec0996818884fd5fb1","name":"Arnaldo Botto","image":{"@type":"ImageObject","inLanguage":"es","@id":"https:\/\/www.noticiasradioreflejos.com.ar\/2021\/#\/schema\/person\/image\/","url":"https:\/\/secure.gravatar.com\/avatar\/55cb5e37c1efa326397366e6974cb338056df65cb50e7d64d1cf314e87504837?s=96&d=mm&r=g","contentUrl":"https:\/\/secure.gravatar.com\/avatar\/55cb5e37c1efa326397366e6974cb338056df65cb50e7d64d1cf314e87504837?s=96&d=mm&r=g","caption":"Arnaldo Botto"},"url":"https:\/\/www.noticiasradioreflejos.com.ar\/2021\/author\/arnaldo\/"}]}},"_links":{"self":[{"href":"https:\/\/www.noticiasradioreflejos.com.ar\/2021\/wp-json\/wp\/v2\/posts\/111601","targetHints":{"allow":["GET"]}}],"collection":[{"href":"https:\/\/www.noticiasradioreflejos.com.ar\/2021\/wp-json\/wp\/v2\/posts"}],"about":[{"href":"https:\/\/www.noticiasradioreflejos.com.ar\/2021\/wp-json\/wp\/v2\/types\/post"}],"author":[{"embeddable":true,"href":"https:\/\/www.noticiasradioreflejos.com.ar\/2021\/wp-json\/wp\/v2\/users\/3"}],"replies":[{"embeddable":true,"href":"https:\/\/www.noticiasradioreflejos.com.ar\/2021\/wp-json\/wp\/v2\/comments?post=111601"}],"version-history":[{"count":1,"href":"https:\/\/www.noticiasradioreflejos.com.ar\/2021\/wp-json\/wp\/v2\/posts\/111601\/revisions"}],"predecessor-version":[{"id":111603,"href":"https:\/\/www.noticiasradioreflejos.com.ar\/2021\/wp-json\/wp\/v2\/posts\/111601\/revisions\/111603"}],"wp:attachment":[{"href":"https:\/\/www.noticiasradioreflejos.com.ar\/2021\/wp-json\/wp\/v2\/media?parent=111601"}],"wp:term":[{"taxonomy":"category","embeddable":true,"href":"https:\/\/www.noticiasradioreflejos.com.ar\/2021\/wp-json\/wp\/v2\/categories?post=111601"},{"taxonomy":"post_tag","embeddable":true,"href":"https:\/\/www.noticiasradioreflejos.com.ar\/2021\/wp-json\/wp\/v2\/tags?post=111601"}],"curies":[{"name":"wp","href":"https:\/\/api.w.org\/{rel}","templated":true}]}}