{"id":11157,"date":"2017-06-12T15:23:15","date_gmt":"2017-06-12T18:23:15","guid":{"rendered":"http:\/\/noticiasradioreflejos.com.ar\/noticias\/?p=11157"},"modified":"2017-06-12T15:23:15","modified_gmt":"2017-06-12T18:23:15","slug":"se-extendio-el-plazo-para-inscribirse-a-la-convocatoria-de-proyectos-de-energias-sustentables-region-sudoeste","status":"publish","type":"post","link":"https:\/\/www.noticiasradioreflejos.com.ar\/2021\/se-extendio-el-plazo-para-inscribirse-a-la-convocatoria-de-proyectos-de-energias-sustentables-region-sudoeste\/","title":{"rendered":"Se extendi\u00f3 el plazo para inscribirse a la convocatoria de proyectos de Energ\u00edas Sustentables Regi\u00f3n Sudoeste"},"content":{"rendered":"<p>La Agencia de Desarrollo municipal inform\u00f3 que se extendi\u00f3 el plazo para inscribirse a la convocatoria del Ministerio de Ciencia, Tecnolog\u00eda e Innovaci\u00f3n, para la presentaci\u00f3n de proyectos de energ\u00edas renovables \/ sustentables en el Sudoeste Bonaerense.<br \/>\nLos interesados podr\u00e1n anotarse hasta el 20 de junio.<!--more--><br \/>\nLa misma est\u00e1 destinada a personas f\u00edsicas y jur\u00eddicas (hasta 5 a\u00f1os de antig\u00fcedad).<br \/>\nMonto por proyecto: $250.000<br \/>\nProyectos a financiar: 2<br \/>\nAsesor\u00edas en planes de Negocios: Expertos de la UPSO<br \/>\nAsesor\u00edas T\u00e9cnicas: Expertos del Ministerio de Ciencia, Tecnolog\u00eda e Innovaci\u00f3n<br \/>\nBases y condiciones:<br \/>\nhttp:\/\/www.mcti.gba.gov.ar\/archivos\/documentos\/Convocatoria_Energ%C3%ADas_Sustentables.pdf<br \/>\nInscripci\u00f3n: http:\/\/www.mcti.gba.gov.ar\/ssai\/energias_sustentables<br \/>\nPor consultas comunicarse con la Agencia de Desarrollo (0291) 494.0810, de lunes a viernes de 09.00 a 15.00 hs.<\/p>\n","protected":false},"excerpt":{"rendered":"<p>La Agencia de Desarrollo municipal inform\u00f3 que se extendi\u00f3 el plazo para inscribirse a la convocatoria del Ministerio de Ciencia, Tecnolog\u00eda e Innovaci\u00f3n, para la presentaci\u00f3n de proyectos de energ\u00edas renovables \/ sustentables en el Sudoeste Bonaerense. Los interesados podr\u00e1n anotarse hasta el 20 de junio.<\/p>\n","protected":false},"author":3,"featured_media":0,"comment_status":"closed","ping_status":"open","sticky":false,"template":"","format":"standard","meta":{"footnotes":""},"categories":[28],"tags":[],"class_list":["post-11157","post","type-post","status-publish","format-standard","hentry","category-municipales"],"yoast_head":"<!-- This site is optimized with the Yoast SEO plugin v25.9 - https:\/\/yoast.com\/wordpress\/plugins\/seo\/ -->\n<title>Se extendi\u00f3 el plazo para inscribirse a la convocatoria de proyectos de Energ\u00edas Sustentables Regi\u00f3n Sudoeste - Noticias Radio Reflejos<\/title>\n<meta name=\"robots\" content=\"index, follow, max-snippet:-1, max-image-preview:large, max-video-preview:-1\" \/>\n<link rel=\"canonical\" href=\"https:\/\/www.noticiasradioreflejos.com.ar\/2021\/se-extendio-el-plazo-para-inscribirse-a-la-convocatoria-de-proyectos-de-energias-sustentables-region-sudoeste\/\" \/>\n<meta property=\"og:locale\" content=\"es_ES\" \/>\n<meta property=\"og:type\" content=\"article\" \/>\n<meta property=\"og:title\" content=\"Se extendi\u00f3 el plazo para inscribirse a la convocatoria de proyectos de Energ\u00edas Sustentables Regi\u00f3n Sudoeste - Noticias Radio Reflejos\" \/>\n<meta property=\"og:description\" content=\"La Agencia de Desarrollo municipal inform\u00f3 que se extendi\u00f3 el plazo para inscribirse a la convocatoria del Ministerio de Ciencia, Tecnolog\u00eda e Innovaci\u00f3n, para la presentaci\u00f3n de proyectos de energ\u00edas renovables \/ sustentables en el Sudoeste Bonaerense. Los interesados podr\u00e1n anotarse hasta el 20 de junio.\" \/>\n<meta property=\"og:url\" content=\"https:\/\/www.noticiasradioreflejos.com.ar\/2021\/se-extendio-el-plazo-para-inscribirse-a-la-convocatoria-de-proyectos-de-energias-sustentables-region-sudoeste\/\" \/>\n<meta property=\"og:site_name\" content=\"Noticias Radio Reflejos\" \/>\n<meta property=\"article:published_time\" content=\"2017-06-12T18:23:15+00:00\" \/>\n<meta property=\"og:image\" content=\"https:\/\/www.noticiasradioreflejos.com.ar\/2021\/wp-content\/uploads\/2021\/07\/logosol300x200.png\" \/>\n\t<meta property=\"og:image:width\" content=\"300\" \/>\n\t<meta property=\"og:image:height\" content=\"200\" \/>\n\t<meta property=\"og:image:type\" content=\"image\/png\" \/>\n<meta name=\"author\" content=\"Arnaldo Botto\" \/>\n<meta name=\"twitter:card\" content=\"summary_large_image\" \/>\n<script type=\"application\/ld+json\" class=\"yoast-schema-graph\">{\"@context\":\"https:\/\/schema.org\",\"@graph\":[{\"@type\":\"WebPage\",\"@id\":\"https:\/\/www.noticiasradioreflejos.com.ar\/2021\/se-extendio-el-plazo-para-inscribirse-a-la-convocatoria-de-proyectos-de-energias-sustentables-region-sudoeste\/\",\"url\":\"https:\/\/www.noticiasradioreflejos.com.ar\/2021\/se-extendio-el-plazo-para-inscribirse-a-la-convocatoria-de-proyectos-de-energias-sustentables-region-sudoeste\/\",\"name\":\"Se extendi\u00f3 el plazo para inscribirse a la convocatoria de proyectos de Energ\u00edas Sustentables Regi\u00f3n Sudoeste - Noticias Radio Reflejos\",\"isPartOf\":{\"@id\":\"https:\/\/www.noticiasradioreflejos.com.ar\/2021\/#website\"},\"datePublished\":\"2017-06-12T18:23:15+00:00\",\"author\":{\"@id\":\"https:\/\/www.noticiasradioreflejos.com.ar\/2021\/#\/schema\/person\/ad82545263dcc5ec0996818884fd5fb1\"},\"breadcrumb\":{\"@id\":\"https:\/\/www.noticiasradioreflejos.com.ar\/2021\/se-extendio-el-plazo-para-inscribirse-a-la-convocatoria-de-proyectos-de-energias-sustentables-region-sudoeste\/#breadcrumb\"},\"inLanguage\":\"es\",\"potentialAction\":[{\"@type\":\"ReadAction\",\"target\":[\"https:\/\/www.noticiasradioreflejos.com.ar\/2021\/se-extendio-el-plazo-para-inscribirse-a-la-convocatoria-de-proyectos-de-energias-sustentables-region-sudoeste\/\"]}]},{\"@type\":\"BreadcrumbList\",\"@id\":\"https:\/\/www.noticiasradioreflejos.com.ar\/2021\/se-extendio-el-plazo-para-inscribirse-a-la-convocatoria-de-proyectos-de-energias-sustentables-region-sudoeste\/#breadcrumb\",\"itemListElement\":[{\"@type\":\"ListItem\",\"position\":1,\"name\":\"Portada\",\"item\":\"https:\/\/www.noticiasradioreflejos.com.ar\/2021\/\"},{\"@type\":\"ListItem\",\"position\":2,\"name\":\"Se extendi\u00f3 el plazo para inscribirse a la convocatoria de proyectos de Energ\u00edas Sustentables Regi\u00f3n Sudoeste\"}]},{\"@type\":\"WebSite\",\"@id\":\"https:\/\/www.noticiasradioreflejos.com.ar\/2021\/#website\",\"url\":\"https:\/\/www.noticiasradioreflejos.com.ar\/2021\/\",\"name\":\"Noticias Radio Reflejos\",\"description\":\"Las noticias de mi comarca\",\"potentialAction\":[{\"@type\":\"SearchAction\",\"target\":{\"@type\":\"EntryPoint\",\"urlTemplate\":\"https:\/\/www.noticiasradioreflejos.com.ar\/2021\/?s={search_term_string}\"},\"query-input\":{\"@type\":\"PropertyValueSpecification\",\"valueRequired\":true,\"valueName\":\"search_term_string\"}}],\"inLanguage\":\"es\"},{\"@type\":\"Person\",\"@id\":\"https:\/\/www.noticiasradioreflejos.com.ar\/2021\/#\/schema\/person\/ad82545263dcc5ec0996818884fd5fb1\",\"name\":\"Arnaldo Botto\",\"image\":{\"@type\":\"ImageObject\",\"inLanguage\":\"es\",\"@id\":\"https:\/\/www.noticiasradioreflejos.com.ar\/2021\/#\/schema\/person\/image\/\",\"url\":\"https:\/\/secure.gravatar.com\/avatar\/55cb5e37c1efa326397366e6974cb338056df65cb50e7d64d1cf314e87504837?s=96&d=mm&r=g\",\"contentUrl\":\"https:\/\/secure.gravatar.com\/avatar\/55cb5e37c1efa326397366e6974cb338056df65cb50e7d64d1cf314e87504837?s=96&d=mm&r=g\",\"caption\":\"Arnaldo Botto\"},\"url\":\"https:\/\/www.noticiasradioreflejos.com.ar\/2021\/author\/arnaldo\/\"}]}<\/script>\n<!-- \/ Yoast SEO plugin. -->","yoast_head_json":{"title":"Se extendi\u00f3 el plazo para inscribirse a la convocatoria de proyectos de Energ\u00edas Sustentables Regi\u00f3n Sudoeste - Noticias Radio Reflejos","robots":{"index":"index","follow":"follow","max-snippet":"max-snippet:-1","max-image-preview":"max-image-preview:large","max-video-preview":"max-video-preview:-1"},"canonical":"https:\/\/www.noticiasradioreflejos.com.ar\/2021\/se-extendio-el-plazo-para-inscribirse-a-la-convocatoria-de-proyectos-de-energias-sustentables-region-sudoeste\/","og_locale":"es_ES","og_type":"article","og_title":"Se extendi\u00f3 el plazo para inscribirse a la convocatoria de proyectos de Energ\u00edas Sustentables Regi\u00f3n Sudoeste - Noticias Radio Reflejos","og_description":"La Agencia de Desarrollo municipal inform\u00f3 que se extendi\u00f3 el plazo para inscribirse a la convocatoria del Ministerio de Ciencia, Tecnolog\u00eda e Innovaci\u00f3n, para la presentaci\u00f3n de proyectos de energ\u00edas renovables \/ sustentables en el Sudoeste Bonaerense. Los interesados podr\u00e1n anotarse hasta el 20 de junio.","og_url":"https:\/\/www.noticiasradioreflejos.com.ar\/2021\/se-extendio-el-plazo-para-inscribirse-a-la-convocatoria-de-proyectos-de-energias-sustentables-region-sudoeste\/","og_site_name":"Noticias Radio Reflejos","article_published_time":"2017-06-12T18:23:15+00:00","og_image":[{"width":300,"height":200,"url":"https:\/\/www.noticiasradioreflejos.com.ar\/2021\/wp-content\/uploads\/2021\/07\/logosol300x200.png","type":"image\/png"}],"author":"Arnaldo Botto","twitter_card":"summary_large_image","schema":{"@context":"https:\/\/schema.org","@graph":[{"@type":"WebPage","@id":"https:\/\/www.noticiasradioreflejos.com.ar\/2021\/se-extendio-el-plazo-para-inscribirse-a-la-convocatoria-de-proyectos-de-energias-sustentables-region-sudoeste\/","url":"https:\/\/www.noticiasradioreflejos.com.ar\/2021\/se-extendio-el-plazo-para-inscribirse-a-la-convocatoria-de-proyectos-de-energias-sustentables-region-sudoeste\/","name":"Se extendi\u00f3 el plazo para inscribirse a la convocatoria de proyectos de Energ\u00edas Sustentables Regi\u00f3n Sudoeste - Noticias Radio Reflejos","isPartOf":{"@id":"https:\/\/www.noticiasradioreflejos.com.ar\/2021\/#website"},"datePublished":"2017-06-12T18:23:15+00:00","author":{"@id":"https:\/\/www.noticiasradioreflejos.com.ar\/2021\/#\/schema\/person\/ad82545263dcc5ec0996818884fd5fb1"},"breadcrumb":{"@id":"https:\/\/www.noticiasradioreflejos.com.ar\/2021\/se-extendio-el-plazo-para-inscribirse-a-la-convocatoria-de-proyectos-de-energias-sustentables-region-sudoeste\/#breadcrumb"},"inLanguage":"es","potentialAction":[{"@type":"ReadAction","target":["https:\/\/www.noticiasradioreflejos.com.ar\/2021\/se-extendio-el-plazo-para-inscribirse-a-la-convocatoria-de-proyectos-de-energias-sustentables-region-sudoeste\/"]}]},{"@type":"BreadcrumbList","@id":"https:\/\/www.noticiasradioreflejos.com.ar\/2021\/se-extendio-el-plazo-para-inscribirse-a-la-convocatoria-de-proyectos-de-energias-sustentables-region-sudoeste\/#breadcrumb","itemListElement":[{"@type":"ListItem","position":1,"name":"Portada","item":"https:\/\/www.noticiasradioreflejos.com.ar\/2021\/"},{"@type":"ListItem","position":2,"name":"Se extendi\u00f3 el plazo para inscribirse a la convocatoria de proyectos de Energ\u00edas Sustentables Regi\u00f3n Sudoeste"}]},{"@type":"WebSite","@id":"https:\/\/www.noticiasradioreflejos.com.ar\/2021\/#website","url":"https:\/\/www.noticiasradioreflejos.com.ar\/2021\/","name":"Noticias Radio Reflejos","description":"Las noticias de mi comarca","potentialAction":[{"@type":"SearchAction","target":{"@type":"EntryPoint","urlTemplate":"https:\/\/www.noticiasradioreflejos.com.ar\/2021\/?s={search_term_string}"},"query-input":{"@type":"PropertyValueSpecification","valueRequired":true,"valueName":"search_term_string"}}],"inLanguage":"es"},{"@type":"Person","@id":"https:\/\/www.noticiasradioreflejos.com.ar\/2021\/#\/schema\/person\/ad82545263dcc5ec0996818884fd5fb1","name":"Arnaldo Botto","image":{"@type":"ImageObject","inLanguage":"es","@id":"https:\/\/www.noticiasradioreflejos.com.ar\/2021\/#\/schema\/person\/image\/","url":"https:\/\/secure.gravatar.com\/avatar\/55cb5e37c1efa326397366e6974cb338056df65cb50e7d64d1cf314e87504837?s=96&d=mm&r=g","contentUrl":"https:\/\/secure.gravatar.com\/avatar\/55cb5e37c1efa326397366e6974cb338056df65cb50e7d64d1cf314e87504837?s=96&d=mm&r=g","caption":"Arnaldo Botto"},"url":"https:\/\/www.noticiasradioreflejos.com.ar\/2021\/author\/arnaldo\/"}]}},"_links":{"self":[{"href":"https:\/\/www.noticiasradioreflejos.com.ar\/2021\/wp-json\/wp\/v2\/posts\/11157","targetHints":{"allow":["GET"]}}],"collection":[{"href":"https:\/\/www.noticiasradioreflejos.com.ar\/2021\/wp-json\/wp\/v2\/posts"}],"about":[{"href":"https:\/\/www.noticiasradioreflejos.com.ar\/2021\/wp-json\/wp\/v2\/types\/post"}],"author":[{"embeddable":true,"href":"https:\/\/www.noticiasradioreflejos.com.ar\/2021\/wp-json\/wp\/v2\/users\/3"}],"replies":[{"embeddable":true,"href":"https:\/\/www.noticiasradioreflejos.com.ar\/2021\/wp-json\/wp\/v2\/comments?post=11157"}],"version-history":[{"count":0,"href":"https:\/\/www.noticiasradioreflejos.com.ar\/2021\/wp-json\/wp\/v2\/posts\/11157\/revisions"}],"wp:attachment":[{"href":"https:\/\/www.noticiasradioreflejos.com.ar\/2021\/wp-json\/wp\/v2\/media?parent=11157"}],"wp:term":[{"taxonomy":"category","embeddable":true,"href":"https:\/\/www.noticiasradioreflejos.com.ar\/2021\/wp-json\/wp\/v2\/categories?post=11157"},{"taxonomy":"post_tag","embeddable":true,"href":"https:\/\/www.noticiasradioreflejos.com.ar\/2021\/wp-json\/wp\/v2\/tags?post=11157"}],"curies":[{"name":"wp","href":"https:\/\/api.w.org\/{rel}","templated":true}]}}