{"id":111531,"date":"2025-01-11T07:16:00","date_gmt":"2025-01-11T10:16:00","guid":{"rendered":"https:\/\/www.noticiasradioreflejos.com.ar\/2021\/?p=111531"},"modified":"2025-01-11T07:16:00","modified_gmt":"2025-01-11T10:16:00","slug":"sera-suspendida-la-licencia-de-conducir-del-juez-de-catamarca-que-llevo-a-su-hija-en-el-baul-de-su-auto","status":"publish","type":"post","link":"https:\/\/www.noticiasradioreflejos.com.ar\/2021\/sera-suspendida-la-licencia-de-conducir-del-juez-de-catamarca-que-llevo-a-su-hija-en-el-baul-de-su-auto\/","title":{"rendered":"Ser\u00e1 suspendida la licencia de conducir del juez de Catamarca que llev\u00f3 a su hija en el ba\u00fal de su auto."},"content":{"rendered":"<p>La ANSV pidi\u00f3 suspender la licencia de conducir del juez que transport\u00f3 a su hija en el ba\u00fal de su veh\u00edculo sobre la Ruta Provincial 4. El video fue grabado por otro automovilista y se viraliz\u00f3 r\u00e1pidamente. Deber\u00e1 realizar un examen psicof\u00edsico que demuestre su aptitud al volante.<!--more--><\/p>\n<p>&nbsp;<\/p>\n<p>La Agencia Nacional de Seguridad Vial (ANSV) solicit\u00f3 la inhabilitaci\u00f3n de la licencia de conducir del Juez titular del Juzgado Penal Juvenil de Catamarca, quien fue filmado conduciendo un auto con su hija menor de edad dentro del ba\u00fal. El incidente ocurri\u00f3 el 6 de enero sobre la Ruta Provincial 4, en la localidad de Las Rejas, cuando un conductor que viajaba detr\u00e1s del veh\u00edculo del magistrado grab\u00f3 la situaci\u00f3n.<br \/>\nEn el video se observa a la menor saludando a otros automovilistas desde el ba\u00fal, que se encontraba semiabierto debido a los materiales de construcci\u00f3n que el juez transportaba. Las im\u00e1genes evidencian el grave riesgo al que fue expuesta la ni\u00f1a.<br \/>\nAnte esta imprudencia, la ANSV solicit\u00f3 a las autoridades de San Fernando del Valle de Catamarca, donde el juez tiene radicada su licencia, que sea inhabilitado temporalmente para conducir. Adem\u00e1s, la Agencia requiri\u00f3 que sea sometido a una reevaluaci\u00f3n psicof\u00edsica para determinar si est\u00e1 en condiciones de seguir conduciendo veh\u00edculos motorizados.<br \/>\nEste pedido refleja el compromiso firme de la ANSV con la protecci\u00f3n de la vida de las personas y subraya la importancia de sancionar a quienes, con actitudes irresponsables, ponen en peligro la seguridad vial.<\/p>\n<p><a title=\"ANSV - SUSPENSI\u00d3N DE LICENCIA - CATAMARCA\" href=\"https:\/\/www.flickr.com\/photos\/182279889@N02\/54259735588\/in\/dateposted-public\/\" data-flickr-embed=\"true\"><img loading=\"lazy\" decoding=\"async\" src=\"https:\/\/live.staticflickr.com\/31337\/54259735588_59cefeb37c_c.jpg\" alt=\"ANSV - SUSPENSI\u00d3N DE LICENCIA - CATAMARCA\" width=\"800\" height=\"533\" \/><\/a><\/p>\n","protected":false},"excerpt":{"rendered":"<p>La ANSV pidi\u00f3 suspender la licencia de conducir del juez que transport\u00f3 a su hija en el ba\u00fal de su veh\u00edculo sobre la Ruta Provincial 4. El video fue grabado por otro automovilista y se viraliz\u00f3 r\u00e1pidamente. Deber\u00e1 realizar un examen psicof\u00edsico que demuestre su aptitud al volante.<\/p>\n","protected":false},"author":3,"featured_media":0,"comment_status":"closed","ping_status":"closed","sticky":false,"template":"","format":"standard","meta":{"footnotes":""},"categories":[26],"tags":[48],"class_list":["post-111531","post","type-post","status-publish","format-standard","hentry","category-sociedad","tag-destacada"],"yoast_head":"<!-- This site is optimized with the Yoast SEO plugin v25.9 - https:\/\/yoast.com\/wordpress\/plugins\/seo\/ -->\n<title>Ser\u00e1 suspendida la licencia de conducir del juez de Catamarca que llev\u00f3 a su hija en el ba\u00fal de su auto. - Noticias Radio Reflejos<\/title>\n<meta name=\"robots\" content=\"index, follow, max-snippet:-1, max-image-preview:large, max-video-preview:-1\" \/>\n<link rel=\"canonical\" href=\"https:\/\/www.noticiasradioreflejos.com.ar\/2021\/sera-suspendida-la-licencia-de-conducir-del-juez-de-catamarca-que-llevo-a-su-hija-en-el-baul-de-su-auto\/\" \/>\n<meta property=\"og:locale\" content=\"es_ES\" \/>\n<meta property=\"og:type\" content=\"article\" \/>\n<meta property=\"og:title\" content=\"Ser\u00e1 suspendida la licencia de conducir del juez de Catamarca que llev\u00f3 a su hija en el ba\u00fal de su auto. - Noticias Radio Reflejos\" \/>\n<meta property=\"og:description\" content=\"La ANSV pidi\u00f3 suspender la licencia de conducir del juez que transport\u00f3 a su hija en el ba\u00fal de su veh\u00edculo sobre la Ruta Provincial 4. El video fue grabado por otro automovilista y se viraliz\u00f3 r\u00e1pidamente. Deber\u00e1 realizar un examen psicof\u00edsico que demuestre su aptitud al volante.\" \/>\n<meta property=\"og:url\" content=\"https:\/\/www.noticiasradioreflejos.com.ar\/2021\/sera-suspendida-la-licencia-de-conducir-del-juez-de-catamarca-que-llevo-a-su-hija-en-el-baul-de-su-auto\/\" \/>\n<meta property=\"og:site_name\" content=\"Noticias Radio Reflejos\" \/>\n<meta property=\"article:published_time\" content=\"2025-01-11T10:16:00+00:00\" \/>\n<meta property=\"og:image\" content=\"https:\/\/live.staticflickr.com\/31337\/54259735588_59cefeb37c_c.jpg\" \/>\n<meta name=\"author\" content=\"Arnaldo Botto\" \/>\n<meta name=\"twitter:card\" content=\"summary_large_image\" \/>\n<script type=\"application\/ld+json\" class=\"yoast-schema-graph\">{\"@context\":\"https:\/\/schema.org\",\"@graph\":[{\"@type\":\"WebPage\",\"@id\":\"https:\/\/www.noticiasradioreflejos.com.ar\/2021\/sera-suspendida-la-licencia-de-conducir-del-juez-de-catamarca-que-llevo-a-su-hija-en-el-baul-de-su-auto\/\",\"url\":\"https:\/\/www.noticiasradioreflejos.com.ar\/2021\/sera-suspendida-la-licencia-de-conducir-del-juez-de-catamarca-que-llevo-a-su-hija-en-el-baul-de-su-auto\/\",\"name\":\"Ser\u00e1 suspendida la licencia de conducir del juez de Catamarca que llev\u00f3 a su hija en el ba\u00fal de su auto. - Noticias Radio Reflejos\",\"isPartOf\":{\"@id\":\"https:\/\/www.noticiasradioreflejos.com.ar\/2021\/#website\"},\"primaryImageOfPage\":{\"@id\":\"https:\/\/www.noticiasradioreflejos.com.ar\/2021\/sera-suspendida-la-licencia-de-conducir-del-juez-de-catamarca-que-llevo-a-su-hija-en-el-baul-de-su-auto\/#primaryimage\"},\"image\":{\"@id\":\"https:\/\/www.noticiasradioreflejos.com.ar\/2021\/sera-suspendida-la-licencia-de-conducir-del-juez-de-catamarca-que-llevo-a-su-hija-en-el-baul-de-su-auto\/#primaryimage\"},\"thumbnailUrl\":\"https:\/\/live.staticflickr.com\/31337\/54259735588_59cefeb37c_c.jpg\",\"datePublished\":\"2025-01-11T10:16:00+00:00\",\"author\":{\"@id\":\"https:\/\/www.noticiasradioreflejos.com.ar\/2021\/#\/schema\/person\/ad82545263dcc5ec0996818884fd5fb1\"},\"breadcrumb\":{\"@id\":\"https:\/\/www.noticiasradioreflejos.com.ar\/2021\/sera-suspendida-la-licencia-de-conducir-del-juez-de-catamarca-que-llevo-a-su-hija-en-el-baul-de-su-auto\/#breadcrumb\"},\"inLanguage\":\"es\",\"potentialAction\":[{\"@type\":\"ReadAction\",\"target\":[\"https:\/\/www.noticiasradioreflejos.com.ar\/2021\/sera-suspendida-la-licencia-de-conducir-del-juez-de-catamarca-que-llevo-a-su-hija-en-el-baul-de-su-auto\/\"]}]},{\"@type\":\"ImageObject\",\"inLanguage\":\"es\",\"@id\":\"https:\/\/www.noticiasradioreflejos.com.ar\/2021\/sera-suspendida-la-licencia-de-conducir-del-juez-de-catamarca-que-llevo-a-su-hija-en-el-baul-de-su-auto\/#primaryimage\",\"url\":\"https:\/\/live.staticflickr.com\/31337\/54259735588_59cefeb37c_c.jpg\",\"contentUrl\":\"https:\/\/live.staticflickr.com\/31337\/54259735588_59cefeb37c_c.jpg\"},{\"@type\":\"BreadcrumbList\",\"@id\":\"https:\/\/www.noticiasradioreflejos.com.ar\/2021\/sera-suspendida-la-licencia-de-conducir-del-juez-de-catamarca-que-llevo-a-su-hija-en-el-baul-de-su-auto\/#breadcrumb\",\"itemListElement\":[{\"@type\":\"ListItem\",\"position\":1,\"name\":\"Portada\",\"item\":\"https:\/\/www.noticiasradioreflejos.com.ar\/2021\/\"},{\"@type\":\"ListItem\",\"position\":2,\"name\":\"Ser\u00e1 suspendida la licencia de conducir del juez de Catamarca que llev\u00f3 a su hija en el ba\u00fal de su auto.\"}]},{\"@type\":\"WebSite\",\"@id\":\"https:\/\/www.noticiasradioreflejos.com.ar\/2021\/#website\",\"url\":\"https:\/\/www.noticiasradioreflejos.com.ar\/2021\/\",\"name\":\"Noticias Radio Reflejos\",\"description\":\"Las noticias de mi comarca\",\"potentialAction\":[{\"@type\":\"SearchAction\",\"target\":{\"@type\":\"EntryPoint\",\"urlTemplate\":\"https:\/\/www.noticiasradioreflejos.com.ar\/2021\/?s={search_term_string}\"},\"query-input\":{\"@type\":\"PropertyValueSpecification\",\"valueRequired\":true,\"valueName\":\"search_term_string\"}}],\"inLanguage\":\"es\"},{\"@type\":\"Person\",\"@id\":\"https:\/\/www.noticiasradioreflejos.com.ar\/2021\/#\/schema\/person\/ad82545263dcc5ec0996818884fd5fb1\",\"name\":\"Arnaldo Botto\",\"image\":{\"@type\":\"ImageObject\",\"inLanguage\":\"es\",\"@id\":\"https:\/\/www.noticiasradioreflejos.com.ar\/2021\/#\/schema\/person\/image\/\",\"url\":\"https:\/\/secure.gravatar.com\/avatar\/55cb5e37c1efa326397366e6974cb338056df65cb50e7d64d1cf314e87504837?s=96&d=mm&r=g\",\"contentUrl\":\"https:\/\/secure.gravatar.com\/avatar\/55cb5e37c1efa326397366e6974cb338056df65cb50e7d64d1cf314e87504837?s=96&d=mm&r=g\",\"caption\":\"Arnaldo Botto\"},\"url\":\"https:\/\/www.noticiasradioreflejos.com.ar\/2021\/author\/arnaldo\/\"}]}<\/script>\n<!-- \/ Yoast SEO plugin. -->","yoast_head_json":{"title":"Ser\u00e1 suspendida la licencia de conducir del juez de Catamarca que llev\u00f3 a su hija en el ba\u00fal de su auto. - Noticias Radio Reflejos","robots":{"index":"index","follow":"follow","max-snippet":"max-snippet:-1","max-image-preview":"max-image-preview:large","max-video-preview":"max-video-preview:-1"},"canonical":"https:\/\/www.noticiasradioreflejos.com.ar\/2021\/sera-suspendida-la-licencia-de-conducir-del-juez-de-catamarca-que-llevo-a-su-hija-en-el-baul-de-su-auto\/","og_locale":"es_ES","og_type":"article","og_title":"Ser\u00e1 suspendida la licencia de conducir del juez de Catamarca que llev\u00f3 a su hija en el ba\u00fal de su auto. - Noticias Radio Reflejos","og_description":"La ANSV pidi\u00f3 suspender la licencia de conducir del juez que transport\u00f3 a su hija en el ba\u00fal de su veh\u00edculo sobre la Ruta Provincial 4. El video fue grabado por otro automovilista y se viraliz\u00f3 r\u00e1pidamente. Deber\u00e1 realizar un examen psicof\u00edsico que demuestre su aptitud al volante.","og_url":"https:\/\/www.noticiasradioreflejos.com.ar\/2021\/sera-suspendida-la-licencia-de-conducir-del-juez-de-catamarca-que-llevo-a-su-hija-en-el-baul-de-su-auto\/","og_site_name":"Noticias Radio Reflejos","article_published_time":"2025-01-11T10:16:00+00:00","og_image":[{"url":"https:\/\/live.staticflickr.com\/31337\/54259735588_59cefeb37c_c.jpg","type":"","width":"","height":""}],"author":"Arnaldo Botto","twitter_card":"summary_large_image","schema":{"@context":"https:\/\/schema.org","@graph":[{"@type":"WebPage","@id":"https:\/\/www.noticiasradioreflejos.com.ar\/2021\/sera-suspendida-la-licencia-de-conducir-del-juez-de-catamarca-que-llevo-a-su-hija-en-el-baul-de-su-auto\/","url":"https:\/\/www.noticiasradioreflejos.com.ar\/2021\/sera-suspendida-la-licencia-de-conducir-del-juez-de-catamarca-que-llevo-a-su-hija-en-el-baul-de-su-auto\/","name":"Ser\u00e1 suspendida la licencia de conducir del juez de Catamarca que llev\u00f3 a su hija en el ba\u00fal de su auto. - Noticias Radio Reflejos","isPartOf":{"@id":"https:\/\/www.noticiasradioreflejos.com.ar\/2021\/#website"},"primaryImageOfPage":{"@id":"https:\/\/www.noticiasradioreflejos.com.ar\/2021\/sera-suspendida-la-licencia-de-conducir-del-juez-de-catamarca-que-llevo-a-su-hija-en-el-baul-de-su-auto\/#primaryimage"},"image":{"@id":"https:\/\/www.noticiasradioreflejos.com.ar\/2021\/sera-suspendida-la-licencia-de-conducir-del-juez-de-catamarca-que-llevo-a-su-hija-en-el-baul-de-su-auto\/#primaryimage"},"thumbnailUrl":"https:\/\/live.staticflickr.com\/31337\/54259735588_59cefeb37c_c.jpg","datePublished":"2025-01-11T10:16:00+00:00","author":{"@id":"https:\/\/www.noticiasradioreflejos.com.ar\/2021\/#\/schema\/person\/ad82545263dcc5ec0996818884fd5fb1"},"breadcrumb":{"@id":"https:\/\/www.noticiasradioreflejos.com.ar\/2021\/sera-suspendida-la-licencia-de-conducir-del-juez-de-catamarca-que-llevo-a-su-hija-en-el-baul-de-su-auto\/#breadcrumb"},"inLanguage":"es","potentialAction":[{"@type":"ReadAction","target":["https:\/\/www.noticiasradioreflejos.com.ar\/2021\/sera-suspendida-la-licencia-de-conducir-del-juez-de-catamarca-que-llevo-a-su-hija-en-el-baul-de-su-auto\/"]}]},{"@type":"ImageObject","inLanguage":"es","@id":"https:\/\/www.noticiasradioreflejos.com.ar\/2021\/sera-suspendida-la-licencia-de-conducir-del-juez-de-catamarca-que-llevo-a-su-hija-en-el-baul-de-su-auto\/#primaryimage","url":"https:\/\/live.staticflickr.com\/31337\/54259735588_59cefeb37c_c.jpg","contentUrl":"https:\/\/live.staticflickr.com\/31337\/54259735588_59cefeb37c_c.jpg"},{"@type":"BreadcrumbList","@id":"https:\/\/www.noticiasradioreflejos.com.ar\/2021\/sera-suspendida-la-licencia-de-conducir-del-juez-de-catamarca-que-llevo-a-su-hija-en-el-baul-de-su-auto\/#breadcrumb","itemListElement":[{"@type":"ListItem","position":1,"name":"Portada","item":"https:\/\/www.noticiasradioreflejos.com.ar\/2021\/"},{"@type":"ListItem","position":2,"name":"Ser\u00e1 suspendida la licencia de conducir del juez de Catamarca que llev\u00f3 a su hija en el ba\u00fal de su auto."}]},{"@type":"WebSite","@id":"https:\/\/www.noticiasradioreflejos.com.ar\/2021\/#website","url":"https:\/\/www.noticiasradioreflejos.com.ar\/2021\/","name":"Noticias Radio Reflejos","description":"Las noticias de mi comarca","potentialAction":[{"@type":"SearchAction","target":{"@type":"EntryPoint","urlTemplate":"https:\/\/www.noticiasradioreflejos.com.ar\/2021\/?s={search_term_string}"},"query-input":{"@type":"PropertyValueSpecification","valueRequired":true,"valueName":"search_term_string"}}],"inLanguage":"es"},{"@type":"Person","@id":"https:\/\/www.noticiasradioreflejos.com.ar\/2021\/#\/schema\/person\/ad82545263dcc5ec0996818884fd5fb1","name":"Arnaldo Botto","image":{"@type":"ImageObject","inLanguage":"es","@id":"https:\/\/www.noticiasradioreflejos.com.ar\/2021\/#\/schema\/person\/image\/","url":"https:\/\/secure.gravatar.com\/avatar\/55cb5e37c1efa326397366e6974cb338056df65cb50e7d64d1cf314e87504837?s=96&d=mm&r=g","contentUrl":"https:\/\/secure.gravatar.com\/avatar\/55cb5e37c1efa326397366e6974cb338056df65cb50e7d64d1cf314e87504837?s=96&d=mm&r=g","caption":"Arnaldo Botto"},"url":"https:\/\/www.noticiasradioreflejos.com.ar\/2021\/author\/arnaldo\/"}]}},"_links":{"self":[{"href":"https:\/\/www.noticiasradioreflejos.com.ar\/2021\/wp-json\/wp\/v2\/posts\/111531","targetHints":{"allow":["GET"]}}],"collection":[{"href":"https:\/\/www.noticiasradioreflejos.com.ar\/2021\/wp-json\/wp\/v2\/posts"}],"about":[{"href":"https:\/\/www.noticiasradioreflejos.com.ar\/2021\/wp-json\/wp\/v2\/types\/post"}],"author":[{"embeddable":true,"href":"https:\/\/www.noticiasradioreflejos.com.ar\/2021\/wp-json\/wp\/v2\/users\/3"}],"replies":[{"embeddable":true,"href":"https:\/\/www.noticiasradioreflejos.com.ar\/2021\/wp-json\/wp\/v2\/comments?post=111531"}],"version-history":[{"count":1,"href":"https:\/\/www.noticiasradioreflejos.com.ar\/2021\/wp-json\/wp\/v2\/posts\/111531\/revisions"}],"predecessor-version":[{"id":111533,"href":"https:\/\/www.noticiasradioreflejos.com.ar\/2021\/wp-json\/wp\/v2\/posts\/111531\/revisions\/111533"}],"wp:attachment":[{"href":"https:\/\/www.noticiasradioreflejos.com.ar\/2021\/wp-json\/wp\/v2\/media?parent=111531"}],"wp:term":[{"taxonomy":"category","embeddable":true,"href":"https:\/\/www.noticiasradioreflejos.com.ar\/2021\/wp-json\/wp\/v2\/categories?post=111531"},{"taxonomy":"post_tag","embeddable":true,"href":"https:\/\/www.noticiasradioreflejos.com.ar\/2021\/wp-json\/wp\/v2\/tags?post=111531"}],"curies":[{"name":"wp","href":"https:\/\/api.w.org\/{rel}","templated":true}]}}