{"id":111505,"date":"2025-01-08T18:13:23","date_gmt":"2025-01-08T21:13:23","guid":{"rendered":"https:\/\/www.noticiasradioreflejos.com.ar\/2021\/?p=111505"},"modified":"2025-01-08T19:45:25","modified_gmt":"2025-01-08T22:45:25","slug":"daniel-perez-es-destacable-el-empuje-a-la-investigacion-a-veces-las-cosas-salen-bien-como-ahora-y-a-veces-no","status":"publish","type":"post","link":"https:\/\/www.noticiasradioreflejos.com.ar\/2021\/daniel-perez-es-destacable-el-empuje-a-la-investigacion-a-veces-las-cosas-salen-bien-como-ahora-y-a-veces-no\/","title":{"rendered":"Daniel Perez: \u00abes destacable el empuje a la investigaci\u00f3n;  a veces las cosas salen bien como ahora y a veces no.\u00bb"},"content":{"rendered":"<p>Fiesta de Reyes, operativo Sol y hurto a Jorge Savisky fueron los temas que abordamos en la ma\u00f1ana de hoy con el secretario de seguridad del municipio.<!--more--><\/p>\n<p>Daniel Perez se prest\u00f3 a dialogar en \u00abUn Mate y un Caf\u00e9\u00bb por FM Reflejos para analizar y dar detalles del operativo que se llev\u00f3 adelante a fin de lograr esclarecer el resonante hecho delictivo del pasado viernes.<\/p>\n<p>\u00abLo primero que hay que destacar, el compromiso de polic\u00eda, de Sierra La Ventana y tambi\u00e9n de Tornquist, al mando de la <strong>oficial Mancini<\/strong> y el <strong>comisario Maffioli<\/strong>, la verdad que <strong>es destacable el empuje a la investigaci\u00f3n y a veces las cosas salen bien como ahora y a veces no<\/strong>\u00bb expres\u00f3 el funcionario.<\/p>\n<p>Sobre los complejos tiempos que vive el \u00e1rea sin el apoyo del gobierno nacional resalt\u00f3: \u00aben este tiempo tan complejo y tan dif\u00edcil, donde el gobierno nacional le quitar\u00e1 a la provincia toda la ayuda que daba en materia de seguridad, por eso el gobernador Axel Kicillof se est\u00e1 haciendo un esfuerzo sobrehumano para sostener la seguridad en provincia de Buenos Aires, como tambi\u00e9n Sergio Bordoni, para poder acompa\u00f1arnos en seguridad de la polic\u00eda comunal. Porque no es f\u00e1cil sostener operativamente la polic\u00eda comunal, en cuanto a los veh\u00edculos, al equipamiento, al gasto mensual que pueda tener esta dependencia,\u00a0 al uso de tecnolog\u00eda como son las c\u00e1maras, que gracias a eso se llega hasta el hecho, la inversi\u00f3n que ha hecho el gobierno municipal en materia de seguridad en c\u00e1maras ha sido generoso el 2024, eso permite trabajar en esto con profundidad y lograr encontrar el veh\u00edculo que se dio en torno del se\u00f1or Savisky.<\/p>\n<p>Perez adem\u00e1s, describi\u00f3 todo el proceso investigativo que se realiz\u00f3 en\u00a0 Bah\u00eda Blanca, rastreando los pasos de los maleantes en diferentes puntos de la ciudad y que fueron indispensables en el trabajo de seguimiento de los movimientos de los delincuentes.<\/p>\n<p>De all\u00ed se lleg\u00f3 al lugar del allanamiento y Perez lo describe: \u00abdespu\u00e9s cuando a trav\u00e9s del seguimiento de c\u00e1mara se puede comprobar el ingreso a la ciudad de Coronel Pringles, donde se identifican las personas, se identifica la vivienda, todo eso presentado en la fiscal\u00eda, que di\u00f3 la orden del allanamiento, bueno que ayer a la tarde y pudieron recuperar la mayor\u00eda de las cosas.\u00bb<\/p>\n<p>No obstante, sobre los elementos secuestrados en el operativo aclar\u00f3;\u00bb \u00a0Se recuper\u00f3 la mayor\u00eda,\u00a0 no se recuper\u00f3 todo, hay parte de dinero que no sabemos tampoco si es a ciencia o no, es muy complejo porque no ten\u00edamos numeraci\u00f3n de los billetes, el televisor en su principio se pens\u00f3 que era y bueno luego se determin\u00f3 que no, pero por m\u00e1s que no se recuperen la calidad de cosas y se pudo comprobar que esas fueron las personas.<\/p>\n<p>Sobre los tres aprehendidos de ayer aclar\u00f3 que solo uno contin\u00faa demorado:\u00bb Luis Viera est\u00e1 aprendido en la comisar\u00eda de Tornquist\u00bb, esperando que define el fiscal de casaci\u00f3n y si se convierte la prisi\u00f3n, en detecci\u00f3n o le dan la libertad, de acuerdo a como lo establezca el Poder Judicial.<\/p>\n<p>&nbsp;<\/p>\n<p><strong>Operativo Sol<\/strong><\/p>\n<p>El lunes se puso en marcha en nuestro distrito la edici\u00f3n 2025 del Operativo Sol, Daniel perez brind\u00f3 presiones sobre el mismo: \u00bb\u00a0 Lleg\u00f3 un refuerzo de 25 efectivos policiales, en ese sentido la provincia realiza un esfuerzo enorme para no bajar la cantidad de efectivos\u00bb y agreg\u00f3.\u00bb van a llegar al refuerzo de tres m\u00f3viles m\u00e1s, el d\u00eda 15 de enero, distribuidos mayormente entre Sierra de la Ventana y Villa Ventana. Ah\u00ed es donde va la dotaci\u00f3n mayor.\u00bb<\/p>\n<p>&nbsp;<\/p>\n<h4>Fiesta de Reyes Magos<\/h4>\n<p>Sobre la exitosa y multitudinaria fiesta del fin de semana pasado en Sierra de la Ventana Perez dijo: \u00abNos pone contentos, como trabaja cada secretar\u00eda, la Secretar\u00eda de Turismo, la Secretar\u00eda de Seguridad, la Secretar\u00eda de Cultura, verdad que un trabajo fant\u00e1stico, fant\u00e1stico. Cuando todos nos ponemos de acuerdo, aunamos criterios y trabajamos con un solo fin y el fin es que la gente disfrute.\u00bb asegur\u00f3 al tiempo que remarc\u00f3:\u00bb\u00a0 Pero la base est\u00e1 en la planificaci\u00f3n, sin lugar a dudas, planificado siempre. El evento de reyes fue fant\u00e1stico, la verdad que la gente es excelente. creo que se duplic\u00f3 la cantidad de bomberos voluntarios, insisto, el apoyo de provincia con Tornquist, nos mandaron veh\u00edculos de defensa Civil de La plata,\u00a0 vino al refuerzo de seguridad vial de provincia tambi\u00e9n, la agencia vial, fue un despliegue generoso y muy, pero muy positivo.\u00bb<\/p>\n<p>Para finalizar destac\u00f3: \u00abLa polic\u00eda est\u00e1 para trabajar y la secretar\u00eda est\u00e1 para asistir en todo lo que pueda.\u00a0 Mucha gente colabora much\u00edsimo, a trav\u00e9s de c\u00e1maras particulares, a trav\u00e9s de llamados, a trav\u00e9s de videos, a trav\u00e9s de comunicaci\u00f3n. Mucha gente colabora. Entre todos hacemos la seguridad.\u00bb<\/p>\n<p><iframe loading=\"lazy\" src=\"https:\/\/w.soundcloud.com\/player\/?url=https%3A\/\/api.soundcloud.com\/tracks\/2004101567&amp;color=%23ff5500&amp;auto_play=false&amp;hide_related=false&amp;show_comments=true&amp;show_user=true&amp;show_reposts=false&amp;show_teaser=true\" width=\"100%\" height=\"166\" frameborder=\"no\" scrolling=\"no\"><\/iframe><\/p>\n<div style=\"font-size: 10px; color: #cccccc; line-break: anywhere; word-break: normal; overflow: hidden; white-space: nowrap; text-overflow: ellipsis; font-family: Interstate,Lucida Grande,Lucida Sans Unicode,Lucida Sans,Garuda,Verdana,Tahoma,sans-serif; font-weight: 100;\"><a style=\"color: #cccccc; text-decoration: none;\" title=\"fmreflejos 103.7\" href=\"https:\/\/soundcloud.com\/fmreflejos-103-7\" target=\"_blank\" rel=\"noopener\">fmreflejos 103.7<\/a> \u00b7 <a style=\"color: #cccccc; text-decoration: none;\" title=\"Secreario de seguridad Daniel P\u00e9rez\" href=\"https:\/\/soundcloud.com\/fmreflejos-103-7\/secreario-de-seguridad-daniel\" target=\"_blank\" rel=\"noopener\">Secreario de seguridad Daniel P\u00e9rez<\/a><\/div>\n","protected":false},"excerpt":{"rendered":"<p>Fiesta de Reyes, operativo Sol y hurto a Jorge Savisky fueron los temas que abordamos en la ma\u00f1ana de hoy con el secretario de seguridad del municipio.<\/p>\n","protected":false},"author":3,"featured_media":111453,"comment_status":"closed","ping_status":"closed","sticky":false,"template":"","format":"standard","meta":{"footnotes":""},"categories":[28,29],"tags":[48],"class_list":["post-111505","post","type-post","status-publish","format-standard","has-post-thumbnail","hentry","category-municipales","category-policiales","tag-destacada"],"yoast_head":"<!-- This site is optimized with the Yoast SEO plugin v25.9 - https:\/\/yoast.com\/wordpress\/plugins\/seo\/ -->\n<title>Daniel Perez: &quot;es destacable el empuje a la investigaci\u00f3n; a veces las cosas salen bien como ahora y a veces no.&quot; - Noticias Radio Reflejos<\/title>\n<meta name=\"robots\" content=\"index, follow, max-snippet:-1, max-image-preview:large, max-video-preview:-1\" \/>\n<link rel=\"canonical\" href=\"https:\/\/www.noticiasradioreflejos.com.ar\/2021\/daniel-perez-es-destacable-el-empuje-a-la-investigacion-a-veces-las-cosas-salen-bien-como-ahora-y-a-veces-no\/\" \/>\n<meta property=\"og:locale\" content=\"es_ES\" \/>\n<meta property=\"og:type\" content=\"article\" \/>\n<meta property=\"og:title\" content=\"Daniel Perez: &quot;es destacable el empuje a la investigaci\u00f3n; a veces las cosas salen bien como ahora y a veces no.&quot; - Noticias Radio Reflejos\" \/>\n<meta property=\"og:description\" content=\"Fiesta de Reyes, operativo Sol y hurto a Jorge Savisky fueron los temas que abordamos en la ma\u00f1ana de hoy con el secretario de seguridad del municipio.\" \/>\n<meta property=\"og:url\" content=\"https:\/\/www.noticiasradioreflejos.com.ar\/2021\/daniel-perez-es-destacable-el-empuje-a-la-investigacion-a-veces-las-cosas-salen-bien-como-ahora-y-a-veces-no\/\" \/>\n<meta property=\"og:site_name\" content=\"Noticias Radio Reflejos\" \/>\n<meta property=\"article:published_time\" content=\"2025-01-08T21:13:23+00:00\" \/>\n<meta property=\"article:modified_time\" content=\"2025-01-08T22:45:25+00:00\" \/>\n<meta property=\"og:image\" content=\"https:\/\/www.noticiasradioreflejos.com.ar\/2021\/wp-content\/uploads\/2025\/01\/allanamiento.png\" \/>\n\t<meta property=\"og:image:width\" content=\"264\" \/>\n\t<meta property=\"og:image:height\" content=\"272\" \/>\n\t<meta property=\"og:image:type\" content=\"image\/png\" \/>\n<meta name=\"author\" content=\"Arnaldo Botto\" \/>\n<meta name=\"twitter:card\" content=\"summary_large_image\" \/>\n<script type=\"application\/ld+json\" class=\"yoast-schema-graph\">{\"@context\":\"https:\/\/schema.org\",\"@graph\":[{\"@type\":\"WebPage\",\"@id\":\"https:\/\/www.noticiasradioreflejos.com.ar\/2021\/daniel-perez-es-destacable-el-empuje-a-la-investigacion-a-veces-las-cosas-salen-bien-como-ahora-y-a-veces-no\/\",\"url\":\"https:\/\/www.noticiasradioreflejos.com.ar\/2021\/daniel-perez-es-destacable-el-empuje-a-la-investigacion-a-veces-las-cosas-salen-bien-como-ahora-y-a-veces-no\/\",\"name\":\"Daniel Perez: \\\"es destacable el empuje a la investigaci\u00f3n; a veces las cosas salen bien como ahora y a veces no.\\\" - Noticias Radio Reflejos\",\"isPartOf\":{\"@id\":\"https:\/\/www.noticiasradioreflejos.com.ar\/2021\/#website\"},\"primaryImageOfPage\":{\"@id\":\"https:\/\/www.noticiasradioreflejos.com.ar\/2021\/daniel-perez-es-destacable-el-empuje-a-la-investigacion-a-veces-las-cosas-salen-bien-como-ahora-y-a-veces-no\/#primaryimage\"},\"image\":{\"@id\":\"https:\/\/www.noticiasradioreflejos.com.ar\/2021\/daniel-perez-es-destacable-el-empuje-a-la-investigacion-a-veces-las-cosas-salen-bien-como-ahora-y-a-veces-no\/#primaryimage\"},\"thumbnailUrl\":\"https:\/\/www.noticiasradioreflejos.com.ar\/2021\/wp-content\/uploads\/2025\/01\/allanamiento.png\",\"datePublished\":\"2025-01-08T21:13:23+00:00\",\"dateModified\":\"2025-01-08T22:45:25+00:00\",\"author\":{\"@id\":\"https:\/\/www.noticiasradioreflejos.com.ar\/2021\/#\/schema\/person\/ad82545263dcc5ec0996818884fd5fb1\"},\"breadcrumb\":{\"@id\":\"https:\/\/www.noticiasradioreflejos.com.ar\/2021\/daniel-perez-es-destacable-el-empuje-a-la-investigacion-a-veces-las-cosas-salen-bien-como-ahora-y-a-veces-no\/#breadcrumb\"},\"inLanguage\":\"es\",\"potentialAction\":[{\"@type\":\"ReadAction\",\"target\":[\"https:\/\/www.noticiasradioreflejos.com.ar\/2021\/daniel-perez-es-destacable-el-empuje-a-la-investigacion-a-veces-las-cosas-salen-bien-como-ahora-y-a-veces-no\/\"]}]},{\"@type\":\"ImageObject\",\"inLanguage\":\"es\",\"@id\":\"https:\/\/www.noticiasradioreflejos.com.ar\/2021\/daniel-perez-es-destacable-el-empuje-a-la-investigacion-a-veces-las-cosas-salen-bien-como-ahora-y-a-veces-no\/#primaryimage\",\"url\":\"https:\/\/www.noticiasradioreflejos.com.ar\/2021\/wp-content\/uploads\/2025\/01\/allanamiento.png\",\"contentUrl\":\"https:\/\/www.noticiasradioreflejos.com.ar\/2021\/wp-content\/uploads\/2025\/01\/allanamiento.png\",\"width\":264,\"height\":272},{\"@type\":\"BreadcrumbList\",\"@id\":\"https:\/\/www.noticiasradioreflejos.com.ar\/2021\/daniel-perez-es-destacable-el-empuje-a-la-investigacion-a-veces-las-cosas-salen-bien-como-ahora-y-a-veces-no\/#breadcrumb\",\"itemListElement\":[{\"@type\":\"ListItem\",\"position\":1,\"name\":\"Portada\",\"item\":\"https:\/\/www.noticiasradioreflejos.com.ar\/2021\/\"},{\"@type\":\"ListItem\",\"position\":2,\"name\":\"Daniel Perez: \u00abes destacable el empuje a la investigaci\u00f3n; a veces las cosas salen bien como ahora y a veces no.\u00bb\"}]},{\"@type\":\"WebSite\",\"@id\":\"https:\/\/www.noticiasradioreflejos.com.ar\/2021\/#website\",\"url\":\"https:\/\/www.noticiasradioreflejos.com.ar\/2021\/\",\"name\":\"Noticias Radio Reflejos\",\"description\":\"Las noticias de mi comarca\",\"potentialAction\":[{\"@type\":\"SearchAction\",\"target\":{\"@type\":\"EntryPoint\",\"urlTemplate\":\"https:\/\/www.noticiasradioreflejos.com.ar\/2021\/?s={search_term_string}\"},\"query-input\":{\"@type\":\"PropertyValueSpecification\",\"valueRequired\":true,\"valueName\":\"search_term_string\"}}],\"inLanguage\":\"es\"},{\"@type\":\"Person\",\"@id\":\"https:\/\/www.noticiasradioreflejos.com.ar\/2021\/#\/schema\/person\/ad82545263dcc5ec0996818884fd5fb1\",\"name\":\"Arnaldo Botto\",\"image\":{\"@type\":\"ImageObject\",\"inLanguage\":\"es\",\"@id\":\"https:\/\/www.noticiasradioreflejos.com.ar\/2021\/#\/schema\/person\/image\/\",\"url\":\"https:\/\/secure.gravatar.com\/avatar\/55cb5e37c1efa326397366e6974cb338056df65cb50e7d64d1cf314e87504837?s=96&d=mm&r=g\",\"contentUrl\":\"https:\/\/secure.gravatar.com\/avatar\/55cb5e37c1efa326397366e6974cb338056df65cb50e7d64d1cf314e87504837?s=96&d=mm&r=g\",\"caption\":\"Arnaldo Botto\"},\"url\":\"https:\/\/www.noticiasradioreflejos.com.ar\/2021\/author\/arnaldo\/\"}]}<\/script>\n<!-- \/ Yoast SEO plugin. -->","yoast_head_json":{"title":"Daniel Perez: \"es destacable el empuje a la investigaci\u00f3n; a veces las cosas salen bien como ahora y a veces no.\" - Noticias Radio Reflejos","robots":{"index":"index","follow":"follow","max-snippet":"max-snippet:-1","max-image-preview":"max-image-preview:large","max-video-preview":"max-video-preview:-1"},"canonical":"https:\/\/www.noticiasradioreflejos.com.ar\/2021\/daniel-perez-es-destacable-el-empuje-a-la-investigacion-a-veces-las-cosas-salen-bien-como-ahora-y-a-veces-no\/","og_locale":"es_ES","og_type":"article","og_title":"Daniel Perez: \"es destacable el empuje a la investigaci\u00f3n; a veces las cosas salen bien como ahora y a veces no.\" - Noticias Radio Reflejos","og_description":"Fiesta de Reyes, operativo Sol y hurto a Jorge Savisky fueron los temas que abordamos en la ma\u00f1ana de hoy con el secretario de seguridad del municipio.","og_url":"https:\/\/www.noticiasradioreflejos.com.ar\/2021\/daniel-perez-es-destacable-el-empuje-a-la-investigacion-a-veces-las-cosas-salen-bien-como-ahora-y-a-veces-no\/","og_site_name":"Noticias Radio Reflejos","article_published_time":"2025-01-08T21:13:23+00:00","article_modified_time":"2025-01-08T22:45:25+00:00","og_image":[{"width":264,"height":272,"url":"https:\/\/www.noticiasradioreflejos.com.ar\/2021\/wp-content\/uploads\/2025\/01\/allanamiento.png","type":"image\/png"}],"author":"Arnaldo Botto","twitter_card":"summary_large_image","schema":{"@context":"https:\/\/schema.org","@graph":[{"@type":"WebPage","@id":"https:\/\/www.noticiasradioreflejos.com.ar\/2021\/daniel-perez-es-destacable-el-empuje-a-la-investigacion-a-veces-las-cosas-salen-bien-como-ahora-y-a-veces-no\/","url":"https:\/\/www.noticiasradioreflejos.com.ar\/2021\/daniel-perez-es-destacable-el-empuje-a-la-investigacion-a-veces-las-cosas-salen-bien-como-ahora-y-a-veces-no\/","name":"Daniel Perez: \"es destacable el empuje a la investigaci\u00f3n; a veces las cosas salen bien como ahora y a veces no.\" - Noticias Radio Reflejos","isPartOf":{"@id":"https:\/\/www.noticiasradioreflejos.com.ar\/2021\/#website"},"primaryImageOfPage":{"@id":"https:\/\/www.noticiasradioreflejos.com.ar\/2021\/daniel-perez-es-destacable-el-empuje-a-la-investigacion-a-veces-las-cosas-salen-bien-como-ahora-y-a-veces-no\/#primaryimage"},"image":{"@id":"https:\/\/www.noticiasradioreflejos.com.ar\/2021\/daniel-perez-es-destacable-el-empuje-a-la-investigacion-a-veces-las-cosas-salen-bien-como-ahora-y-a-veces-no\/#primaryimage"},"thumbnailUrl":"https:\/\/www.noticiasradioreflejos.com.ar\/2021\/wp-content\/uploads\/2025\/01\/allanamiento.png","datePublished":"2025-01-08T21:13:23+00:00","dateModified":"2025-01-08T22:45:25+00:00","author":{"@id":"https:\/\/www.noticiasradioreflejos.com.ar\/2021\/#\/schema\/person\/ad82545263dcc5ec0996818884fd5fb1"},"breadcrumb":{"@id":"https:\/\/www.noticiasradioreflejos.com.ar\/2021\/daniel-perez-es-destacable-el-empuje-a-la-investigacion-a-veces-las-cosas-salen-bien-como-ahora-y-a-veces-no\/#breadcrumb"},"inLanguage":"es","potentialAction":[{"@type":"ReadAction","target":["https:\/\/www.noticiasradioreflejos.com.ar\/2021\/daniel-perez-es-destacable-el-empuje-a-la-investigacion-a-veces-las-cosas-salen-bien-como-ahora-y-a-veces-no\/"]}]},{"@type":"ImageObject","inLanguage":"es","@id":"https:\/\/www.noticiasradioreflejos.com.ar\/2021\/daniel-perez-es-destacable-el-empuje-a-la-investigacion-a-veces-las-cosas-salen-bien-como-ahora-y-a-veces-no\/#primaryimage","url":"https:\/\/www.noticiasradioreflejos.com.ar\/2021\/wp-content\/uploads\/2025\/01\/allanamiento.png","contentUrl":"https:\/\/www.noticiasradioreflejos.com.ar\/2021\/wp-content\/uploads\/2025\/01\/allanamiento.png","width":264,"height":272},{"@type":"BreadcrumbList","@id":"https:\/\/www.noticiasradioreflejos.com.ar\/2021\/daniel-perez-es-destacable-el-empuje-a-la-investigacion-a-veces-las-cosas-salen-bien-como-ahora-y-a-veces-no\/#breadcrumb","itemListElement":[{"@type":"ListItem","position":1,"name":"Portada","item":"https:\/\/www.noticiasradioreflejos.com.ar\/2021\/"},{"@type":"ListItem","position":2,"name":"Daniel Perez: \u00abes destacable el empuje a la investigaci\u00f3n; a veces las cosas salen bien como ahora y a veces no.\u00bb"}]},{"@type":"WebSite","@id":"https:\/\/www.noticiasradioreflejos.com.ar\/2021\/#website","url":"https:\/\/www.noticiasradioreflejos.com.ar\/2021\/","name":"Noticias Radio Reflejos","description":"Las noticias de mi comarca","potentialAction":[{"@type":"SearchAction","target":{"@type":"EntryPoint","urlTemplate":"https:\/\/www.noticiasradioreflejos.com.ar\/2021\/?s={search_term_string}"},"query-input":{"@type":"PropertyValueSpecification","valueRequired":true,"valueName":"search_term_string"}}],"inLanguage":"es"},{"@type":"Person","@id":"https:\/\/www.noticiasradioreflejos.com.ar\/2021\/#\/schema\/person\/ad82545263dcc5ec0996818884fd5fb1","name":"Arnaldo Botto","image":{"@type":"ImageObject","inLanguage":"es","@id":"https:\/\/www.noticiasradioreflejos.com.ar\/2021\/#\/schema\/person\/image\/","url":"https:\/\/secure.gravatar.com\/avatar\/55cb5e37c1efa326397366e6974cb338056df65cb50e7d64d1cf314e87504837?s=96&d=mm&r=g","contentUrl":"https:\/\/secure.gravatar.com\/avatar\/55cb5e37c1efa326397366e6974cb338056df65cb50e7d64d1cf314e87504837?s=96&d=mm&r=g","caption":"Arnaldo Botto"},"url":"https:\/\/www.noticiasradioreflejos.com.ar\/2021\/author\/arnaldo\/"}]}},"_links":{"self":[{"href":"https:\/\/www.noticiasradioreflejos.com.ar\/2021\/wp-json\/wp\/v2\/posts\/111505","targetHints":{"allow":["GET"]}}],"collection":[{"href":"https:\/\/www.noticiasradioreflejos.com.ar\/2021\/wp-json\/wp\/v2\/posts"}],"about":[{"href":"https:\/\/www.noticiasradioreflejos.com.ar\/2021\/wp-json\/wp\/v2\/types\/post"}],"author":[{"embeddable":true,"href":"https:\/\/www.noticiasradioreflejos.com.ar\/2021\/wp-json\/wp\/v2\/users\/3"}],"replies":[{"embeddable":true,"href":"https:\/\/www.noticiasradioreflejos.com.ar\/2021\/wp-json\/wp\/v2\/comments?post=111505"}],"version-history":[{"count":2,"href":"https:\/\/www.noticiasradioreflejos.com.ar\/2021\/wp-json\/wp\/v2\/posts\/111505\/revisions"}],"predecessor-version":[{"id":111507,"href":"https:\/\/www.noticiasradioreflejos.com.ar\/2021\/wp-json\/wp\/v2\/posts\/111505\/revisions\/111507"}],"wp:featuredmedia":[{"embeddable":true,"href":"https:\/\/www.noticiasradioreflejos.com.ar\/2021\/wp-json\/wp\/v2\/media\/111453"}],"wp:attachment":[{"href":"https:\/\/www.noticiasradioreflejos.com.ar\/2021\/wp-json\/wp\/v2\/media?parent=111505"}],"wp:term":[{"taxonomy":"category","embeddable":true,"href":"https:\/\/www.noticiasradioreflejos.com.ar\/2021\/wp-json\/wp\/v2\/categories?post=111505"},{"taxonomy":"post_tag","embeddable":true,"href":"https:\/\/www.noticiasradioreflejos.com.ar\/2021\/wp-json\/wp\/v2\/tags?post=111505"}],"curies":[{"name":"wp","href":"https:\/\/api.w.org\/{rel}","templated":true}]}}