{"id":111476,"date":"2025-01-08T07:22:56","date_gmt":"2025-01-08T10:22:56","guid":{"rendered":"https:\/\/www.noticiasradioreflejos.com.ar\/2021\/?p=111476"},"modified":"2025-01-08T07:33:05","modified_gmt":"2025-01-08T10:33:05","slug":"otra-sesion-sin-cuorum-en-el-concejo-deliberante","status":"publish","type":"post","link":"https:\/\/www.noticiasradioreflejos.com.ar\/2021\/otra-sesion-sin-cuorum-en-el-concejo-deliberante\/","title":{"rendered":"Otra sesi\u00f3n sin cu\u00f3rum en el Concejo Deliberante."},"content":{"rendered":"<div class=\"hnoti\">En este nuevo llamado a sesionar por el c\u00f3digo tributario que incluye el ajuste de tasas Municipales y al no haber acuerdo, nuevamente no se presentaron en sus bancas los concejales de UCR Juntos, Luis Castro, Susana Marcolini, Juan C. Marzialetti, Sandra Kifer y Gabriela Romero sumado a la concejal de LLA Cecilia Quiroga.<\/div>\n<p><!--more--><\/p>\n<div class=\"text\">\n<p>De esta manera se cay\u00f3 la sesi\u00f3n y al cumplirse el plazo para el debate ahora todo vuelve a fojas cero a la espera de nuevas reuniones para saber si se logra alg\u00fan consenso.<\/p>\n<p>Por lo pronto hoy asistieron los concejales Yamila Ramirez (Acci\u00f3n Por Tornquist), Matias Rojas, Carmen Soverchia, \u00a0Sofia Ugarte, Leandro Guerrero y Javier Llarul (Frente de Todos y UXP) y los mayores contribuyentes Ricardo Gabriel Artola, Victor Leal, Yesica Naz\u00f3n, Enzo Zacconi y Diego Meder.<\/p>\n<p>&nbsp;<\/p>\n<p><strong>Como sigue esto<\/strong><\/p>\n<p>Ahora se deber\u00e1n sentar nuevamente para tratar de debatir desde cero el C\u00f3digo Tributario y se ver\u00e1 como se avanza para una resoluci\u00f3n definitiva.<\/p>\n<\/div>\n<h4>El Bloque UCR Juntos justific\u00f3 la ausencia a la sesi\u00f3n<\/h4>\n<p>Mediante una nota a la presidencia del HCD, el bloque opositor insiste en la nota remitida el 27 de diciembre pasado, declarando nula la sesi\u00f3n que tuvo la presencia de Ricardo Gonda como concejal,\u00a0 y a su vez advierten que 3 mayores contribuyentes del oficialismo se encuentran inhabilitados.<\/p>\n<div>\n<div>\n<h4><img decoding=\"async\" src=\"https:\/\/www.noticiastornquist.com.ar\/imagen.php?imagen=2025-01\/210835_72_camscanner-07012025-20.31-2page0001.jpg\" \/><\/h4>\n<\/div>\n<div><\/div>\n<p><img decoding=\"async\" src=\"https:\/\/www.noticiastornquist.com.ar\/imagen.php?imagen=2025-01\/210338_81_d4f96a578d8d42de9ccd54989996f036.jpg\" \/><\/p>\n<div><\/div>\n<hr \/>\n<p><img decoding=\"async\" src=\"https:\/\/www.noticiastornquist.com.ar\/imagen.php?imagen=2025-01\/210348_51_40ee3a6bc3914562af9b9f040ab9c4d5.jpg\" \/><\/p>\n<div><\/div>\n<hr \/>\n<p><img decoding=\"async\" src=\"https:\/\/www.noticiastornquist.com.ar\/imagen.php?imagen=2025-01\/210348_50_59cd40c83d10455fbffaeedbcaa02e38.jpg\" \/><\/p>\n<p><em><strong>Fuente Noticias Tornquist<\/strong><\/em><\/p>\n<\/div>\n","protected":false},"excerpt":{"rendered":"<p>En este nuevo llamado a sesionar por el c\u00f3digo tributario que incluye el ajuste de tasas Municipales y al no haber acuerdo, nuevamente no se presentaron en sus bancas los concejales de UCR Juntos, Luis Castro, Susana Marcolini, Juan C. Marzialetti, Sandra Kifer y Gabriela Romero sumado a la concejal de LLA Cecilia Quiroga.<\/p>\n","protected":false},"author":3,"featured_media":0,"comment_status":"closed","ping_status":"closed","sticky":false,"template":"","format":"standard","meta":{"footnotes":""},"categories":[59],"tags":[48],"class_list":["post-111476","post","type-post","status-publish","format-standard","hentry","category-concejo-deliberante","tag-destacada"],"yoast_head":"<!-- This site is optimized with the Yoast SEO plugin v25.9 - https:\/\/yoast.com\/wordpress\/plugins\/seo\/ -->\n<title>Otra sesi\u00f3n sin cu\u00f3rum en el Concejo Deliberante. - Noticias Radio Reflejos<\/title>\n<meta name=\"robots\" content=\"index, follow, max-snippet:-1, max-image-preview:large, max-video-preview:-1\" \/>\n<link rel=\"canonical\" href=\"https:\/\/www.noticiasradioreflejos.com.ar\/2021\/otra-sesion-sin-cuorum-en-el-concejo-deliberante\/\" \/>\n<meta property=\"og:locale\" content=\"es_ES\" \/>\n<meta property=\"og:type\" content=\"article\" \/>\n<meta property=\"og:title\" content=\"Otra sesi\u00f3n sin cu\u00f3rum en el Concejo Deliberante. - Noticias Radio Reflejos\" \/>\n<meta property=\"og:description\" content=\"En este nuevo llamado a sesionar por el c\u00f3digo tributario que incluye el ajuste de tasas Municipales y al no haber acuerdo, nuevamente no se presentaron en sus bancas los concejales de UCR Juntos, Luis Castro, Susana Marcolini, Juan C. Marzialetti, Sandra Kifer y Gabriela Romero sumado a la concejal de LLA Cecilia Quiroga.\" \/>\n<meta property=\"og:url\" content=\"https:\/\/www.noticiasradioreflejos.com.ar\/2021\/otra-sesion-sin-cuorum-en-el-concejo-deliberante\/\" \/>\n<meta property=\"og:site_name\" content=\"Noticias Radio Reflejos\" \/>\n<meta property=\"article:published_time\" content=\"2025-01-08T10:22:56+00:00\" \/>\n<meta property=\"article:modified_time\" content=\"2025-01-08T10:33:05+00:00\" \/>\n<meta property=\"og:image\" content=\"https:\/\/www.noticiastornquist.com.ar\/imagen.php?imagen=2025-01\/210835_72_camscanner-07012025-20.31-2page0001.jpg\" \/>\n<meta name=\"author\" content=\"Arnaldo Botto\" \/>\n<meta name=\"twitter:card\" content=\"summary_large_image\" \/>\n<script type=\"application\/ld+json\" class=\"yoast-schema-graph\">{\"@context\":\"https:\/\/schema.org\",\"@graph\":[{\"@type\":\"WebPage\",\"@id\":\"https:\/\/www.noticiasradioreflejos.com.ar\/2021\/otra-sesion-sin-cuorum-en-el-concejo-deliberante\/\",\"url\":\"https:\/\/www.noticiasradioreflejos.com.ar\/2021\/otra-sesion-sin-cuorum-en-el-concejo-deliberante\/\",\"name\":\"Otra sesi\u00f3n sin cu\u00f3rum en el Concejo Deliberante. - Noticias Radio Reflejos\",\"isPartOf\":{\"@id\":\"https:\/\/www.noticiasradioreflejos.com.ar\/2021\/#website\"},\"primaryImageOfPage\":{\"@id\":\"https:\/\/www.noticiasradioreflejos.com.ar\/2021\/otra-sesion-sin-cuorum-en-el-concejo-deliberante\/#primaryimage\"},\"image\":{\"@id\":\"https:\/\/www.noticiasradioreflejos.com.ar\/2021\/otra-sesion-sin-cuorum-en-el-concejo-deliberante\/#primaryimage\"},\"thumbnailUrl\":\"https:\/\/www.noticiastornquist.com.ar\/imagen.php?imagen=2025-01\/210835_72_camscanner-07012025-20.31-2page0001.jpg\",\"datePublished\":\"2025-01-08T10:22:56+00:00\",\"dateModified\":\"2025-01-08T10:33:05+00:00\",\"author\":{\"@id\":\"https:\/\/www.noticiasradioreflejos.com.ar\/2021\/#\/schema\/person\/ad82545263dcc5ec0996818884fd5fb1\"},\"breadcrumb\":{\"@id\":\"https:\/\/www.noticiasradioreflejos.com.ar\/2021\/otra-sesion-sin-cuorum-en-el-concejo-deliberante\/#breadcrumb\"},\"inLanguage\":\"es\",\"potentialAction\":[{\"@type\":\"ReadAction\",\"target\":[\"https:\/\/www.noticiasradioreflejos.com.ar\/2021\/otra-sesion-sin-cuorum-en-el-concejo-deliberante\/\"]}]},{\"@type\":\"ImageObject\",\"inLanguage\":\"es\",\"@id\":\"https:\/\/www.noticiasradioreflejos.com.ar\/2021\/otra-sesion-sin-cuorum-en-el-concejo-deliberante\/#primaryimage\",\"url\":\"https:\/\/www.noticiastornquist.com.ar\/imagen.php?imagen=2025-01\/210835_72_camscanner-07012025-20.31-2page0001.jpg\",\"contentUrl\":\"https:\/\/www.noticiastornquist.com.ar\/imagen.php?imagen=2025-01\/210835_72_camscanner-07012025-20.31-2page0001.jpg\"},{\"@type\":\"BreadcrumbList\",\"@id\":\"https:\/\/www.noticiasradioreflejos.com.ar\/2021\/otra-sesion-sin-cuorum-en-el-concejo-deliberante\/#breadcrumb\",\"itemListElement\":[{\"@type\":\"ListItem\",\"position\":1,\"name\":\"Portada\",\"item\":\"https:\/\/www.noticiasradioreflejos.com.ar\/2021\/\"},{\"@type\":\"ListItem\",\"position\":2,\"name\":\"Otra sesi\u00f3n sin cu\u00f3rum en el Concejo Deliberante.\"}]},{\"@type\":\"WebSite\",\"@id\":\"https:\/\/www.noticiasradioreflejos.com.ar\/2021\/#website\",\"url\":\"https:\/\/www.noticiasradioreflejos.com.ar\/2021\/\",\"name\":\"Noticias Radio Reflejos\",\"description\":\"Las noticias de mi comarca\",\"potentialAction\":[{\"@type\":\"SearchAction\",\"target\":{\"@type\":\"EntryPoint\",\"urlTemplate\":\"https:\/\/www.noticiasradioreflejos.com.ar\/2021\/?s={search_term_string}\"},\"query-input\":{\"@type\":\"PropertyValueSpecification\",\"valueRequired\":true,\"valueName\":\"search_term_string\"}}],\"inLanguage\":\"es\"},{\"@type\":\"Person\",\"@id\":\"https:\/\/www.noticiasradioreflejos.com.ar\/2021\/#\/schema\/person\/ad82545263dcc5ec0996818884fd5fb1\",\"name\":\"Arnaldo Botto\",\"image\":{\"@type\":\"ImageObject\",\"inLanguage\":\"es\",\"@id\":\"https:\/\/www.noticiasradioreflejos.com.ar\/2021\/#\/schema\/person\/image\/\",\"url\":\"https:\/\/secure.gravatar.com\/avatar\/55cb5e37c1efa326397366e6974cb338056df65cb50e7d64d1cf314e87504837?s=96&d=mm&r=g\",\"contentUrl\":\"https:\/\/secure.gravatar.com\/avatar\/55cb5e37c1efa326397366e6974cb338056df65cb50e7d64d1cf314e87504837?s=96&d=mm&r=g\",\"caption\":\"Arnaldo Botto\"},\"url\":\"https:\/\/www.noticiasradioreflejos.com.ar\/2021\/author\/arnaldo\/\"}]}<\/script>\n<!-- \/ Yoast SEO plugin. -->","yoast_head_json":{"title":"Otra sesi\u00f3n sin cu\u00f3rum en el Concejo Deliberante. - Noticias Radio Reflejos","robots":{"index":"index","follow":"follow","max-snippet":"max-snippet:-1","max-image-preview":"max-image-preview:large","max-video-preview":"max-video-preview:-1"},"canonical":"https:\/\/www.noticiasradioreflejos.com.ar\/2021\/otra-sesion-sin-cuorum-en-el-concejo-deliberante\/","og_locale":"es_ES","og_type":"article","og_title":"Otra sesi\u00f3n sin cu\u00f3rum en el Concejo Deliberante. - Noticias Radio Reflejos","og_description":"En este nuevo llamado a sesionar por el c\u00f3digo tributario que incluye el ajuste de tasas Municipales y al no haber acuerdo, nuevamente no se presentaron en sus bancas los concejales de UCR Juntos, Luis Castro, Susana Marcolini, Juan C. Marzialetti, Sandra Kifer y Gabriela Romero sumado a la concejal de LLA Cecilia Quiroga.","og_url":"https:\/\/www.noticiasradioreflejos.com.ar\/2021\/otra-sesion-sin-cuorum-en-el-concejo-deliberante\/","og_site_name":"Noticias Radio Reflejos","article_published_time":"2025-01-08T10:22:56+00:00","article_modified_time":"2025-01-08T10:33:05+00:00","og_image":[{"url":"https:\/\/www.noticiastornquist.com.ar\/imagen.php?imagen=2025-01\/210835_72_camscanner-07012025-20.31-2page0001.jpg","type":"","width":"","height":""}],"author":"Arnaldo Botto","twitter_card":"summary_large_image","schema":{"@context":"https:\/\/schema.org","@graph":[{"@type":"WebPage","@id":"https:\/\/www.noticiasradioreflejos.com.ar\/2021\/otra-sesion-sin-cuorum-en-el-concejo-deliberante\/","url":"https:\/\/www.noticiasradioreflejos.com.ar\/2021\/otra-sesion-sin-cuorum-en-el-concejo-deliberante\/","name":"Otra sesi\u00f3n sin cu\u00f3rum en el Concejo Deliberante. - Noticias Radio Reflejos","isPartOf":{"@id":"https:\/\/www.noticiasradioreflejos.com.ar\/2021\/#website"},"primaryImageOfPage":{"@id":"https:\/\/www.noticiasradioreflejos.com.ar\/2021\/otra-sesion-sin-cuorum-en-el-concejo-deliberante\/#primaryimage"},"image":{"@id":"https:\/\/www.noticiasradioreflejos.com.ar\/2021\/otra-sesion-sin-cuorum-en-el-concejo-deliberante\/#primaryimage"},"thumbnailUrl":"https:\/\/www.noticiastornquist.com.ar\/imagen.php?imagen=2025-01\/210835_72_camscanner-07012025-20.31-2page0001.jpg","datePublished":"2025-01-08T10:22:56+00:00","dateModified":"2025-01-08T10:33:05+00:00","author":{"@id":"https:\/\/www.noticiasradioreflejos.com.ar\/2021\/#\/schema\/person\/ad82545263dcc5ec0996818884fd5fb1"},"breadcrumb":{"@id":"https:\/\/www.noticiasradioreflejos.com.ar\/2021\/otra-sesion-sin-cuorum-en-el-concejo-deliberante\/#breadcrumb"},"inLanguage":"es","potentialAction":[{"@type":"ReadAction","target":["https:\/\/www.noticiasradioreflejos.com.ar\/2021\/otra-sesion-sin-cuorum-en-el-concejo-deliberante\/"]}]},{"@type":"ImageObject","inLanguage":"es","@id":"https:\/\/www.noticiasradioreflejos.com.ar\/2021\/otra-sesion-sin-cuorum-en-el-concejo-deliberante\/#primaryimage","url":"https:\/\/www.noticiastornquist.com.ar\/imagen.php?imagen=2025-01\/210835_72_camscanner-07012025-20.31-2page0001.jpg","contentUrl":"https:\/\/www.noticiastornquist.com.ar\/imagen.php?imagen=2025-01\/210835_72_camscanner-07012025-20.31-2page0001.jpg"},{"@type":"BreadcrumbList","@id":"https:\/\/www.noticiasradioreflejos.com.ar\/2021\/otra-sesion-sin-cuorum-en-el-concejo-deliberante\/#breadcrumb","itemListElement":[{"@type":"ListItem","position":1,"name":"Portada","item":"https:\/\/www.noticiasradioreflejos.com.ar\/2021\/"},{"@type":"ListItem","position":2,"name":"Otra sesi\u00f3n sin cu\u00f3rum en el Concejo Deliberante."}]},{"@type":"WebSite","@id":"https:\/\/www.noticiasradioreflejos.com.ar\/2021\/#website","url":"https:\/\/www.noticiasradioreflejos.com.ar\/2021\/","name":"Noticias Radio Reflejos","description":"Las noticias de mi comarca","potentialAction":[{"@type":"SearchAction","target":{"@type":"EntryPoint","urlTemplate":"https:\/\/www.noticiasradioreflejos.com.ar\/2021\/?s={search_term_string}"},"query-input":{"@type":"PropertyValueSpecification","valueRequired":true,"valueName":"search_term_string"}}],"inLanguage":"es"},{"@type":"Person","@id":"https:\/\/www.noticiasradioreflejos.com.ar\/2021\/#\/schema\/person\/ad82545263dcc5ec0996818884fd5fb1","name":"Arnaldo Botto","image":{"@type":"ImageObject","inLanguage":"es","@id":"https:\/\/www.noticiasradioreflejos.com.ar\/2021\/#\/schema\/person\/image\/","url":"https:\/\/secure.gravatar.com\/avatar\/55cb5e37c1efa326397366e6974cb338056df65cb50e7d64d1cf314e87504837?s=96&d=mm&r=g","contentUrl":"https:\/\/secure.gravatar.com\/avatar\/55cb5e37c1efa326397366e6974cb338056df65cb50e7d64d1cf314e87504837?s=96&d=mm&r=g","caption":"Arnaldo Botto"},"url":"https:\/\/www.noticiasradioreflejos.com.ar\/2021\/author\/arnaldo\/"}]}},"_links":{"self":[{"href":"https:\/\/www.noticiasradioreflejos.com.ar\/2021\/wp-json\/wp\/v2\/posts\/111476","targetHints":{"allow":["GET"]}}],"collection":[{"href":"https:\/\/www.noticiasradioreflejos.com.ar\/2021\/wp-json\/wp\/v2\/posts"}],"about":[{"href":"https:\/\/www.noticiasradioreflejos.com.ar\/2021\/wp-json\/wp\/v2\/types\/post"}],"author":[{"embeddable":true,"href":"https:\/\/www.noticiasradioreflejos.com.ar\/2021\/wp-json\/wp\/v2\/users\/3"}],"replies":[{"embeddable":true,"href":"https:\/\/www.noticiasradioreflejos.com.ar\/2021\/wp-json\/wp\/v2\/comments?post=111476"}],"version-history":[{"count":3,"href":"https:\/\/www.noticiasradioreflejos.com.ar\/2021\/wp-json\/wp\/v2\/posts\/111476\/revisions"}],"predecessor-version":[{"id":111480,"href":"https:\/\/www.noticiasradioreflejos.com.ar\/2021\/wp-json\/wp\/v2\/posts\/111476\/revisions\/111480"}],"wp:attachment":[{"href":"https:\/\/www.noticiasradioreflejos.com.ar\/2021\/wp-json\/wp\/v2\/media?parent=111476"}],"wp:term":[{"taxonomy":"category","embeddable":true,"href":"https:\/\/www.noticiasradioreflejos.com.ar\/2021\/wp-json\/wp\/v2\/categories?post=111476"},{"taxonomy":"post_tag","embeddable":true,"href":"https:\/\/www.noticiasradioreflejos.com.ar\/2021\/wp-json\/wp\/v2\/tags?post=111476"}],"curies":[{"name":"wp","href":"https:\/\/api.w.org\/{rel}","templated":true}]}}