{"id":111435,"date":"2025-01-07T11:22:57","date_gmt":"2025-01-07T14:22:57","guid":{"rendered":"https:\/\/www.noticiasradioreflejos.com.ar\/2021\/?p=111435"},"modified":"2025-01-07T11:22:57","modified_gmt":"2025-01-07T14:22:57","slug":"el-gobierno-bonaerense-autorizo-un-aumento-adicional-en-las-tarifas-de-luz","status":"publish","type":"post","link":"https:\/\/www.noticiasradioreflejos.com.ar\/2021\/el-gobierno-bonaerense-autorizo-un-aumento-adicional-en-las-tarifas-de-luz\/","title":{"rendered":"El Gobierno bonaerense autoriz\u00f3 un aumento adicional en las tarifas de luz"},"content":{"rendered":"<p>La suba est\u00e1 vinculada a un incremento extra del Valor Agregado de Distribuci\u00f3n (VAD)<!--more-->El Gobierno bonaerense<strong>\u00a0aprob\u00f3 este martes un aumento adicional en las tarifas de luz<\/strong>, convalidando la suba de los precios estacionales de la electricidad realizada por la administraci\u00f3n nacional y trasladando los costos propios de distribuci\u00f3n.<\/p>\n<div class=\"column-main\">\n<div class=\"article-body\" data-tadevel-template=\"web\/article-body\">\n<div class=\"article-body-content\">\n<p>La actualizaci\u00f3n tarifaria, que fue dispuesta mediante la Resoluci\u00f3n 4\/2025 del Bolet\u00edn Oficial provincial, se aplicar\u00e1 para el consumo de enero por lo que tendr\u00e1 impacto en las boletas que los usuarios recibir\u00e1n en el comienzo de febrero.<\/p>\n<p>Seg\u00fan indicaron fuentes provinciales, la suba en las facturas, que responde a un incremento adicional del Valor Agregado de Distribuci\u00f3n (VAD),\u00a0<strong>rondar\u00e1 el 2,5% en los usuarios residenciales.<\/strong><\/p>\n<p>El mencionado aumento se suma al ajuste en los costos de distribuci\u00f3n y transporte que dispuso el Ente Nacional Regulador de la Electricidad (ENRE) a principios del pen\u00faltimo mes del a\u00f1o pasado para el periodo que abarca desde el 1 de noviembre de 2024 y\u00a0<strong>se mantendr\u00e1 vigente hasta el 30 de abril de 2025.<\/strong><\/p>\n<p>A partir de la aplicaci\u00f3n, el valor de la tarifa media<strong>\u00a0pas\u00f3 a ser de $104,918 por kWh<\/strong>\u00a0para los usuarios de ingresos altos y comercios e industrias. En tanto que para los consumidores de ingresos medios y bajos siguen manteniendo las bonificaciones del 55% sobre el bloque subsidiado (250kw por mes) y del 71,92% sobre el bloque subsidiado (350kw por mes), respectivamente.<\/p>\n<p>En cada actualizaci\u00f3n de los costos energ\u00e9ticos, el ENRE junto a las jurisdicciones locales, son los encargados de definir los nuevos cuadros tarifarios con los valores de transporte y distribuci\u00f3n, seg\u00fan corresponda.<\/p>\n<p>En ese marco, el Ministerio de Infraestructura y Servicios P\u00fablicos de la provincia de Buenos Aires determin\u00f3 aprobar los nuevos valores del cuadro tarifario aplicables a los consumos registrados hasta abril pr\u00f3ximo.<\/p>\n<p>El incremento regir\u00e1 para la Empresa Distribuidora La Plata Sociedad An\u00f3nima (EDELAP S.A.), la Empresa Distribuidora de Energ\u00eda Atl\u00e1ntica Sociedad An\u00f3nima (EDEA S.A.), la Empresa Distribuidora de Energ\u00eda Norte Sociedad An\u00f3nima (EDEN S.A.), la Empresa Distribuidora de Energ\u00eda Sur Sociedad An\u00f3nima (EDES S.A.), del \u00c1rea R\u00edo de La Plata, del \u00c1rea Atl\u00e1ntica, del \u00c1rea Norte y del \u00c1rea Sur.<\/p>\n<\/div>\n<\/div>\n<\/div>\n","protected":false},"excerpt":{"rendered":"<p>La suba est\u00e1 vinculada a un incremento extra del Valor Agregado de Distribuci\u00f3n (VAD)<\/p>\n","protected":false},"author":3,"featured_media":88620,"comment_status":"closed","ping_status":"closed","sticky":false,"template":"","format":"standard","meta":{"footnotes":""},"categories":[36],"tags":[],"class_list":["post-111435","post","type-post","status-publish","format-standard","has-post-thumbnail","hentry","category-economia"],"yoast_head":"<!-- This site is optimized with the Yoast SEO plugin v25.9 - https:\/\/yoast.com\/wordpress\/plugins\/seo\/ -->\n<title>El Gobierno bonaerense autoriz\u00f3 un aumento adicional en las tarifas de luz - Noticias Radio Reflejos<\/title>\n<meta name=\"robots\" content=\"index, follow, max-snippet:-1, max-image-preview:large, max-video-preview:-1\" \/>\n<link rel=\"canonical\" href=\"https:\/\/www.noticiasradioreflejos.com.ar\/2021\/el-gobierno-bonaerense-autorizo-un-aumento-adicional-en-las-tarifas-de-luz\/\" \/>\n<meta property=\"og:locale\" content=\"es_ES\" \/>\n<meta property=\"og:type\" content=\"article\" \/>\n<meta property=\"og:title\" content=\"El Gobierno bonaerense autoriz\u00f3 un aumento adicional en las tarifas de luz - Noticias Radio Reflejos\" \/>\n<meta property=\"og:description\" content=\"La suba est\u00e1 vinculada a un incremento extra del Valor Agregado de Distribuci\u00f3n (VAD)\" \/>\n<meta property=\"og:url\" content=\"https:\/\/www.noticiasradioreflejos.com.ar\/2021\/el-gobierno-bonaerense-autorizo-un-aumento-adicional-en-las-tarifas-de-luz\/\" \/>\n<meta property=\"og:site_name\" content=\"Noticias Radio Reflejos\" \/>\n<meta property=\"article:published_time\" content=\"2025-01-07T14:22:57+00:00\" \/>\n<meta property=\"og:image\" content=\"https:\/\/www.noticiasradioreflejos.com.ar\/2021\/wp-content\/uploads\/2023\/06\/luz-energia.jpg\" \/>\n\t<meta property=\"og:image:width\" content=\"750\" \/>\n\t<meta property=\"og:image:height\" content=\"489\" \/>\n\t<meta property=\"og:image:type\" content=\"image\/jpeg\" \/>\n<meta name=\"author\" content=\"Arnaldo Botto\" \/>\n<meta name=\"twitter:card\" content=\"summary_large_image\" \/>\n<script type=\"application\/ld+json\" class=\"yoast-schema-graph\">{\"@context\":\"https:\/\/schema.org\",\"@graph\":[{\"@type\":\"WebPage\",\"@id\":\"https:\/\/www.noticiasradioreflejos.com.ar\/2021\/el-gobierno-bonaerense-autorizo-un-aumento-adicional-en-las-tarifas-de-luz\/\",\"url\":\"https:\/\/www.noticiasradioreflejos.com.ar\/2021\/el-gobierno-bonaerense-autorizo-un-aumento-adicional-en-las-tarifas-de-luz\/\",\"name\":\"El Gobierno bonaerense autoriz\u00f3 un aumento adicional en las tarifas de luz - Noticias Radio Reflejos\",\"isPartOf\":{\"@id\":\"https:\/\/www.noticiasradioreflejos.com.ar\/2021\/#website\"},\"primaryImageOfPage\":{\"@id\":\"https:\/\/www.noticiasradioreflejos.com.ar\/2021\/el-gobierno-bonaerense-autorizo-un-aumento-adicional-en-las-tarifas-de-luz\/#primaryimage\"},\"image\":{\"@id\":\"https:\/\/www.noticiasradioreflejos.com.ar\/2021\/el-gobierno-bonaerense-autorizo-un-aumento-adicional-en-las-tarifas-de-luz\/#primaryimage\"},\"thumbnailUrl\":\"https:\/\/www.noticiasradioreflejos.com.ar\/2021\/wp-content\/uploads\/2023\/06\/luz-energia.jpg\",\"datePublished\":\"2025-01-07T14:22:57+00:00\",\"author\":{\"@id\":\"https:\/\/www.noticiasradioreflejos.com.ar\/2021\/#\/schema\/person\/ad82545263dcc5ec0996818884fd5fb1\"},\"breadcrumb\":{\"@id\":\"https:\/\/www.noticiasradioreflejos.com.ar\/2021\/el-gobierno-bonaerense-autorizo-un-aumento-adicional-en-las-tarifas-de-luz\/#breadcrumb\"},\"inLanguage\":\"es\",\"potentialAction\":[{\"@type\":\"ReadAction\",\"target\":[\"https:\/\/www.noticiasradioreflejos.com.ar\/2021\/el-gobierno-bonaerense-autorizo-un-aumento-adicional-en-las-tarifas-de-luz\/\"]}]},{\"@type\":\"ImageObject\",\"inLanguage\":\"es\",\"@id\":\"https:\/\/www.noticiasradioreflejos.com.ar\/2021\/el-gobierno-bonaerense-autorizo-un-aumento-adicional-en-las-tarifas-de-luz\/#primaryimage\",\"url\":\"https:\/\/www.noticiasradioreflejos.com.ar\/2021\/wp-content\/uploads\/2023\/06\/luz-energia.jpg\",\"contentUrl\":\"https:\/\/www.noticiasradioreflejos.com.ar\/2021\/wp-content\/uploads\/2023\/06\/luz-energia.jpg\",\"width\":750,\"height\":489},{\"@type\":\"BreadcrumbList\",\"@id\":\"https:\/\/www.noticiasradioreflejos.com.ar\/2021\/el-gobierno-bonaerense-autorizo-un-aumento-adicional-en-las-tarifas-de-luz\/#breadcrumb\",\"itemListElement\":[{\"@type\":\"ListItem\",\"position\":1,\"name\":\"Portada\",\"item\":\"https:\/\/www.noticiasradioreflejos.com.ar\/2021\/\"},{\"@type\":\"ListItem\",\"position\":2,\"name\":\"El Gobierno bonaerense autoriz\u00f3 un aumento adicional en las tarifas de luz\"}]},{\"@type\":\"WebSite\",\"@id\":\"https:\/\/www.noticiasradioreflejos.com.ar\/2021\/#website\",\"url\":\"https:\/\/www.noticiasradioreflejos.com.ar\/2021\/\",\"name\":\"Noticias Radio Reflejos\",\"description\":\"Las noticias de mi comarca\",\"potentialAction\":[{\"@type\":\"SearchAction\",\"target\":{\"@type\":\"EntryPoint\",\"urlTemplate\":\"https:\/\/www.noticiasradioreflejos.com.ar\/2021\/?s={search_term_string}\"},\"query-input\":{\"@type\":\"PropertyValueSpecification\",\"valueRequired\":true,\"valueName\":\"search_term_string\"}}],\"inLanguage\":\"es\"},{\"@type\":\"Person\",\"@id\":\"https:\/\/www.noticiasradioreflejos.com.ar\/2021\/#\/schema\/person\/ad82545263dcc5ec0996818884fd5fb1\",\"name\":\"Arnaldo Botto\",\"image\":{\"@type\":\"ImageObject\",\"inLanguage\":\"es\",\"@id\":\"https:\/\/www.noticiasradioreflejos.com.ar\/2021\/#\/schema\/person\/image\/\",\"url\":\"https:\/\/secure.gravatar.com\/avatar\/55cb5e37c1efa326397366e6974cb338056df65cb50e7d64d1cf314e87504837?s=96&d=mm&r=g\",\"contentUrl\":\"https:\/\/secure.gravatar.com\/avatar\/55cb5e37c1efa326397366e6974cb338056df65cb50e7d64d1cf314e87504837?s=96&d=mm&r=g\",\"caption\":\"Arnaldo Botto\"},\"url\":\"https:\/\/www.noticiasradioreflejos.com.ar\/2021\/author\/arnaldo\/\"}]}<\/script>\n<!-- \/ Yoast SEO plugin. -->","yoast_head_json":{"title":"El Gobierno bonaerense autoriz\u00f3 un aumento adicional en las tarifas de luz - Noticias Radio Reflejos","robots":{"index":"index","follow":"follow","max-snippet":"max-snippet:-1","max-image-preview":"max-image-preview:large","max-video-preview":"max-video-preview:-1"},"canonical":"https:\/\/www.noticiasradioreflejos.com.ar\/2021\/el-gobierno-bonaerense-autorizo-un-aumento-adicional-en-las-tarifas-de-luz\/","og_locale":"es_ES","og_type":"article","og_title":"El Gobierno bonaerense autoriz\u00f3 un aumento adicional en las tarifas de luz - Noticias Radio Reflejos","og_description":"La suba est\u00e1 vinculada a un incremento extra del Valor Agregado de Distribuci\u00f3n (VAD)","og_url":"https:\/\/www.noticiasradioreflejos.com.ar\/2021\/el-gobierno-bonaerense-autorizo-un-aumento-adicional-en-las-tarifas-de-luz\/","og_site_name":"Noticias Radio Reflejos","article_published_time":"2025-01-07T14:22:57+00:00","og_image":[{"width":750,"height":489,"url":"https:\/\/www.noticiasradioreflejos.com.ar\/2021\/wp-content\/uploads\/2023\/06\/luz-energia.jpg","type":"image\/jpeg"}],"author":"Arnaldo Botto","twitter_card":"summary_large_image","schema":{"@context":"https:\/\/schema.org","@graph":[{"@type":"WebPage","@id":"https:\/\/www.noticiasradioreflejos.com.ar\/2021\/el-gobierno-bonaerense-autorizo-un-aumento-adicional-en-las-tarifas-de-luz\/","url":"https:\/\/www.noticiasradioreflejos.com.ar\/2021\/el-gobierno-bonaerense-autorizo-un-aumento-adicional-en-las-tarifas-de-luz\/","name":"El Gobierno bonaerense autoriz\u00f3 un aumento adicional en las tarifas de luz - Noticias Radio Reflejos","isPartOf":{"@id":"https:\/\/www.noticiasradioreflejos.com.ar\/2021\/#website"},"primaryImageOfPage":{"@id":"https:\/\/www.noticiasradioreflejos.com.ar\/2021\/el-gobierno-bonaerense-autorizo-un-aumento-adicional-en-las-tarifas-de-luz\/#primaryimage"},"image":{"@id":"https:\/\/www.noticiasradioreflejos.com.ar\/2021\/el-gobierno-bonaerense-autorizo-un-aumento-adicional-en-las-tarifas-de-luz\/#primaryimage"},"thumbnailUrl":"https:\/\/www.noticiasradioreflejos.com.ar\/2021\/wp-content\/uploads\/2023\/06\/luz-energia.jpg","datePublished":"2025-01-07T14:22:57+00:00","author":{"@id":"https:\/\/www.noticiasradioreflejos.com.ar\/2021\/#\/schema\/person\/ad82545263dcc5ec0996818884fd5fb1"},"breadcrumb":{"@id":"https:\/\/www.noticiasradioreflejos.com.ar\/2021\/el-gobierno-bonaerense-autorizo-un-aumento-adicional-en-las-tarifas-de-luz\/#breadcrumb"},"inLanguage":"es","potentialAction":[{"@type":"ReadAction","target":["https:\/\/www.noticiasradioreflejos.com.ar\/2021\/el-gobierno-bonaerense-autorizo-un-aumento-adicional-en-las-tarifas-de-luz\/"]}]},{"@type":"ImageObject","inLanguage":"es","@id":"https:\/\/www.noticiasradioreflejos.com.ar\/2021\/el-gobierno-bonaerense-autorizo-un-aumento-adicional-en-las-tarifas-de-luz\/#primaryimage","url":"https:\/\/www.noticiasradioreflejos.com.ar\/2021\/wp-content\/uploads\/2023\/06\/luz-energia.jpg","contentUrl":"https:\/\/www.noticiasradioreflejos.com.ar\/2021\/wp-content\/uploads\/2023\/06\/luz-energia.jpg","width":750,"height":489},{"@type":"BreadcrumbList","@id":"https:\/\/www.noticiasradioreflejos.com.ar\/2021\/el-gobierno-bonaerense-autorizo-un-aumento-adicional-en-las-tarifas-de-luz\/#breadcrumb","itemListElement":[{"@type":"ListItem","position":1,"name":"Portada","item":"https:\/\/www.noticiasradioreflejos.com.ar\/2021\/"},{"@type":"ListItem","position":2,"name":"El Gobierno bonaerense autoriz\u00f3 un aumento adicional en las tarifas de luz"}]},{"@type":"WebSite","@id":"https:\/\/www.noticiasradioreflejos.com.ar\/2021\/#website","url":"https:\/\/www.noticiasradioreflejos.com.ar\/2021\/","name":"Noticias Radio Reflejos","description":"Las noticias de mi comarca","potentialAction":[{"@type":"SearchAction","target":{"@type":"EntryPoint","urlTemplate":"https:\/\/www.noticiasradioreflejos.com.ar\/2021\/?s={search_term_string}"},"query-input":{"@type":"PropertyValueSpecification","valueRequired":true,"valueName":"search_term_string"}}],"inLanguage":"es"},{"@type":"Person","@id":"https:\/\/www.noticiasradioreflejos.com.ar\/2021\/#\/schema\/person\/ad82545263dcc5ec0996818884fd5fb1","name":"Arnaldo Botto","image":{"@type":"ImageObject","inLanguage":"es","@id":"https:\/\/www.noticiasradioreflejos.com.ar\/2021\/#\/schema\/person\/image\/","url":"https:\/\/secure.gravatar.com\/avatar\/55cb5e37c1efa326397366e6974cb338056df65cb50e7d64d1cf314e87504837?s=96&d=mm&r=g","contentUrl":"https:\/\/secure.gravatar.com\/avatar\/55cb5e37c1efa326397366e6974cb338056df65cb50e7d64d1cf314e87504837?s=96&d=mm&r=g","caption":"Arnaldo Botto"},"url":"https:\/\/www.noticiasradioreflejos.com.ar\/2021\/author\/arnaldo\/"}]}},"_links":{"self":[{"href":"https:\/\/www.noticiasradioreflejos.com.ar\/2021\/wp-json\/wp\/v2\/posts\/111435","targetHints":{"allow":["GET"]}}],"collection":[{"href":"https:\/\/www.noticiasradioreflejos.com.ar\/2021\/wp-json\/wp\/v2\/posts"}],"about":[{"href":"https:\/\/www.noticiasradioreflejos.com.ar\/2021\/wp-json\/wp\/v2\/types\/post"}],"author":[{"embeddable":true,"href":"https:\/\/www.noticiasradioreflejos.com.ar\/2021\/wp-json\/wp\/v2\/users\/3"}],"replies":[{"embeddable":true,"href":"https:\/\/www.noticiasradioreflejos.com.ar\/2021\/wp-json\/wp\/v2\/comments?post=111435"}],"version-history":[{"count":1,"href":"https:\/\/www.noticiasradioreflejos.com.ar\/2021\/wp-json\/wp\/v2\/posts\/111435\/revisions"}],"predecessor-version":[{"id":111436,"href":"https:\/\/www.noticiasradioreflejos.com.ar\/2021\/wp-json\/wp\/v2\/posts\/111435\/revisions\/111436"}],"wp:featuredmedia":[{"embeddable":true,"href":"https:\/\/www.noticiasradioreflejos.com.ar\/2021\/wp-json\/wp\/v2\/media\/88620"}],"wp:attachment":[{"href":"https:\/\/www.noticiasradioreflejos.com.ar\/2021\/wp-json\/wp\/v2\/media?parent=111435"}],"wp:term":[{"taxonomy":"category","embeddable":true,"href":"https:\/\/www.noticiasradioreflejos.com.ar\/2021\/wp-json\/wp\/v2\/categories?post=111435"},{"taxonomy":"post_tag","embeddable":true,"href":"https:\/\/www.noticiasradioreflejos.com.ar\/2021\/wp-json\/wp\/v2\/tags?post=111435"}],"curies":[{"name":"wp","href":"https:\/\/api.w.org\/{rel}","templated":true}]}}