{"id":111422,"date":"2025-01-07T07:14:03","date_gmt":"2025-01-07T10:14:03","guid":{"rendered":"https:\/\/www.noticiasradioreflejos.com.ar\/2021\/?p=111422"},"modified":"2025-01-08T07:06:16","modified_gmt":"2025-01-08T10:06:16","slug":"advierten-sobre-las-altas-temperaturas-y-posibles-tormentas-en-la-region","status":"publish","type":"post","link":"https:\/\/www.noticiasradioreflejos.com.ar\/2021\/advierten-sobre-las-altas-temperaturas-y-posibles-tormentas-en-la-region\/","title":{"rendered":"Advierten sobre las altas temperaturas y posibles tormentas en la regi\u00f3n"},"content":{"rendered":"<p>El Servicio Meteorol\u00f3gico Nacional emiti\u00f3 en la tarde de este lunes alerta amarillo para nuestra regi\u00f3n por temperaturas extremas.<!--more--><\/p>\n<p>Seg\u00fan el aviso emitido por parte del organismo , <b><strong>el \u00e1rea afectada \u201ccomprende a 13 provincias y en Buenos Aires\u00a0 toda la zona oeste <\/strong><\/b>.<\/p>\n<p>En Sierra de la Ventana y toda la comarca se espera una jornada agobiante, con temperaturas por encima de los 35\u00b0, cielo algo nublado y vientos suaves del norte.<\/p>\n<p>Las condiciones de calor extremo se extiende\u00a0 a ma\u00f1ana mi\u00e9rcoles con temperaturas de 22 a 35 grados, cielos mayormente nublados, posibles tormentas en horas del mediod\u00eda y parte de la tarde, el viento ser\u00e1 moderado del norte,<\/p>\n<p><a title=\"Alerta 1\" href=\"https:\/\/www.flickr.com\/photos\/182279889@N02\/54252164143\/in\/dateposted-public\/\" data-flickr-embed=\"true\"><img loading=\"lazy\" decoding=\"async\" src=\"https:\/\/live.staticflickr.com\/65535\/54252164143_3e3080dd76_z.jpg\" alt=\"Alerta 1\" width=\"640\" height=\"437\" \/><\/a><script async src=\"\/\/embedr.flickr.com\/assets\/client-code.js\" charset=\"utf-8\"><\/script><br \/>\n<b><\/b><\/p>\n<p><b><strong>CONSEJOS ANTE LA OLA DE CALOR<\/strong><\/b><\/p>\n<p>Por otro lado,\u00a0<b><strong>ante la ola de calor en todo el pa\u00eds, el Ministerio de Salud de la Naci\u00f3n emiti\u00f3 las siguientes recomendaciones dirigidas a toda la poblaci\u00f3n<\/strong><\/b>\u00a0y, en especial, a los grupos de riesgo:<\/p>\n<p>&nbsp;<\/p>\n<p>&#8211; Hidratarse, sin esperar a sentir sed, con m\u00e1s frecuencia que lo habitual.<\/p>\n<p>&#8211; En caso de estar amamantando, hacerlo m\u00e1s seguido.<\/p>\n<p>&#8211; Evitar comidas muy abundantes.<\/p>\n<p>&#8211; Ingerir verduras y frutas.<\/p>\n<p>&#8211; Evitar las bebidas alcoh\u00f3licas o muy azucaradas.<\/p>\n<p>&#8211; No realizar actividad f\u00edsica intensa.<\/p>\n<p>&#8211; Evitar la exposici\u00f3n al sol en exceso, principalmente entre las 10 y las 16 horas.<\/p>\n<p>&#8211; Extremar precauciones para evitar incendios.<\/p>\n<p>&#8211; Solicitar atenci\u00f3n m\u00e9dica en caso de tener alguno de estos s\u00edntomas: temperatura corporal mayor a\u00a039\u00b0C, n\u00e1useas o v\u00f3mitos, mareos o desmayos, sed intensa y sequedad en la boca, sudoraci\u00f3n excesiva, piel muy seca, dolor de est\u00f3mago y de cabeza.<\/p>\n<p>&nbsp;<\/p>\n<p><a title=\"consejos ola de calor\" href=\"https:\/\/www.flickr.com\/photos\/182279889@N02\/54251913551\/in\/dateposted-public\/\" data-flickr-embed=\"true\"><img loading=\"lazy\" decoding=\"async\" src=\"https:\/\/live.staticflickr.com\/65535\/54251913551_4f44e55fcd_z.jpg\" alt=\"consejos ola de calor\" width=\"639\" height=\"640\" \/><\/a><\/p>\n<p>Adem\u00e1s,\u00a0<b><strong>se recomienda especial cuidado con personas mayores, beb\u00e9s, ni\u00f1os y ni\u00f1as, personas embarazadas y en lactancia<\/strong><\/b>, personas con alguna enfermedad cr\u00f3nica o con sobrepeso, personas expuestas al calor en su ambiente laboral, quienes viven en situaci\u00f3n de calle, y aquellas personas que consideren que pueden estar m\u00e1s expuestas por el impacto de la ola de calor.\u00a0<b><strong>En este sentido, se sugiere que se tomen algunas precauciones necesarias seg\u00fan el caso<\/strong><\/b>.<\/p>\n<p>&nbsp;<\/p>\n<p><b><strong>Con respecto a las ni\u00f1as y los ni\u00f1os es conveniente ofrecerles continuamente l\u00edquidos, preferentemente agua o jugos naturales<\/strong><\/b>, sin esperar a que los pidan. En cuanto a la vestimenta,\u00a0<b><strong>procurar que vistan con ropa holgada, liviana, de algod\u00f3n y de colores claros, ba\u00f1arlos y\/o mojarles el cuerpo con frecuencia, evitar que se expongan al sol, especialmente de\u00a010 a\u00a016 horas<\/strong><\/b>. En todo momento es recomendable colocarles gorro, protector solar y mantenerlos en lugares bien ventilados o con aire acondicionado (ya sea en una casa o en lugares p\u00fablicos).<\/p>\n<p>&nbsp;<\/p>\n<p><b><strong>En beb\u00e9s es importante asegurarse que la piel no se encuentre muy irritada por el sudor en el cuello, pecho, axilas, pliegues del codo y la zona del pa\u00f1al<\/strong><\/b>. A partir de los seis meses, ofrecerles agua fresca potable sin esperar a que la pidan.\u00a0<b><strong>Tambi\u00e9n se pueden consumir jugos de fruta natural (no artificiales)<\/strong><\/b>.<\/p>\n<p>&nbsp;<\/p>\n<p>En relaci\u00f3n a las personas adultas mayores, en d\u00edas de temperaturas elevadas se sugiere no salir a la calle sin compa\u00f1\u00eda y\u00a0<b><strong>en caso de sentirse mareado o muy afectado por el calor se debe prescindir de salir al exterior para que no se refuerce negativamente la sintomatolog\u00eda<\/strong><\/b>.<\/p>\n","protected":false},"excerpt":{"rendered":"<p>El Servicio Meteorol\u00f3gico Nacional emiti\u00f3 en la tarde de este lunes alerta amarillo para nuestra regi\u00f3n por temperaturas extremas.<\/p>\n","protected":false},"author":3,"featured_media":80536,"comment_status":"closed","ping_status":"closed","sticky":false,"template":"","format":"standard","meta":{"footnotes":""},"categories":[46],"tags":[],"class_list":["post-111422","post","type-post","status-publish","format-standard","has-post-thumbnail","hentry","category-ciencia-y-tecnologia"],"yoast_head":"<!-- This site is optimized with the Yoast SEO plugin v25.9 - https:\/\/yoast.com\/wordpress\/plugins\/seo\/ -->\n<title>Advierten sobre las altas temperaturas y posibles tormentas en la regi\u00f3n - Noticias Radio Reflejos<\/title>\n<meta name=\"robots\" content=\"index, follow, max-snippet:-1, max-image-preview:large, max-video-preview:-1\" \/>\n<link rel=\"canonical\" href=\"https:\/\/www.noticiasradioreflejos.com.ar\/2021\/advierten-sobre-las-altas-temperaturas-y-posibles-tormentas-en-la-region\/\" \/>\n<meta property=\"og:locale\" content=\"es_ES\" \/>\n<meta property=\"og:type\" content=\"article\" \/>\n<meta property=\"og:title\" content=\"Advierten sobre las altas temperaturas y posibles tormentas en la regi\u00f3n - Noticias Radio Reflejos\" \/>\n<meta property=\"og:description\" content=\"El Servicio Meteorol\u00f3gico Nacional emiti\u00f3 en la tarde de este lunes alerta amarillo para nuestra regi\u00f3n por temperaturas extremas.\" \/>\n<meta property=\"og:url\" content=\"https:\/\/www.noticiasradioreflejos.com.ar\/2021\/advierten-sobre-las-altas-temperaturas-y-posibles-tormentas-en-la-region\/\" \/>\n<meta property=\"og:site_name\" content=\"Noticias Radio Reflejos\" \/>\n<meta property=\"article:published_time\" content=\"2025-01-07T10:14:03+00:00\" \/>\n<meta property=\"article:modified_time\" content=\"2025-01-08T10:06:16+00:00\" \/>\n<meta property=\"og:image\" content=\"https:\/\/www.noticiasradioreflejos.com.ar\/2021\/wp-content\/uploads\/2022\/11\/calor-700x465-1.jpg\" \/>\n\t<meta property=\"og:image:width\" content=\"700\" \/>\n\t<meta property=\"og:image:height\" content=\"465\" \/>\n\t<meta property=\"og:image:type\" content=\"image\/jpeg\" \/>\n<meta name=\"author\" content=\"Arnaldo Botto\" \/>\n<meta name=\"twitter:card\" content=\"summary_large_image\" \/>\n<script type=\"application\/ld+json\" class=\"yoast-schema-graph\">{\"@context\":\"https:\/\/schema.org\",\"@graph\":[{\"@type\":\"WebPage\",\"@id\":\"https:\/\/www.noticiasradioreflejos.com.ar\/2021\/advierten-sobre-las-altas-temperaturas-y-posibles-tormentas-en-la-region\/\",\"url\":\"https:\/\/www.noticiasradioreflejos.com.ar\/2021\/advierten-sobre-las-altas-temperaturas-y-posibles-tormentas-en-la-region\/\",\"name\":\"Advierten sobre las altas temperaturas y posibles tormentas en la regi\u00f3n - Noticias Radio Reflejos\",\"isPartOf\":{\"@id\":\"https:\/\/www.noticiasradioreflejos.com.ar\/2021\/#website\"},\"primaryImageOfPage\":{\"@id\":\"https:\/\/www.noticiasradioreflejos.com.ar\/2021\/advierten-sobre-las-altas-temperaturas-y-posibles-tormentas-en-la-region\/#primaryimage\"},\"image\":{\"@id\":\"https:\/\/www.noticiasradioreflejos.com.ar\/2021\/advierten-sobre-las-altas-temperaturas-y-posibles-tormentas-en-la-region\/#primaryimage\"},\"thumbnailUrl\":\"https:\/\/www.noticiasradioreflejos.com.ar\/2021\/wp-content\/uploads\/2022\/11\/calor-700x465-1.jpg\",\"datePublished\":\"2025-01-07T10:14:03+00:00\",\"dateModified\":\"2025-01-08T10:06:16+00:00\",\"author\":{\"@id\":\"https:\/\/www.noticiasradioreflejos.com.ar\/2021\/#\/schema\/person\/ad82545263dcc5ec0996818884fd5fb1\"},\"breadcrumb\":{\"@id\":\"https:\/\/www.noticiasradioreflejos.com.ar\/2021\/advierten-sobre-las-altas-temperaturas-y-posibles-tormentas-en-la-region\/#breadcrumb\"},\"inLanguage\":\"es\",\"potentialAction\":[{\"@type\":\"ReadAction\",\"target\":[\"https:\/\/www.noticiasradioreflejos.com.ar\/2021\/advierten-sobre-las-altas-temperaturas-y-posibles-tormentas-en-la-region\/\"]}]},{\"@type\":\"ImageObject\",\"inLanguage\":\"es\",\"@id\":\"https:\/\/www.noticiasradioreflejos.com.ar\/2021\/advierten-sobre-las-altas-temperaturas-y-posibles-tormentas-en-la-region\/#primaryimage\",\"url\":\"https:\/\/www.noticiasradioreflejos.com.ar\/2021\/wp-content\/uploads\/2022\/11\/calor-700x465-1.jpg\",\"contentUrl\":\"https:\/\/www.noticiasradioreflejos.com.ar\/2021\/wp-content\/uploads\/2022\/11\/calor-700x465-1.jpg\",\"width\":700,\"height\":465},{\"@type\":\"BreadcrumbList\",\"@id\":\"https:\/\/www.noticiasradioreflejos.com.ar\/2021\/advierten-sobre-las-altas-temperaturas-y-posibles-tormentas-en-la-region\/#breadcrumb\",\"itemListElement\":[{\"@type\":\"ListItem\",\"position\":1,\"name\":\"Portada\",\"item\":\"https:\/\/www.noticiasradioreflejos.com.ar\/2021\/\"},{\"@type\":\"ListItem\",\"position\":2,\"name\":\"Advierten sobre las altas temperaturas y posibles tormentas en la regi\u00f3n\"}]},{\"@type\":\"WebSite\",\"@id\":\"https:\/\/www.noticiasradioreflejos.com.ar\/2021\/#website\",\"url\":\"https:\/\/www.noticiasradioreflejos.com.ar\/2021\/\",\"name\":\"Noticias Radio Reflejos\",\"description\":\"Las noticias de mi comarca\",\"potentialAction\":[{\"@type\":\"SearchAction\",\"target\":{\"@type\":\"EntryPoint\",\"urlTemplate\":\"https:\/\/www.noticiasradioreflejos.com.ar\/2021\/?s={search_term_string}\"},\"query-input\":{\"@type\":\"PropertyValueSpecification\",\"valueRequired\":true,\"valueName\":\"search_term_string\"}}],\"inLanguage\":\"es\"},{\"@type\":\"Person\",\"@id\":\"https:\/\/www.noticiasradioreflejos.com.ar\/2021\/#\/schema\/person\/ad82545263dcc5ec0996818884fd5fb1\",\"name\":\"Arnaldo Botto\",\"image\":{\"@type\":\"ImageObject\",\"inLanguage\":\"es\",\"@id\":\"https:\/\/www.noticiasradioreflejos.com.ar\/2021\/#\/schema\/person\/image\/\",\"url\":\"https:\/\/secure.gravatar.com\/avatar\/55cb5e37c1efa326397366e6974cb338056df65cb50e7d64d1cf314e87504837?s=96&d=mm&r=g\",\"contentUrl\":\"https:\/\/secure.gravatar.com\/avatar\/55cb5e37c1efa326397366e6974cb338056df65cb50e7d64d1cf314e87504837?s=96&d=mm&r=g\",\"caption\":\"Arnaldo Botto\"},\"url\":\"https:\/\/www.noticiasradioreflejos.com.ar\/2021\/author\/arnaldo\/\"}]}<\/script>\n<!-- \/ Yoast SEO plugin. -->","yoast_head_json":{"title":"Advierten sobre las altas temperaturas y posibles tormentas en la regi\u00f3n - Noticias Radio Reflejos","robots":{"index":"index","follow":"follow","max-snippet":"max-snippet:-1","max-image-preview":"max-image-preview:large","max-video-preview":"max-video-preview:-1"},"canonical":"https:\/\/www.noticiasradioreflejos.com.ar\/2021\/advierten-sobre-las-altas-temperaturas-y-posibles-tormentas-en-la-region\/","og_locale":"es_ES","og_type":"article","og_title":"Advierten sobre las altas temperaturas y posibles tormentas en la regi\u00f3n - Noticias Radio Reflejos","og_description":"El Servicio Meteorol\u00f3gico Nacional emiti\u00f3 en la tarde de este lunes alerta amarillo para nuestra regi\u00f3n por temperaturas extremas.","og_url":"https:\/\/www.noticiasradioreflejos.com.ar\/2021\/advierten-sobre-las-altas-temperaturas-y-posibles-tormentas-en-la-region\/","og_site_name":"Noticias Radio Reflejos","article_published_time":"2025-01-07T10:14:03+00:00","article_modified_time":"2025-01-08T10:06:16+00:00","og_image":[{"width":700,"height":465,"url":"https:\/\/www.noticiasradioreflejos.com.ar\/2021\/wp-content\/uploads\/2022\/11\/calor-700x465-1.jpg","type":"image\/jpeg"}],"author":"Arnaldo Botto","twitter_card":"summary_large_image","schema":{"@context":"https:\/\/schema.org","@graph":[{"@type":"WebPage","@id":"https:\/\/www.noticiasradioreflejos.com.ar\/2021\/advierten-sobre-las-altas-temperaturas-y-posibles-tormentas-en-la-region\/","url":"https:\/\/www.noticiasradioreflejos.com.ar\/2021\/advierten-sobre-las-altas-temperaturas-y-posibles-tormentas-en-la-region\/","name":"Advierten sobre las altas temperaturas y posibles tormentas en la regi\u00f3n - Noticias Radio Reflejos","isPartOf":{"@id":"https:\/\/www.noticiasradioreflejos.com.ar\/2021\/#website"},"primaryImageOfPage":{"@id":"https:\/\/www.noticiasradioreflejos.com.ar\/2021\/advierten-sobre-las-altas-temperaturas-y-posibles-tormentas-en-la-region\/#primaryimage"},"image":{"@id":"https:\/\/www.noticiasradioreflejos.com.ar\/2021\/advierten-sobre-las-altas-temperaturas-y-posibles-tormentas-en-la-region\/#primaryimage"},"thumbnailUrl":"https:\/\/www.noticiasradioreflejos.com.ar\/2021\/wp-content\/uploads\/2022\/11\/calor-700x465-1.jpg","datePublished":"2025-01-07T10:14:03+00:00","dateModified":"2025-01-08T10:06:16+00:00","author":{"@id":"https:\/\/www.noticiasradioreflejos.com.ar\/2021\/#\/schema\/person\/ad82545263dcc5ec0996818884fd5fb1"},"breadcrumb":{"@id":"https:\/\/www.noticiasradioreflejos.com.ar\/2021\/advierten-sobre-las-altas-temperaturas-y-posibles-tormentas-en-la-region\/#breadcrumb"},"inLanguage":"es","potentialAction":[{"@type":"ReadAction","target":["https:\/\/www.noticiasradioreflejos.com.ar\/2021\/advierten-sobre-las-altas-temperaturas-y-posibles-tormentas-en-la-region\/"]}]},{"@type":"ImageObject","inLanguage":"es","@id":"https:\/\/www.noticiasradioreflejos.com.ar\/2021\/advierten-sobre-las-altas-temperaturas-y-posibles-tormentas-en-la-region\/#primaryimage","url":"https:\/\/www.noticiasradioreflejos.com.ar\/2021\/wp-content\/uploads\/2022\/11\/calor-700x465-1.jpg","contentUrl":"https:\/\/www.noticiasradioreflejos.com.ar\/2021\/wp-content\/uploads\/2022\/11\/calor-700x465-1.jpg","width":700,"height":465},{"@type":"BreadcrumbList","@id":"https:\/\/www.noticiasradioreflejos.com.ar\/2021\/advierten-sobre-las-altas-temperaturas-y-posibles-tormentas-en-la-region\/#breadcrumb","itemListElement":[{"@type":"ListItem","position":1,"name":"Portada","item":"https:\/\/www.noticiasradioreflejos.com.ar\/2021\/"},{"@type":"ListItem","position":2,"name":"Advierten sobre las altas temperaturas y posibles tormentas en la regi\u00f3n"}]},{"@type":"WebSite","@id":"https:\/\/www.noticiasradioreflejos.com.ar\/2021\/#website","url":"https:\/\/www.noticiasradioreflejos.com.ar\/2021\/","name":"Noticias Radio Reflejos","description":"Las noticias de mi comarca","potentialAction":[{"@type":"SearchAction","target":{"@type":"EntryPoint","urlTemplate":"https:\/\/www.noticiasradioreflejos.com.ar\/2021\/?s={search_term_string}"},"query-input":{"@type":"PropertyValueSpecification","valueRequired":true,"valueName":"search_term_string"}}],"inLanguage":"es"},{"@type":"Person","@id":"https:\/\/www.noticiasradioreflejos.com.ar\/2021\/#\/schema\/person\/ad82545263dcc5ec0996818884fd5fb1","name":"Arnaldo Botto","image":{"@type":"ImageObject","inLanguage":"es","@id":"https:\/\/www.noticiasradioreflejos.com.ar\/2021\/#\/schema\/person\/image\/","url":"https:\/\/secure.gravatar.com\/avatar\/55cb5e37c1efa326397366e6974cb338056df65cb50e7d64d1cf314e87504837?s=96&d=mm&r=g","contentUrl":"https:\/\/secure.gravatar.com\/avatar\/55cb5e37c1efa326397366e6974cb338056df65cb50e7d64d1cf314e87504837?s=96&d=mm&r=g","caption":"Arnaldo Botto"},"url":"https:\/\/www.noticiasradioreflejos.com.ar\/2021\/author\/arnaldo\/"}]}},"_links":{"self":[{"href":"https:\/\/www.noticiasradioreflejos.com.ar\/2021\/wp-json\/wp\/v2\/posts\/111422","targetHints":{"allow":["GET"]}}],"collection":[{"href":"https:\/\/www.noticiasradioreflejos.com.ar\/2021\/wp-json\/wp\/v2\/posts"}],"about":[{"href":"https:\/\/www.noticiasradioreflejos.com.ar\/2021\/wp-json\/wp\/v2\/types\/post"}],"author":[{"embeddable":true,"href":"https:\/\/www.noticiasradioreflejos.com.ar\/2021\/wp-json\/wp\/v2\/users\/3"}],"replies":[{"embeddable":true,"href":"https:\/\/www.noticiasradioreflejos.com.ar\/2021\/wp-json\/wp\/v2\/comments?post=111422"}],"version-history":[{"count":1,"href":"https:\/\/www.noticiasradioreflejos.com.ar\/2021\/wp-json\/wp\/v2\/posts\/111422\/revisions"}],"predecessor-version":[{"id":111423,"href":"https:\/\/www.noticiasradioreflejos.com.ar\/2021\/wp-json\/wp\/v2\/posts\/111422\/revisions\/111423"}],"wp:featuredmedia":[{"embeddable":true,"href":"https:\/\/www.noticiasradioreflejos.com.ar\/2021\/wp-json\/wp\/v2\/media\/80536"}],"wp:attachment":[{"href":"https:\/\/www.noticiasradioreflejos.com.ar\/2021\/wp-json\/wp\/v2\/media?parent=111422"}],"wp:term":[{"taxonomy":"category","embeddable":true,"href":"https:\/\/www.noticiasradioreflejos.com.ar\/2021\/wp-json\/wp\/v2\/categories?post=111422"},{"taxonomy":"post_tag","embeddable":true,"href":"https:\/\/www.noticiasradioreflejos.com.ar\/2021\/wp-json\/wp\/v2\/tags?post=111422"}],"curies":[{"name":"wp","href":"https:\/\/api.w.org\/{rel}","templated":true}]}}