{"id":111416,"date":"2025-01-06T18:12:16","date_gmt":"2025-01-06T21:12:16","guid":{"rendered":"https:\/\/www.noticiasradioreflejos.com.ar\/2021\/?p=111416"},"modified":"2025-01-06T18:12:16","modified_gmt":"2025-01-06T21:12:16","slug":"mas-de-900-guias-que-participan-de-un-campamento-nacional-realizaran-un-trabajo-comunitario-por-el-medio-ambiente","status":"publish","type":"post","link":"https:\/\/www.noticiasradioreflejos.com.ar\/2021\/mas-de-900-guias-que-participan-de-un-campamento-nacional-realizaran-un-trabajo-comunitario-por-el-medio-ambiente\/","title":{"rendered":"M\u00e1s de 900 gu\u00edas que participan de un campamento nacional realizar\u00e1n un trabajo comunitario por el medio ambiente."},"content":{"rendered":"<p>Lo anunci\u00f3 Liliana Diehl, coordinadora de la Planta 3R de Saldungaray en FM Reflejos.<!--more--><br \/>\nLa Asociaci\u00f3n de Gu\u00edas Argentina convoc\u00f3 a m\u00e1s de 900 chicas, de toto el pa\u00eds al 3er Campamento Nacional que se desarrolla en el predio de Ymcapolis ( Asociaci\u00f3n Cristiana del J\u00f3venes ) de Villa la Arcadia.<\/p>\n<p><strong>Liliana Dielh<\/strong> explic\u00f3 esta ma\u00f1ana en el programa \u00abUn Mate y un Caf\u00e9\u00bb sobre una actividad que involucra a la Cooperativa 3R y que se extender\u00e1 por 3 d\u00edas en todo el ejido urbano de Sierra de la Ventana: \u00abellas tienen que hacer un servicio a la comunidad y cuando decidieron desarrollar este campamento nacional ac\u00e1 en Ymcapolis, estuvieron consultando a ver qu\u00e9 servicio a la comunidad pod\u00edan realizar y bueno se abocaron al cuidado del medio ambiente.\u00bb<\/p>\n<p>A desarrollarse los d\u00edas martes, mi\u00e9rcoles y jueves: \u00abEs un servicio puerta a puerta \u00fanicamente,\u00a0 explic\u00e1ndole a la poblaci\u00f3n en qu\u00e9 consiste la separaci\u00f3n de residuos, la importancia, la separaci\u00f3n de residuos, los d\u00edas de recolecci\u00f3n.\u00bb detall\u00f3 Liliana y explic\u00f3 adem\u00e1s: \u00bb ac\u00e1 se est\u00e1 haciendo separaci\u00f3n en origen desde el a\u00f1o 2010 y por ah\u00ed hay muchos vecinos nuevos que no conocen en qu\u00e9 consiste y o reforzarle a aquel vecino que s\u00ed sabe,\u00a0 pero reforzarle algunas cuestiones b\u00e1sicas como qu\u00e9 materiales separar como disponerlos y dem\u00e1s.\u00bb<\/p>\n<p>Desarrollando la actividad desde\u00a0 ma\u00f1ana de 9 a 12 del mediod\u00eda ma\u00f1ana martes, el mi\u00e9rcoles y el jueves van a barrer todos los barrios de la comunidad de Sierra de la Ventana.<\/p>\n<p>Este tercer campamento nacional de la Asociaci\u00f3n de Gu\u00edas Argentinas tuvo un primer encuentro en Mar del Plata y\u00a0 el segundo fue en Uspallata provincia de Mendoza.<\/p>\n<p>Para que los vecinos entiendan e identifiquen a las gu\u00edas, Liliana explic\u00f3: \u00bb Van a tener unas remeras color verde y unas remeras color fucsia violeta y le van a golpear la puerta y le van a dar la explicaci\u00f3n y le van a dar un sticker para pegar en la heladera con lo que consiste la informaci\u00f3n b\u00e1sica sobre la separaci\u00f3n de residuos.\u00bb<\/p>\n<p>Sobre la organizaci\u00f3n de esta movida actividad Diehl record\u00f3: \u00abHace varios meses que lo ven\u00edan programando, parte del municipio de medio ambiente en conjunto con la cooperativa 3R,\u00a0 armamos los stickers y el desarrollo de la actividad , los planitos y dem\u00e1s.\u00bb<\/p>\n<p>y para finalizar solicit\u00f3: \u00abacompa\u00f1arnos con esto del cuidado del medio ambiente,\u00a0 que es responsabilidad de todos;\u00a0 una localidad limpia la hacemos entre todos y tambi\u00e9n difundir la actividad de estas chicas que lo hacen 100% ad honorem\u00bb.<\/p>\n<p>&nbsp;<br \/>\n<iframe loading=\"lazy\" width=\"100%\" height=\"166\" scrolling=\"no\" frameborder=\"no\" allow=\"autoplay\" src=\"https:\/\/w.soundcloud.com\/player\/?url=https%3A\/\/api.soundcloud.com\/tracks\/2002235571&#038;color=%23ff5500&#038;auto_play=false&#038;hide_related=false&#038;show_comments=true&#038;show_user=true&#038;show_reposts=false&#038;show_teaser=true\"><\/iframe><\/p>\n<div style=\"font-size: 10px; color: #cccccc;line-break: anywhere;word-break: normal;overflow: hidden;white-space: nowrap;text-overflow: ellipsis; font-family: Interstate,Lucida Grande,Lucida Sans Unicode,Lucida Sans,Garuda,Verdana,Tahoma,sans-serif;font-weight: 100;\"><a href=\"https:\/\/soundcloud.com\/fmreflejos-103-7\" title=\"fmreflejos 103.7\" target=\"_blank\" style=\"color: #cccccc; text-decoration: none;\">fmreflejos 103.7<\/a> \u00b7 <a href=\"https:\/\/soundcloud.com\/fmreflejos-103-7\/liliana-diehl-1\" title=\"Liliana Diehl\" target=\"_blank\" style=\"color: #cccccc; text-decoration: none;\">Liliana Diehl<\/a><\/div>\n<p>&nbsp;<\/p>\n<p><a data-flickr-embed=\"true\" href=\"https:\/\/www.flickr.com\/photos\/182279889@N02\/54250999756\/in\/dateposted-public\/\" title=\"Ambiente guias\"><img loading=\"lazy\" decoding=\"async\" src=\"https:\/\/live.staticflickr.com\/65535\/54250999756_11aee348f1_c.jpg\" width=\"639\" height=\"800\" alt=\"Ambiente guias\"\/><\/a><script async src=\"\/\/embedr.flickr.com\/assets\/client-code.js\" charset=\"utf-8\"><\/script><\/p>\n","protected":false},"excerpt":{"rendered":"<p>Lo anunci\u00f3 Liliana Diehl, coordinadora de la Planta 3R de Saldungaray en FM Reflejos.<\/p>\n","protected":false},"author":3,"featured_media":0,"comment_status":"closed","ping_status":"closed","sticky":false,"template":"","format":"standard","meta":{"footnotes":""},"categories":[26],"tags":[48],"class_list":["post-111416","post","type-post","status-publish","format-standard","hentry","category-sociedad","tag-destacada"],"yoast_head":"<!-- This site is optimized with the Yoast SEO plugin v25.9 - https:\/\/yoast.com\/wordpress\/plugins\/seo\/ -->\n<title>M\u00e1s de 900 gu\u00edas que participan de un campamento nacional realizar\u00e1n un trabajo comunitario por el medio ambiente. - Noticias Radio Reflejos<\/title>\n<meta name=\"robots\" content=\"index, follow, max-snippet:-1, max-image-preview:large, max-video-preview:-1\" \/>\n<link rel=\"canonical\" href=\"https:\/\/www.noticiasradioreflejos.com.ar\/2021\/mas-de-900-guias-que-participan-de-un-campamento-nacional-realizaran-un-trabajo-comunitario-por-el-medio-ambiente\/\" \/>\n<meta property=\"og:locale\" content=\"es_ES\" \/>\n<meta property=\"og:type\" content=\"article\" \/>\n<meta property=\"og:title\" content=\"M\u00e1s de 900 gu\u00edas que participan de un campamento nacional realizar\u00e1n un trabajo comunitario por el medio ambiente. - Noticias Radio Reflejos\" \/>\n<meta property=\"og:description\" content=\"Lo anunci\u00f3 Liliana Diehl, coordinadora de la Planta 3R de Saldungaray en FM Reflejos.\" \/>\n<meta property=\"og:url\" content=\"https:\/\/www.noticiasradioreflejos.com.ar\/2021\/mas-de-900-guias-que-participan-de-un-campamento-nacional-realizaran-un-trabajo-comunitario-por-el-medio-ambiente\/\" \/>\n<meta property=\"og:site_name\" content=\"Noticias Radio Reflejos\" \/>\n<meta property=\"article:published_time\" content=\"2025-01-06T21:12:16+00:00\" \/>\n<meta property=\"og:image\" content=\"https:\/\/live.staticflickr.com\/65535\/54250999756_11aee348f1_c.jpg\" \/>\n<meta name=\"author\" content=\"Arnaldo Botto\" \/>\n<meta name=\"twitter:card\" content=\"summary_large_image\" \/>\n<script type=\"application\/ld+json\" class=\"yoast-schema-graph\">{\"@context\":\"https:\/\/schema.org\",\"@graph\":[{\"@type\":\"WebPage\",\"@id\":\"https:\/\/www.noticiasradioreflejos.com.ar\/2021\/mas-de-900-guias-que-participan-de-un-campamento-nacional-realizaran-un-trabajo-comunitario-por-el-medio-ambiente\/\",\"url\":\"https:\/\/www.noticiasradioreflejos.com.ar\/2021\/mas-de-900-guias-que-participan-de-un-campamento-nacional-realizaran-un-trabajo-comunitario-por-el-medio-ambiente\/\",\"name\":\"M\u00e1s de 900 gu\u00edas que participan de un campamento nacional realizar\u00e1n un trabajo comunitario por el medio ambiente. - Noticias Radio Reflejos\",\"isPartOf\":{\"@id\":\"https:\/\/www.noticiasradioreflejos.com.ar\/2021\/#website\"},\"primaryImageOfPage\":{\"@id\":\"https:\/\/www.noticiasradioreflejos.com.ar\/2021\/mas-de-900-guias-que-participan-de-un-campamento-nacional-realizaran-un-trabajo-comunitario-por-el-medio-ambiente\/#primaryimage\"},\"image\":{\"@id\":\"https:\/\/www.noticiasradioreflejos.com.ar\/2021\/mas-de-900-guias-que-participan-de-un-campamento-nacional-realizaran-un-trabajo-comunitario-por-el-medio-ambiente\/#primaryimage\"},\"thumbnailUrl\":\"https:\/\/live.staticflickr.com\/65535\/54250999756_11aee348f1_c.jpg\",\"datePublished\":\"2025-01-06T21:12:16+00:00\",\"author\":{\"@id\":\"https:\/\/www.noticiasradioreflejos.com.ar\/2021\/#\/schema\/person\/ad82545263dcc5ec0996818884fd5fb1\"},\"breadcrumb\":{\"@id\":\"https:\/\/www.noticiasradioreflejos.com.ar\/2021\/mas-de-900-guias-que-participan-de-un-campamento-nacional-realizaran-un-trabajo-comunitario-por-el-medio-ambiente\/#breadcrumb\"},\"inLanguage\":\"es\",\"potentialAction\":[{\"@type\":\"ReadAction\",\"target\":[\"https:\/\/www.noticiasradioreflejos.com.ar\/2021\/mas-de-900-guias-que-participan-de-un-campamento-nacional-realizaran-un-trabajo-comunitario-por-el-medio-ambiente\/\"]}]},{\"@type\":\"ImageObject\",\"inLanguage\":\"es\",\"@id\":\"https:\/\/www.noticiasradioreflejos.com.ar\/2021\/mas-de-900-guias-que-participan-de-un-campamento-nacional-realizaran-un-trabajo-comunitario-por-el-medio-ambiente\/#primaryimage\",\"url\":\"https:\/\/live.staticflickr.com\/65535\/54250999756_11aee348f1_c.jpg\",\"contentUrl\":\"https:\/\/live.staticflickr.com\/65535\/54250999756_11aee348f1_c.jpg\"},{\"@type\":\"BreadcrumbList\",\"@id\":\"https:\/\/www.noticiasradioreflejos.com.ar\/2021\/mas-de-900-guias-que-participan-de-un-campamento-nacional-realizaran-un-trabajo-comunitario-por-el-medio-ambiente\/#breadcrumb\",\"itemListElement\":[{\"@type\":\"ListItem\",\"position\":1,\"name\":\"Portada\",\"item\":\"https:\/\/www.noticiasradioreflejos.com.ar\/2021\/\"},{\"@type\":\"ListItem\",\"position\":2,\"name\":\"M\u00e1s de 900 gu\u00edas que participan de un campamento nacional realizar\u00e1n un trabajo comunitario por el medio ambiente.\"}]},{\"@type\":\"WebSite\",\"@id\":\"https:\/\/www.noticiasradioreflejos.com.ar\/2021\/#website\",\"url\":\"https:\/\/www.noticiasradioreflejos.com.ar\/2021\/\",\"name\":\"Noticias Radio Reflejos\",\"description\":\"Las noticias de mi comarca\",\"potentialAction\":[{\"@type\":\"SearchAction\",\"target\":{\"@type\":\"EntryPoint\",\"urlTemplate\":\"https:\/\/www.noticiasradioreflejos.com.ar\/2021\/?s={search_term_string}\"},\"query-input\":{\"@type\":\"PropertyValueSpecification\",\"valueRequired\":true,\"valueName\":\"search_term_string\"}}],\"inLanguage\":\"es\"},{\"@type\":\"Person\",\"@id\":\"https:\/\/www.noticiasradioreflejos.com.ar\/2021\/#\/schema\/person\/ad82545263dcc5ec0996818884fd5fb1\",\"name\":\"Arnaldo Botto\",\"image\":{\"@type\":\"ImageObject\",\"inLanguage\":\"es\",\"@id\":\"https:\/\/www.noticiasradioreflejos.com.ar\/2021\/#\/schema\/person\/image\/\",\"url\":\"https:\/\/secure.gravatar.com\/avatar\/55cb5e37c1efa326397366e6974cb338056df65cb50e7d64d1cf314e87504837?s=96&d=mm&r=g\",\"contentUrl\":\"https:\/\/secure.gravatar.com\/avatar\/55cb5e37c1efa326397366e6974cb338056df65cb50e7d64d1cf314e87504837?s=96&d=mm&r=g\",\"caption\":\"Arnaldo Botto\"},\"url\":\"https:\/\/www.noticiasradioreflejos.com.ar\/2021\/author\/arnaldo\/\"}]}<\/script>\n<!-- \/ Yoast SEO plugin. -->","yoast_head_json":{"title":"M\u00e1s de 900 gu\u00edas que participan de un campamento nacional realizar\u00e1n un trabajo comunitario por el medio ambiente. - Noticias Radio Reflejos","robots":{"index":"index","follow":"follow","max-snippet":"max-snippet:-1","max-image-preview":"max-image-preview:large","max-video-preview":"max-video-preview:-1"},"canonical":"https:\/\/www.noticiasradioreflejos.com.ar\/2021\/mas-de-900-guias-que-participan-de-un-campamento-nacional-realizaran-un-trabajo-comunitario-por-el-medio-ambiente\/","og_locale":"es_ES","og_type":"article","og_title":"M\u00e1s de 900 gu\u00edas que participan de un campamento nacional realizar\u00e1n un trabajo comunitario por el medio ambiente. - Noticias Radio Reflejos","og_description":"Lo anunci\u00f3 Liliana Diehl, coordinadora de la Planta 3R de Saldungaray en FM Reflejos.","og_url":"https:\/\/www.noticiasradioreflejos.com.ar\/2021\/mas-de-900-guias-que-participan-de-un-campamento-nacional-realizaran-un-trabajo-comunitario-por-el-medio-ambiente\/","og_site_name":"Noticias Radio Reflejos","article_published_time":"2025-01-06T21:12:16+00:00","og_image":[{"url":"https:\/\/live.staticflickr.com\/65535\/54250999756_11aee348f1_c.jpg","type":"","width":"","height":""}],"author":"Arnaldo Botto","twitter_card":"summary_large_image","schema":{"@context":"https:\/\/schema.org","@graph":[{"@type":"WebPage","@id":"https:\/\/www.noticiasradioreflejos.com.ar\/2021\/mas-de-900-guias-que-participan-de-un-campamento-nacional-realizaran-un-trabajo-comunitario-por-el-medio-ambiente\/","url":"https:\/\/www.noticiasradioreflejos.com.ar\/2021\/mas-de-900-guias-que-participan-de-un-campamento-nacional-realizaran-un-trabajo-comunitario-por-el-medio-ambiente\/","name":"M\u00e1s de 900 gu\u00edas que participan de un campamento nacional realizar\u00e1n un trabajo comunitario por el medio ambiente. - Noticias Radio Reflejos","isPartOf":{"@id":"https:\/\/www.noticiasradioreflejos.com.ar\/2021\/#website"},"primaryImageOfPage":{"@id":"https:\/\/www.noticiasradioreflejos.com.ar\/2021\/mas-de-900-guias-que-participan-de-un-campamento-nacional-realizaran-un-trabajo-comunitario-por-el-medio-ambiente\/#primaryimage"},"image":{"@id":"https:\/\/www.noticiasradioreflejos.com.ar\/2021\/mas-de-900-guias-que-participan-de-un-campamento-nacional-realizaran-un-trabajo-comunitario-por-el-medio-ambiente\/#primaryimage"},"thumbnailUrl":"https:\/\/live.staticflickr.com\/65535\/54250999756_11aee348f1_c.jpg","datePublished":"2025-01-06T21:12:16+00:00","author":{"@id":"https:\/\/www.noticiasradioreflejos.com.ar\/2021\/#\/schema\/person\/ad82545263dcc5ec0996818884fd5fb1"},"breadcrumb":{"@id":"https:\/\/www.noticiasradioreflejos.com.ar\/2021\/mas-de-900-guias-que-participan-de-un-campamento-nacional-realizaran-un-trabajo-comunitario-por-el-medio-ambiente\/#breadcrumb"},"inLanguage":"es","potentialAction":[{"@type":"ReadAction","target":["https:\/\/www.noticiasradioreflejos.com.ar\/2021\/mas-de-900-guias-que-participan-de-un-campamento-nacional-realizaran-un-trabajo-comunitario-por-el-medio-ambiente\/"]}]},{"@type":"ImageObject","inLanguage":"es","@id":"https:\/\/www.noticiasradioreflejos.com.ar\/2021\/mas-de-900-guias-que-participan-de-un-campamento-nacional-realizaran-un-trabajo-comunitario-por-el-medio-ambiente\/#primaryimage","url":"https:\/\/live.staticflickr.com\/65535\/54250999756_11aee348f1_c.jpg","contentUrl":"https:\/\/live.staticflickr.com\/65535\/54250999756_11aee348f1_c.jpg"},{"@type":"BreadcrumbList","@id":"https:\/\/www.noticiasradioreflejos.com.ar\/2021\/mas-de-900-guias-que-participan-de-un-campamento-nacional-realizaran-un-trabajo-comunitario-por-el-medio-ambiente\/#breadcrumb","itemListElement":[{"@type":"ListItem","position":1,"name":"Portada","item":"https:\/\/www.noticiasradioreflejos.com.ar\/2021\/"},{"@type":"ListItem","position":2,"name":"M\u00e1s de 900 gu\u00edas que participan de un campamento nacional realizar\u00e1n un trabajo comunitario por el medio ambiente."}]},{"@type":"WebSite","@id":"https:\/\/www.noticiasradioreflejos.com.ar\/2021\/#website","url":"https:\/\/www.noticiasradioreflejos.com.ar\/2021\/","name":"Noticias Radio Reflejos","description":"Las noticias de mi comarca","potentialAction":[{"@type":"SearchAction","target":{"@type":"EntryPoint","urlTemplate":"https:\/\/www.noticiasradioreflejos.com.ar\/2021\/?s={search_term_string}"},"query-input":{"@type":"PropertyValueSpecification","valueRequired":true,"valueName":"search_term_string"}}],"inLanguage":"es"},{"@type":"Person","@id":"https:\/\/www.noticiasradioreflejos.com.ar\/2021\/#\/schema\/person\/ad82545263dcc5ec0996818884fd5fb1","name":"Arnaldo Botto","image":{"@type":"ImageObject","inLanguage":"es","@id":"https:\/\/www.noticiasradioreflejos.com.ar\/2021\/#\/schema\/person\/image\/","url":"https:\/\/secure.gravatar.com\/avatar\/55cb5e37c1efa326397366e6974cb338056df65cb50e7d64d1cf314e87504837?s=96&d=mm&r=g","contentUrl":"https:\/\/secure.gravatar.com\/avatar\/55cb5e37c1efa326397366e6974cb338056df65cb50e7d64d1cf314e87504837?s=96&d=mm&r=g","caption":"Arnaldo Botto"},"url":"https:\/\/www.noticiasradioreflejos.com.ar\/2021\/author\/arnaldo\/"}]}},"_links":{"self":[{"href":"https:\/\/www.noticiasradioreflejos.com.ar\/2021\/wp-json\/wp\/v2\/posts\/111416","targetHints":{"allow":["GET"]}}],"collection":[{"href":"https:\/\/www.noticiasradioreflejos.com.ar\/2021\/wp-json\/wp\/v2\/posts"}],"about":[{"href":"https:\/\/www.noticiasradioreflejos.com.ar\/2021\/wp-json\/wp\/v2\/types\/post"}],"author":[{"embeddable":true,"href":"https:\/\/www.noticiasradioreflejos.com.ar\/2021\/wp-json\/wp\/v2\/users\/3"}],"replies":[{"embeddable":true,"href":"https:\/\/www.noticiasradioreflejos.com.ar\/2021\/wp-json\/wp\/v2\/comments?post=111416"}],"version-history":[{"count":1,"href":"https:\/\/www.noticiasradioreflejos.com.ar\/2021\/wp-json\/wp\/v2\/posts\/111416\/revisions"}],"predecessor-version":[{"id":111418,"href":"https:\/\/www.noticiasradioreflejos.com.ar\/2021\/wp-json\/wp\/v2\/posts\/111416\/revisions\/111418"}],"wp:attachment":[{"href":"https:\/\/www.noticiasradioreflejos.com.ar\/2021\/wp-json\/wp\/v2\/media?parent=111416"}],"wp:term":[{"taxonomy":"category","embeddable":true,"href":"https:\/\/www.noticiasradioreflejos.com.ar\/2021\/wp-json\/wp\/v2\/categories?post=111416"},{"taxonomy":"post_tag","embeddable":true,"href":"https:\/\/www.noticiasradioreflejos.com.ar\/2021\/wp-json\/wp\/v2\/tags?post=111416"}],"curies":[{"name":"wp","href":"https:\/\/api.w.org\/{rel}","templated":true}]}}