{"id":111412,"date":"2025-01-06T17:17:21","date_gmt":"2025-01-06T20:17:21","guid":{"rendered":"https:\/\/www.noticiasradioreflejos.com.ar\/2021\/?p=111412"},"modified":"2025-01-07T11:45:50","modified_gmt":"2025-01-07T14:45:50","slug":"gabriel-ollari-la-fiesta-esta-preparada-para-los-del-pueblo-y-tambien-para-los-turistas","status":"publish","type":"post","link":"https:\/\/www.noticiasradioreflejos.com.ar\/2021\/gabriel-ollari-la-fiesta-esta-preparada-para-los-del-pueblo-y-tambien-para-los-turistas\/","title":{"rendered":"Gabriel Ollari: \u00abLa fiesta est\u00e1 preparada para los del pueblo y tambi\u00e9n para los turistas.\u00bb"},"content":{"rendered":"<p><strong>Exhaustos pero muy satisfechos, <\/strong>resume el sentir de los organizadores de esta exitosa Fiesta Provincial de Reyes Magos en Sierra de la Ventana.<!--more--><\/p>\n<p><strong>Gabriel Ollari<\/strong> es parte de la comisi\u00f3n organizadora de la edici\u00f3n N\u00b0 61 de esta tradicional fiesta serrana que ayer tuvo la presencia de m\u00e1s de 20 mil personas en el Centro Cultural de la localidad.<\/p>\n<p>En una entrevista telef\u00f3nica en <a href=\"https:\/\/www.noticiasradioreflejos.com.ar\/2021\/radio-en-vivo\/\">FM Reflejos<\/a>, el comerciante serrano expres\u00f3: \u00abAdrenalina y el cansancio, porque la verdad que estamos muertos, pero muy contentos, muy emocionados con lo que pas\u00f3 anoche. La verdad que fue una jornada incre\u00edble.\u00bb<\/p>\n<p><a title=\"WhatsApp Image 2025-01-06 at 11.14.16\" href=\"https:\/\/www.flickr.com\/photos\/182279889@N02\/54251135168\/in\/dateposted-public\/\" data-flickr-embed=\"true\"><img loading=\"lazy\" decoding=\"async\" src=\"https:\/\/live.staticflickr.com\/65535\/54251135168_41a5d4b213_o.jpg\" alt=\"WhatsApp Image 2025-01-06 at 11.14.16\" width=\"1600\" height=\"1066\" \/><\/a><br \/>\nAnalizamos junto a Gabriel diferentes momentos de la noche del domingo y varios de los aspectos concernientes a la organizaci\u00f3n de la fiesta: \u00abUn trabajo mancomunado de todas las fases policiales, que hizo que realmente se pueda contener para m\u00ed las 17.000 a 20.000 personas que hubo en el predio.\u00a0 Estuve hace 10 a\u00f1os trabajando en tres fiestas, despu\u00e9s por temas laborales he dejado de participar,\u00a0 nunca de apoyar y este a\u00f1o me volv\u00ed a sumar a la organizaci\u00f3n del evento. Y encontr\u00e9 un grupo s\u00faper organizado, encontr\u00e9 planillas de Excel, encontr\u00e9 un plano del lugar que nunca hubo, un plano hecho por un ingeniero, donde se pudieron calcular cosas, acomodar otras. Encontr\u00e9 un grupo de trabajo que labura, y labura en serio,\u00bb defini\u00f3.<\/p>\n<p>Sobre los detalles de la organizaci\u00f3n Ollari destac\u00f3 varios aspectos que est\u00e1n fuera del dominio de p\u00fablico, como el rol que cumplieron cada uno de los integrantes en temas muy puntuales, la creaci\u00f3n de un paso alternativo para emergencias que debi\u00f3 usarse en 2 oportunidades y que permiti\u00f3 que las ambulancias llegaran en pocos minutos al Hospital local.<\/p>\n<p><a title=\"Fiesta de Reyes SdlV (12)\" href=\"https:\/\/www.flickr.com\/photos\/182279889@N02\/54251135268\/in\/dateposted-public\/\" data-flickr-embed=\"true\"><img loading=\"lazy\" decoding=\"async\" src=\"https:\/\/live.staticflickr.com\/65535\/54251135268_7b38a1cddf_c.jpg\" alt=\"Fiesta de Reyes SdlV (12)\" width=\"800\" height=\"600\" \/><\/a><br \/>\nAdem\u00e1s resalt\u00f3 la aparici\u00f3n de 3 artistas que mediante zancos, fueron acompa\u00f1ando a los reyes\u00a0 hasta la llegada al predio y causaron sorpresa: \u00bb Tengo 41 a\u00f1os y no muchas cosas me conmueven y la verdad que los zancos son incre\u00edbles, el momento en que los chicos est\u00e1n esperando la bengala,\u00a0 y en la cara los ni\u00f1os, es incre\u00edble.\u00bb<\/p>\n<p>La tropa organizadora estuvo integrada por bomberos voluntarios de Sierra y Saldungaray, polic\u00eda, cuerpo de inspectores;\u00a0 que desarroll\u00f3 un plan integral para que la circulaci\u00f3n en los alrededores de la fiesta fuese segura y din\u00e1mica, y Gabriel lo destac\u00f3 en la nota: \u00abla cantidad de gente que trabaj\u00f3 ronda entre las 200 y 250 personas m\u00ednimos, hay mucho trabajo, mucha voluntad y puede ser que se escaseen algunas cosas, son todas cosas a tener en cuenta y es la bajada para el a\u00f1o que viene.\u00bb<\/p>\n<p>En definitiva expres\u00f3:\u00a0 \u00abel balance es s\u00faper positivo, d\u00e9jame rescatar que el trabajo de comisi\u00f3n arranca el mes que viene para el a\u00f1o que viene. En febrero, nosotros ya nos juntamos a trabajar y a pensar la fiesta del enero que viene. Hay muchas cosas para tener en cuenta y bienvenido a todos aquellos que quisieran sumar a trabajar.<\/p>\n<p><a title=\"Fiesta de Reyes Drone (1) (1)\" href=\"https:\/\/www.flickr.com\/photos\/182279889@N02\/54250757573\/in\/dateposted-public\/\" data-flickr-embed=\"true\"><img loading=\"lazy\" decoding=\"async\" src=\"https:\/\/live.staticflickr.com\/65535\/54250757573_8ccc70d0c7_c.jpg\" alt=\"Fiesta de Reyes Drone (1) (1)\" width=\"800\" height=\"600\" \/><\/a><script async src=\"\/\/embedr.flickr.com\/assets\/client-code.js\" charset=\"utf-8\"><\/script><br \/>\nPara finalizar <strong>Ollari<\/strong> expres\u00f3: \u00ab<strong>hay un grupo muy importante de gente que tiene ganas de que estas personas sigan creciendo en calidad, en cantidad de gente, que realmente podamos dar algo lindo. Sobre todo para la gente del pueblo, porque muchas veces se piensa en el turista, nosotros la gente est\u00e1 pensada para todos y est\u00e1 pensada por gente del pueblo y para el pueblo. As\u00ed que bueno, estamos felices de poder haber hecho algo lindo ac\u00e1.<\/strong><\/p>\n<p><iframe loading=\"lazy\" src=\"https:\/\/w.soundcloud.com\/player\/?url=https%3A\/\/api.soundcloud.com\/tracks\/2002235299&amp;color=%23ff5500&amp;auto_play=false&amp;hide_related=false&amp;show_comments=true&amp;show_user=true&amp;show_reposts=false&amp;show_teaser=true\" width=\"100%\" height=\"166\" frameborder=\"no\" scrolling=\"no\"><\/iframe><\/p>\n<div style=\"font-size: 10px; color: #cccccc; line-break: anywhere; word-break: normal; overflow: hidden; white-space: nowrap; text-overflow: ellipsis; font-family: Interstate,Lucida Grande,Lucida Sans Unicode,Lucida Sans,Garuda,Verdana,Tahoma,sans-serif; font-weight: 100;\"><a style=\"color: #cccccc; text-decoration: none;\" title=\"fmreflejos 103.7\" href=\"https:\/\/soundcloud.com\/fmreflejos-103-7\" target=\"_blank\" rel=\"noopener\">fmreflejos 103.7<\/a> \u00b7 <a style=\"color: #cccccc; text-decoration: none;\" title=\"Gabriel Olliari\" href=\"https:\/\/soundcloud.com\/fmreflejos-103-7\/gabriel-olliari-1\" target=\"_blank\" rel=\"noopener\">Gabriel Olliari<\/a><\/div>\n<p>&nbsp;<\/p>\n<p><a title=\"Fiesta de Reyes Drone (3)\" href=\"https:\/\/www.flickr.com\/photos\/182279889@N02\/54250757608\/in\/dateposted-public\/\" data-flickr-embed=\"true\"><img loading=\"lazy\" decoding=\"async\" src=\"https:\/\/live.staticflickr.com\/65535\/54250757608_eee3f79813_c.jpg\" alt=\"Fiesta de Reyes Drone (3)\" width=\"800\" height=\"600\" \/><\/a><script async src=\"\/\/embedr.flickr.com\/assets\/client-code.js\" charset=\"utf-8\"><\/script><\/p>\n","protected":false},"excerpt":{"rendered":"<p>Exhaustos pero muy satisfechos, resume el sentir de los organizadores de esta exitosa Fiesta Provincial de Reyes Magos en Sierra de la Ventana.<\/p>\n","protected":false},"author":3,"featured_media":111413,"comment_status":"closed","ping_status":"closed","sticky":false,"template":"","format":"standard","meta":{"footnotes":""},"categories":[26],"tags":[48],"class_list":["post-111412","post","type-post","status-publish","format-standard","has-post-thumbnail","hentry","category-sociedad","tag-destacada"],"yoast_head":"<!-- This site is optimized with the Yoast SEO plugin v25.9 - https:\/\/yoast.com\/wordpress\/plugins\/seo\/ -->\n<title>Gabriel Ollari: &quot;La fiesta est\u00e1 preparada para los del pueblo y tambi\u00e9n para los turistas.&quot; - Noticias Radio Reflejos<\/title>\n<meta name=\"robots\" content=\"index, follow, max-snippet:-1, max-image-preview:large, max-video-preview:-1\" \/>\n<link rel=\"canonical\" href=\"https:\/\/www.noticiasradioreflejos.com.ar\/2021\/gabriel-ollari-la-fiesta-esta-preparada-para-los-del-pueblo-y-tambien-para-los-turistas\/\" \/>\n<meta property=\"og:locale\" content=\"es_ES\" \/>\n<meta property=\"og:type\" content=\"article\" \/>\n<meta property=\"og:title\" content=\"Gabriel Ollari: &quot;La fiesta est\u00e1 preparada para los del pueblo y tambi\u00e9n para los turistas.&quot; - Noticias Radio Reflejos\" \/>\n<meta property=\"og:description\" content=\"Exhaustos pero muy satisfechos, resume el sentir de los organizadores de esta exitosa Fiesta Provincial de Reyes Magos en Sierra de la Ventana.\" \/>\n<meta property=\"og:url\" content=\"https:\/\/www.noticiasradioreflejos.com.ar\/2021\/gabriel-ollari-la-fiesta-esta-preparada-para-los-del-pueblo-y-tambien-para-los-turistas\/\" \/>\n<meta property=\"og:site_name\" content=\"Noticias Radio Reflejos\" \/>\n<meta property=\"article:published_time\" content=\"2025-01-06T20:17:21+00:00\" \/>\n<meta property=\"article:modified_time\" content=\"2025-01-07T14:45:50+00:00\" \/>\n<meta property=\"og:image\" content=\"https:\/\/www.noticiasradioreflejos.com.ar\/2021\/wp-content\/uploads\/2025\/01\/Fiesta-de-Reyes-Drone-2.jpg\" \/>\n\t<meta property=\"og:image:width\" content=\"1440\" \/>\n\t<meta property=\"og:image:height\" content=\"1080\" \/>\n\t<meta property=\"og:image:type\" content=\"image\/jpeg\" \/>\n<meta name=\"author\" content=\"Arnaldo Botto\" \/>\n<meta name=\"twitter:card\" content=\"summary_large_image\" \/>\n<script type=\"application\/ld+json\" class=\"yoast-schema-graph\">{\"@context\":\"https:\/\/schema.org\",\"@graph\":[{\"@type\":\"WebPage\",\"@id\":\"https:\/\/www.noticiasradioreflejos.com.ar\/2021\/gabriel-ollari-la-fiesta-esta-preparada-para-los-del-pueblo-y-tambien-para-los-turistas\/\",\"url\":\"https:\/\/www.noticiasradioreflejos.com.ar\/2021\/gabriel-ollari-la-fiesta-esta-preparada-para-los-del-pueblo-y-tambien-para-los-turistas\/\",\"name\":\"Gabriel Ollari: \\\"La fiesta est\u00e1 preparada para los del pueblo y tambi\u00e9n para los turistas.\\\" - Noticias Radio Reflejos\",\"isPartOf\":{\"@id\":\"https:\/\/www.noticiasradioreflejos.com.ar\/2021\/#website\"},\"primaryImageOfPage\":{\"@id\":\"https:\/\/www.noticiasradioreflejos.com.ar\/2021\/gabriel-ollari-la-fiesta-esta-preparada-para-los-del-pueblo-y-tambien-para-los-turistas\/#primaryimage\"},\"image\":{\"@id\":\"https:\/\/www.noticiasradioreflejos.com.ar\/2021\/gabriel-ollari-la-fiesta-esta-preparada-para-los-del-pueblo-y-tambien-para-los-turistas\/#primaryimage\"},\"thumbnailUrl\":\"https:\/\/www.noticiasradioreflejos.com.ar\/2021\/wp-content\/uploads\/2025\/01\/Fiesta-de-Reyes-Drone-2.jpg\",\"datePublished\":\"2025-01-06T20:17:21+00:00\",\"dateModified\":\"2025-01-07T14:45:50+00:00\",\"author\":{\"@id\":\"https:\/\/www.noticiasradioreflejos.com.ar\/2021\/#\/schema\/person\/ad82545263dcc5ec0996818884fd5fb1\"},\"breadcrumb\":{\"@id\":\"https:\/\/www.noticiasradioreflejos.com.ar\/2021\/gabriel-ollari-la-fiesta-esta-preparada-para-los-del-pueblo-y-tambien-para-los-turistas\/#breadcrumb\"},\"inLanguage\":\"es\",\"potentialAction\":[{\"@type\":\"ReadAction\",\"target\":[\"https:\/\/www.noticiasradioreflejos.com.ar\/2021\/gabriel-ollari-la-fiesta-esta-preparada-para-los-del-pueblo-y-tambien-para-los-turistas\/\"]}]},{\"@type\":\"ImageObject\",\"inLanguage\":\"es\",\"@id\":\"https:\/\/www.noticiasradioreflejos.com.ar\/2021\/gabriel-ollari-la-fiesta-esta-preparada-para-los-del-pueblo-y-tambien-para-los-turistas\/#primaryimage\",\"url\":\"https:\/\/www.noticiasradioreflejos.com.ar\/2021\/wp-content\/uploads\/2025\/01\/Fiesta-de-Reyes-Drone-2.jpg\",\"contentUrl\":\"https:\/\/www.noticiasradioreflejos.com.ar\/2021\/wp-content\/uploads\/2025\/01\/Fiesta-de-Reyes-Drone-2.jpg\",\"width\":1440,\"height\":1080},{\"@type\":\"BreadcrumbList\",\"@id\":\"https:\/\/www.noticiasradioreflejos.com.ar\/2021\/gabriel-ollari-la-fiesta-esta-preparada-para-los-del-pueblo-y-tambien-para-los-turistas\/#breadcrumb\",\"itemListElement\":[{\"@type\":\"ListItem\",\"position\":1,\"name\":\"Portada\",\"item\":\"https:\/\/www.noticiasradioreflejos.com.ar\/2021\/\"},{\"@type\":\"ListItem\",\"position\":2,\"name\":\"Gabriel Ollari: \u00abLa fiesta est\u00e1 preparada para los del pueblo y tambi\u00e9n para los turistas.\u00bb\"}]},{\"@type\":\"WebSite\",\"@id\":\"https:\/\/www.noticiasradioreflejos.com.ar\/2021\/#website\",\"url\":\"https:\/\/www.noticiasradioreflejos.com.ar\/2021\/\",\"name\":\"Noticias Radio Reflejos\",\"description\":\"Las noticias de mi comarca\",\"potentialAction\":[{\"@type\":\"SearchAction\",\"target\":{\"@type\":\"EntryPoint\",\"urlTemplate\":\"https:\/\/www.noticiasradioreflejos.com.ar\/2021\/?s={search_term_string}\"},\"query-input\":{\"@type\":\"PropertyValueSpecification\",\"valueRequired\":true,\"valueName\":\"search_term_string\"}}],\"inLanguage\":\"es\"},{\"@type\":\"Person\",\"@id\":\"https:\/\/www.noticiasradioreflejos.com.ar\/2021\/#\/schema\/person\/ad82545263dcc5ec0996818884fd5fb1\",\"name\":\"Arnaldo Botto\",\"image\":{\"@type\":\"ImageObject\",\"inLanguage\":\"es\",\"@id\":\"https:\/\/www.noticiasradioreflejos.com.ar\/2021\/#\/schema\/person\/image\/\",\"url\":\"https:\/\/secure.gravatar.com\/avatar\/55cb5e37c1efa326397366e6974cb338056df65cb50e7d64d1cf314e87504837?s=96&d=mm&r=g\",\"contentUrl\":\"https:\/\/secure.gravatar.com\/avatar\/55cb5e37c1efa326397366e6974cb338056df65cb50e7d64d1cf314e87504837?s=96&d=mm&r=g\",\"caption\":\"Arnaldo Botto\"},\"url\":\"https:\/\/www.noticiasradioreflejos.com.ar\/2021\/author\/arnaldo\/\"}]}<\/script>\n<!-- \/ Yoast SEO plugin. -->","yoast_head_json":{"title":"Gabriel Ollari: \"La fiesta est\u00e1 preparada para los del pueblo y tambi\u00e9n para los turistas.\" - Noticias Radio Reflejos","robots":{"index":"index","follow":"follow","max-snippet":"max-snippet:-1","max-image-preview":"max-image-preview:large","max-video-preview":"max-video-preview:-1"},"canonical":"https:\/\/www.noticiasradioreflejos.com.ar\/2021\/gabriel-ollari-la-fiesta-esta-preparada-para-los-del-pueblo-y-tambien-para-los-turistas\/","og_locale":"es_ES","og_type":"article","og_title":"Gabriel Ollari: \"La fiesta est\u00e1 preparada para los del pueblo y tambi\u00e9n para los turistas.\" - Noticias Radio Reflejos","og_description":"Exhaustos pero muy satisfechos, resume el sentir de los organizadores de esta exitosa Fiesta Provincial de Reyes Magos en Sierra de la Ventana.","og_url":"https:\/\/www.noticiasradioreflejos.com.ar\/2021\/gabriel-ollari-la-fiesta-esta-preparada-para-los-del-pueblo-y-tambien-para-los-turistas\/","og_site_name":"Noticias Radio Reflejos","article_published_time":"2025-01-06T20:17:21+00:00","article_modified_time":"2025-01-07T14:45:50+00:00","og_image":[{"width":1440,"height":1080,"url":"https:\/\/www.noticiasradioreflejos.com.ar\/2021\/wp-content\/uploads\/2025\/01\/Fiesta-de-Reyes-Drone-2.jpg","type":"image\/jpeg"}],"author":"Arnaldo Botto","twitter_card":"summary_large_image","schema":{"@context":"https:\/\/schema.org","@graph":[{"@type":"WebPage","@id":"https:\/\/www.noticiasradioreflejos.com.ar\/2021\/gabriel-ollari-la-fiesta-esta-preparada-para-los-del-pueblo-y-tambien-para-los-turistas\/","url":"https:\/\/www.noticiasradioreflejos.com.ar\/2021\/gabriel-ollari-la-fiesta-esta-preparada-para-los-del-pueblo-y-tambien-para-los-turistas\/","name":"Gabriel Ollari: \"La fiesta est\u00e1 preparada para los del pueblo y tambi\u00e9n para los turistas.\" - Noticias Radio Reflejos","isPartOf":{"@id":"https:\/\/www.noticiasradioreflejos.com.ar\/2021\/#website"},"primaryImageOfPage":{"@id":"https:\/\/www.noticiasradioreflejos.com.ar\/2021\/gabriel-ollari-la-fiesta-esta-preparada-para-los-del-pueblo-y-tambien-para-los-turistas\/#primaryimage"},"image":{"@id":"https:\/\/www.noticiasradioreflejos.com.ar\/2021\/gabriel-ollari-la-fiesta-esta-preparada-para-los-del-pueblo-y-tambien-para-los-turistas\/#primaryimage"},"thumbnailUrl":"https:\/\/www.noticiasradioreflejos.com.ar\/2021\/wp-content\/uploads\/2025\/01\/Fiesta-de-Reyes-Drone-2.jpg","datePublished":"2025-01-06T20:17:21+00:00","dateModified":"2025-01-07T14:45:50+00:00","author":{"@id":"https:\/\/www.noticiasradioreflejos.com.ar\/2021\/#\/schema\/person\/ad82545263dcc5ec0996818884fd5fb1"},"breadcrumb":{"@id":"https:\/\/www.noticiasradioreflejos.com.ar\/2021\/gabriel-ollari-la-fiesta-esta-preparada-para-los-del-pueblo-y-tambien-para-los-turistas\/#breadcrumb"},"inLanguage":"es","potentialAction":[{"@type":"ReadAction","target":["https:\/\/www.noticiasradioreflejos.com.ar\/2021\/gabriel-ollari-la-fiesta-esta-preparada-para-los-del-pueblo-y-tambien-para-los-turistas\/"]}]},{"@type":"ImageObject","inLanguage":"es","@id":"https:\/\/www.noticiasradioreflejos.com.ar\/2021\/gabriel-ollari-la-fiesta-esta-preparada-para-los-del-pueblo-y-tambien-para-los-turistas\/#primaryimage","url":"https:\/\/www.noticiasradioreflejos.com.ar\/2021\/wp-content\/uploads\/2025\/01\/Fiesta-de-Reyes-Drone-2.jpg","contentUrl":"https:\/\/www.noticiasradioreflejos.com.ar\/2021\/wp-content\/uploads\/2025\/01\/Fiesta-de-Reyes-Drone-2.jpg","width":1440,"height":1080},{"@type":"BreadcrumbList","@id":"https:\/\/www.noticiasradioreflejos.com.ar\/2021\/gabriel-ollari-la-fiesta-esta-preparada-para-los-del-pueblo-y-tambien-para-los-turistas\/#breadcrumb","itemListElement":[{"@type":"ListItem","position":1,"name":"Portada","item":"https:\/\/www.noticiasradioreflejos.com.ar\/2021\/"},{"@type":"ListItem","position":2,"name":"Gabriel Ollari: \u00abLa fiesta est\u00e1 preparada para los del pueblo y tambi\u00e9n para los turistas.\u00bb"}]},{"@type":"WebSite","@id":"https:\/\/www.noticiasradioreflejos.com.ar\/2021\/#website","url":"https:\/\/www.noticiasradioreflejos.com.ar\/2021\/","name":"Noticias Radio Reflejos","description":"Las noticias de mi comarca","potentialAction":[{"@type":"SearchAction","target":{"@type":"EntryPoint","urlTemplate":"https:\/\/www.noticiasradioreflejos.com.ar\/2021\/?s={search_term_string}"},"query-input":{"@type":"PropertyValueSpecification","valueRequired":true,"valueName":"search_term_string"}}],"inLanguage":"es"},{"@type":"Person","@id":"https:\/\/www.noticiasradioreflejos.com.ar\/2021\/#\/schema\/person\/ad82545263dcc5ec0996818884fd5fb1","name":"Arnaldo Botto","image":{"@type":"ImageObject","inLanguage":"es","@id":"https:\/\/www.noticiasradioreflejos.com.ar\/2021\/#\/schema\/person\/image\/","url":"https:\/\/secure.gravatar.com\/avatar\/55cb5e37c1efa326397366e6974cb338056df65cb50e7d64d1cf314e87504837?s=96&d=mm&r=g","contentUrl":"https:\/\/secure.gravatar.com\/avatar\/55cb5e37c1efa326397366e6974cb338056df65cb50e7d64d1cf314e87504837?s=96&d=mm&r=g","caption":"Arnaldo Botto"},"url":"https:\/\/www.noticiasradioreflejos.com.ar\/2021\/author\/arnaldo\/"}]}},"_links":{"self":[{"href":"https:\/\/www.noticiasradioreflejos.com.ar\/2021\/wp-json\/wp\/v2\/posts\/111412","targetHints":{"allow":["GET"]}}],"collection":[{"href":"https:\/\/www.noticiasradioreflejos.com.ar\/2021\/wp-json\/wp\/v2\/posts"}],"about":[{"href":"https:\/\/www.noticiasradioreflejos.com.ar\/2021\/wp-json\/wp\/v2\/types\/post"}],"author":[{"embeddable":true,"href":"https:\/\/www.noticiasradioreflejos.com.ar\/2021\/wp-json\/wp\/v2\/users\/3"}],"replies":[{"embeddable":true,"href":"https:\/\/www.noticiasradioreflejos.com.ar\/2021\/wp-json\/wp\/v2\/comments?post=111412"}],"version-history":[{"count":3,"href":"https:\/\/www.noticiasradioreflejos.com.ar\/2021\/wp-json\/wp\/v2\/posts\/111412\/revisions"}],"predecessor-version":[{"id":111437,"href":"https:\/\/www.noticiasradioreflejos.com.ar\/2021\/wp-json\/wp\/v2\/posts\/111412\/revisions\/111437"}],"wp:featuredmedia":[{"embeddable":true,"href":"https:\/\/www.noticiasradioreflejos.com.ar\/2021\/wp-json\/wp\/v2\/media\/111413"}],"wp:attachment":[{"href":"https:\/\/www.noticiasradioreflejos.com.ar\/2021\/wp-json\/wp\/v2\/media?parent=111412"}],"wp:term":[{"taxonomy":"category","embeddable":true,"href":"https:\/\/www.noticiasradioreflejos.com.ar\/2021\/wp-json\/wp\/v2\/categories?post=111412"},{"taxonomy":"post_tag","embeddable":true,"href":"https:\/\/www.noticiasradioreflejos.com.ar\/2021\/wp-json\/wp\/v2\/tags?post=111412"}],"curies":[{"name":"wp","href":"https:\/\/api.w.org\/{rel}","templated":true}]}}