{"id":111403,"date":"2025-01-06T14:08:37","date_gmt":"2025-01-06T17:08:37","guid":{"rendered":"https:\/\/www.noticiasradioreflejos.com.ar\/2021\/?p=111403"},"modified":"2025-01-06T14:08:37","modified_gmt":"2025-01-06T17:08:37","slug":"operativo-sonrisas-de-verano-llega-a-la-laguna-las-encadenadas","status":"publish","type":"post","link":"https:\/\/www.noticiasradioreflejos.com.ar\/2021\/operativo-sonrisas-de-verano-llega-a-la-laguna-las-encadenadas\/","title":{"rendered":"Operativo Sonrisas de Verano llega a la Laguna \u2018Las Encadenadas\u2019"},"content":{"rendered":"<p>Operativo Sonrisas edici\u00f3n Verano contin\u00faa su recorrida por todo el distrito y, el venidero s\u00e1bado 11, llegar\u00e1 a la Laguna \u2018Las Encadenadas\u2019 del Club de Pesca Tornquist.<!--more--><\/p>\n<p><a data-flickr-embed=\"true\" href=\"https:\/\/www.flickr.com\/photos\/182279889@N02\/54250532116\/in\/dateposted-public\/\" title=\"op sonrisas laguna\"><img loading=\"lazy\" decoding=\"async\" src=\"https:\/\/live.staticflickr.com\/65535\/54250532116_b4205408c1_b.jpg\" width=\"819\" height=\"1024\" alt=\"op sonrisas laguna\"\/><\/a><script async src=\"\/\/embedr.flickr.com\/assets\/client-code.js\" charset=\"utf-8\"><\/script><\/p>\n<p>La jornada infantil, organizada por la Subsecretar\u00eda de Infancias y Juventudes dentro de su programa \u2018Verano activo\u2019, ser\u00e1 en el marco del arribo de los Reyes Magos a la laguna, que se dar\u00e1 esa misma noche.<\/p>\n<p>La actividad iniciar\u00e1 a las 18.30 hs, tendr\u00e1 lugar en la playa y contar\u00e1 con diferentes juegos e iniciativas. <\/p>\n","protected":false},"excerpt":{"rendered":"<p>Operativo Sonrisas edici\u00f3n Verano contin\u00faa su recorrida por todo el distrito y, el venidero s\u00e1bado 11, llegar\u00e1 a la Laguna \u2018Las Encadenadas\u2019 del Club de Pesca Tornquist.<\/p>\n","protected":false},"author":3,"featured_media":0,"comment_status":"closed","ping_status":"closed","sticky":false,"template":"","format":"standard","meta":{"footnotes":""},"categories":[28],"tags":[],"class_list":["post-111403","post","type-post","status-publish","format-standard","hentry","category-municipales"],"yoast_head":"<!-- This site is optimized with the Yoast SEO plugin v25.9 - https:\/\/yoast.com\/wordpress\/plugins\/seo\/ -->\n<title>Operativo Sonrisas de Verano llega a la Laguna \u2018Las Encadenadas\u2019 - Noticias Radio Reflejos<\/title>\n<meta name=\"robots\" content=\"index, follow, max-snippet:-1, max-image-preview:large, max-video-preview:-1\" \/>\n<link rel=\"canonical\" href=\"https:\/\/www.noticiasradioreflejos.com.ar\/2021\/operativo-sonrisas-de-verano-llega-a-la-laguna-las-encadenadas\/\" \/>\n<meta property=\"og:locale\" content=\"es_ES\" \/>\n<meta property=\"og:type\" content=\"article\" \/>\n<meta property=\"og:title\" content=\"Operativo Sonrisas de Verano llega a la Laguna \u2018Las Encadenadas\u2019 - Noticias Radio Reflejos\" \/>\n<meta property=\"og:description\" content=\"Operativo Sonrisas edici\u00f3n Verano contin\u00faa su recorrida por todo el distrito y, el venidero s\u00e1bado 11, llegar\u00e1 a la Laguna \u2018Las Encadenadas\u2019 del Club de Pesca Tornquist.\" \/>\n<meta property=\"og:url\" content=\"https:\/\/www.noticiasradioreflejos.com.ar\/2021\/operativo-sonrisas-de-verano-llega-a-la-laguna-las-encadenadas\/\" \/>\n<meta property=\"og:site_name\" content=\"Noticias Radio Reflejos\" \/>\n<meta property=\"article:published_time\" content=\"2025-01-06T17:08:37+00:00\" \/>\n<meta property=\"og:image\" content=\"https:\/\/live.staticflickr.com\/65535\/54250532116_b4205408c1_b.jpg\" \/>\n<meta name=\"author\" content=\"Arnaldo Botto\" \/>\n<meta name=\"twitter:card\" content=\"summary_large_image\" \/>\n<script type=\"application\/ld+json\" class=\"yoast-schema-graph\">{\"@context\":\"https:\/\/schema.org\",\"@graph\":[{\"@type\":\"WebPage\",\"@id\":\"https:\/\/www.noticiasradioreflejos.com.ar\/2021\/operativo-sonrisas-de-verano-llega-a-la-laguna-las-encadenadas\/\",\"url\":\"https:\/\/www.noticiasradioreflejos.com.ar\/2021\/operativo-sonrisas-de-verano-llega-a-la-laguna-las-encadenadas\/\",\"name\":\"Operativo Sonrisas de Verano llega a la Laguna \u2018Las Encadenadas\u2019 - Noticias Radio Reflejos\",\"isPartOf\":{\"@id\":\"https:\/\/www.noticiasradioreflejos.com.ar\/2021\/#website\"},\"primaryImageOfPage\":{\"@id\":\"https:\/\/www.noticiasradioreflejos.com.ar\/2021\/operativo-sonrisas-de-verano-llega-a-la-laguna-las-encadenadas\/#primaryimage\"},\"image\":{\"@id\":\"https:\/\/www.noticiasradioreflejos.com.ar\/2021\/operativo-sonrisas-de-verano-llega-a-la-laguna-las-encadenadas\/#primaryimage\"},\"thumbnailUrl\":\"https:\/\/live.staticflickr.com\/65535\/54250532116_b4205408c1_b.jpg\",\"datePublished\":\"2025-01-06T17:08:37+00:00\",\"author\":{\"@id\":\"https:\/\/www.noticiasradioreflejos.com.ar\/2021\/#\/schema\/person\/ad82545263dcc5ec0996818884fd5fb1\"},\"breadcrumb\":{\"@id\":\"https:\/\/www.noticiasradioreflejos.com.ar\/2021\/operativo-sonrisas-de-verano-llega-a-la-laguna-las-encadenadas\/#breadcrumb\"},\"inLanguage\":\"es\",\"potentialAction\":[{\"@type\":\"ReadAction\",\"target\":[\"https:\/\/www.noticiasradioreflejos.com.ar\/2021\/operativo-sonrisas-de-verano-llega-a-la-laguna-las-encadenadas\/\"]}]},{\"@type\":\"ImageObject\",\"inLanguage\":\"es\",\"@id\":\"https:\/\/www.noticiasradioreflejos.com.ar\/2021\/operativo-sonrisas-de-verano-llega-a-la-laguna-las-encadenadas\/#primaryimage\",\"url\":\"https:\/\/live.staticflickr.com\/65535\/54250532116_b4205408c1_b.jpg\",\"contentUrl\":\"https:\/\/live.staticflickr.com\/65535\/54250532116_b4205408c1_b.jpg\"},{\"@type\":\"BreadcrumbList\",\"@id\":\"https:\/\/www.noticiasradioreflejos.com.ar\/2021\/operativo-sonrisas-de-verano-llega-a-la-laguna-las-encadenadas\/#breadcrumb\",\"itemListElement\":[{\"@type\":\"ListItem\",\"position\":1,\"name\":\"Portada\",\"item\":\"https:\/\/www.noticiasradioreflejos.com.ar\/2021\/\"},{\"@type\":\"ListItem\",\"position\":2,\"name\":\"Operativo Sonrisas de Verano llega a la Laguna \u2018Las Encadenadas\u2019\"}]},{\"@type\":\"WebSite\",\"@id\":\"https:\/\/www.noticiasradioreflejos.com.ar\/2021\/#website\",\"url\":\"https:\/\/www.noticiasradioreflejos.com.ar\/2021\/\",\"name\":\"Noticias Radio Reflejos\",\"description\":\"Las noticias de mi comarca\",\"potentialAction\":[{\"@type\":\"SearchAction\",\"target\":{\"@type\":\"EntryPoint\",\"urlTemplate\":\"https:\/\/www.noticiasradioreflejos.com.ar\/2021\/?s={search_term_string}\"},\"query-input\":{\"@type\":\"PropertyValueSpecification\",\"valueRequired\":true,\"valueName\":\"search_term_string\"}}],\"inLanguage\":\"es\"},{\"@type\":\"Person\",\"@id\":\"https:\/\/www.noticiasradioreflejos.com.ar\/2021\/#\/schema\/person\/ad82545263dcc5ec0996818884fd5fb1\",\"name\":\"Arnaldo Botto\",\"image\":{\"@type\":\"ImageObject\",\"inLanguage\":\"es\",\"@id\":\"https:\/\/www.noticiasradioreflejos.com.ar\/2021\/#\/schema\/person\/image\/\",\"url\":\"https:\/\/secure.gravatar.com\/avatar\/55cb5e37c1efa326397366e6974cb338056df65cb50e7d64d1cf314e87504837?s=96&d=mm&r=g\",\"contentUrl\":\"https:\/\/secure.gravatar.com\/avatar\/55cb5e37c1efa326397366e6974cb338056df65cb50e7d64d1cf314e87504837?s=96&d=mm&r=g\",\"caption\":\"Arnaldo Botto\"},\"url\":\"https:\/\/www.noticiasradioreflejos.com.ar\/2021\/author\/arnaldo\/\"}]}<\/script>\n<!-- \/ Yoast SEO plugin. -->","yoast_head_json":{"title":"Operativo Sonrisas de Verano llega a la Laguna \u2018Las Encadenadas\u2019 - Noticias Radio Reflejos","robots":{"index":"index","follow":"follow","max-snippet":"max-snippet:-1","max-image-preview":"max-image-preview:large","max-video-preview":"max-video-preview:-1"},"canonical":"https:\/\/www.noticiasradioreflejos.com.ar\/2021\/operativo-sonrisas-de-verano-llega-a-la-laguna-las-encadenadas\/","og_locale":"es_ES","og_type":"article","og_title":"Operativo Sonrisas de Verano llega a la Laguna \u2018Las Encadenadas\u2019 - Noticias Radio Reflejos","og_description":"Operativo Sonrisas edici\u00f3n Verano contin\u00faa su recorrida por todo el distrito y, el venidero s\u00e1bado 11, llegar\u00e1 a la Laguna \u2018Las Encadenadas\u2019 del Club de Pesca Tornquist.","og_url":"https:\/\/www.noticiasradioreflejos.com.ar\/2021\/operativo-sonrisas-de-verano-llega-a-la-laguna-las-encadenadas\/","og_site_name":"Noticias Radio Reflejos","article_published_time":"2025-01-06T17:08:37+00:00","og_image":[{"url":"https:\/\/live.staticflickr.com\/65535\/54250532116_b4205408c1_b.jpg","type":"","width":"","height":""}],"author":"Arnaldo Botto","twitter_card":"summary_large_image","schema":{"@context":"https:\/\/schema.org","@graph":[{"@type":"WebPage","@id":"https:\/\/www.noticiasradioreflejos.com.ar\/2021\/operativo-sonrisas-de-verano-llega-a-la-laguna-las-encadenadas\/","url":"https:\/\/www.noticiasradioreflejos.com.ar\/2021\/operativo-sonrisas-de-verano-llega-a-la-laguna-las-encadenadas\/","name":"Operativo Sonrisas de Verano llega a la Laguna \u2018Las Encadenadas\u2019 - Noticias Radio Reflejos","isPartOf":{"@id":"https:\/\/www.noticiasradioreflejos.com.ar\/2021\/#website"},"primaryImageOfPage":{"@id":"https:\/\/www.noticiasradioreflejos.com.ar\/2021\/operativo-sonrisas-de-verano-llega-a-la-laguna-las-encadenadas\/#primaryimage"},"image":{"@id":"https:\/\/www.noticiasradioreflejos.com.ar\/2021\/operativo-sonrisas-de-verano-llega-a-la-laguna-las-encadenadas\/#primaryimage"},"thumbnailUrl":"https:\/\/live.staticflickr.com\/65535\/54250532116_b4205408c1_b.jpg","datePublished":"2025-01-06T17:08:37+00:00","author":{"@id":"https:\/\/www.noticiasradioreflejos.com.ar\/2021\/#\/schema\/person\/ad82545263dcc5ec0996818884fd5fb1"},"breadcrumb":{"@id":"https:\/\/www.noticiasradioreflejos.com.ar\/2021\/operativo-sonrisas-de-verano-llega-a-la-laguna-las-encadenadas\/#breadcrumb"},"inLanguage":"es","potentialAction":[{"@type":"ReadAction","target":["https:\/\/www.noticiasradioreflejos.com.ar\/2021\/operativo-sonrisas-de-verano-llega-a-la-laguna-las-encadenadas\/"]}]},{"@type":"ImageObject","inLanguage":"es","@id":"https:\/\/www.noticiasradioreflejos.com.ar\/2021\/operativo-sonrisas-de-verano-llega-a-la-laguna-las-encadenadas\/#primaryimage","url":"https:\/\/live.staticflickr.com\/65535\/54250532116_b4205408c1_b.jpg","contentUrl":"https:\/\/live.staticflickr.com\/65535\/54250532116_b4205408c1_b.jpg"},{"@type":"BreadcrumbList","@id":"https:\/\/www.noticiasradioreflejos.com.ar\/2021\/operativo-sonrisas-de-verano-llega-a-la-laguna-las-encadenadas\/#breadcrumb","itemListElement":[{"@type":"ListItem","position":1,"name":"Portada","item":"https:\/\/www.noticiasradioreflejos.com.ar\/2021\/"},{"@type":"ListItem","position":2,"name":"Operativo Sonrisas de Verano llega a la Laguna \u2018Las Encadenadas\u2019"}]},{"@type":"WebSite","@id":"https:\/\/www.noticiasradioreflejos.com.ar\/2021\/#website","url":"https:\/\/www.noticiasradioreflejos.com.ar\/2021\/","name":"Noticias Radio Reflejos","description":"Las noticias de mi comarca","potentialAction":[{"@type":"SearchAction","target":{"@type":"EntryPoint","urlTemplate":"https:\/\/www.noticiasradioreflejos.com.ar\/2021\/?s={search_term_string}"},"query-input":{"@type":"PropertyValueSpecification","valueRequired":true,"valueName":"search_term_string"}}],"inLanguage":"es"},{"@type":"Person","@id":"https:\/\/www.noticiasradioreflejos.com.ar\/2021\/#\/schema\/person\/ad82545263dcc5ec0996818884fd5fb1","name":"Arnaldo Botto","image":{"@type":"ImageObject","inLanguage":"es","@id":"https:\/\/www.noticiasradioreflejos.com.ar\/2021\/#\/schema\/person\/image\/","url":"https:\/\/secure.gravatar.com\/avatar\/55cb5e37c1efa326397366e6974cb338056df65cb50e7d64d1cf314e87504837?s=96&d=mm&r=g","contentUrl":"https:\/\/secure.gravatar.com\/avatar\/55cb5e37c1efa326397366e6974cb338056df65cb50e7d64d1cf314e87504837?s=96&d=mm&r=g","caption":"Arnaldo Botto"},"url":"https:\/\/www.noticiasradioreflejos.com.ar\/2021\/author\/arnaldo\/"}]}},"_links":{"self":[{"href":"https:\/\/www.noticiasradioreflejos.com.ar\/2021\/wp-json\/wp\/v2\/posts\/111403","targetHints":{"allow":["GET"]}}],"collection":[{"href":"https:\/\/www.noticiasradioreflejos.com.ar\/2021\/wp-json\/wp\/v2\/posts"}],"about":[{"href":"https:\/\/www.noticiasradioreflejos.com.ar\/2021\/wp-json\/wp\/v2\/types\/post"}],"author":[{"embeddable":true,"href":"https:\/\/www.noticiasradioreflejos.com.ar\/2021\/wp-json\/wp\/v2\/users\/3"}],"replies":[{"embeddable":true,"href":"https:\/\/www.noticiasradioreflejos.com.ar\/2021\/wp-json\/wp\/v2\/comments?post=111403"}],"version-history":[{"count":1,"href":"https:\/\/www.noticiasradioreflejos.com.ar\/2021\/wp-json\/wp\/v2\/posts\/111403\/revisions"}],"predecessor-version":[{"id":111404,"href":"https:\/\/www.noticiasradioreflejos.com.ar\/2021\/wp-json\/wp\/v2\/posts\/111403\/revisions\/111404"}],"wp:attachment":[{"href":"https:\/\/www.noticiasradioreflejos.com.ar\/2021\/wp-json\/wp\/v2\/media?parent=111403"}],"wp:term":[{"taxonomy":"category","embeddable":true,"href":"https:\/\/www.noticiasradioreflejos.com.ar\/2021\/wp-json\/wp\/v2\/categories?post=111403"},{"taxonomy":"post_tag","embeddable":true,"href":"https:\/\/www.noticiasradioreflejos.com.ar\/2021\/wp-json\/wp\/v2\/tags?post=111403"}],"curies":[{"name":"wp","href":"https:\/\/api.w.org\/{rel}","templated":true}]}}