{"id":111386,"date":"2025-01-06T07:44:33","date_gmt":"2025-01-06T10:44:33","guid":{"rendered":"https:\/\/www.noticiasradioreflejos.com.ar\/2021\/?p=111386"},"modified":"2025-01-06T07:44:33","modified_gmt":"2025-01-06T10:44:33","slug":"alerta-por-calor-extremo-en-13-provincias-del-pais-nuestra-comarca-incluida-cuales-son-las-recomendaciones","status":"publish","type":"post","link":"https:\/\/www.noticiasradioreflejos.com.ar\/2021\/alerta-por-calor-extremo-en-13-provincias-del-pais-nuestra-comarca-incluida-cuales-son-las-recomendaciones\/","title":{"rendered":"Alerta por calor extremo en 13 provincias del pa\u00eds: Nuestra comarca inclu\u00edda; cu\u00e1les son las recomendaciones"},"content":{"rendered":"<p>El Servicio Meteorol\u00f3gico Nacional inform\u00f3 que este domingo habr\u00e1 alerta amarilla y naranja en gran parte del pa\u00eds. Qu\u00e9 medidas se deben tomar para evitar riesgos.<!--more--><\/p>\n<article class=\"article\">\n<div class=\"body-article \">\n<p class=\"paragraph\" data-mrf-recirculation=\"Links inline\">Con la llevada del verano las temperaturas empiezan a elevarse en distintas regiones del pa\u00eds. Tal como estaba previsto para el presente trimestre, se espera un clima muy caluroso en gran parte del territorio nacional, donde las temperaturas ser\u00e1n superiores a lo normal.<\/p>\n<div class=\"inline ad-wrapper\">\n<div class=\"dfpAd ad-inline\">El <b>alerta amarillo<\/b>\u00a0por calor extremo rige para las provincias de\u00a0<b>Neuqu\u00e9n, R\u00edo Negro, La Pampa, Buenos Aires, San Luis, San Juan, La Rioja, Entre Rios, Santiago del Estero, Mendoza, C\u00f3rdoba y Santa Fe<\/b>. Mientras que un sector de la provincia de Chubut se encontrar\u00e1 bajo alerta es naranja.<\/div>\n<\/div>\n<\/div>\n<\/article>\n<div class=\"recommended-card__info-button recommended-card__info-button--deportes\"><\/div>\n<div>En Sierra de la Ventana y la zona serrana arrancar\u00e1 la semana con tiempo inestable, probabilidad de chaparrones durante la ma\u00f1ana y la noche; la m\u00e1xima estar\u00eda en los 33\u00b0.<\/div>\n<div><strong>Ma\u00f1ana martes<\/strong> se mantendr\u00e1 inestable y muy caluroso esper\u00e1ndose que el term\u00f3metro llegue a los 35\u00b0, se anticipan tormentas por la noche y la probabilidad de lluvias con ca\u00edda de granizo.<\/div>\n<div><\/div>\n<div><strong>El mi\u00e9rcoles tendr\u00e1<\/strong> similares condiciones al resto de la semana, con temperaturas entre los 21\u00b0 y 36\u00b0, inestable con vientos moderados del norte. No se descarta la llegada de tormentas durante la noche, acompa\u00f1adas de lluvia y fuertes descargas el\u00e9ctricas.<\/div>\n<div><\/div>\n<article class=\"article\">\n<div class=\"body-article \">\n<p class=\"paragraph\" data-mrf-recirculation=\"Links inline\">El alerta de nivel amarillo implica que las condiciones clim\u00e1ticas pueden tener un efecto leve a moderado en la salud. De acuerdo a lo informado por el SMN, dicha situaci\u00f3n puede ser peligrosa \u201csobre todo para los grupos de riesgo, como ni\u00f1os y ni\u00f1as, personas mayores de 65 a\u00f1os, con enfermedades cr\u00f3nicas\u201d.<\/p>\n<div class=\"inline_2_DSK ad-wrapper ad-desktop\">\n<div class=\"dfpAd ad-inline\"><\/div>\n<\/div>\n<p class=\"paragraph\" data-mrf-recirculation=\"Links inline\">A diferencia de dicha alerta, el\u00a0<b>nivel naranja<\/b> representa un \u00edndice de mayor riesgo para la poblaci\u00f3n. Seg\u00fan el pron\u00f3stico, Chubut ser\u00e1 la \u00fanica provincia bajo dicha condici\u00f3n. Las localidades de R\u00edo Senguer, Cushamen, Futaleuf\u00fa, Langui\u00f1eo, Tehuelches y Cushamen, ser\u00e1n las principales afectadas.<\/p>\n<p class=\"paragraph\" data-mrf-recirculation=\"Links inline\">Al respecto, se detall\u00f3 que el nivel naranja representa un efecto moderado a alto en la salud de modo que puede ser \u201cmuy peligrosas, especialmente para los grupos de riesgo\u201d.<\/p>\n<div class=\" visual__image\"><picture><source srcset=\"https:\/\/www.infobae.com\/resizer\/v2\/MUXTMDL4A5CYBIAY2PZ4P76LP4.png?auth=8d9ba7aa7ebb3d73b4d0f80f1bc5a62d3c5bdcb55c55da20beda3f33a0d37398&amp;smart=true&amp;width=992&amp;height=1764&amp;quality=85\" media=\"(min-width: 1000px)\" \/><source srcset=\"https:\/\/www.infobae.com\/resizer\/v2\/MUXTMDL4A5CYBIAY2PZ4P76LP4.png?auth=8d9ba7aa7ebb3d73b4d0f80f1bc5a62d3c5bdcb55c55da20beda3f33a0d37398&amp;smart=true&amp;width=768&amp;height=1365&amp;quality=85\" media=\"(min-width: 768px)\" \/><source srcset=\"https:\/\/www.infobae.com\/resizer\/v2\/MUXTMDL4A5CYBIAY2PZ4P76LP4.png?auth=8d9ba7aa7ebb3d73b4d0f80f1bc5a62d3c5bdcb55c55da20beda3f33a0d37398&amp;smart=true&amp;width=577&amp;height=1026&amp;quality=85\" media=\"(min-width: 580px)\" \/><source srcset=\"https:\/\/www.infobae.com\/resizer\/v2\/MUXTMDL4A5CYBIAY2PZ4P76LP4.png?auth=8d9ba7aa7ebb3d73b4d0f80f1bc5a62d3c5bdcb55c55da20beda3f33a0d37398&amp;smart=true&amp;width=420&amp;height=747&amp;quality=85\" media=\"(min-width: 350px)\" \/><source srcset=\"https:\/\/www.infobae.com\/resizer\/v2\/MUXTMDL4A5CYBIAY2PZ4P76LP4.png?auth=8d9ba7aa7ebb3d73b4d0f80f1bc5a62d3c5bdcb55c55da20beda3f33a0d37398&amp;smart=true&amp;width=350&amp;height=622&amp;quality=85\" media=\"(min-width: 80px)\" \/><img loading=\"lazy\" decoding=\"async\" class=\"global-image\" src=\"https:\/\/www.infobae.com\/resizer\/v2\/MUXTMDL4A5CYBIAY2PZ4P76LP4.png?auth=8d9ba7aa7ebb3d73b4d0f80f1bc5a62d3c5bdcb55c55da20beda3f33a0d37398&amp;smart=true&amp;width=350&amp;height=622&amp;quality=85\" alt=\"Mapa temperaturas de calor extremo\" width=\"472\" height=\"800\" \/><\/picture>Mapa temperaturas de calor extremo (Captura: SMN)<\/div>\n<div class=\"headline-wrapper\">\n<h2 class=\"header headline-class-h2\">Cu\u00e1les son las recomendaciones ante un alerta por calor extremo:<\/h2>\n<\/div>\n<p class=\"paragraph\" data-mrf-recirculation=\"Links inline\">Ante este tipo de eventos clim\u00e1ticos, el SMN sugiri\u00f3 recomendaciones emitidas por el Ministerio de Salud. Las mismas consisten en:<\/p>\n<ul class=\"list\" data-icon=\"\u2b24\">\n<li data-icon=\"\u2b24\">Aumentar el consumo de agua sin esperar a tener sed para mantener una hidrataci\u00f3n adecuada.<\/li>\n<li data-icon=\"\u2b24\">No exponerse al sol en exceso, ni en horas centrales del d\u00eda (entre las 10 y las 16 horas).<\/li>\n<li data-icon=\"\u2b24\">Prestar atenci\u00f3n a los beb\u00e9s, ni\u00f1os y ni\u00f1as y a las personas mayores.<\/li>\n<li data-icon=\"\u2b24\">Evitar las bebidas con cafe\u00edna, con alcohol o muy azucaradas.<\/li>\n<li data-icon=\"\u2b24\">Evitar comidas muy abundantes.<\/li>\n<li data-icon=\"\u2b24\">Ingerir verduras y frutas.<\/li>\n<li data-icon=\"\u2b24\">Reducir la actividad f\u00edsica.<\/li>\n<li data-icon=\"\u2b24\">Usar ropa ligera, holgada y de colores claros; sombrero, anteojos oscuros.<\/li>\n<li data-icon=\"\u2b24\">Permanecer en espacios ventilados o acondicionados.<\/li>\n<li data-icon=\"\u2b24\">Recordar que no existe un tratamiento farmacol\u00f3gico contra el golpe de calor y s\u00f3lo los m\u00e9todos cl\u00e1sicos, citados arriba, pueden prevenirlo y contrarrestarlo.<\/li>\n<\/ul>\n<p class=\"paragraph\" data-mrf-recirculation=\"Links inline\">En caso de presentar sed intensa y sequedad en la boca, temperatura mayor a 39\u00ba C, sudoraci\u00f3n excesiva, sensaci\u00f3n de calor sofocante, piel seca, agotamiento, mareos o desmayo, dolores de est\u00f3mago, falta de apetito, n\u00e1useas o v\u00f3mitos, dolores de cabeza, entre otros, se remarc\u00f3 que es preciso solicitar asistencia m\u00e9dica, trasladar a la persona afectada a la sombra, a un lugar fresco y tranquilo; e intentar refrescarla, moj\u00e1ndole la ropa y brind\u00e1ndole agua fresca para que beba.<\/p>\n<div class=\"headline-wrapper\">\n<h2 class=\"header headline-class-h2\">Argentina tendr\u00e1 un verano con temperaturas superiores a lo habitual<\/h2>\n<\/div>\n<p class=\"paragraph\" data-mrf-recirculation=\"Links inline\">El Servicio Meteorol\u00f3gico Nacional (SMN) proyect\u00f3 un verano con temperaturas m\u00e1s altas de lo normal en la mayor\u00eda del territorio argentino, seg\u00fan su\u00a0<b>pron\u00f3stico trimestral<\/b>\u00a0para los meses de diciembre, enero y febrero. Este informe, que abarca el per\u00edodo estival, anticipa un escenario clim\u00e1tico marcado por el calor, con algunas variaciones regionales tanto en temperaturas como en precipitaciones.<\/p>\n<p class=\"paragraph\" data-mrf-recirculation=\"Links inline\">Las<b>\u00a0temperaturas estar\u00e1n por encima de los valores habituales en casi todo el pa\u00eds, salvo en<\/b>\u00a0dos regiones espec\u00edficas:\u00a0<b>el norte del Litoral y el sur de la Patagonia<\/b>, donde se espera que los registros t\u00e9rmicos sean normales o ligeramente superiores a lo normal. Este comportamiento clim\u00e1tico se alinea con una tendencia observada en los \u00faltimos a\u00f1os, en los que los veranos han mostrado un incremento sostenido en las temperaturas promedio.<\/p>\n<div class=\" visual__image\"><picture><source srcset=\"https:\/\/www.infobae.com\/resizer\/v2\/VIX6PDNCI7H6YGU72CDZQG64MY.jpg?auth=6eab19a9aed45401255bfec6e19111d4f18a0d4f95e3d7ba8437edfdc8903b1e&amp;smart=true&amp;width=992&amp;height=661&amp;quality=85\" media=\"(min-width: 1000px)\" \/><source srcset=\"https:\/\/www.infobae.com\/resizer\/v2\/VIX6PDNCI7H6YGU72CDZQG64MY.jpg?auth=6eab19a9aed45401255bfec6e19111d4f18a0d4f95e3d7ba8437edfdc8903b1e&amp;smart=true&amp;width=768&amp;height=512&amp;quality=85\" media=\"(min-width: 768px)\" \/><source srcset=\"https:\/\/www.infobae.com\/resizer\/v2\/VIX6PDNCI7H6YGU72CDZQG64MY.jpg?auth=6eab19a9aed45401255bfec6e19111d4f18a0d4f95e3d7ba8437edfdc8903b1e&amp;smart=true&amp;width=577&amp;height=385&amp;quality=85\" media=\"(min-width: 580px)\" \/><source srcset=\"https:\/\/www.infobae.com\/resizer\/v2\/VIX6PDNCI7H6YGU72CDZQG64MY.jpg?auth=6eab19a9aed45401255bfec6e19111d4f18a0d4f95e3d7ba8437edfdc8903b1e&amp;smart=true&amp;width=420&amp;height=280&amp;quality=85\" media=\"(min-width: 350px)\" \/><source srcset=\"https:\/\/www.infobae.com\/resizer\/v2\/VIX6PDNCI7H6YGU72CDZQG64MY.jpg?auth=6eab19a9aed45401255bfec6e19111d4f18a0d4f95e3d7ba8437edfdc8903b1e&amp;smart=true&amp;width=350&amp;height=233&amp;quality=85\" media=\"(min-width: 80px)\" \/><img loading=\"lazy\" decoding=\"async\" class=\"global-image\" src=\"https:\/\/www.infobae.com\/resizer\/v2\/VIX6PDNCI7H6YGU72CDZQG64MY.jpg?auth=6eab19a9aed45401255bfec6e19111d4f18a0d4f95e3d7ba8437edfdc8903b1e&amp;smart=true&amp;width=350&amp;height=233&amp;quality=85\" alt=\"En el verano habr\u00e1 temperaturas\" width=\"800\" height=\"525\" \/><\/picture>En el verano habr\u00e1 temperaturas por encima de los valores habituales en gran parte del pa\u00eds (Foto: REUTERS\/Agustin Marcarian)<\/div>\n<p class=\"paragraph\" data-mrf-recirculation=\"Links inline\">En cuanto a las precipitaciones, el panorama tambi\u00e9n presenta diferencias significativas entre las distintas regiones. Seg\u00fan detall\u00f3 el SMN, el\u00a0<b>Noroeste Argentino (NOA) y la regi\u00f3n de Cuyo<\/b>\u00a0podr\u00edan experimentar\u00a0<b>lluvias por encima de los niveles normales<\/b>\u00a0para esta \u00e9poca del a\u00f1o. Por otro lado, en la regi\u00f3n pampeana, las precipitaciones se mantendr\u00edan dentro de los valores t\u00edpicos del verano. Sin embargo, en el este, oeste y sur de la Patagonia, se prev\u00e9 un d\u00e9ficit de lluvias, con niveles inferiores a lo habitual. En el este de esta regi\u00f3n, las precipitaciones podr\u00edan oscilar entre valores normales y por debajo de lo normal.<\/p>\n<p class=\"paragraph\" data-mrf-recirculation=\"Links inline\">El pron\u00f3stico para el noreste del pa\u00eds, en cambio, no fue concluyente. Los expertos del SMN explicaron que los an\u00e1lisis realizados no permitieron establecer una proyecci\u00f3n clara para esta zona, dejando un margen de incertidumbre respecto a las condiciones clim\u00e1ticas que podr\u00edan presentarse all\u00ed durante el verano.<\/p>\n<p class=\"paragraph\" data-mrf-recirculation=\"Links inline\"><b>Cindy Fern\u00e1ndez<\/b>, comunicadora del Servicio Meteorol\u00f3gico Nacional, explic\u00f3 que este verano no solo ser\u00e1 caluroso por el pron\u00f3stico actual, sino tambi\u00e9n debido a una tendencia clim\u00e1tica que se ha consolidado en los \u00faltimos a\u00f1os. \u201cDurante los \u00faltimos a\u00f1os hay una tendencia bastante marcada de tener veranos cada vez m\u00e1s c\u00e1lidos y siempre por encima de lo normal\u201d, afirm\u00f3 Fern\u00e1ndez.<\/p>\n<\/div>\n<\/article>\n","protected":false},"excerpt":{"rendered":"<p>El Servicio Meteorol\u00f3gico Nacional inform\u00f3 que este domingo habr\u00e1 alerta amarilla y naranja en gran parte del pa\u00eds. Qu\u00e9 medidas se deben tomar para evitar riesgos.<\/p>\n","protected":false},"author":3,"featured_media":88057,"comment_status":"closed","ping_status":"closed","sticky":false,"template":"","format":"standard","meta":{"footnotes":""},"categories":[46],"tags":[48],"class_list":["post-111386","post","type-post","status-publish","format-standard","has-post-thumbnail","hentry","category-ciencia-y-tecnologia","tag-destacada"],"yoast_head":"<!-- This site is optimized with the Yoast SEO plugin v25.9 - https:\/\/yoast.com\/wordpress\/plugins\/seo\/ -->\n<title>Alerta por calor extremo en 13 provincias del pa\u00eds: Nuestra comarca inclu\u00edda; cu\u00e1les son las recomendaciones - Noticias Radio Reflejos<\/title>\n<meta name=\"robots\" content=\"index, follow, max-snippet:-1, max-image-preview:large, max-video-preview:-1\" \/>\n<link rel=\"canonical\" href=\"https:\/\/www.noticiasradioreflejos.com.ar\/2021\/alerta-por-calor-extremo-en-13-provincias-del-pais-nuestra-comarca-incluida-cuales-son-las-recomendaciones\/\" \/>\n<meta property=\"og:locale\" content=\"es_ES\" \/>\n<meta property=\"og:type\" content=\"article\" \/>\n<meta property=\"og:title\" content=\"Alerta por calor extremo en 13 provincias del pa\u00eds: Nuestra comarca inclu\u00edda; cu\u00e1les son las recomendaciones - Noticias Radio Reflejos\" \/>\n<meta property=\"og:description\" content=\"El Servicio Meteorol\u00f3gico Nacional inform\u00f3 que este domingo habr\u00e1 alerta amarilla y naranja en gran parte del pa\u00eds. Qu\u00e9 medidas se deben tomar para evitar riesgos.\" \/>\n<meta property=\"og:url\" content=\"https:\/\/www.noticiasradioreflejos.com.ar\/2021\/alerta-por-calor-extremo-en-13-provincias-del-pais-nuestra-comarca-incluida-cuales-son-las-recomendaciones\/\" \/>\n<meta property=\"og:site_name\" content=\"Noticias Radio Reflejos\" \/>\n<meta property=\"article:published_time\" content=\"2025-01-06T10:44:33+00:00\" \/>\n<meta property=\"og:image\" content=\"https:\/\/www.noticiasradioreflejos.com.ar\/2021\/wp-content\/uploads\/2023\/05\/Ola-de-calor.jpg\" \/>\n\t<meta property=\"og:image:width\" content=\"1024\" \/>\n\t<meta property=\"og:image:height\" content=\"576\" \/>\n\t<meta property=\"og:image:type\" content=\"image\/jpeg\" \/>\n<meta name=\"author\" content=\"Arnaldo Botto\" \/>\n<meta name=\"twitter:card\" content=\"summary_large_image\" \/>\n<script type=\"application\/ld+json\" class=\"yoast-schema-graph\">{\"@context\":\"https:\/\/schema.org\",\"@graph\":[{\"@type\":\"WebPage\",\"@id\":\"https:\/\/www.noticiasradioreflejos.com.ar\/2021\/alerta-por-calor-extremo-en-13-provincias-del-pais-nuestra-comarca-incluida-cuales-son-las-recomendaciones\/\",\"url\":\"https:\/\/www.noticiasradioreflejos.com.ar\/2021\/alerta-por-calor-extremo-en-13-provincias-del-pais-nuestra-comarca-incluida-cuales-son-las-recomendaciones\/\",\"name\":\"Alerta por calor extremo en 13 provincias del pa\u00eds: Nuestra comarca inclu\u00edda; cu\u00e1les son las recomendaciones - Noticias Radio Reflejos\",\"isPartOf\":{\"@id\":\"https:\/\/www.noticiasradioreflejos.com.ar\/2021\/#website\"},\"primaryImageOfPage\":{\"@id\":\"https:\/\/www.noticiasradioreflejos.com.ar\/2021\/alerta-por-calor-extremo-en-13-provincias-del-pais-nuestra-comarca-incluida-cuales-son-las-recomendaciones\/#primaryimage\"},\"image\":{\"@id\":\"https:\/\/www.noticiasradioreflejos.com.ar\/2021\/alerta-por-calor-extremo-en-13-provincias-del-pais-nuestra-comarca-incluida-cuales-son-las-recomendaciones\/#primaryimage\"},\"thumbnailUrl\":\"https:\/\/www.noticiasradioreflejos.com.ar\/2021\/wp-content\/uploads\/2023\/05\/Ola-de-calor.jpg\",\"datePublished\":\"2025-01-06T10:44:33+00:00\",\"author\":{\"@id\":\"https:\/\/www.noticiasradioreflejos.com.ar\/2021\/#\/schema\/person\/ad82545263dcc5ec0996818884fd5fb1\"},\"breadcrumb\":{\"@id\":\"https:\/\/www.noticiasradioreflejos.com.ar\/2021\/alerta-por-calor-extremo-en-13-provincias-del-pais-nuestra-comarca-incluida-cuales-son-las-recomendaciones\/#breadcrumb\"},\"inLanguage\":\"es\",\"potentialAction\":[{\"@type\":\"ReadAction\",\"target\":[\"https:\/\/www.noticiasradioreflejos.com.ar\/2021\/alerta-por-calor-extremo-en-13-provincias-del-pais-nuestra-comarca-incluida-cuales-son-las-recomendaciones\/\"]}]},{\"@type\":\"ImageObject\",\"inLanguage\":\"es\",\"@id\":\"https:\/\/www.noticiasradioreflejos.com.ar\/2021\/alerta-por-calor-extremo-en-13-provincias-del-pais-nuestra-comarca-incluida-cuales-son-las-recomendaciones\/#primaryimage\",\"url\":\"https:\/\/www.noticiasradioreflejos.com.ar\/2021\/wp-content\/uploads\/2023\/05\/Ola-de-calor.jpg\",\"contentUrl\":\"https:\/\/www.noticiasradioreflejos.com.ar\/2021\/wp-content\/uploads\/2023\/05\/Ola-de-calor.jpg\",\"width\":1024,\"height\":576},{\"@type\":\"BreadcrumbList\",\"@id\":\"https:\/\/www.noticiasradioreflejos.com.ar\/2021\/alerta-por-calor-extremo-en-13-provincias-del-pais-nuestra-comarca-incluida-cuales-son-las-recomendaciones\/#breadcrumb\",\"itemListElement\":[{\"@type\":\"ListItem\",\"position\":1,\"name\":\"Portada\",\"item\":\"https:\/\/www.noticiasradioreflejos.com.ar\/2021\/\"},{\"@type\":\"ListItem\",\"position\":2,\"name\":\"Alerta por calor extremo en 13 provincias del pa\u00eds: Nuestra comarca inclu\u00edda; cu\u00e1les son las recomendaciones\"}]},{\"@type\":\"WebSite\",\"@id\":\"https:\/\/www.noticiasradioreflejos.com.ar\/2021\/#website\",\"url\":\"https:\/\/www.noticiasradioreflejos.com.ar\/2021\/\",\"name\":\"Noticias Radio Reflejos\",\"description\":\"Las noticias de mi comarca\",\"potentialAction\":[{\"@type\":\"SearchAction\",\"target\":{\"@type\":\"EntryPoint\",\"urlTemplate\":\"https:\/\/www.noticiasradioreflejos.com.ar\/2021\/?s={search_term_string}\"},\"query-input\":{\"@type\":\"PropertyValueSpecification\",\"valueRequired\":true,\"valueName\":\"search_term_string\"}}],\"inLanguage\":\"es\"},{\"@type\":\"Person\",\"@id\":\"https:\/\/www.noticiasradioreflejos.com.ar\/2021\/#\/schema\/person\/ad82545263dcc5ec0996818884fd5fb1\",\"name\":\"Arnaldo Botto\",\"image\":{\"@type\":\"ImageObject\",\"inLanguage\":\"es\",\"@id\":\"https:\/\/www.noticiasradioreflejos.com.ar\/2021\/#\/schema\/person\/image\/\",\"url\":\"https:\/\/secure.gravatar.com\/avatar\/55cb5e37c1efa326397366e6974cb338056df65cb50e7d64d1cf314e87504837?s=96&d=mm&r=g\",\"contentUrl\":\"https:\/\/secure.gravatar.com\/avatar\/55cb5e37c1efa326397366e6974cb338056df65cb50e7d64d1cf314e87504837?s=96&d=mm&r=g\",\"caption\":\"Arnaldo Botto\"},\"url\":\"https:\/\/www.noticiasradioreflejos.com.ar\/2021\/author\/arnaldo\/\"}]}<\/script>\n<!-- \/ Yoast SEO plugin. -->","yoast_head_json":{"title":"Alerta por calor extremo en 13 provincias del pa\u00eds: Nuestra comarca inclu\u00edda; cu\u00e1les son las recomendaciones - Noticias Radio Reflejos","robots":{"index":"index","follow":"follow","max-snippet":"max-snippet:-1","max-image-preview":"max-image-preview:large","max-video-preview":"max-video-preview:-1"},"canonical":"https:\/\/www.noticiasradioreflejos.com.ar\/2021\/alerta-por-calor-extremo-en-13-provincias-del-pais-nuestra-comarca-incluida-cuales-son-las-recomendaciones\/","og_locale":"es_ES","og_type":"article","og_title":"Alerta por calor extremo en 13 provincias del pa\u00eds: Nuestra comarca inclu\u00edda; cu\u00e1les son las recomendaciones - Noticias Radio Reflejos","og_description":"El Servicio Meteorol\u00f3gico Nacional inform\u00f3 que este domingo habr\u00e1 alerta amarilla y naranja en gran parte del pa\u00eds. Qu\u00e9 medidas se deben tomar para evitar riesgos.","og_url":"https:\/\/www.noticiasradioreflejos.com.ar\/2021\/alerta-por-calor-extremo-en-13-provincias-del-pais-nuestra-comarca-incluida-cuales-son-las-recomendaciones\/","og_site_name":"Noticias Radio Reflejos","article_published_time":"2025-01-06T10:44:33+00:00","og_image":[{"width":1024,"height":576,"url":"https:\/\/www.noticiasradioreflejos.com.ar\/2021\/wp-content\/uploads\/2023\/05\/Ola-de-calor.jpg","type":"image\/jpeg"}],"author":"Arnaldo Botto","twitter_card":"summary_large_image","schema":{"@context":"https:\/\/schema.org","@graph":[{"@type":"WebPage","@id":"https:\/\/www.noticiasradioreflejos.com.ar\/2021\/alerta-por-calor-extremo-en-13-provincias-del-pais-nuestra-comarca-incluida-cuales-son-las-recomendaciones\/","url":"https:\/\/www.noticiasradioreflejos.com.ar\/2021\/alerta-por-calor-extremo-en-13-provincias-del-pais-nuestra-comarca-incluida-cuales-son-las-recomendaciones\/","name":"Alerta por calor extremo en 13 provincias del pa\u00eds: Nuestra comarca inclu\u00edda; cu\u00e1les son las recomendaciones - Noticias Radio Reflejos","isPartOf":{"@id":"https:\/\/www.noticiasradioreflejos.com.ar\/2021\/#website"},"primaryImageOfPage":{"@id":"https:\/\/www.noticiasradioreflejos.com.ar\/2021\/alerta-por-calor-extremo-en-13-provincias-del-pais-nuestra-comarca-incluida-cuales-son-las-recomendaciones\/#primaryimage"},"image":{"@id":"https:\/\/www.noticiasradioreflejos.com.ar\/2021\/alerta-por-calor-extremo-en-13-provincias-del-pais-nuestra-comarca-incluida-cuales-son-las-recomendaciones\/#primaryimage"},"thumbnailUrl":"https:\/\/www.noticiasradioreflejos.com.ar\/2021\/wp-content\/uploads\/2023\/05\/Ola-de-calor.jpg","datePublished":"2025-01-06T10:44:33+00:00","author":{"@id":"https:\/\/www.noticiasradioreflejos.com.ar\/2021\/#\/schema\/person\/ad82545263dcc5ec0996818884fd5fb1"},"breadcrumb":{"@id":"https:\/\/www.noticiasradioreflejos.com.ar\/2021\/alerta-por-calor-extremo-en-13-provincias-del-pais-nuestra-comarca-incluida-cuales-son-las-recomendaciones\/#breadcrumb"},"inLanguage":"es","potentialAction":[{"@type":"ReadAction","target":["https:\/\/www.noticiasradioreflejos.com.ar\/2021\/alerta-por-calor-extremo-en-13-provincias-del-pais-nuestra-comarca-incluida-cuales-son-las-recomendaciones\/"]}]},{"@type":"ImageObject","inLanguage":"es","@id":"https:\/\/www.noticiasradioreflejos.com.ar\/2021\/alerta-por-calor-extremo-en-13-provincias-del-pais-nuestra-comarca-incluida-cuales-son-las-recomendaciones\/#primaryimage","url":"https:\/\/www.noticiasradioreflejos.com.ar\/2021\/wp-content\/uploads\/2023\/05\/Ola-de-calor.jpg","contentUrl":"https:\/\/www.noticiasradioreflejos.com.ar\/2021\/wp-content\/uploads\/2023\/05\/Ola-de-calor.jpg","width":1024,"height":576},{"@type":"BreadcrumbList","@id":"https:\/\/www.noticiasradioreflejos.com.ar\/2021\/alerta-por-calor-extremo-en-13-provincias-del-pais-nuestra-comarca-incluida-cuales-son-las-recomendaciones\/#breadcrumb","itemListElement":[{"@type":"ListItem","position":1,"name":"Portada","item":"https:\/\/www.noticiasradioreflejos.com.ar\/2021\/"},{"@type":"ListItem","position":2,"name":"Alerta por calor extremo en 13 provincias del pa\u00eds: Nuestra comarca inclu\u00edda; cu\u00e1les son las recomendaciones"}]},{"@type":"WebSite","@id":"https:\/\/www.noticiasradioreflejos.com.ar\/2021\/#website","url":"https:\/\/www.noticiasradioreflejos.com.ar\/2021\/","name":"Noticias Radio Reflejos","description":"Las noticias de mi comarca","potentialAction":[{"@type":"SearchAction","target":{"@type":"EntryPoint","urlTemplate":"https:\/\/www.noticiasradioreflejos.com.ar\/2021\/?s={search_term_string}"},"query-input":{"@type":"PropertyValueSpecification","valueRequired":true,"valueName":"search_term_string"}}],"inLanguage":"es"},{"@type":"Person","@id":"https:\/\/www.noticiasradioreflejos.com.ar\/2021\/#\/schema\/person\/ad82545263dcc5ec0996818884fd5fb1","name":"Arnaldo Botto","image":{"@type":"ImageObject","inLanguage":"es","@id":"https:\/\/www.noticiasradioreflejos.com.ar\/2021\/#\/schema\/person\/image\/","url":"https:\/\/secure.gravatar.com\/avatar\/55cb5e37c1efa326397366e6974cb338056df65cb50e7d64d1cf314e87504837?s=96&d=mm&r=g","contentUrl":"https:\/\/secure.gravatar.com\/avatar\/55cb5e37c1efa326397366e6974cb338056df65cb50e7d64d1cf314e87504837?s=96&d=mm&r=g","caption":"Arnaldo Botto"},"url":"https:\/\/www.noticiasradioreflejos.com.ar\/2021\/author\/arnaldo\/"}]}},"_links":{"self":[{"href":"https:\/\/www.noticiasradioreflejos.com.ar\/2021\/wp-json\/wp\/v2\/posts\/111386","targetHints":{"allow":["GET"]}}],"collection":[{"href":"https:\/\/www.noticiasradioreflejos.com.ar\/2021\/wp-json\/wp\/v2\/posts"}],"about":[{"href":"https:\/\/www.noticiasradioreflejos.com.ar\/2021\/wp-json\/wp\/v2\/types\/post"}],"author":[{"embeddable":true,"href":"https:\/\/www.noticiasradioreflejos.com.ar\/2021\/wp-json\/wp\/v2\/users\/3"}],"replies":[{"embeddable":true,"href":"https:\/\/www.noticiasradioreflejos.com.ar\/2021\/wp-json\/wp\/v2\/comments?post=111386"}],"version-history":[{"count":1,"href":"https:\/\/www.noticiasradioreflejos.com.ar\/2021\/wp-json\/wp\/v2\/posts\/111386\/revisions"}],"predecessor-version":[{"id":111387,"href":"https:\/\/www.noticiasradioreflejos.com.ar\/2021\/wp-json\/wp\/v2\/posts\/111386\/revisions\/111387"}],"wp:featuredmedia":[{"embeddable":true,"href":"https:\/\/www.noticiasradioreflejos.com.ar\/2021\/wp-json\/wp\/v2\/media\/88057"}],"wp:attachment":[{"href":"https:\/\/www.noticiasradioreflejos.com.ar\/2021\/wp-json\/wp\/v2\/media?parent=111386"}],"wp:term":[{"taxonomy":"category","embeddable":true,"href":"https:\/\/www.noticiasradioreflejos.com.ar\/2021\/wp-json\/wp\/v2\/categories?post=111386"},{"taxonomy":"post_tag","embeddable":true,"href":"https:\/\/www.noticiasradioreflejos.com.ar\/2021\/wp-json\/wp\/v2\/tags?post=111386"}],"curies":[{"name":"wp","href":"https:\/\/api.w.org\/{rel}","templated":true}]}}