{"id":111317,"date":"2025-01-03T08:53:51","date_gmt":"2025-01-03T11:53:51","guid":{"rendered":"https:\/\/www.noticiasradioreflejos.com.ar\/2021\/?p=111317"},"modified":"2025-01-03T08:53:51","modified_gmt":"2025-01-03T11:53:51","slug":"coronel-suarez-dass-anuncio-el-cierre-de-su-fabrica-de-calzado-y-despide-a-360-empleados","status":"publish","type":"post","link":"https:\/\/www.noticiasradioreflejos.com.ar\/2021\/coronel-suarez-dass-anuncio-el-cierre-de-su-fabrica-de-calzado-y-despide-a-360-empleados\/","title":{"rendered":"Coronel Su\u00e1rez: Dass anunci\u00f3 el cierre de su f\u00e1brica de calzado y despide a 360 empleados"},"content":{"rendered":"<p>La multinacional Dass con presencia en Coronel Su\u00e1rez desde hace varios a\u00f1os comenz\u00f3 este 2 de enero a notificar a sus casi 360 operarios que a partir del 20 de enero cesan sus operaciones fabriles en la planta de Coronel Su\u00e1rez.<!--more--><\/p>\n<p>Puntualmente, los telegramas de despido que recibieron los trabajadores por parte de la oficina de Recursos Humanos de Dass Coronel Su\u00e1rez se\u00f1alan \u00abnotificamos que, como cierre del establecimiento, prescindimos de sus servicios a partir del 20\/1\/2025. Liquidaci\u00f3n final e indemnizaciones ser\u00e1n depositadas en tiempo y forma en sus respectivas cuentas sueldo\u00bb.<\/p>\n<p>En contacto con La Nueva Radio Su\u00e1rez la delegada gremial de UTICRA, Mariela Holzmann, asegur\u00f3 no haber recibido notificaci\u00f3n oficial por parte de la empresa sobre su determinaci\u00f3n en momentos en que la planta est\u00e1 parada totalmente por vacaciones de todo su personal. (La Nueva Radio Su\u00e1rez).<\/p>\n<p>Fuente\u00a0<strong> La Nueva.<\/strong><\/p>\n","protected":false},"excerpt":{"rendered":"<p>La multinacional Dass con presencia en Coronel Su\u00e1rez desde hace varios a\u00f1os comenz\u00f3 este 2 de enero a notificar a sus casi 360 operarios que a partir del 20 de enero cesan sus operaciones fabriles en la planta de Coronel Su\u00e1rez.<\/p>\n","protected":false},"author":3,"featured_media":111318,"comment_status":"closed","ping_status":"closed","sticky":false,"template":"","format":"standard","meta":{"footnotes":""},"categories":[36],"tags":[],"class_list":["post-111317","post","type-post","status-publish","format-standard","has-post-thumbnail","hentry","category-economia"],"yoast_head":"<!-- This site is optimized with the Yoast SEO plugin v25.9 - https:\/\/yoast.com\/wordpress\/plugins\/seo\/ -->\n<title>Coronel Su\u00e1rez: Dass anunci\u00f3 el cierre de su f\u00e1brica de calzado y despide a 360 empleados - Noticias Radio Reflejos<\/title>\n<meta name=\"robots\" content=\"index, follow, max-snippet:-1, max-image-preview:large, max-video-preview:-1\" \/>\n<link rel=\"canonical\" href=\"https:\/\/www.noticiasradioreflejos.com.ar\/2021\/coronel-suarez-dass-anuncio-el-cierre-de-su-fabrica-de-calzado-y-despide-a-360-empleados\/\" \/>\n<meta property=\"og:locale\" content=\"es_ES\" \/>\n<meta property=\"og:type\" content=\"article\" \/>\n<meta property=\"og:title\" content=\"Coronel Su\u00e1rez: Dass anunci\u00f3 el cierre de su f\u00e1brica de calzado y despide a 360 empleados - Noticias Radio Reflejos\" \/>\n<meta property=\"og:description\" content=\"La multinacional Dass con presencia en Coronel Su\u00e1rez desde hace varios a\u00f1os comenz\u00f3 este 2 de enero a notificar a sus casi 360 operarios que a partir del 20 de enero cesan sus operaciones fabriles en la planta de Coronel Su\u00e1rez.\" \/>\n<meta property=\"og:url\" content=\"https:\/\/www.noticiasradioreflejos.com.ar\/2021\/coronel-suarez-dass-anuncio-el-cierre-de-su-fabrica-de-calzado-y-despide-a-360-empleados\/\" \/>\n<meta property=\"og:site_name\" content=\"Noticias Radio Reflejos\" \/>\n<meta property=\"article:published_time\" content=\"2025-01-03T11:53:51+00:00\" \/>\n<meta property=\"og:image\" content=\"https:\/\/www.noticiasradioreflejos.com.ar\/2021\/wp-content\/uploads\/2025\/01\/Dass-Suarez.jpg\" \/>\n\t<meta property=\"og:image:width\" content=\"1121\" \/>\n\t<meta property=\"og:image:height\" content=\"633\" \/>\n\t<meta property=\"og:image:type\" content=\"image\/jpeg\" \/>\n<meta name=\"author\" content=\"Arnaldo Botto\" \/>\n<meta name=\"twitter:card\" content=\"summary_large_image\" \/>\n<script type=\"application\/ld+json\" class=\"yoast-schema-graph\">{\"@context\":\"https:\/\/schema.org\",\"@graph\":[{\"@type\":\"WebPage\",\"@id\":\"https:\/\/www.noticiasradioreflejos.com.ar\/2021\/coronel-suarez-dass-anuncio-el-cierre-de-su-fabrica-de-calzado-y-despide-a-360-empleados\/\",\"url\":\"https:\/\/www.noticiasradioreflejos.com.ar\/2021\/coronel-suarez-dass-anuncio-el-cierre-de-su-fabrica-de-calzado-y-despide-a-360-empleados\/\",\"name\":\"Coronel Su\u00e1rez: Dass anunci\u00f3 el cierre de su f\u00e1brica de calzado y despide a 360 empleados - Noticias Radio Reflejos\",\"isPartOf\":{\"@id\":\"https:\/\/www.noticiasradioreflejos.com.ar\/2021\/#website\"},\"primaryImageOfPage\":{\"@id\":\"https:\/\/www.noticiasradioreflejos.com.ar\/2021\/coronel-suarez-dass-anuncio-el-cierre-de-su-fabrica-de-calzado-y-despide-a-360-empleados\/#primaryimage\"},\"image\":{\"@id\":\"https:\/\/www.noticiasradioreflejos.com.ar\/2021\/coronel-suarez-dass-anuncio-el-cierre-de-su-fabrica-de-calzado-y-despide-a-360-empleados\/#primaryimage\"},\"thumbnailUrl\":\"https:\/\/www.noticiasradioreflejos.com.ar\/2021\/wp-content\/uploads\/2025\/01\/Dass-Suarez.jpg\",\"datePublished\":\"2025-01-03T11:53:51+00:00\",\"author\":{\"@id\":\"https:\/\/www.noticiasradioreflejos.com.ar\/2021\/#\/schema\/person\/ad82545263dcc5ec0996818884fd5fb1\"},\"breadcrumb\":{\"@id\":\"https:\/\/www.noticiasradioreflejos.com.ar\/2021\/coronel-suarez-dass-anuncio-el-cierre-de-su-fabrica-de-calzado-y-despide-a-360-empleados\/#breadcrumb\"},\"inLanguage\":\"es\",\"potentialAction\":[{\"@type\":\"ReadAction\",\"target\":[\"https:\/\/www.noticiasradioreflejos.com.ar\/2021\/coronel-suarez-dass-anuncio-el-cierre-de-su-fabrica-de-calzado-y-despide-a-360-empleados\/\"]}]},{\"@type\":\"ImageObject\",\"inLanguage\":\"es\",\"@id\":\"https:\/\/www.noticiasradioreflejos.com.ar\/2021\/coronel-suarez-dass-anuncio-el-cierre-de-su-fabrica-de-calzado-y-despide-a-360-empleados\/#primaryimage\",\"url\":\"https:\/\/www.noticiasradioreflejos.com.ar\/2021\/wp-content\/uploads\/2025\/01\/Dass-Suarez.jpg\",\"contentUrl\":\"https:\/\/www.noticiasradioreflejos.com.ar\/2021\/wp-content\/uploads\/2025\/01\/Dass-Suarez.jpg\",\"width\":1121,\"height\":633},{\"@type\":\"BreadcrumbList\",\"@id\":\"https:\/\/www.noticiasradioreflejos.com.ar\/2021\/coronel-suarez-dass-anuncio-el-cierre-de-su-fabrica-de-calzado-y-despide-a-360-empleados\/#breadcrumb\",\"itemListElement\":[{\"@type\":\"ListItem\",\"position\":1,\"name\":\"Portada\",\"item\":\"https:\/\/www.noticiasradioreflejos.com.ar\/2021\/\"},{\"@type\":\"ListItem\",\"position\":2,\"name\":\"Coronel Su\u00e1rez: Dass anunci\u00f3 el cierre de su f\u00e1brica de calzado y despide a 360 empleados\"}]},{\"@type\":\"WebSite\",\"@id\":\"https:\/\/www.noticiasradioreflejos.com.ar\/2021\/#website\",\"url\":\"https:\/\/www.noticiasradioreflejos.com.ar\/2021\/\",\"name\":\"Noticias Radio Reflejos\",\"description\":\"Las noticias de mi comarca\",\"potentialAction\":[{\"@type\":\"SearchAction\",\"target\":{\"@type\":\"EntryPoint\",\"urlTemplate\":\"https:\/\/www.noticiasradioreflejos.com.ar\/2021\/?s={search_term_string}\"},\"query-input\":{\"@type\":\"PropertyValueSpecification\",\"valueRequired\":true,\"valueName\":\"search_term_string\"}}],\"inLanguage\":\"es\"},{\"@type\":\"Person\",\"@id\":\"https:\/\/www.noticiasradioreflejos.com.ar\/2021\/#\/schema\/person\/ad82545263dcc5ec0996818884fd5fb1\",\"name\":\"Arnaldo Botto\",\"image\":{\"@type\":\"ImageObject\",\"inLanguage\":\"es\",\"@id\":\"https:\/\/www.noticiasradioreflejos.com.ar\/2021\/#\/schema\/person\/image\/\",\"url\":\"https:\/\/secure.gravatar.com\/avatar\/55cb5e37c1efa326397366e6974cb338056df65cb50e7d64d1cf314e87504837?s=96&d=mm&r=g\",\"contentUrl\":\"https:\/\/secure.gravatar.com\/avatar\/55cb5e37c1efa326397366e6974cb338056df65cb50e7d64d1cf314e87504837?s=96&d=mm&r=g\",\"caption\":\"Arnaldo Botto\"},\"url\":\"https:\/\/www.noticiasradioreflejos.com.ar\/2021\/author\/arnaldo\/\"}]}<\/script>\n<!-- \/ Yoast SEO plugin. -->","yoast_head_json":{"title":"Coronel Su\u00e1rez: Dass anunci\u00f3 el cierre de su f\u00e1brica de calzado y despide a 360 empleados - Noticias Radio Reflejos","robots":{"index":"index","follow":"follow","max-snippet":"max-snippet:-1","max-image-preview":"max-image-preview:large","max-video-preview":"max-video-preview:-1"},"canonical":"https:\/\/www.noticiasradioreflejos.com.ar\/2021\/coronel-suarez-dass-anuncio-el-cierre-de-su-fabrica-de-calzado-y-despide-a-360-empleados\/","og_locale":"es_ES","og_type":"article","og_title":"Coronel Su\u00e1rez: Dass anunci\u00f3 el cierre de su f\u00e1brica de calzado y despide a 360 empleados - Noticias Radio Reflejos","og_description":"La multinacional Dass con presencia en Coronel Su\u00e1rez desde hace varios a\u00f1os comenz\u00f3 este 2 de enero a notificar a sus casi 360 operarios que a partir del 20 de enero cesan sus operaciones fabriles en la planta de Coronel Su\u00e1rez.","og_url":"https:\/\/www.noticiasradioreflejos.com.ar\/2021\/coronel-suarez-dass-anuncio-el-cierre-de-su-fabrica-de-calzado-y-despide-a-360-empleados\/","og_site_name":"Noticias Radio Reflejos","article_published_time":"2025-01-03T11:53:51+00:00","og_image":[{"width":1121,"height":633,"url":"https:\/\/www.noticiasradioreflejos.com.ar\/2021\/wp-content\/uploads\/2025\/01\/Dass-Suarez.jpg","type":"image\/jpeg"}],"author":"Arnaldo Botto","twitter_card":"summary_large_image","schema":{"@context":"https:\/\/schema.org","@graph":[{"@type":"WebPage","@id":"https:\/\/www.noticiasradioreflejos.com.ar\/2021\/coronel-suarez-dass-anuncio-el-cierre-de-su-fabrica-de-calzado-y-despide-a-360-empleados\/","url":"https:\/\/www.noticiasradioreflejos.com.ar\/2021\/coronel-suarez-dass-anuncio-el-cierre-de-su-fabrica-de-calzado-y-despide-a-360-empleados\/","name":"Coronel Su\u00e1rez: Dass anunci\u00f3 el cierre de su f\u00e1brica de calzado y despide a 360 empleados - Noticias Radio Reflejos","isPartOf":{"@id":"https:\/\/www.noticiasradioreflejos.com.ar\/2021\/#website"},"primaryImageOfPage":{"@id":"https:\/\/www.noticiasradioreflejos.com.ar\/2021\/coronel-suarez-dass-anuncio-el-cierre-de-su-fabrica-de-calzado-y-despide-a-360-empleados\/#primaryimage"},"image":{"@id":"https:\/\/www.noticiasradioreflejos.com.ar\/2021\/coronel-suarez-dass-anuncio-el-cierre-de-su-fabrica-de-calzado-y-despide-a-360-empleados\/#primaryimage"},"thumbnailUrl":"https:\/\/www.noticiasradioreflejos.com.ar\/2021\/wp-content\/uploads\/2025\/01\/Dass-Suarez.jpg","datePublished":"2025-01-03T11:53:51+00:00","author":{"@id":"https:\/\/www.noticiasradioreflejos.com.ar\/2021\/#\/schema\/person\/ad82545263dcc5ec0996818884fd5fb1"},"breadcrumb":{"@id":"https:\/\/www.noticiasradioreflejos.com.ar\/2021\/coronel-suarez-dass-anuncio-el-cierre-de-su-fabrica-de-calzado-y-despide-a-360-empleados\/#breadcrumb"},"inLanguage":"es","potentialAction":[{"@type":"ReadAction","target":["https:\/\/www.noticiasradioreflejos.com.ar\/2021\/coronel-suarez-dass-anuncio-el-cierre-de-su-fabrica-de-calzado-y-despide-a-360-empleados\/"]}]},{"@type":"ImageObject","inLanguage":"es","@id":"https:\/\/www.noticiasradioreflejos.com.ar\/2021\/coronel-suarez-dass-anuncio-el-cierre-de-su-fabrica-de-calzado-y-despide-a-360-empleados\/#primaryimage","url":"https:\/\/www.noticiasradioreflejos.com.ar\/2021\/wp-content\/uploads\/2025\/01\/Dass-Suarez.jpg","contentUrl":"https:\/\/www.noticiasradioreflejos.com.ar\/2021\/wp-content\/uploads\/2025\/01\/Dass-Suarez.jpg","width":1121,"height":633},{"@type":"BreadcrumbList","@id":"https:\/\/www.noticiasradioreflejos.com.ar\/2021\/coronel-suarez-dass-anuncio-el-cierre-de-su-fabrica-de-calzado-y-despide-a-360-empleados\/#breadcrumb","itemListElement":[{"@type":"ListItem","position":1,"name":"Portada","item":"https:\/\/www.noticiasradioreflejos.com.ar\/2021\/"},{"@type":"ListItem","position":2,"name":"Coronel Su\u00e1rez: Dass anunci\u00f3 el cierre de su f\u00e1brica de calzado y despide a 360 empleados"}]},{"@type":"WebSite","@id":"https:\/\/www.noticiasradioreflejos.com.ar\/2021\/#website","url":"https:\/\/www.noticiasradioreflejos.com.ar\/2021\/","name":"Noticias Radio Reflejos","description":"Las noticias de mi comarca","potentialAction":[{"@type":"SearchAction","target":{"@type":"EntryPoint","urlTemplate":"https:\/\/www.noticiasradioreflejos.com.ar\/2021\/?s={search_term_string}"},"query-input":{"@type":"PropertyValueSpecification","valueRequired":true,"valueName":"search_term_string"}}],"inLanguage":"es"},{"@type":"Person","@id":"https:\/\/www.noticiasradioreflejos.com.ar\/2021\/#\/schema\/person\/ad82545263dcc5ec0996818884fd5fb1","name":"Arnaldo Botto","image":{"@type":"ImageObject","inLanguage":"es","@id":"https:\/\/www.noticiasradioreflejos.com.ar\/2021\/#\/schema\/person\/image\/","url":"https:\/\/secure.gravatar.com\/avatar\/55cb5e37c1efa326397366e6974cb338056df65cb50e7d64d1cf314e87504837?s=96&d=mm&r=g","contentUrl":"https:\/\/secure.gravatar.com\/avatar\/55cb5e37c1efa326397366e6974cb338056df65cb50e7d64d1cf314e87504837?s=96&d=mm&r=g","caption":"Arnaldo Botto"},"url":"https:\/\/www.noticiasradioreflejos.com.ar\/2021\/author\/arnaldo\/"}]}},"_links":{"self":[{"href":"https:\/\/www.noticiasradioreflejos.com.ar\/2021\/wp-json\/wp\/v2\/posts\/111317","targetHints":{"allow":["GET"]}}],"collection":[{"href":"https:\/\/www.noticiasradioreflejos.com.ar\/2021\/wp-json\/wp\/v2\/posts"}],"about":[{"href":"https:\/\/www.noticiasradioreflejos.com.ar\/2021\/wp-json\/wp\/v2\/types\/post"}],"author":[{"embeddable":true,"href":"https:\/\/www.noticiasradioreflejos.com.ar\/2021\/wp-json\/wp\/v2\/users\/3"}],"replies":[{"embeddable":true,"href":"https:\/\/www.noticiasradioreflejos.com.ar\/2021\/wp-json\/wp\/v2\/comments?post=111317"}],"version-history":[{"count":1,"href":"https:\/\/www.noticiasradioreflejos.com.ar\/2021\/wp-json\/wp\/v2\/posts\/111317\/revisions"}],"predecessor-version":[{"id":111319,"href":"https:\/\/www.noticiasradioreflejos.com.ar\/2021\/wp-json\/wp\/v2\/posts\/111317\/revisions\/111319"}],"wp:featuredmedia":[{"embeddable":true,"href":"https:\/\/www.noticiasradioreflejos.com.ar\/2021\/wp-json\/wp\/v2\/media\/111318"}],"wp:attachment":[{"href":"https:\/\/www.noticiasradioreflejos.com.ar\/2021\/wp-json\/wp\/v2\/media?parent=111317"}],"wp:term":[{"taxonomy":"category","embeddable":true,"href":"https:\/\/www.noticiasradioreflejos.com.ar\/2021\/wp-json\/wp\/v2\/categories?post=111317"},{"taxonomy":"post_tag","embeddable":true,"href":"https:\/\/www.noticiasradioreflejos.com.ar\/2021\/wp-json\/wp\/v2\/tags?post=111317"}],"curies":[{"name":"wp","href":"https:\/\/api.w.org\/{rel}","templated":true}]}}