{"id":111284,"date":"2025-01-02T12:36:34","date_gmt":"2025-01-02T15:36:34","guid":{"rendered":"https:\/\/www.noticiasradioreflejos.com.ar\/2021\/?p=111284"},"modified":"2025-01-02T12:36:34","modified_gmt":"2025-01-02T15:36:34","slug":"calendario-de-feriados-2025-oficiales-puentes-y-fines-de-semana-largos","status":"publish","type":"post","link":"https:\/\/www.noticiasradioreflejos.com.ar\/2021\/calendario-de-feriados-2025-oficiales-puentes-y-fines-de-semana-largos\/","title":{"rendered":"Calendario de feriados 2025: oficiales, puentes y fines de semana largos"},"content":{"rendered":"<p>Con fechas destacadas a lo largo del a\u00f1o, ser\u00e1 posible aprovechar fines de semana largos y planificar escapadas.<!--more--><\/p>\n<div class=\"partner-wrapper article-page__body-row\">\n<div class=\"second-col\">\n<p class=\"article-text\">El 2025 trae un calendario cargado de oportunidades para disfrutar de descansos, organizar actividades y planificar escapadas. Entre feriados inamovibles, trasladables y d\u00edas no laborables, se incluyen fechas clave que permitir\u00e1n aprovechar fines de semana largos y fomentar el turismo interno.<\/p>\n<aside class=\"know-more know-more--with-image\">&nbsp;<\/p>\n<\/aside>\n<p class=\"article-text\">Estos d\u00edas de descanso est\u00e1n establecidos por la\u00a0Ley 27.399, que busca equilibrar el tiempo de trabajo con el esparcimiento y dinamizar la econom\u00eda local. Adem\u00e1s de los feriados oficiales, el Gobierno dispuso\u00a0tres d\u00edas no laborables\u00a0con fines tur\u00edsticos, ideales para quienes deseen tomarse un respiro adicional.<\/p>\n<p class=\"article-text\">Sin embargo, es importante tener en cuenta que los d\u00edas no laborables quedan a criterio del empleador, y no otorgan el mismo beneficio salarial que un feriado tradicional.<\/p>\n<h2 class=\"article-text\">Todos los feriados de 2025, mes a mes<\/h2>\n<p class=\"article-text\"><strong>Enero:<\/strong><\/p>\n<div class=\"list\">\n<ul>\n<li>Mi\u00e9rcoles 1\u00b0 de enero: A\u00f1o Nuevo (feriado inamovible).<\/li>\n<\/ul>\n<\/div>\n<p class=\"article-text\"><strong>Marzo:<\/strong><\/p>\n<div class=\"list\">\n<ul>\n<li>Lunes 3 de marzo: Carnaval (feriado inamovible).<\/li>\n<li>Martes 4 de marzo: Carnaval (feriado inamovible).<\/li>\n<li>Lunes 24 de marzo: D\u00eda Nacional de la Memoria por la Verdad y la Justicia (feriado inamovible).<\/li>\n<\/ul>\n<\/div>\n<p class=\"article-text\"><strong>Abril:<\/strong><\/p>\n<div class=\"list\">\n<ul>\n<li>Mi\u00e9rcoles 2 de abril: D\u00eda del Veterano y de los Ca\u00eddos en la Guerra de Malvinas (feriado inamovible).<\/li>\n<li>Jueves 17 de abril: Jueves Santo (d\u00eda no laborable).<\/li>\n<li>Viernes 18 de abril: Viernes Santo (feriado inamovible).<\/li>\n<\/ul>\n<\/div>\n<p class=\"article-text\"><strong>Mayo:<\/strong><\/p>\n<div class=\"list\">\n<ul>\n<li>Jueves 1\u00b0 de mayo: D\u00eda del Trabajador (feriado inamovible).<\/li>\n<li>Viernes 2 de mayo: D\u00eda no laborable puente.<\/li>\n<li>Domingo 25 de mayo: D\u00eda de la Revoluci\u00f3n de Mayo (feriado inamovible).<\/li>\n<\/ul>\n<\/div>\n<p class=\"article-text\"><strong>Junio:<\/strong><\/p>\n<div class=\"list\">\n<ul>\n<li>Lunes 16 de junio: Paso a la Inmortalidad del General Don Mart\u00edn Miguel de G\u00fcemes (se traslada del martes 17 de junio).<\/li>\n<li>Viernes 20 de junio: Paso a la Inmortalidad del General Don Manuel Belgrano (feriado inamovible).<\/li>\n<\/ul>\n<\/div>\n<p class=\"article-text\"><strong>Julio:<\/strong><\/p>\n<div class=\"list\">\n<ul>\n<li>Mi\u00e9rcoles 9 de julio: D\u00eda de la Independencia (feriado inamovible).<\/li>\n<\/ul>\n<\/div>\n<p class=\"article-text\"><strong>Agosto:<\/strong><\/p>\n<div class=\"list\">\n<ul>\n<li>Viernes 15 de agosto: D\u00eda no laborable puente.<\/li>\n<li>Domingo 17 de agosto: Paso a la Inmortalidad del General Don Jos\u00e9 de San Mart\u00edn (feriado trasladable).<\/li>\n<\/ul>\n<\/div>\n<p class=\"article-text\"><strong>Octubre:<\/strong><\/p>\n<div class=\"list\">\n<ul>\n<li>Domingo 12 de octubre: D\u00eda del Respeto a la Diversidad Cultural (feriado trasladable).<\/li>\n<\/ul>\n<\/div>\n<p class=\"article-text\"><strong>Noviembre:<\/strong><\/p>\n<div id=\"container-after-news-outlook\"><\/div>\n<div class=\"list\">\n<ul>\n<li>Viernes 21 de noviembre: D\u00eda no laborable puente.<\/li>\n<li>Lunes 24 de noviembre: D\u00eda de la Soberan\u00eda Nacional (se traslada del jueves 20 de noviembre).<\/li>\n<\/ul>\n<\/div>\n<p class=\"article-text\"><strong>Diciembre:<\/strong><\/p>\n<div class=\"list\">\n<ul>\n<li>Lunes 8 de diciembre: D\u00eda de la Inmaculada Concepci\u00f3n de Mar\u00eda (feriado inamovible).<\/li>\n<li>Jueves 25 de diciembre: Navidad (feriado inamovible)<\/li>\n<\/ul>\n<\/div>\n<figure><picture class=\"news-image\"><source srcset=\"https:\/\/static.eldiario.es\/clip\/6ac3102b-a1bc-48a1-af1f-bb4f40d37ec5_source-aspect-ratio_50p_1108884.webp\" type=\"image\/webp\" media=\"(max-width: 576px)\" \/><source srcset=\"https:\/\/static.eldiario.es\/clip\/6ac3102b-a1bc-48a1-af1f-bb4f40d37ec5_source-aspect-ratio_50p_1108884.jpg\" type=\"image\/jpg\" media=\"(max-width: 576px)\" \/><source srcset=\"https:\/\/static.eldiario.es\/clip\/6ac3102b-a1bc-48a1-af1f-bb4f40d37ec5_source-aspect-ratio_75p_1108884.webp\" type=\"image\/webp\" media=\"(max-width: 767px)\" \/><source srcset=\"https:\/\/static.eldiario.es\/clip\/6ac3102b-a1bc-48a1-af1f-bb4f40d37ec5_source-aspect-ratio_75p_1108884.jpg\" type=\"image\/jpg\" media=\"(max-width: 767px)\" \/><source srcset=\"https:\/\/static.eldiario.es\/clip\/6ac3102b-a1bc-48a1-af1f-bb4f40d37ec5_source-aspect-ratio_default_1108884.webp\" type=\"image\/webp\" media=\"(min-width: 768px)\" \/><source srcset=\"https:\/\/static.eldiario.es\/clip\/6ac3102b-a1bc-48a1-af1f-bb4f40d37ec5_source-aspect-ratio_default_1108884.jpg\" type=\"image\/jpg\" media=\"(min-width: 768px)\" \/><source srcset=\"https:\/\/static.eldiario.es\/clip\/6ac3102b-a1bc-48a1-af1f-bb4f40d37ec5_source-aspect-ratio_default_1108884.webp\" type=\"image\/webp\" \/><img decoding=\"async\" class=\"lazy entered loaded\" src=\"https:\/\/static.eldiario.es\/clip\/6ac3102b-a1bc-48a1-af1f-bb4f40d37ec5_source-aspect-ratio_default_1108884.jpg\" alt=\"\" data-src=\"https:\/\/static.eldiario.es\/clip\/6ac3102b-a1bc-48a1-af1f-bb4f40d37ec5_source-aspect-ratio_default_1108884.jpg\" data-ll-status=\"loaded\" \/><\/picture><figcaption class=\"image-footer\"><span class=\"title\">Calendario a\u00f1o 2025<\/span><\/figcaption><\/figure>\n<h2 class=\"article-text\">Fines de semana largos en 2025<\/h2>\n<div class=\"list\">\n<ol>\n<li><strong>Carnaval:<\/strong>\u00a0S\u00e1bado 1, domingo 2, lunes 3 y martes 4 de marzo (4 d\u00edas).<\/li>\n<li><strong>D\u00eda Nacional de la Memoria por la Verdad y la Justicia:\u00a0<\/strong>S\u00e1bado 22, domingo 23 y lunes 24 de marzo (3 d\u00edas).<\/li>\n<li><strong>Semana Santa:\u00a0<\/strong>Jueves 17, viernes 18, s\u00e1bado 19 y domingo 20 de abril (4 d\u00edas).<\/li>\n<li><strong>D\u00eda del Trabajador:\u00a0<\/strong>Jueves 1, viernes 2, s\u00e1bado 3 y domingo 4 de mayo (4 d\u00edas).<\/li>\n<li><strong>Paso a la Inmortalidad del General Don Mart\u00edn Miguel de G\u00fcemes:\u00a0<\/strong>S\u00e1bado 14, domingo 15 y lunes 16 de junio (3 d\u00edas).<\/li>\n<li><strong>Paso a la Inmortalidad del General Don Jos\u00e9 de San Mart\u00edn:<\/strong>\u00a0Viernes 15, s\u00e1bado 16 y domingo 17 de agosto (3 d\u00edas).<\/li>\n<li><strong>D\u00eda de la Soberan\u00eda Nacional:\u00a0<\/strong>S\u00e1bado 23, domingo 24 y lunes 24 de noviembre (3 d\u00edas).<\/li>\n<li><strong>D\u00eda de la Inmaculada Concepci\u00f3n de Mar\u00eda:<\/strong>\u00a0S\u00e1bado 6, domingo 7 y lunes 8 de diciembre (3 d\u00edas).<\/li>\n<\/ol>\n<\/div>\n<\/div>\n<\/div>\n","protected":false},"excerpt":{"rendered":"<p>Con fechas destacadas a lo largo del a\u00f1o, ser\u00e1 posible aprovechar fines de semana largos y planificar escapadas.<\/p>\n","protected":false},"author":3,"featured_media":111285,"comment_status":"closed","ping_status":"closed","sticky":false,"template":"","format":"standard","meta":{"footnotes":""},"categories":[26,33],"tags":[],"class_list":["post-111284","post","type-post","status-publish","format-standard","has-post-thumbnail","hentry","category-sociedad","category-turismo"],"yoast_head":"<!-- This site is optimized with the Yoast SEO plugin v25.9 - https:\/\/yoast.com\/wordpress\/plugins\/seo\/ -->\n<title>Calendario de feriados 2025: oficiales, puentes y fines de semana largos - Noticias Radio Reflejos<\/title>\n<meta name=\"robots\" content=\"index, follow, max-snippet:-1, max-image-preview:large, max-video-preview:-1\" \/>\n<link rel=\"canonical\" href=\"https:\/\/www.noticiasradioreflejos.com.ar\/2021\/calendario-de-feriados-2025-oficiales-puentes-y-fines-de-semana-largos\/\" \/>\n<meta property=\"og:locale\" content=\"es_ES\" \/>\n<meta property=\"og:type\" content=\"article\" \/>\n<meta property=\"og:title\" content=\"Calendario de feriados 2025: oficiales, puentes y fines de semana largos - Noticias Radio Reflejos\" \/>\n<meta property=\"og:description\" content=\"Con fechas destacadas a lo largo del a\u00f1o, ser\u00e1 posible aprovechar fines de semana largos y planificar escapadas.\" \/>\n<meta property=\"og:url\" content=\"https:\/\/www.noticiasradioreflejos.com.ar\/2021\/calendario-de-feriados-2025-oficiales-puentes-y-fines-de-semana-largos\/\" \/>\n<meta property=\"og:site_name\" content=\"Noticias Radio Reflejos\" \/>\n<meta property=\"article:published_time\" content=\"2025-01-02T15:36:34+00:00\" \/>\n<meta property=\"og:image\" content=\"https:\/\/www.noticiasradioreflejos.com.ar\/2021\/wp-content\/uploads\/2025\/01\/Almanaque.jpg\" \/>\n\t<meta property=\"og:image:width\" content=\"1200\" \/>\n\t<meta property=\"og:image:height\" content=\"675\" \/>\n\t<meta property=\"og:image:type\" content=\"image\/jpeg\" \/>\n<meta name=\"author\" content=\"Arnaldo Botto\" \/>\n<meta name=\"twitter:card\" content=\"summary_large_image\" \/>\n<script type=\"application\/ld+json\" class=\"yoast-schema-graph\">{\"@context\":\"https:\/\/schema.org\",\"@graph\":[{\"@type\":\"WebPage\",\"@id\":\"https:\/\/www.noticiasradioreflejos.com.ar\/2021\/calendario-de-feriados-2025-oficiales-puentes-y-fines-de-semana-largos\/\",\"url\":\"https:\/\/www.noticiasradioreflejos.com.ar\/2021\/calendario-de-feriados-2025-oficiales-puentes-y-fines-de-semana-largos\/\",\"name\":\"Calendario de feriados 2025: oficiales, puentes y fines de semana largos - Noticias Radio Reflejos\",\"isPartOf\":{\"@id\":\"https:\/\/www.noticiasradioreflejos.com.ar\/2021\/#website\"},\"primaryImageOfPage\":{\"@id\":\"https:\/\/www.noticiasradioreflejos.com.ar\/2021\/calendario-de-feriados-2025-oficiales-puentes-y-fines-de-semana-largos\/#primaryimage\"},\"image\":{\"@id\":\"https:\/\/www.noticiasradioreflejos.com.ar\/2021\/calendario-de-feriados-2025-oficiales-puentes-y-fines-de-semana-largos\/#primaryimage\"},\"thumbnailUrl\":\"https:\/\/www.noticiasradioreflejos.com.ar\/2021\/wp-content\/uploads\/2025\/01\/Almanaque.jpg\",\"datePublished\":\"2025-01-02T15:36:34+00:00\",\"author\":{\"@id\":\"https:\/\/www.noticiasradioreflejos.com.ar\/2021\/#\/schema\/person\/ad82545263dcc5ec0996818884fd5fb1\"},\"breadcrumb\":{\"@id\":\"https:\/\/www.noticiasradioreflejos.com.ar\/2021\/calendario-de-feriados-2025-oficiales-puentes-y-fines-de-semana-largos\/#breadcrumb\"},\"inLanguage\":\"es\",\"potentialAction\":[{\"@type\":\"ReadAction\",\"target\":[\"https:\/\/www.noticiasradioreflejos.com.ar\/2021\/calendario-de-feriados-2025-oficiales-puentes-y-fines-de-semana-largos\/\"]}]},{\"@type\":\"ImageObject\",\"inLanguage\":\"es\",\"@id\":\"https:\/\/www.noticiasradioreflejos.com.ar\/2021\/calendario-de-feriados-2025-oficiales-puentes-y-fines-de-semana-largos\/#primaryimage\",\"url\":\"https:\/\/www.noticiasradioreflejos.com.ar\/2021\/wp-content\/uploads\/2025\/01\/Almanaque.jpg\",\"contentUrl\":\"https:\/\/www.noticiasradioreflejos.com.ar\/2021\/wp-content\/uploads\/2025\/01\/Almanaque.jpg\",\"width\":1200,\"height\":675},{\"@type\":\"BreadcrumbList\",\"@id\":\"https:\/\/www.noticiasradioreflejos.com.ar\/2021\/calendario-de-feriados-2025-oficiales-puentes-y-fines-de-semana-largos\/#breadcrumb\",\"itemListElement\":[{\"@type\":\"ListItem\",\"position\":1,\"name\":\"Portada\",\"item\":\"https:\/\/www.noticiasradioreflejos.com.ar\/2021\/\"},{\"@type\":\"ListItem\",\"position\":2,\"name\":\"Calendario de feriados 2025: oficiales, puentes y fines de semana largos\"}]},{\"@type\":\"WebSite\",\"@id\":\"https:\/\/www.noticiasradioreflejos.com.ar\/2021\/#website\",\"url\":\"https:\/\/www.noticiasradioreflejos.com.ar\/2021\/\",\"name\":\"Noticias Radio Reflejos\",\"description\":\"Las noticias de mi comarca\",\"potentialAction\":[{\"@type\":\"SearchAction\",\"target\":{\"@type\":\"EntryPoint\",\"urlTemplate\":\"https:\/\/www.noticiasradioreflejos.com.ar\/2021\/?s={search_term_string}\"},\"query-input\":{\"@type\":\"PropertyValueSpecification\",\"valueRequired\":true,\"valueName\":\"search_term_string\"}}],\"inLanguage\":\"es\"},{\"@type\":\"Person\",\"@id\":\"https:\/\/www.noticiasradioreflejos.com.ar\/2021\/#\/schema\/person\/ad82545263dcc5ec0996818884fd5fb1\",\"name\":\"Arnaldo Botto\",\"image\":{\"@type\":\"ImageObject\",\"inLanguage\":\"es\",\"@id\":\"https:\/\/www.noticiasradioreflejos.com.ar\/2021\/#\/schema\/person\/image\/\",\"url\":\"https:\/\/secure.gravatar.com\/avatar\/55cb5e37c1efa326397366e6974cb338056df65cb50e7d64d1cf314e87504837?s=96&d=mm&r=g\",\"contentUrl\":\"https:\/\/secure.gravatar.com\/avatar\/55cb5e37c1efa326397366e6974cb338056df65cb50e7d64d1cf314e87504837?s=96&d=mm&r=g\",\"caption\":\"Arnaldo Botto\"},\"url\":\"https:\/\/www.noticiasradioreflejos.com.ar\/2021\/author\/arnaldo\/\"}]}<\/script>\n<!-- \/ Yoast SEO plugin. -->","yoast_head_json":{"title":"Calendario de feriados 2025: oficiales, puentes y fines de semana largos - Noticias Radio Reflejos","robots":{"index":"index","follow":"follow","max-snippet":"max-snippet:-1","max-image-preview":"max-image-preview:large","max-video-preview":"max-video-preview:-1"},"canonical":"https:\/\/www.noticiasradioreflejos.com.ar\/2021\/calendario-de-feriados-2025-oficiales-puentes-y-fines-de-semana-largos\/","og_locale":"es_ES","og_type":"article","og_title":"Calendario de feriados 2025: oficiales, puentes y fines de semana largos - Noticias Radio Reflejos","og_description":"Con fechas destacadas a lo largo del a\u00f1o, ser\u00e1 posible aprovechar fines de semana largos y planificar escapadas.","og_url":"https:\/\/www.noticiasradioreflejos.com.ar\/2021\/calendario-de-feriados-2025-oficiales-puentes-y-fines-de-semana-largos\/","og_site_name":"Noticias Radio Reflejos","article_published_time":"2025-01-02T15:36:34+00:00","og_image":[{"width":1200,"height":675,"url":"https:\/\/www.noticiasradioreflejos.com.ar\/2021\/wp-content\/uploads\/2025\/01\/Almanaque.jpg","type":"image\/jpeg"}],"author":"Arnaldo Botto","twitter_card":"summary_large_image","schema":{"@context":"https:\/\/schema.org","@graph":[{"@type":"WebPage","@id":"https:\/\/www.noticiasradioreflejos.com.ar\/2021\/calendario-de-feriados-2025-oficiales-puentes-y-fines-de-semana-largos\/","url":"https:\/\/www.noticiasradioreflejos.com.ar\/2021\/calendario-de-feriados-2025-oficiales-puentes-y-fines-de-semana-largos\/","name":"Calendario de feriados 2025: oficiales, puentes y fines de semana largos - Noticias Radio Reflejos","isPartOf":{"@id":"https:\/\/www.noticiasradioreflejos.com.ar\/2021\/#website"},"primaryImageOfPage":{"@id":"https:\/\/www.noticiasradioreflejos.com.ar\/2021\/calendario-de-feriados-2025-oficiales-puentes-y-fines-de-semana-largos\/#primaryimage"},"image":{"@id":"https:\/\/www.noticiasradioreflejos.com.ar\/2021\/calendario-de-feriados-2025-oficiales-puentes-y-fines-de-semana-largos\/#primaryimage"},"thumbnailUrl":"https:\/\/www.noticiasradioreflejos.com.ar\/2021\/wp-content\/uploads\/2025\/01\/Almanaque.jpg","datePublished":"2025-01-02T15:36:34+00:00","author":{"@id":"https:\/\/www.noticiasradioreflejos.com.ar\/2021\/#\/schema\/person\/ad82545263dcc5ec0996818884fd5fb1"},"breadcrumb":{"@id":"https:\/\/www.noticiasradioreflejos.com.ar\/2021\/calendario-de-feriados-2025-oficiales-puentes-y-fines-de-semana-largos\/#breadcrumb"},"inLanguage":"es","potentialAction":[{"@type":"ReadAction","target":["https:\/\/www.noticiasradioreflejos.com.ar\/2021\/calendario-de-feriados-2025-oficiales-puentes-y-fines-de-semana-largos\/"]}]},{"@type":"ImageObject","inLanguage":"es","@id":"https:\/\/www.noticiasradioreflejos.com.ar\/2021\/calendario-de-feriados-2025-oficiales-puentes-y-fines-de-semana-largos\/#primaryimage","url":"https:\/\/www.noticiasradioreflejos.com.ar\/2021\/wp-content\/uploads\/2025\/01\/Almanaque.jpg","contentUrl":"https:\/\/www.noticiasradioreflejos.com.ar\/2021\/wp-content\/uploads\/2025\/01\/Almanaque.jpg","width":1200,"height":675},{"@type":"BreadcrumbList","@id":"https:\/\/www.noticiasradioreflejos.com.ar\/2021\/calendario-de-feriados-2025-oficiales-puentes-y-fines-de-semana-largos\/#breadcrumb","itemListElement":[{"@type":"ListItem","position":1,"name":"Portada","item":"https:\/\/www.noticiasradioreflejos.com.ar\/2021\/"},{"@type":"ListItem","position":2,"name":"Calendario de feriados 2025: oficiales, puentes y fines de semana largos"}]},{"@type":"WebSite","@id":"https:\/\/www.noticiasradioreflejos.com.ar\/2021\/#website","url":"https:\/\/www.noticiasradioreflejos.com.ar\/2021\/","name":"Noticias Radio Reflejos","description":"Las noticias de mi comarca","potentialAction":[{"@type":"SearchAction","target":{"@type":"EntryPoint","urlTemplate":"https:\/\/www.noticiasradioreflejos.com.ar\/2021\/?s={search_term_string}"},"query-input":{"@type":"PropertyValueSpecification","valueRequired":true,"valueName":"search_term_string"}}],"inLanguage":"es"},{"@type":"Person","@id":"https:\/\/www.noticiasradioreflejos.com.ar\/2021\/#\/schema\/person\/ad82545263dcc5ec0996818884fd5fb1","name":"Arnaldo Botto","image":{"@type":"ImageObject","inLanguage":"es","@id":"https:\/\/www.noticiasradioreflejos.com.ar\/2021\/#\/schema\/person\/image\/","url":"https:\/\/secure.gravatar.com\/avatar\/55cb5e37c1efa326397366e6974cb338056df65cb50e7d64d1cf314e87504837?s=96&d=mm&r=g","contentUrl":"https:\/\/secure.gravatar.com\/avatar\/55cb5e37c1efa326397366e6974cb338056df65cb50e7d64d1cf314e87504837?s=96&d=mm&r=g","caption":"Arnaldo Botto"},"url":"https:\/\/www.noticiasradioreflejos.com.ar\/2021\/author\/arnaldo\/"}]}},"_links":{"self":[{"href":"https:\/\/www.noticiasradioreflejos.com.ar\/2021\/wp-json\/wp\/v2\/posts\/111284","targetHints":{"allow":["GET"]}}],"collection":[{"href":"https:\/\/www.noticiasradioreflejos.com.ar\/2021\/wp-json\/wp\/v2\/posts"}],"about":[{"href":"https:\/\/www.noticiasradioreflejos.com.ar\/2021\/wp-json\/wp\/v2\/types\/post"}],"author":[{"embeddable":true,"href":"https:\/\/www.noticiasradioreflejos.com.ar\/2021\/wp-json\/wp\/v2\/users\/3"}],"replies":[{"embeddable":true,"href":"https:\/\/www.noticiasradioreflejos.com.ar\/2021\/wp-json\/wp\/v2\/comments?post=111284"}],"version-history":[{"count":1,"href":"https:\/\/www.noticiasradioreflejos.com.ar\/2021\/wp-json\/wp\/v2\/posts\/111284\/revisions"}],"predecessor-version":[{"id":111286,"href":"https:\/\/www.noticiasradioreflejos.com.ar\/2021\/wp-json\/wp\/v2\/posts\/111284\/revisions\/111286"}],"wp:featuredmedia":[{"embeddable":true,"href":"https:\/\/www.noticiasradioreflejos.com.ar\/2021\/wp-json\/wp\/v2\/media\/111285"}],"wp:attachment":[{"href":"https:\/\/www.noticiasradioreflejos.com.ar\/2021\/wp-json\/wp\/v2\/media?parent=111284"}],"wp:term":[{"taxonomy":"category","embeddable":true,"href":"https:\/\/www.noticiasradioreflejos.com.ar\/2021\/wp-json\/wp\/v2\/categories?post=111284"},{"taxonomy":"post_tag","embeddable":true,"href":"https:\/\/www.noticiasradioreflejos.com.ar\/2021\/wp-json\/wp\/v2\/tags?post=111284"}],"curies":[{"name":"wp","href":"https:\/\/api.w.org\/{rel}","templated":true}]}}