{"id":111146,"date":"2024-12-29T10:21:45","date_gmt":"2024-12-29T13:21:45","guid":{"rendered":"https:\/\/www.noticiasradioreflejos.com.ar\/2021\/?p=111146"},"modified":"2024-12-29T10:23:12","modified_gmt":"2024-12-29T13:23:12","slug":"con-que-energia-llegamos-los-argentinos-a-las-vacaciones-habra-cortes-en-verano","status":"publish","type":"post","link":"https:\/\/www.noticiasradioreflejos.com.ar\/2021\/con-que-energia-llegamos-los-argentinos-a-las-vacaciones-habra-cortes-en-verano\/","title":{"rendered":"Con qu\u00e9 energ\u00eda llegamos los argentinos a las vacaciones: \u00bfhabr\u00e1 cortes en verano?"},"content":{"rendered":"<p>El d\u00e9ficit entre oferta y demanda de electricidad a priori es de alrededor de 2.500 MW tomando los picos de consumo. La palanca de distribuci\u00f3n arbitrar\u00e1 los perjuicios.<!--more--><\/p>\n<div class=\"sizer\" data-sizer=\"aspect-ratio\" data-tadevel-template=\"web\/aspect-ratio\"><\/div>\n<div class=\"attribution\">Las <strong>perspectivas metereol\u00f3gicas del verano<\/strong><strong>\u00a0<\/strong>ser\u00e1n las que, finalmente, determinen, en la pr\u00e1ctica,\u00a0<strong>la magnitud de los cortes de luz<\/strong>, que las matem\u00e1ticas indican como<strong>\u00a0inexorables.<\/strong><\/div>\n<div class=\"article-body\" data-tadevel-template=\"web\/article-body\">\n<div class=\"article-body-content\">\n<p>La estimaci\u00f3n de la Compa\u00f1\u00eda Administradora de Mercado Mayorista El\u00e9ctrico Sociedad An\u00f3nima (CAMMESA) es que, as\u00ed como est\u00e1n las cosas,\u00a0<strong>el d\u00e9ficit entre oferta y demanda a priori es de alrededor de 2.500 MW,<\/strong>\u00a0considerando los\u00a0<strong>picos de consumo de\u00a0<\/strong><a href=\"https:\/\/noticiasargentinas.com\/sociedad\/cuanto-cuesta-un-repelente-generico-y-donde-comprarlo_a6769a4a775ecbce458f9c648\"><strong>verano<\/strong><\/a><strong>, que se esperan en 30.700 MW.<\/strong><\/p>\n<p>La secretaria de Energ\u00eda,\u00a0<strong>Mar\u00eda del Carmen Tettamanti,\u00a0<\/strong>no bien asumi\u00f3, blanque\u00f3 que el plan de emergencia que hab\u00eda sido decidido por sus antecesores chocaba con la<strong>\u00a0limitaci\u00f3n de tener que gestionar con la oferta disponible,<\/strong>\u00a0debido a la que calific\u00f3 como\u00a0<strong>la falta de inversi\u00f3n en el sector de generaci\u00f3n el\u00e9ctrica.<\/strong><\/p>\n<\/div>\n<\/div>\n<div class=\"backdrop\" data-tadevel-template=\"web\/picture\"><\/div>\n<div data-tadevel-template=\"web\/picture\"><a href=\"https:\/\/www.noticiasradioreflejos.com.ar\/2021\/el-4-de-agosto-finaliza-el-periodo-de-reinscripcion-para-mantener-la-tarifa-social-energetica\/energia-tarifa\/\" rel=\"attachment wp-att-105395\"><img loading=\"lazy\" decoding=\"async\" class=\"aligncenter size-full wp-image-105395\" src=\"https:\/\/www.noticiasradioreflejos.com.ar\/2021\/wp-content\/uploads\/2024\/07\/energia-tarifa.jpg\" alt=\"\" width=\"743\" height=\"530\" srcset=\"https:\/\/www.noticiasradioreflejos.com.ar\/2021\/wp-content\/uploads\/2024\/07\/energia-tarifa.jpg 743w, https:\/\/www.noticiasradioreflejos.com.ar\/2021\/wp-content\/uploads\/2024\/07\/energia-tarifa-300x214.jpg 300w, https:\/\/www.noticiasradioreflejos.com.ar\/2021\/wp-content\/uploads\/2024\/07\/energia-tarifa-120x86.jpg 120w, https:\/\/www.noticiasradioreflejos.com.ar\/2021\/wp-content\/uploads\/2024\/07\/energia-tarifa-350x250.jpg 350w\" sizes=\"auto, (max-width: 743px) 100vw, 743px\" \/><\/a><\/div>\n<div class=\"article-body\" data-tadevel-template=\"web\/article-body\">\n<div class=\"article-body-content\">\n<figure class=\"multimedia\" data-type=\"photo\" data-tadevel-template=\"web\/multimedia\">\n<div class=\"content\">\n<div class=\"sizer\" data-sizer=\"aspect-ratio\" data-tadevel-template=\"web\/aspect-ratio\">\n<div class=\"overlay\"><em>el d\u00e9ficit entre oferta y demanda a priori es de alrededor de 2.500 MW, considerando los picos de consumo de verano, que se esperan en 30.700 MW. Foto: Agencia de Noticias Argentinas.<\/em><\/div>\n<\/div>\n<\/div><figcaption class=\"caption\">\n<div class=\"attribution\"><em>Fotograf\u00eda: Agencia Noticias Argentinas \/ Redes<\/em><\/div>\n<\/figcaption><\/figure>\n<p>&nbsp;<\/p>\n<p>&nbsp;<\/p>\n<p>A mediados de a\u00f1o se ve\u00eda venir este faltante y\u00a0<strong>hubo una serie de resoluciones del \u00e1rea energ\u00e9tica para garantizar una mayor oferta durante\u00a0<\/strong><strong>enero y febrero<\/strong><strong>.<\/strong><\/p>\n<p>Los efectos de la\u00a0<strong>\u00abdesinversi\u00f3n\u00bb en el sistema energ\u00e9tico<\/strong>\u00a0est\u00e1n comenzando a reflejarse en\u00a0<strong>interrupciones del servicio,\u00a0<\/strong>relacionadas con\u00a0<strong>problemas en la red de distribuci\u00f3n, transporte y generaci\u00f3n.<\/strong><\/p>\n<p>El an\u00e1lisis que hizo la funcionaria fue en el contexto de la<a href=\"https:\/\/noticiasargentinas.com\/economia\/dejan-sin-efecto-concursos-para-designar-autoridades-en-los-entes-reguladores-de-gas-y-electricidad_a67641594a31f3ebd39831263\"><strong>pr\u00f3rroga de la emergencia energ\u00e9tica hasta julio de 2025<\/strong><\/a><strong>, con un verano en el medio que se anticipa como muy caluroso.<\/strong><\/p>\n<h3><strong>Inversiones\u00a0<\/strong><\/h3>\n<p>\u00abNo se puede construir una central el\u00e9ctrica de un d\u00eda para otro, por lo que debemos trabajar con los recursos actuales\u00bb, expres\u00f3.<\/p>\n<p>Tettamanti destac\u00f3 que, bajo la resoluci\u00f3n 294\/2024, emitida por su antecesor\u00a0<strong>Eduardo Rodr\u00edguez Chirillo<\/strong>, se adoptaron\u00a0<strong>medidas de emergencia para maximizar la oferta de energ\u00eda.<\/strong><\/p>\n<p>Estas acciones incluyen<strong>\u00a0incentivos para que las plantas generadoras<\/strong>\u00a0realicen peque\u00f1as inversiones destinadas a<strong>\u00a0incrementar las reservas de potencia el\u00e9ctrica.<\/strong><\/p>\n<h3>Tarifas y subsidios<\/h3>\n<p>Pese al<strong>\u00a0incremento de\u00a0<\/strong><a href=\"https:\/\/noticiasargentinas.com\/economia\/viajar-cada-vez-mas-caro---que-servicio-vuelve-a-subir-y-donde-_a6758a91b32e51e1e8fe97118\"><strong>tarifas\u00a0<\/strong><\/a><strong>en los sectores residenciales e industriales\u00a0<\/strong>y a los insistentes reclamos por parte del<strong>\u00a0sector de transmisi\u00f3n el\u00e9ctrica<\/strong>\u00a0ante la falta de inversiones, la mirada de la industria hoy est\u00e1 puesta en los problemas en generaci\u00f3n.<\/p>\n<p>La secretaria de Energ\u00eda dijo que\u00a0<strong>se est\u00e1 incentivando a los grandes usuarios, como empresas, a reducir su consumo en d\u00edas de altas temperaturas.<\/strong><\/p>\n<p>Adem\u00e1s, adelant\u00f3 que\u00a0<strong>CAMMESA est\u00e1 gestionando acuerdos con\u00a0<\/strong><a href=\"https:\/\/noticiasargentinas.com\/internacionales\/brasil--el-derrumbe-del-puente-sobre-el-rio-tocantins-dejaba-un-saldo-de-al-menos-tres-muertos_a6769761ba42f9da86084dd71\"><strong>Brasil<\/strong><\/a>para importar la mayor cantidad de energ\u00eda posible.<\/p>\n<p>En relaci\u00f3n con las inversiones en el sector energ\u00e9tico, explic\u00f3: \u201cEl objetivo es fomentar nuevas inversiones en el \u00e1rea, permitiendo que\u00a0<strong>los actores privados asuman un rol protag\u00f3nico mediante la firma de contratos y la b\u00fasqueda de soluciones a esta problem\u00e1tica.\u00a0<\/strong>Desde el Estado, nuestra tarea es\u00a0<strong>desregular y promover la libre negociaci\u00f3n entre las partes\u201d.<\/strong><\/p>\n<h3><strong>Informe massista<\/strong><\/h3>\n<p>En sinton\u00eda con el informe de CAMMESA, la Fundaci\u00f3n Encuentro, ligada a\u00a0<strong>Sergio Massa,<\/strong>\u00a0divulg\u00f3 un informe donde anticipa que\u00a0<strong>para el pr\u00f3ximo verano habr\u00e1 problemas serios en generaci\u00f3n el\u00e9ctrica<\/strong>. \u00abFaltar\u00e1n al menos 2.500 Mw para cubrir el pico de 30.700 Mw de demanda que se espera\u00bb, advierten.<\/p>\n<p>El estudio indica que\u00a0<strong>la oferta de 31.771 MW ser\u00eda un escenario realizable como est\u00e1 el sistema de transmisi\u00f3n hoy<\/strong>, pero que no ocurrir\u00e1 porque\u00a0<strong>los pa\u00edses vecinos tendr\u00e1n oferta limitada para exportar por probables sequ\u00edas y altas temperaturas<\/strong>, a lo que se suma la\u00a0<strong>indisponibilidad de Atucha I hasta el 2027.<\/strong><\/p>\n<p>En consecuencia, dada la oferta limitada de los pa\u00edses vecinos, la indisponibilidad de Atucha I y la duda de que no ingrese la Central Nuclear Atucha II, \u00a0el 13\/12\/2024, se calcula que\u00a0<strong>la oferta m\u00e1xima posible alcance los 28.751 MW y de all\u00ed que falten de 2.500 MW para cubrir el pico de 30.700 MW que se espera.<\/strong><\/p>\n<h3><strong>Soluciones a medias<\/strong><\/h3>\n<p>Cuando se realiz\u00f3 la\u00a0<strong>masiva instalaci\u00f3n de parques e\u00f3licos y solares<\/strong>, entre 2016 y 2019, mediante la monetizaci\u00f3n de contratos muy rentables,\u00a0<strong>no se previeron y realizaron las obras de transmisi\u00f3n (l\u00edneas el\u00e9ctricas y estaciones transformadoras),<\/strong>\u00a0lo que impide actualmente evacuar sin restricciones toda la potencia disponible del sistema a la vez, con lo cual\u00a0<strong>como la energ\u00eda e\u00f3lica y solar no se puede almacenar entonces hay que despacharla y se restringe el despacho de la potencia t\u00e9rmica y el resto disponible.<\/strong><\/p>\n<p>A la vez,\u00a0<strong>el gobierno de\u00a0<\/strong><a href=\"https:\/\/noticiasargentinas.com\/politica\/denuncian-que-hackearon-mi-argentina--la-pagina-del-gobierno-de-javier-milei_a676cb5c6d3a80ab9ced3a0c6?srsltid=AfmBOoo7gBxAijTbZCzj0kRS_UMJbuV7z7ntWL0d-SBRWRrAEG2XFkn7\"><strong>Javier Milei<\/strong><\/a><strong>\u00a0anul\u00f3 la adjudicaci\u00f3n de 3000 MW t\u00e9rmicos a gas natural del Programa TERCONF<\/strong>\u00a0adjudicados en noviembre 2023, de los cuales una parte hubiese ingresado durante este verano y el resto antes de junio de 2025.<\/p>\n<p>Esta potencia se iba a instalar directamente en los puntos cr\u00edticos del sistema, a los que,\u00a0<strong>por las restricciones del sistema de transmisi\u00f3n, no se puede llegar actualmente con m\u00e1s energ\u00eda.<\/strong><\/p>\n<p>\u00abEsta decisi\u00f3n no solo afecta este pr\u00f3ximo verano porque una buena parte de los 2 500 MW que faltar\u00e1n para cubrir el pico podr\u00edan haber sido abastecidos, sino que\u00a0<strong>al d\u00eda de hoy no hay licitaci\u00f3n de nueva potencia t\u00e9rmica ni de obras de transmisi\u00f3n (l\u00edneas y estaciones transformadoras), por lo que se ver\u00e1n afectados tambi\u00e9n los veranos 2026 y 2027.<\/strong><\/p>\n<p>La Fundaci\u00f3n Encuentro realiza el siguiente ejercicio: el faltante de 2.500 MW para cubrir el pico equivale a cualquier de estos ejemplos:<\/p>\n<ul>\n<li>El\u00a0<strong>consumo promedio de 3.125.000 hogares\u00a0<\/strong>de cualquier parte del pa\u00eds en la<strong>\u00a0franja horario de alto consumo en verano de 14 horas a 24 horas durante olas de calor.\u00a0<\/strong><\/li>\n<li>El\u00a0<strong>100% del consumo total de potencia declarada por los Grandes Usuarios de Energ\u00eda El\u00e9ctrica\u00a0<\/strong><\/li>\n<li>El 1<strong>00% del consumo medio de potencia\u00a0<\/strong>de todos los<strong>\u00a0usuarios de Edesur: hogares, comercios, industrias, alumbrado p\u00fablico, escuelas, hospitales, etc.\u00a0<\/strong><\/li>\n<li>El\u00a0<strong>80% del consumo medio de potencia de todos los usuarios de Edenor: hogares, comercios, industrias, alumbrado p\u00fablico, escuelas, hospitales, etc<\/strong>.<\/li>\n<li>El\u00a0<strong>100% del consumo medio de potencia de todos los usuarios de las distribuidoras EPEC C\u00f3rdoba y EPE Santa Fe<\/strong>: hogares, comercios, industrias, alumbrado p\u00fablico, escuelas, hospitales, etc.<\/li>\n<li>El\u00a0<strong>100% del consumo medio de potencia sumado de todos los usuarios de todas las distribuidoras del NOA y NEA<\/strong>\u00a0hogares, comercios, industrias, alumbrado p\u00fablico, escuelas, hospitales, etc.<\/li>\n<\/ul>\n<\/div>\n<\/div>\n","protected":false},"excerpt":{"rendered":"<p>El d\u00e9ficit entre oferta y demanda de electricidad a priori es de alrededor de 2.500 MW tomando los picos de consumo. La palanca de distribuci\u00f3n arbitrar\u00e1 los perjuicios.<\/p>\n","protected":false},"author":3,"featured_media":84006,"comment_status":"closed","ping_status":"closed","sticky":false,"template":"","format":"standard","meta":{"footnotes":""},"categories":[36,26],"tags":[48],"class_list":["post-111146","post","type-post","status-publish","format-standard","has-post-thumbnail","hentry","category-economia","category-sociedad","tag-destacada"],"yoast_head":"<!-- This site is optimized with the Yoast SEO plugin v25.9 - https:\/\/yoast.com\/wordpress\/plugins\/seo\/ -->\n<title>Con qu\u00e9 energ\u00eda llegamos los argentinos a las vacaciones: \u00bfhabr\u00e1 cortes en verano? - Noticias Radio Reflejos<\/title>\n<meta name=\"robots\" content=\"index, follow, max-snippet:-1, max-image-preview:large, max-video-preview:-1\" \/>\n<link rel=\"canonical\" href=\"https:\/\/www.noticiasradioreflejos.com.ar\/2021\/con-que-energia-llegamos-los-argentinos-a-las-vacaciones-habra-cortes-en-verano\/\" \/>\n<meta property=\"og:locale\" content=\"es_ES\" \/>\n<meta property=\"og:type\" content=\"article\" \/>\n<meta property=\"og:title\" content=\"Con qu\u00e9 energ\u00eda llegamos los argentinos a las vacaciones: \u00bfhabr\u00e1 cortes en verano? - Noticias Radio Reflejos\" \/>\n<meta property=\"og:description\" content=\"El d\u00e9ficit entre oferta y demanda de electricidad a priori es de alrededor de 2.500 MW tomando los picos de consumo. La palanca de distribuci\u00f3n arbitrar\u00e1 los perjuicios.\" \/>\n<meta property=\"og:url\" content=\"https:\/\/www.noticiasradioreflejos.com.ar\/2021\/con-que-energia-llegamos-los-argentinos-a-las-vacaciones-habra-cortes-en-verano\/\" \/>\n<meta property=\"og:site_name\" content=\"Noticias Radio Reflejos\" \/>\n<meta property=\"article:published_time\" content=\"2024-12-29T13:21:45+00:00\" \/>\n<meta property=\"article:modified_time\" content=\"2024-12-29T13:23:12+00:00\" \/>\n<meta property=\"og:image\" content=\"https:\/\/www.noticiasradioreflejos.com.ar\/2021\/wp-content\/uploads\/2023\/02\/cortes-de-luz.jpg\" \/>\n\t<meta property=\"og:image:width\" content=\"1200\" \/>\n\t<meta property=\"og:image:height\" content=\"675\" \/>\n\t<meta property=\"og:image:type\" content=\"image\/jpeg\" \/>\n<meta name=\"author\" content=\"Arnaldo Botto\" \/>\n<meta name=\"twitter:card\" content=\"summary_large_image\" \/>\n<script type=\"application\/ld+json\" class=\"yoast-schema-graph\">{\"@context\":\"https:\/\/schema.org\",\"@graph\":[{\"@type\":\"WebPage\",\"@id\":\"https:\/\/www.noticiasradioreflejos.com.ar\/2021\/con-que-energia-llegamos-los-argentinos-a-las-vacaciones-habra-cortes-en-verano\/\",\"url\":\"https:\/\/www.noticiasradioreflejos.com.ar\/2021\/con-que-energia-llegamos-los-argentinos-a-las-vacaciones-habra-cortes-en-verano\/\",\"name\":\"Con qu\u00e9 energ\u00eda llegamos los argentinos a las vacaciones: \u00bfhabr\u00e1 cortes en verano? - Noticias Radio Reflejos\",\"isPartOf\":{\"@id\":\"https:\/\/www.noticiasradioreflejos.com.ar\/2021\/#website\"},\"primaryImageOfPage\":{\"@id\":\"https:\/\/www.noticiasradioreflejos.com.ar\/2021\/con-que-energia-llegamos-los-argentinos-a-las-vacaciones-habra-cortes-en-verano\/#primaryimage\"},\"image\":{\"@id\":\"https:\/\/www.noticiasradioreflejos.com.ar\/2021\/con-que-energia-llegamos-los-argentinos-a-las-vacaciones-habra-cortes-en-verano\/#primaryimage\"},\"thumbnailUrl\":\"https:\/\/www.noticiasradioreflejos.com.ar\/2021\/wp-content\/uploads\/2023\/02\/cortes-de-luz.jpg\",\"datePublished\":\"2024-12-29T13:21:45+00:00\",\"dateModified\":\"2024-12-29T13:23:12+00:00\",\"author\":{\"@id\":\"https:\/\/www.noticiasradioreflejos.com.ar\/2021\/#\/schema\/person\/ad82545263dcc5ec0996818884fd5fb1\"},\"breadcrumb\":{\"@id\":\"https:\/\/www.noticiasradioreflejos.com.ar\/2021\/con-que-energia-llegamos-los-argentinos-a-las-vacaciones-habra-cortes-en-verano\/#breadcrumb\"},\"inLanguage\":\"es\",\"potentialAction\":[{\"@type\":\"ReadAction\",\"target\":[\"https:\/\/www.noticiasradioreflejos.com.ar\/2021\/con-que-energia-llegamos-los-argentinos-a-las-vacaciones-habra-cortes-en-verano\/\"]}]},{\"@type\":\"ImageObject\",\"inLanguage\":\"es\",\"@id\":\"https:\/\/www.noticiasradioreflejos.com.ar\/2021\/con-que-energia-llegamos-los-argentinos-a-las-vacaciones-habra-cortes-en-verano\/#primaryimage\",\"url\":\"https:\/\/www.noticiasradioreflejos.com.ar\/2021\/wp-content\/uploads\/2023\/02\/cortes-de-luz.jpg\",\"contentUrl\":\"https:\/\/www.noticiasradioreflejos.com.ar\/2021\/wp-content\/uploads\/2023\/02\/cortes-de-luz.jpg\",\"width\":1200,\"height\":675},{\"@type\":\"BreadcrumbList\",\"@id\":\"https:\/\/www.noticiasradioreflejos.com.ar\/2021\/con-que-energia-llegamos-los-argentinos-a-las-vacaciones-habra-cortes-en-verano\/#breadcrumb\",\"itemListElement\":[{\"@type\":\"ListItem\",\"position\":1,\"name\":\"Portada\",\"item\":\"https:\/\/www.noticiasradioreflejos.com.ar\/2021\/\"},{\"@type\":\"ListItem\",\"position\":2,\"name\":\"Con qu\u00e9 energ\u00eda llegamos los argentinos a las vacaciones: \u00bfhabr\u00e1 cortes en verano?\"}]},{\"@type\":\"WebSite\",\"@id\":\"https:\/\/www.noticiasradioreflejos.com.ar\/2021\/#website\",\"url\":\"https:\/\/www.noticiasradioreflejos.com.ar\/2021\/\",\"name\":\"Noticias Radio Reflejos\",\"description\":\"Las noticias de mi comarca\",\"potentialAction\":[{\"@type\":\"SearchAction\",\"target\":{\"@type\":\"EntryPoint\",\"urlTemplate\":\"https:\/\/www.noticiasradioreflejos.com.ar\/2021\/?s={search_term_string}\"},\"query-input\":{\"@type\":\"PropertyValueSpecification\",\"valueRequired\":true,\"valueName\":\"search_term_string\"}}],\"inLanguage\":\"es\"},{\"@type\":\"Person\",\"@id\":\"https:\/\/www.noticiasradioreflejos.com.ar\/2021\/#\/schema\/person\/ad82545263dcc5ec0996818884fd5fb1\",\"name\":\"Arnaldo Botto\",\"image\":{\"@type\":\"ImageObject\",\"inLanguage\":\"es\",\"@id\":\"https:\/\/www.noticiasradioreflejos.com.ar\/2021\/#\/schema\/person\/image\/\",\"url\":\"https:\/\/secure.gravatar.com\/avatar\/55cb5e37c1efa326397366e6974cb338056df65cb50e7d64d1cf314e87504837?s=96&d=mm&r=g\",\"contentUrl\":\"https:\/\/secure.gravatar.com\/avatar\/55cb5e37c1efa326397366e6974cb338056df65cb50e7d64d1cf314e87504837?s=96&d=mm&r=g\",\"caption\":\"Arnaldo Botto\"},\"url\":\"https:\/\/www.noticiasradioreflejos.com.ar\/2021\/author\/arnaldo\/\"}]}<\/script>\n<!-- \/ Yoast SEO plugin. -->","yoast_head_json":{"title":"Con qu\u00e9 energ\u00eda llegamos los argentinos a las vacaciones: \u00bfhabr\u00e1 cortes en verano? - Noticias Radio Reflejos","robots":{"index":"index","follow":"follow","max-snippet":"max-snippet:-1","max-image-preview":"max-image-preview:large","max-video-preview":"max-video-preview:-1"},"canonical":"https:\/\/www.noticiasradioreflejos.com.ar\/2021\/con-que-energia-llegamos-los-argentinos-a-las-vacaciones-habra-cortes-en-verano\/","og_locale":"es_ES","og_type":"article","og_title":"Con qu\u00e9 energ\u00eda llegamos los argentinos a las vacaciones: \u00bfhabr\u00e1 cortes en verano? - Noticias Radio Reflejos","og_description":"El d\u00e9ficit entre oferta y demanda de electricidad a priori es de alrededor de 2.500 MW tomando los picos de consumo. La palanca de distribuci\u00f3n arbitrar\u00e1 los perjuicios.","og_url":"https:\/\/www.noticiasradioreflejos.com.ar\/2021\/con-que-energia-llegamos-los-argentinos-a-las-vacaciones-habra-cortes-en-verano\/","og_site_name":"Noticias Radio Reflejos","article_published_time":"2024-12-29T13:21:45+00:00","article_modified_time":"2024-12-29T13:23:12+00:00","og_image":[{"width":1200,"height":675,"url":"https:\/\/www.noticiasradioreflejos.com.ar\/2021\/wp-content\/uploads\/2023\/02\/cortes-de-luz.jpg","type":"image\/jpeg"}],"author":"Arnaldo Botto","twitter_card":"summary_large_image","schema":{"@context":"https:\/\/schema.org","@graph":[{"@type":"WebPage","@id":"https:\/\/www.noticiasradioreflejos.com.ar\/2021\/con-que-energia-llegamos-los-argentinos-a-las-vacaciones-habra-cortes-en-verano\/","url":"https:\/\/www.noticiasradioreflejos.com.ar\/2021\/con-que-energia-llegamos-los-argentinos-a-las-vacaciones-habra-cortes-en-verano\/","name":"Con qu\u00e9 energ\u00eda llegamos los argentinos a las vacaciones: \u00bfhabr\u00e1 cortes en verano? - Noticias Radio Reflejos","isPartOf":{"@id":"https:\/\/www.noticiasradioreflejos.com.ar\/2021\/#website"},"primaryImageOfPage":{"@id":"https:\/\/www.noticiasradioreflejos.com.ar\/2021\/con-que-energia-llegamos-los-argentinos-a-las-vacaciones-habra-cortes-en-verano\/#primaryimage"},"image":{"@id":"https:\/\/www.noticiasradioreflejos.com.ar\/2021\/con-que-energia-llegamos-los-argentinos-a-las-vacaciones-habra-cortes-en-verano\/#primaryimage"},"thumbnailUrl":"https:\/\/www.noticiasradioreflejos.com.ar\/2021\/wp-content\/uploads\/2023\/02\/cortes-de-luz.jpg","datePublished":"2024-12-29T13:21:45+00:00","dateModified":"2024-12-29T13:23:12+00:00","author":{"@id":"https:\/\/www.noticiasradioreflejos.com.ar\/2021\/#\/schema\/person\/ad82545263dcc5ec0996818884fd5fb1"},"breadcrumb":{"@id":"https:\/\/www.noticiasradioreflejos.com.ar\/2021\/con-que-energia-llegamos-los-argentinos-a-las-vacaciones-habra-cortes-en-verano\/#breadcrumb"},"inLanguage":"es","potentialAction":[{"@type":"ReadAction","target":["https:\/\/www.noticiasradioreflejos.com.ar\/2021\/con-que-energia-llegamos-los-argentinos-a-las-vacaciones-habra-cortes-en-verano\/"]}]},{"@type":"ImageObject","inLanguage":"es","@id":"https:\/\/www.noticiasradioreflejos.com.ar\/2021\/con-que-energia-llegamos-los-argentinos-a-las-vacaciones-habra-cortes-en-verano\/#primaryimage","url":"https:\/\/www.noticiasradioreflejos.com.ar\/2021\/wp-content\/uploads\/2023\/02\/cortes-de-luz.jpg","contentUrl":"https:\/\/www.noticiasradioreflejos.com.ar\/2021\/wp-content\/uploads\/2023\/02\/cortes-de-luz.jpg","width":1200,"height":675},{"@type":"BreadcrumbList","@id":"https:\/\/www.noticiasradioreflejos.com.ar\/2021\/con-que-energia-llegamos-los-argentinos-a-las-vacaciones-habra-cortes-en-verano\/#breadcrumb","itemListElement":[{"@type":"ListItem","position":1,"name":"Portada","item":"https:\/\/www.noticiasradioreflejos.com.ar\/2021\/"},{"@type":"ListItem","position":2,"name":"Con qu\u00e9 energ\u00eda llegamos los argentinos a las vacaciones: \u00bfhabr\u00e1 cortes en verano?"}]},{"@type":"WebSite","@id":"https:\/\/www.noticiasradioreflejos.com.ar\/2021\/#website","url":"https:\/\/www.noticiasradioreflejos.com.ar\/2021\/","name":"Noticias Radio Reflejos","description":"Las noticias de mi comarca","potentialAction":[{"@type":"SearchAction","target":{"@type":"EntryPoint","urlTemplate":"https:\/\/www.noticiasradioreflejos.com.ar\/2021\/?s={search_term_string}"},"query-input":{"@type":"PropertyValueSpecification","valueRequired":true,"valueName":"search_term_string"}}],"inLanguage":"es"},{"@type":"Person","@id":"https:\/\/www.noticiasradioreflejos.com.ar\/2021\/#\/schema\/person\/ad82545263dcc5ec0996818884fd5fb1","name":"Arnaldo Botto","image":{"@type":"ImageObject","inLanguage":"es","@id":"https:\/\/www.noticiasradioreflejos.com.ar\/2021\/#\/schema\/person\/image\/","url":"https:\/\/secure.gravatar.com\/avatar\/55cb5e37c1efa326397366e6974cb338056df65cb50e7d64d1cf314e87504837?s=96&d=mm&r=g","contentUrl":"https:\/\/secure.gravatar.com\/avatar\/55cb5e37c1efa326397366e6974cb338056df65cb50e7d64d1cf314e87504837?s=96&d=mm&r=g","caption":"Arnaldo Botto"},"url":"https:\/\/www.noticiasradioreflejos.com.ar\/2021\/author\/arnaldo\/"}]}},"_links":{"self":[{"href":"https:\/\/www.noticiasradioreflejos.com.ar\/2021\/wp-json\/wp\/v2\/posts\/111146","targetHints":{"allow":["GET"]}}],"collection":[{"href":"https:\/\/www.noticiasradioreflejos.com.ar\/2021\/wp-json\/wp\/v2\/posts"}],"about":[{"href":"https:\/\/www.noticiasradioreflejos.com.ar\/2021\/wp-json\/wp\/v2\/types\/post"}],"author":[{"embeddable":true,"href":"https:\/\/www.noticiasradioreflejos.com.ar\/2021\/wp-json\/wp\/v2\/users\/3"}],"replies":[{"embeddable":true,"href":"https:\/\/www.noticiasradioreflejos.com.ar\/2021\/wp-json\/wp\/v2\/comments?post=111146"}],"version-history":[{"count":1,"href":"https:\/\/www.noticiasradioreflejos.com.ar\/2021\/wp-json\/wp\/v2\/posts\/111146\/revisions"}],"predecessor-version":[{"id":111147,"href":"https:\/\/www.noticiasradioreflejos.com.ar\/2021\/wp-json\/wp\/v2\/posts\/111146\/revisions\/111147"}],"wp:featuredmedia":[{"embeddable":true,"href":"https:\/\/www.noticiasradioreflejos.com.ar\/2021\/wp-json\/wp\/v2\/media\/84006"}],"wp:attachment":[{"href":"https:\/\/www.noticiasradioreflejos.com.ar\/2021\/wp-json\/wp\/v2\/media?parent=111146"}],"wp:term":[{"taxonomy":"category","embeddable":true,"href":"https:\/\/www.noticiasradioreflejos.com.ar\/2021\/wp-json\/wp\/v2\/categories?post=111146"},{"taxonomy":"post_tag","embeddable":true,"href":"https:\/\/www.noticiasradioreflejos.com.ar\/2021\/wp-json\/wp\/v2\/tags?post=111146"}],"curies":[{"name":"wp","href":"https:\/\/api.w.org\/{rel}","templated":true}]}}