{"id":111143,"date":"2024-12-29T10:17:41","date_gmt":"2024-12-29T13:17:41","guid":{"rendered":"https:\/\/www.noticiasradioreflejos.com.ar\/2021\/?p=111143"},"modified":"2024-12-29T10:17:41","modified_gmt":"2024-12-29T13:17:41","slug":"por-que-hay-que-comer-12-uvas-en-ano-nuevo","status":"publish","type":"post","link":"https:\/\/www.noticiasradioreflejos.com.ar\/2021\/por-que-hay-que-comer-12-uvas-en-ano-nuevo\/","title":{"rendered":"Por qu\u00e9 hay que comer 12 uvas en A\u00f1o Nuevo"},"content":{"rendered":"<p>Se trata de una de las tantas tradiciones con las que varias familias suelen recibir el A\u00f1o Nuevo. En qu\u00e9 consiste.<!--more-->El <strong>ritual de las 12 uvas<\/strong>\u00a0es una\u00a0<strong>tradici\u00f3n<\/strong>\u00a0popular que se realiza en\u00a0<strong>A\u00f1o Nuevo<\/strong><strong>\u00a0<\/strong>en varios pa\u00edses de habla hispana, especialmente en\u00a0<strong>Espa\u00f1a<\/strong>\u00a0y en algunos lugares de\u00a0<strong>Am\u00e9rica Latina, como Argentina<\/strong>.<\/p>\n<div class=\"columns\" data-tadevel-template=\"web\/article-columns\">\n<div class=\"column-main\">\n<div class=\"article-body\" data-tadevel-template=\"web\/article-body\">\n<div class=\"article-body-content\">\n<p>Se trata de una tradici\u00f3n que tiene como objetivo\u00a0<mark>atraer la buena suerte y desear prosperidad para cada uno de los meses del pr\u00f3ximo a\u00f1o<\/mark>.<\/p>\n<p>Es una forma alegre y simb\u00f3lica de recibir el nuevo a\u00f1o con esperanza y positividad, marcando el inicio de un per\u00edodo lleno de buenos deseos y expectativas.<\/p>\n<h3>Por qu\u00e9 se comen 12 uvas en A\u00f1o Nuevo<\/h3>\n<p>Son varios los significados y objetivos de este ritual que se realiza para recibir al nuevo a\u00f1o.<\/p>\n<ul>\n<li>Buena suerte para cada mes:\u00a0Cada uva simboliza un mes del a\u00f1o. Al comerlas r\u00e1pidamente con las campanadas, se busca atraer la buena suerte y la prosperidad para cada uno de los meses venideros.<\/li>\n<li>Ritual de prosperidad:\u00a0Este ritual se ha convertido en una forma simb\u00f3lica de dejar atr\u00e1s las malas experiencias del a\u00f1o anterior y dar la bienvenida al nuevo a\u00f1o con optimismo y esperanza.<\/li>\n<li>Tradici\u00f3n compartida:\u00a0La tradici\u00f3n de las 12 uvas es a menudo compartida con amigos y familiares. Realizar este ritual juntos se considera un acto festivo y de uni\u00f3n familiar.<\/li>\n<\/ul>\n<h3>Paso a paso, c\u00f3mo se realiza el ritual de las 12 uvas en A\u00f1o Nuevo<\/h3>\n<p><strong>C\u00f3mo se realiza:<\/strong><\/p>\n<ol>\n<li>Preparaci\u00f3n de las uvas:\u00a0Antes de la medianoche, se preparan 12 uvas, una para cada campanada del reloj que marca el inicio del nuevo a\u00f1o.<\/li>\n<li>Reuni\u00f3n alrededor de la mesa:\u00a0Las personas se re\u00fanen alrededor de una mesa en la que se celebra A\u00f1o Nuevo.<\/li>\n<li>Esperar de las campanadas:\u00a0Pocos minutos antes de la medianoche, todos esperan el sonido de las campanadas del reloj que anunciar\u00e1 la llegada del A\u00f1o Nuevo.<\/li>\n<li>Comer una uva por cada campanada:\u00a0Con cada campanada, se come una uva. El objetivo es consumir las 12 uvas antes de que finalice el \u00faltimo sonido de campana, marcando el comienzo del nuevo a\u00f1o.<\/li>\n<\/ol>\n<p><strong>Consejos:<\/strong><\/p>\n<ul>\n<li>Para evitar atragantamientos, algunas personas pelan las uvas o compran uvas sin semillas.<\/li>\n<li>Tambi\u00e9n se puede practicar antes de la medianoche para asegurarse de que las uvas se puedan comer r\u00e1pidamente.<\/li>\n<\/ul>\n<\/div>\n<\/div>\n<\/div>\n<\/div>\n","protected":false},"excerpt":{"rendered":"<p>Se trata de una de las tantas tradiciones con las que varias familias suelen recibir el A\u00f1o Nuevo. En qu\u00e9 consiste.<\/p>\n","protected":false},"author":3,"featured_media":111144,"comment_status":"closed","ping_status":"closed","sticky":false,"template":"","format":"standard","meta":{"footnotes":""},"categories":[35],"tags":[],"class_list":["post-111143","post","type-post","status-publish","format-standard","has-post-thumbnail","hentry","category-cultura"],"yoast_head":"<!-- This site is optimized with the Yoast SEO plugin v25.9 - https:\/\/yoast.com\/wordpress\/plugins\/seo\/ -->\n<title>Por qu\u00e9 hay que comer 12 uvas en A\u00f1o Nuevo - Noticias Radio Reflejos<\/title>\n<meta name=\"robots\" content=\"index, follow, max-snippet:-1, max-image-preview:large, max-video-preview:-1\" \/>\n<link rel=\"canonical\" href=\"https:\/\/www.noticiasradioreflejos.com.ar\/2021\/por-que-hay-que-comer-12-uvas-en-ano-nuevo\/\" \/>\n<meta property=\"og:locale\" content=\"es_ES\" \/>\n<meta property=\"og:type\" content=\"article\" \/>\n<meta property=\"og:title\" content=\"Por qu\u00e9 hay que comer 12 uvas en A\u00f1o Nuevo - Noticias Radio Reflejos\" \/>\n<meta property=\"og:description\" content=\"Se trata de una de las tantas tradiciones con las que varias familias suelen recibir el A\u00f1o Nuevo. En qu\u00e9 consiste.\" \/>\n<meta property=\"og:url\" content=\"https:\/\/www.noticiasradioreflejos.com.ar\/2021\/por-que-hay-que-comer-12-uvas-en-ano-nuevo\/\" \/>\n<meta property=\"og:site_name\" content=\"Noticias Radio Reflejos\" \/>\n<meta property=\"article:published_time\" content=\"2024-12-29T13:17:41+00:00\" \/>\n<meta property=\"og:image\" content=\"https:\/\/www.noticiasradioreflejos.com.ar\/2021\/wp-content\/uploads\/2024\/12\/12-uvas.jpg\" \/>\n\t<meta property=\"og:image:width\" content=\"557\" \/>\n\t<meta property=\"og:image:height\" content=\"418\" \/>\n\t<meta property=\"og:image:type\" content=\"image\/jpeg\" \/>\n<meta name=\"author\" content=\"Arnaldo Botto\" \/>\n<meta name=\"twitter:card\" content=\"summary_large_image\" \/>\n<script type=\"application\/ld+json\" class=\"yoast-schema-graph\">{\"@context\":\"https:\/\/schema.org\",\"@graph\":[{\"@type\":\"WebPage\",\"@id\":\"https:\/\/www.noticiasradioreflejos.com.ar\/2021\/por-que-hay-que-comer-12-uvas-en-ano-nuevo\/\",\"url\":\"https:\/\/www.noticiasradioreflejos.com.ar\/2021\/por-que-hay-que-comer-12-uvas-en-ano-nuevo\/\",\"name\":\"Por qu\u00e9 hay que comer 12 uvas en A\u00f1o Nuevo - Noticias Radio Reflejos\",\"isPartOf\":{\"@id\":\"https:\/\/www.noticiasradioreflejos.com.ar\/2021\/#website\"},\"primaryImageOfPage\":{\"@id\":\"https:\/\/www.noticiasradioreflejos.com.ar\/2021\/por-que-hay-que-comer-12-uvas-en-ano-nuevo\/#primaryimage\"},\"image\":{\"@id\":\"https:\/\/www.noticiasradioreflejos.com.ar\/2021\/por-que-hay-que-comer-12-uvas-en-ano-nuevo\/#primaryimage\"},\"thumbnailUrl\":\"https:\/\/www.noticiasradioreflejos.com.ar\/2021\/wp-content\/uploads\/2024\/12\/12-uvas.jpg\",\"datePublished\":\"2024-12-29T13:17:41+00:00\",\"author\":{\"@id\":\"https:\/\/www.noticiasradioreflejos.com.ar\/2021\/#\/schema\/person\/ad82545263dcc5ec0996818884fd5fb1\"},\"breadcrumb\":{\"@id\":\"https:\/\/www.noticiasradioreflejos.com.ar\/2021\/por-que-hay-que-comer-12-uvas-en-ano-nuevo\/#breadcrumb\"},\"inLanguage\":\"es\",\"potentialAction\":[{\"@type\":\"ReadAction\",\"target\":[\"https:\/\/www.noticiasradioreflejos.com.ar\/2021\/por-que-hay-que-comer-12-uvas-en-ano-nuevo\/\"]}]},{\"@type\":\"ImageObject\",\"inLanguage\":\"es\",\"@id\":\"https:\/\/www.noticiasradioreflejos.com.ar\/2021\/por-que-hay-que-comer-12-uvas-en-ano-nuevo\/#primaryimage\",\"url\":\"https:\/\/www.noticiasradioreflejos.com.ar\/2021\/wp-content\/uploads\/2024\/12\/12-uvas.jpg\",\"contentUrl\":\"https:\/\/www.noticiasradioreflejos.com.ar\/2021\/wp-content\/uploads\/2024\/12\/12-uvas.jpg\",\"width\":557,\"height\":418},{\"@type\":\"BreadcrumbList\",\"@id\":\"https:\/\/www.noticiasradioreflejos.com.ar\/2021\/por-que-hay-que-comer-12-uvas-en-ano-nuevo\/#breadcrumb\",\"itemListElement\":[{\"@type\":\"ListItem\",\"position\":1,\"name\":\"Portada\",\"item\":\"https:\/\/www.noticiasradioreflejos.com.ar\/2021\/\"},{\"@type\":\"ListItem\",\"position\":2,\"name\":\"Por qu\u00e9 hay que comer 12 uvas en A\u00f1o Nuevo\"}]},{\"@type\":\"WebSite\",\"@id\":\"https:\/\/www.noticiasradioreflejos.com.ar\/2021\/#website\",\"url\":\"https:\/\/www.noticiasradioreflejos.com.ar\/2021\/\",\"name\":\"Noticias Radio Reflejos\",\"description\":\"Las noticias de mi comarca\",\"potentialAction\":[{\"@type\":\"SearchAction\",\"target\":{\"@type\":\"EntryPoint\",\"urlTemplate\":\"https:\/\/www.noticiasradioreflejos.com.ar\/2021\/?s={search_term_string}\"},\"query-input\":{\"@type\":\"PropertyValueSpecification\",\"valueRequired\":true,\"valueName\":\"search_term_string\"}}],\"inLanguage\":\"es\"},{\"@type\":\"Person\",\"@id\":\"https:\/\/www.noticiasradioreflejos.com.ar\/2021\/#\/schema\/person\/ad82545263dcc5ec0996818884fd5fb1\",\"name\":\"Arnaldo Botto\",\"image\":{\"@type\":\"ImageObject\",\"inLanguage\":\"es\",\"@id\":\"https:\/\/www.noticiasradioreflejos.com.ar\/2021\/#\/schema\/person\/image\/\",\"url\":\"https:\/\/secure.gravatar.com\/avatar\/55cb5e37c1efa326397366e6974cb338056df65cb50e7d64d1cf314e87504837?s=96&d=mm&r=g\",\"contentUrl\":\"https:\/\/secure.gravatar.com\/avatar\/55cb5e37c1efa326397366e6974cb338056df65cb50e7d64d1cf314e87504837?s=96&d=mm&r=g\",\"caption\":\"Arnaldo Botto\"},\"url\":\"https:\/\/www.noticiasradioreflejos.com.ar\/2021\/author\/arnaldo\/\"}]}<\/script>\n<!-- \/ Yoast SEO plugin. -->","yoast_head_json":{"title":"Por qu\u00e9 hay que comer 12 uvas en A\u00f1o Nuevo - Noticias Radio Reflejos","robots":{"index":"index","follow":"follow","max-snippet":"max-snippet:-1","max-image-preview":"max-image-preview:large","max-video-preview":"max-video-preview:-1"},"canonical":"https:\/\/www.noticiasradioreflejos.com.ar\/2021\/por-que-hay-que-comer-12-uvas-en-ano-nuevo\/","og_locale":"es_ES","og_type":"article","og_title":"Por qu\u00e9 hay que comer 12 uvas en A\u00f1o Nuevo - Noticias Radio Reflejos","og_description":"Se trata de una de las tantas tradiciones con las que varias familias suelen recibir el A\u00f1o Nuevo. En qu\u00e9 consiste.","og_url":"https:\/\/www.noticiasradioreflejos.com.ar\/2021\/por-que-hay-que-comer-12-uvas-en-ano-nuevo\/","og_site_name":"Noticias Radio Reflejos","article_published_time":"2024-12-29T13:17:41+00:00","og_image":[{"width":557,"height":418,"url":"https:\/\/www.noticiasradioreflejos.com.ar\/2021\/wp-content\/uploads\/2024\/12\/12-uvas.jpg","type":"image\/jpeg"}],"author":"Arnaldo Botto","twitter_card":"summary_large_image","schema":{"@context":"https:\/\/schema.org","@graph":[{"@type":"WebPage","@id":"https:\/\/www.noticiasradioreflejos.com.ar\/2021\/por-que-hay-que-comer-12-uvas-en-ano-nuevo\/","url":"https:\/\/www.noticiasradioreflejos.com.ar\/2021\/por-que-hay-que-comer-12-uvas-en-ano-nuevo\/","name":"Por qu\u00e9 hay que comer 12 uvas en A\u00f1o Nuevo - Noticias Radio Reflejos","isPartOf":{"@id":"https:\/\/www.noticiasradioreflejos.com.ar\/2021\/#website"},"primaryImageOfPage":{"@id":"https:\/\/www.noticiasradioreflejos.com.ar\/2021\/por-que-hay-que-comer-12-uvas-en-ano-nuevo\/#primaryimage"},"image":{"@id":"https:\/\/www.noticiasradioreflejos.com.ar\/2021\/por-que-hay-que-comer-12-uvas-en-ano-nuevo\/#primaryimage"},"thumbnailUrl":"https:\/\/www.noticiasradioreflejos.com.ar\/2021\/wp-content\/uploads\/2024\/12\/12-uvas.jpg","datePublished":"2024-12-29T13:17:41+00:00","author":{"@id":"https:\/\/www.noticiasradioreflejos.com.ar\/2021\/#\/schema\/person\/ad82545263dcc5ec0996818884fd5fb1"},"breadcrumb":{"@id":"https:\/\/www.noticiasradioreflejos.com.ar\/2021\/por-que-hay-que-comer-12-uvas-en-ano-nuevo\/#breadcrumb"},"inLanguage":"es","potentialAction":[{"@type":"ReadAction","target":["https:\/\/www.noticiasradioreflejos.com.ar\/2021\/por-que-hay-que-comer-12-uvas-en-ano-nuevo\/"]}]},{"@type":"ImageObject","inLanguage":"es","@id":"https:\/\/www.noticiasradioreflejos.com.ar\/2021\/por-que-hay-que-comer-12-uvas-en-ano-nuevo\/#primaryimage","url":"https:\/\/www.noticiasradioreflejos.com.ar\/2021\/wp-content\/uploads\/2024\/12\/12-uvas.jpg","contentUrl":"https:\/\/www.noticiasradioreflejos.com.ar\/2021\/wp-content\/uploads\/2024\/12\/12-uvas.jpg","width":557,"height":418},{"@type":"BreadcrumbList","@id":"https:\/\/www.noticiasradioreflejos.com.ar\/2021\/por-que-hay-que-comer-12-uvas-en-ano-nuevo\/#breadcrumb","itemListElement":[{"@type":"ListItem","position":1,"name":"Portada","item":"https:\/\/www.noticiasradioreflejos.com.ar\/2021\/"},{"@type":"ListItem","position":2,"name":"Por qu\u00e9 hay que comer 12 uvas en A\u00f1o Nuevo"}]},{"@type":"WebSite","@id":"https:\/\/www.noticiasradioreflejos.com.ar\/2021\/#website","url":"https:\/\/www.noticiasradioreflejos.com.ar\/2021\/","name":"Noticias Radio Reflejos","description":"Las noticias de mi comarca","potentialAction":[{"@type":"SearchAction","target":{"@type":"EntryPoint","urlTemplate":"https:\/\/www.noticiasradioreflejos.com.ar\/2021\/?s={search_term_string}"},"query-input":{"@type":"PropertyValueSpecification","valueRequired":true,"valueName":"search_term_string"}}],"inLanguage":"es"},{"@type":"Person","@id":"https:\/\/www.noticiasradioreflejos.com.ar\/2021\/#\/schema\/person\/ad82545263dcc5ec0996818884fd5fb1","name":"Arnaldo Botto","image":{"@type":"ImageObject","inLanguage":"es","@id":"https:\/\/www.noticiasradioreflejos.com.ar\/2021\/#\/schema\/person\/image\/","url":"https:\/\/secure.gravatar.com\/avatar\/55cb5e37c1efa326397366e6974cb338056df65cb50e7d64d1cf314e87504837?s=96&d=mm&r=g","contentUrl":"https:\/\/secure.gravatar.com\/avatar\/55cb5e37c1efa326397366e6974cb338056df65cb50e7d64d1cf314e87504837?s=96&d=mm&r=g","caption":"Arnaldo Botto"},"url":"https:\/\/www.noticiasradioreflejos.com.ar\/2021\/author\/arnaldo\/"}]}},"_links":{"self":[{"href":"https:\/\/www.noticiasradioreflejos.com.ar\/2021\/wp-json\/wp\/v2\/posts\/111143","targetHints":{"allow":["GET"]}}],"collection":[{"href":"https:\/\/www.noticiasradioreflejos.com.ar\/2021\/wp-json\/wp\/v2\/posts"}],"about":[{"href":"https:\/\/www.noticiasradioreflejos.com.ar\/2021\/wp-json\/wp\/v2\/types\/post"}],"author":[{"embeddable":true,"href":"https:\/\/www.noticiasradioreflejos.com.ar\/2021\/wp-json\/wp\/v2\/users\/3"}],"replies":[{"embeddable":true,"href":"https:\/\/www.noticiasradioreflejos.com.ar\/2021\/wp-json\/wp\/v2\/comments?post=111143"}],"version-history":[{"count":1,"href":"https:\/\/www.noticiasradioreflejos.com.ar\/2021\/wp-json\/wp\/v2\/posts\/111143\/revisions"}],"predecessor-version":[{"id":111145,"href":"https:\/\/www.noticiasradioreflejos.com.ar\/2021\/wp-json\/wp\/v2\/posts\/111143\/revisions\/111145"}],"wp:featuredmedia":[{"embeddable":true,"href":"https:\/\/www.noticiasradioreflejos.com.ar\/2021\/wp-json\/wp\/v2\/media\/111144"}],"wp:attachment":[{"href":"https:\/\/www.noticiasradioreflejos.com.ar\/2021\/wp-json\/wp\/v2\/media?parent=111143"}],"wp:term":[{"taxonomy":"category","embeddable":true,"href":"https:\/\/www.noticiasradioreflejos.com.ar\/2021\/wp-json\/wp\/v2\/categories?post=111143"},{"taxonomy":"post_tag","embeddable":true,"href":"https:\/\/www.noticiasradioreflejos.com.ar\/2021\/wp-json\/wp\/v2\/tags?post=111143"}],"curies":[{"name":"wp","href":"https:\/\/api.w.org\/{rel}","templated":true}]}}