{"id":111136,"date":"2024-12-29T10:11:36","date_gmt":"2024-12-29T13:11:36","guid":{"rendered":"https:\/\/www.noticiasradioreflejos.com.ar\/2021\/?p=111136"},"modified":"2024-12-30T09:16:08","modified_gmt":"2024-12-30T12:16:08","slug":"video-impactante-un-avion-de-jeju-air-en-corea-del-sur-se-despisto-se-incendio-y-causo-al-menos-176-muertos","status":"publish","type":"post","link":"https:\/\/www.noticiasradioreflejos.com.ar\/2021\/video-impactante-un-avion-de-jeju-air-en-corea-del-sur-se-despisto-se-incendio-y-causo-al-menos-176-muertos\/","title":{"rendered":"Video impactante: un avi\u00f3n de Jeju Air en Corea del Sur se despist\u00f3, se incendi\u00f3 y caus\u00f3 al menos 176 muertos"},"content":{"rendered":"<p>Un avi\u00f3n de Jeju Air se despist\u00f3 y se incendi\u00f3 en Corea del Sur, causando al menos 176 muertos seg\u00fan la \u00faltima actualizaci\u00f3n.<!--more--><\/p>\n<div class=\"article-body\" data-tadevel-template=\"web\/article-body\">\n<div class=\"article-body-content\">\n<p>Un avi\u00f3n comercial de la aerol\u00ednea\u00a0<strong>Jeju Air<\/strong>, que regresaba de\u00a0<strong>Bangkok<\/strong>, se despist\u00f3 este domingo en el aeropuerto de\u00a0<strong>Muan<\/strong>, en el sur de\u00a0Corea del Sur.\u00a0El n\u00famero de muertos por un accidente a\u00e9reo en la Rep\u00fablica de Corea aument\u00f3 este domingo a 176. Solo dos personas fueron rescatadas, informaron varios medios de comunicaci\u00f3n citando a las autoridades de bomberos.<\/p>\n<p><a data-flickr-embed=\"true\" href=\"https:\/\/www.flickr.com\/photos\/182279889@N02\/54232679432\/in\/dateposted-public\/\" title=\"video\"><img loading=\"lazy\" decoding=\"async\" src=\"https:\/\/live.staticflickr.com\/31337\/54232679432_1aa455d0af_o.jpg\" width=\"640\" height=\"364\" alt=\"video\"\/><\/a><script async src=\"\/\/embedr.flickr.com\/assets\/client-code.js\" charset=\"utf-8\"><\/script><\/p>\n<p>Seg\u00fan medios internacionales a los que accedi\u00f3 la\u00a0<strong>Agencia Noticias Argentinas<\/strong>, el accidente se produjo cuando el\u00a0<strong>tren de aterrizaje<\/strong>\u00a0del avi\u00f3n present\u00f3 fallos, lo que provoc\u00f3 que se saliera de la pista, chocara contra una\u00a0<strong>valla<\/strong>\u00a0y se incendiara.<\/p>\n<p>Las autoridades de emergencias informaron que el\u00a0<strong>fuego<\/strong>\u00a0estaba casi extinguido, pero que los\u00a0<strong>socorristas<\/strong>\u00a0segu\u00edan trabajando para evacuar a los pasajeros. En el avi\u00f3n viajaban\u00a0<strong>181 personas<\/strong>, de las cuales 176 perdieron la vida en el siniestro, seg\u00fan fuentes locales, aunque la cifra oficial a\u00fan no fue confirmada. Adem\u00e1s, se logr\u00f3 rescatar a al menos\u00a0<strong>dos personas<\/strong>\u00a0con vida.<\/p>\n<p>Im\u00e1genes de las estaciones de televisi\u00f3n locales mostraron densas columnas de\u00a0<strong>humo negro<\/strong>\u00a0saliendo del avi\u00f3n envuelto en llamas. Los equipos de rescate contin\u00faan investigando las\u00a0<strong>causas exactas<\/strong>\u00a0del incendio.<\/p>\n<p>Este tr\u00e1gico accidente ocurre en medio de una\u00a0<strong>crisis pol\u00edtica<\/strong>\u00a0en el pa\u00eds, marcada por la reciente\u00a0<strong>destituci\u00f3n<\/strong>\u00a0del presidente interino\u00a0<strong>Han Duck-soo<\/strong>\u00a0y la imposici\u00f3n de la\u00a0<strong>ley marcial<\/strong>\u00a0por parte del presidente\u00a0<strong>Yoon Suk Yeol<\/strong>.<\/p>\n<\/div>\n<\/div>\n","protected":false},"excerpt":{"rendered":"<p>Un avi\u00f3n de Jeju Air se despist\u00f3 y se incendi\u00f3 en Corea del Sur, causando al menos 176 muertos seg\u00fan la \u00faltima actualizaci\u00f3n.<\/p>\n","protected":false},"author":3,"featured_media":111137,"comment_status":"closed","ping_status":"closed","sticky":false,"template":"","format":"standard","meta":{"footnotes":""},"categories":[29],"tags":[48],"class_list":["post-111136","post","type-post","status-publish","format-standard","has-post-thumbnail","hentry","category-policiales","tag-destacada"],"yoast_head":"<!-- This site is optimized with the Yoast SEO plugin v25.9 - https:\/\/yoast.com\/wordpress\/plugins\/seo\/ -->\n<title>Video impactante: un avi\u00f3n de Jeju Air en Corea del Sur se despist\u00f3, se incendi\u00f3 y caus\u00f3 al menos 176 muertos - Noticias Radio Reflejos<\/title>\n<meta name=\"robots\" content=\"index, follow, max-snippet:-1, max-image-preview:large, max-video-preview:-1\" \/>\n<link rel=\"canonical\" href=\"https:\/\/www.noticiasradioreflejos.com.ar\/2021\/video-impactante-un-avion-de-jeju-air-en-corea-del-sur-se-despisto-se-incendio-y-causo-al-menos-176-muertos\/\" \/>\n<meta property=\"og:locale\" content=\"es_ES\" \/>\n<meta property=\"og:type\" content=\"article\" \/>\n<meta property=\"og:title\" content=\"Video impactante: un avi\u00f3n de Jeju Air en Corea del Sur se despist\u00f3, se incendi\u00f3 y caus\u00f3 al menos 176 muertos - Noticias Radio Reflejos\" \/>\n<meta property=\"og:description\" content=\"Un avi\u00f3n de Jeju Air se despist\u00f3 y se incendi\u00f3 en Corea del Sur, causando al menos 176 muertos seg\u00fan la \u00faltima actualizaci\u00f3n.\" \/>\n<meta property=\"og:url\" content=\"https:\/\/www.noticiasradioreflejos.com.ar\/2021\/video-impactante-un-avion-de-jeju-air-en-corea-del-sur-se-despisto-se-incendio-y-causo-al-menos-176-muertos\/\" \/>\n<meta property=\"og:site_name\" content=\"Noticias Radio Reflejos\" \/>\n<meta property=\"article:published_time\" content=\"2024-12-29T13:11:36+00:00\" \/>\n<meta property=\"article:modified_time\" content=\"2024-12-30T12:16:08+00:00\" \/>\n<meta property=\"og:image\" content=\"https:\/\/www.noticiasradioreflejos.com.ar\/2021\/wp-content\/uploads\/2024\/12\/corea-avion.jpg\" \/>\n\t<meta property=\"og:image:width\" content=\"731\" \/>\n\t<meta property=\"og:image:height\" content=\"327\" \/>\n\t<meta property=\"og:image:type\" content=\"image\/jpeg\" \/>\n<meta name=\"author\" content=\"Arnaldo Botto\" \/>\n<meta name=\"twitter:card\" content=\"summary_large_image\" \/>\n<script type=\"application\/ld+json\" class=\"yoast-schema-graph\">{\"@context\":\"https:\/\/schema.org\",\"@graph\":[{\"@type\":\"WebPage\",\"@id\":\"https:\/\/www.noticiasradioreflejos.com.ar\/2021\/video-impactante-un-avion-de-jeju-air-en-corea-del-sur-se-despisto-se-incendio-y-causo-al-menos-176-muertos\/\",\"url\":\"https:\/\/www.noticiasradioreflejos.com.ar\/2021\/video-impactante-un-avion-de-jeju-air-en-corea-del-sur-se-despisto-se-incendio-y-causo-al-menos-176-muertos\/\",\"name\":\"Video impactante: un avi\u00f3n de Jeju Air en Corea del Sur se despist\u00f3, se incendi\u00f3 y caus\u00f3 al menos 176 muertos - Noticias Radio Reflejos\",\"isPartOf\":{\"@id\":\"https:\/\/www.noticiasradioreflejos.com.ar\/2021\/#website\"},\"primaryImageOfPage\":{\"@id\":\"https:\/\/www.noticiasradioreflejos.com.ar\/2021\/video-impactante-un-avion-de-jeju-air-en-corea-del-sur-se-despisto-se-incendio-y-causo-al-menos-176-muertos\/#primaryimage\"},\"image\":{\"@id\":\"https:\/\/www.noticiasradioreflejos.com.ar\/2021\/video-impactante-un-avion-de-jeju-air-en-corea-del-sur-se-despisto-se-incendio-y-causo-al-menos-176-muertos\/#primaryimage\"},\"thumbnailUrl\":\"https:\/\/www.noticiasradioreflejos.com.ar\/2021\/wp-content\/uploads\/2024\/12\/corea-avion.jpg\",\"datePublished\":\"2024-12-29T13:11:36+00:00\",\"dateModified\":\"2024-12-30T12:16:08+00:00\",\"author\":{\"@id\":\"https:\/\/www.noticiasradioreflejos.com.ar\/2021\/#\/schema\/person\/ad82545263dcc5ec0996818884fd5fb1\"},\"breadcrumb\":{\"@id\":\"https:\/\/www.noticiasradioreflejos.com.ar\/2021\/video-impactante-un-avion-de-jeju-air-en-corea-del-sur-se-despisto-se-incendio-y-causo-al-menos-176-muertos\/#breadcrumb\"},\"inLanguage\":\"es\",\"potentialAction\":[{\"@type\":\"ReadAction\",\"target\":[\"https:\/\/www.noticiasradioreflejos.com.ar\/2021\/video-impactante-un-avion-de-jeju-air-en-corea-del-sur-se-despisto-se-incendio-y-causo-al-menos-176-muertos\/\"]}]},{\"@type\":\"ImageObject\",\"inLanguage\":\"es\",\"@id\":\"https:\/\/www.noticiasradioreflejos.com.ar\/2021\/video-impactante-un-avion-de-jeju-air-en-corea-del-sur-se-despisto-se-incendio-y-causo-al-menos-176-muertos\/#primaryimage\",\"url\":\"https:\/\/www.noticiasradioreflejos.com.ar\/2021\/wp-content\/uploads\/2024\/12\/corea-avion.jpg\",\"contentUrl\":\"https:\/\/www.noticiasradioreflejos.com.ar\/2021\/wp-content\/uploads\/2024\/12\/corea-avion.jpg\",\"width\":731,\"height\":327},{\"@type\":\"BreadcrumbList\",\"@id\":\"https:\/\/www.noticiasradioreflejos.com.ar\/2021\/video-impactante-un-avion-de-jeju-air-en-corea-del-sur-se-despisto-se-incendio-y-causo-al-menos-176-muertos\/#breadcrumb\",\"itemListElement\":[{\"@type\":\"ListItem\",\"position\":1,\"name\":\"Portada\",\"item\":\"https:\/\/www.noticiasradioreflejos.com.ar\/2021\/\"},{\"@type\":\"ListItem\",\"position\":2,\"name\":\"Video impactante: un avi\u00f3n de Jeju Air en Corea del Sur se despist\u00f3, se incendi\u00f3 y caus\u00f3 al menos 176 muertos\"}]},{\"@type\":\"WebSite\",\"@id\":\"https:\/\/www.noticiasradioreflejos.com.ar\/2021\/#website\",\"url\":\"https:\/\/www.noticiasradioreflejos.com.ar\/2021\/\",\"name\":\"Noticias Radio Reflejos\",\"description\":\"Las noticias de mi comarca\",\"potentialAction\":[{\"@type\":\"SearchAction\",\"target\":{\"@type\":\"EntryPoint\",\"urlTemplate\":\"https:\/\/www.noticiasradioreflejos.com.ar\/2021\/?s={search_term_string}\"},\"query-input\":{\"@type\":\"PropertyValueSpecification\",\"valueRequired\":true,\"valueName\":\"search_term_string\"}}],\"inLanguage\":\"es\"},{\"@type\":\"Person\",\"@id\":\"https:\/\/www.noticiasradioreflejos.com.ar\/2021\/#\/schema\/person\/ad82545263dcc5ec0996818884fd5fb1\",\"name\":\"Arnaldo Botto\",\"image\":{\"@type\":\"ImageObject\",\"inLanguage\":\"es\",\"@id\":\"https:\/\/www.noticiasradioreflejos.com.ar\/2021\/#\/schema\/person\/image\/\",\"url\":\"https:\/\/secure.gravatar.com\/avatar\/55cb5e37c1efa326397366e6974cb338056df65cb50e7d64d1cf314e87504837?s=96&d=mm&r=g\",\"contentUrl\":\"https:\/\/secure.gravatar.com\/avatar\/55cb5e37c1efa326397366e6974cb338056df65cb50e7d64d1cf314e87504837?s=96&d=mm&r=g\",\"caption\":\"Arnaldo Botto\"},\"url\":\"https:\/\/www.noticiasradioreflejos.com.ar\/2021\/author\/arnaldo\/\"}]}<\/script>\n<!-- \/ Yoast SEO plugin. -->","yoast_head_json":{"title":"Video impactante: un avi\u00f3n de Jeju Air en Corea del Sur se despist\u00f3, se incendi\u00f3 y caus\u00f3 al menos 176 muertos - Noticias Radio Reflejos","robots":{"index":"index","follow":"follow","max-snippet":"max-snippet:-1","max-image-preview":"max-image-preview:large","max-video-preview":"max-video-preview:-1"},"canonical":"https:\/\/www.noticiasradioreflejos.com.ar\/2021\/video-impactante-un-avion-de-jeju-air-en-corea-del-sur-se-despisto-se-incendio-y-causo-al-menos-176-muertos\/","og_locale":"es_ES","og_type":"article","og_title":"Video impactante: un avi\u00f3n de Jeju Air en Corea del Sur se despist\u00f3, se incendi\u00f3 y caus\u00f3 al menos 176 muertos - Noticias Radio Reflejos","og_description":"Un avi\u00f3n de Jeju Air se despist\u00f3 y se incendi\u00f3 en Corea del Sur, causando al menos 176 muertos seg\u00fan la \u00faltima actualizaci\u00f3n.","og_url":"https:\/\/www.noticiasradioreflejos.com.ar\/2021\/video-impactante-un-avion-de-jeju-air-en-corea-del-sur-se-despisto-se-incendio-y-causo-al-menos-176-muertos\/","og_site_name":"Noticias Radio Reflejos","article_published_time":"2024-12-29T13:11:36+00:00","article_modified_time":"2024-12-30T12:16:08+00:00","og_image":[{"width":731,"height":327,"url":"https:\/\/www.noticiasradioreflejos.com.ar\/2021\/wp-content\/uploads\/2024\/12\/corea-avion.jpg","type":"image\/jpeg"}],"author":"Arnaldo Botto","twitter_card":"summary_large_image","schema":{"@context":"https:\/\/schema.org","@graph":[{"@type":"WebPage","@id":"https:\/\/www.noticiasradioreflejos.com.ar\/2021\/video-impactante-un-avion-de-jeju-air-en-corea-del-sur-se-despisto-se-incendio-y-causo-al-menos-176-muertos\/","url":"https:\/\/www.noticiasradioreflejos.com.ar\/2021\/video-impactante-un-avion-de-jeju-air-en-corea-del-sur-se-despisto-se-incendio-y-causo-al-menos-176-muertos\/","name":"Video impactante: un avi\u00f3n de Jeju Air en Corea del Sur se despist\u00f3, se incendi\u00f3 y caus\u00f3 al menos 176 muertos - Noticias Radio Reflejos","isPartOf":{"@id":"https:\/\/www.noticiasradioreflejos.com.ar\/2021\/#website"},"primaryImageOfPage":{"@id":"https:\/\/www.noticiasradioreflejos.com.ar\/2021\/video-impactante-un-avion-de-jeju-air-en-corea-del-sur-se-despisto-se-incendio-y-causo-al-menos-176-muertos\/#primaryimage"},"image":{"@id":"https:\/\/www.noticiasradioreflejos.com.ar\/2021\/video-impactante-un-avion-de-jeju-air-en-corea-del-sur-se-despisto-se-incendio-y-causo-al-menos-176-muertos\/#primaryimage"},"thumbnailUrl":"https:\/\/www.noticiasradioreflejos.com.ar\/2021\/wp-content\/uploads\/2024\/12\/corea-avion.jpg","datePublished":"2024-12-29T13:11:36+00:00","dateModified":"2024-12-30T12:16:08+00:00","author":{"@id":"https:\/\/www.noticiasradioreflejos.com.ar\/2021\/#\/schema\/person\/ad82545263dcc5ec0996818884fd5fb1"},"breadcrumb":{"@id":"https:\/\/www.noticiasradioreflejos.com.ar\/2021\/video-impactante-un-avion-de-jeju-air-en-corea-del-sur-se-despisto-se-incendio-y-causo-al-menos-176-muertos\/#breadcrumb"},"inLanguage":"es","potentialAction":[{"@type":"ReadAction","target":["https:\/\/www.noticiasradioreflejos.com.ar\/2021\/video-impactante-un-avion-de-jeju-air-en-corea-del-sur-se-despisto-se-incendio-y-causo-al-menos-176-muertos\/"]}]},{"@type":"ImageObject","inLanguage":"es","@id":"https:\/\/www.noticiasradioreflejos.com.ar\/2021\/video-impactante-un-avion-de-jeju-air-en-corea-del-sur-se-despisto-se-incendio-y-causo-al-menos-176-muertos\/#primaryimage","url":"https:\/\/www.noticiasradioreflejos.com.ar\/2021\/wp-content\/uploads\/2024\/12\/corea-avion.jpg","contentUrl":"https:\/\/www.noticiasradioreflejos.com.ar\/2021\/wp-content\/uploads\/2024\/12\/corea-avion.jpg","width":731,"height":327},{"@type":"BreadcrumbList","@id":"https:\/\/www.noticiasradioreflejos.com.ar\/2021\/video-impactante-un-avion-de-jeju-air-en-corea-del-sur-se-despisto-se-incendio-y-causo-al-menos-176-muertos\/#breadcrumb","itemListElement":[{"@type":"ListItem","position":1,"name":"Portada","item":"https:\/\/www.noticiasradioreflejos.com.ar\/2021\/"},{"@type":"ListItem","position":2,"name":"Video impactante: un avi\u00f3n de Jeju Air en Corea del Sur se despist\u00f3, se incendi\u00f3 y caus\u00f3 al menos 176 muertos"}]},{"@type":"WebSite","@id":"https:\/\/www.noticiasradioreflejos.com.ar\/2021\/#website","url":"https:\/\/www.noticiasradioreflejos.com.ar\/2021\/","name":"Noticias Radio Reflejos","description":"Las noticias de mi comarca","potentialAction":[{"@type":"SearchAction","target":{"@type":"EntryPoint","urlTemplate":"https:\/\/www.noticiasradioreflejos.com.ar\/2021\/?s={search_term_string}"},"query-input":{"@type":"PropertyValueSpecification","valueRequired":true,"valueName":"search_term_string"}}],"inLanguage":"es"},{"@type":"Person","@id":"https:\/\/www.noticiasradioreflejos.com.ar\/2021\/#\/schema\/person\/ad82545263dcc5ec0996818884fd5fb1","name":"Arnaldo Botto","image":{"@type":"ImageObject","inLanguage":"es","@id":"https:\/\/www.noticiasradioreflejos.com.ar\/2021\/#\/schema\/person\/image\/","url":"https:\/\/secure.gravatar.com\/avatar\/55cb5e37c1efa326397366e6974cb338056df65cb50e7d64d1cf314e87504837?s=96&d=mm&r=g","contentUrl":"https:\/\/secure.gravatar.com\/avatar\/55cb5e37c1efa326397366e6974cb338056df65cb50e7d64d1cf314e87504837?s=96&d=mm&r=g","caption":"Arnaldo Botto"},"url":"https:\/\/www.noticiasradioreflejos.com.ar\/2021\/author\/arnaldo\/"}]}},"_links":{"self":[{"href":"https:\/\/www.noticiasradioreflejos.com.ar\/2021\/wp-json\/wp\/v2\/posts\/111136","targetHints":{"allow":["GET"]}}],"collection":[{"href":"https:\/\/www.noticiasradioreflejos.com.ar\/2021\/wp-json\/wp\/v2\/posts"}],"about":[{"href":"https:\/\/www.noticiasradioreflejos.com.ar\/2021\/wp-json\/wp\/v2\/types\/post"}],"author":[{"embeddable":true,"href":"https:\/\/www.noticiasradioreflejos.com.ar\/2021\/wp-json\/wp\/v2\/users\/3"}],"replies":[{"embeddable":true,"href":"https:\/\/www.noticiasradioreflejos.com.ar\/2021\/wp-json\/wp\/v2\/comments?post=111136"}],"version-history":[{"count":1,"href":"https:\/\/www.noticiasradioreflejos.com.ar\/2021\/wp-json\/wp\/v2\/posts\/111136\/revisions"}],"predecessor-version":[{"id":111138,"href":"https:\/\/www.noticiasradioreflejos.com.ar\/2021\/wp-json\/wp\/v2\/posts\/111136\/revisions\/111138"}],"wp:featuredmedia":[{"embeddable":true,"href":"https:\/\/www.noticiasradioreflejos.com.ar\/2021\/wp-json\/wp\/v2\/media\/111137"}],"wp:attachment":[{"href":"https:\/\/www.noticiasradioreflejos.com.ar\/2021\/wp-json\/wp\/v2\/media?parent=111136"}],"wp:term":[{"taxonomy":"category","embeddable":true,"href":"https:\/\/www.noticiasradioreflejos.com.ar\/2021\/wp-json\/wp\/v2\/categories?post=111136"},{"taxonomy":"post_tag","embeddable":true,"href":"https:\/\/www.noticiasradioreflejos.com.ar\/2021\/wp-json\/wp\/v2\/tags?post=111136"}],"curies":[{"name":"wp","href":"https:\/\/api.w.org\/{rel}","templated":true}]}}