{"id":111133,"date":"2024-12-29T10:05:24","date_gmt":"2024-12-29T13:05:24","guid":{"rendered":"https:\/\/www.noticiasradioreflejos.com.ar\/2021\/?p=111133"},"modified":"2024-12-29T10:05:24","modified_gmt":"2024-12-29T13:05:24","slug":"la-desactualizacion-de-las-comisiones-en-los-concejos-deliberantes-bonaerenses","status":"publish","type":"post","link":"https:\/\/www.noticiasradioreflejos.com.ar\/2021\/la-desactualizacion-de-las-comisiones-en-los-concejos-deliberantes-bonaerenses\/","title":{"rendered":"La desactualizaci\u00f3n de las comisiones en los concejos deliberantes bonaerenses"},"content":{"rendered":"<p style=\"font-weight: 400;\">La estructura normativa y administrativa de los municipios bonaerenses enfrenta una problem\u00e1tica que no solo afecta la eficiencia en la gesti\u00f3n p\u00fablica, sino que tambi\u00e9n pone en evidencia una desconexi\u00f3n con las necesidades emergentes de los propios vecinos. En este contexto, la desactualizaci\u00f3n de las Comisiones de los Concejos Deliberantes, la falta de innovaci\u00f3n legislativa y la escasa adaptaci\u00f3n de las normativas a los nuevos desaf\u00edos sociales y tecnol\u00f3gicos se presentan como barreras para el desarrollo pleno de las urbes de la provincia.<!--more--><\/p>\n<p style=\"font-weight: 400;\">\n<p style=\"font-weight: 400;\">Las Comisiones dentro de los Concejos Deliberantes son \u00f3rganos fundamentales para el an\u00e1lisis, la discusi\u00f3n y la elaboraci\u00f3n de pol\u00edticas p\u00fablicas locales. Sin embargo, en los municipios de la provincia, estas reuniones de Comisiones se encuentran anacr\u00f3nicas, sin una clara actualizaci\u00f3n que permita abordar temas tan cruciales como la innovaci\u00f3n tecnol\u00f3gica, la movilidad urbana sostenible, toda la problem\u00e1tica juvenil o la gesti\u00f3n ambiental, entre otros. Esta desactualizaci\u00f3n se traduce en un rezago legislativo que limita la capacidad de los concejos para responder de manera eficaz a las demandas vecinales y a las transformaciones econ\u00f3micas, sociales y ambientales.<\/p>\n<p style=\"font-weight: 400;\">\n<p style=\"font-weight: 400;\">Este desfasaje en las Comisiones deliberativas es un problema cr\u00edtico que requiere una atenci\u00f3n inmediata. En un contexto donde la Ciencia de Datos y la Inteligencia Artificial (IA) est\u00e1n redefiniendo sectores enteros, los organismos legislativos locales se encuentran rezagados en su adaptaci\u00f3n a estas nuevas tecnolog\u00edas. Esta realidad no solo afecta la eficiencia en la toma de decisiones, sino tambi\u00e9n la capacidad de los Concejos Deliberantes para responder a las necesidades cambiantes de la comunidad.<\/p>\n<p style=\"font-weight: 400;\">\n<p style=\"font-weight: 400;\">Una de las principales consecuencias de esta desactualizaci\u00f3n es la dificultad para procesar y analizar grandes vol\u00famenes de informaci\u00f3n. En un mundo donde la misma se genera a una velocidad sin precedentes, la falta de herramientas adecuadas para gestionarla coloca a los propios concejales en una posici\u00f3n desventajosa. La Ciencia de Datos y la IA ofrecen soluciones poderosas para identificar patrones, prever tendencias y tomar decisiones informadas basadas en evidencia. Sin embargo, la ausencia de estas tecnolog\u00edas en las comisiones legislativas implica decisiones basadas en informaci\u00f3n limitada y obsoleta.<\/p>\n<p style=\"font-weight: 400;\">\n<p style=\"font-weight: 400;\">Adem\u00e1s, la formaci\u00f3n continua de los miembros de las comisiones es crucial. En un entorno donde las tecnolog\u00edas evolucionan r\u00e1pidamente, es esencial que los legisladores est\u00e9n al tanto de las \u00faltimas tendencias y desarrollos. La falta de capacitaci\u00f3n en el entrenamiento de una IA no solo impide el uso eficaz de este dispositivo, sino que tambi\u00e9n limita la capacidad de los Concejos Deliberantes para innovar y adaptarse a nuevos desaf\u00edos. La colaboraci\u00f3n con instituciones acad\u00e9micas y centros de investigaci\u00f3n podr\u00eda ser una soluci\u00f3n viable para cerrar esta brecha de conocimiento.<\/p>\n<p style=\"font-weight: 400;\">\n<p style=\"font-weight: 400;\">Otro aspecto cr\u00edtico es la transparencia y la participaci\u00f3n vecinal. La implementaci\u00f3n de plataformas tecnol\u00f3gicas que permitan la recolecci\u00f3n y an\u00e1lisis de datos en tiempo real puede mejorar significativamente la transparencia de los procesos legislativos. Adem\u00e1s, estas tecnolog\u00edas pueden facilitar la participaci\u00f3n activa de los vecinos, permitiendo que sus opiniones y necesidades sean consideradas de manera m\u00e1s efectiva en la toma de decisiones. La modernizaci\u00f3n de las comisiones no solo beneficiar\u00eda a los legisladores, sino tambi\u00e9n a la comunidad que representan.<\/p>\n<p style=\"font-weight: 400;\">\n<p style=\"font-weight: 400;\">Es imprescindible que los Concejales tomen medidas proactivas para integrar la Ciencia de Datos y la IA en el funcionamiento de los Concejos Deliberantes. La creaci\u00f3n de comisiones nuevas especializadas en tecnolog\u00eda e innovaci\u00f3n, la adopci\u00f3n de plataformas de Ciencia de Datos y la capacitaci\u00f3n continua de los miembros de las comisiones son pasos fundamentales hacia esta modernizaci\u00f3n. Solo as\u00ed se podr\u00e1 garantizar que los Concejos Deliberantes cumplan con su rol de manera eficiente y eficaz en la era digital, respondiendo de manera adecuada a las necesidades del Municipio y asegurando una gesti\u00f3n transparente y participativa.<\/p>\n<p style=\"font-weight: 400;\">\n<p style=\"font-weight: 400;\">La falta de actualizaci\u00f3n no es solo un problema t\u00e9cnico, sino un reto que afecta directamente la calidad de vida de los propios vecinos. En un mundo cada vez m\u00e1s interconectado y basado en datos, es crucial que nuestros \u00f3rganos legislativos locales est\u00e9n equipados con las herramientas y conocimientos necesarios para enfrentar los desaf\u00edos del presente y del futuro.<\/p>\n<p style=\"font-weight: 400;\">\n<p style=\"font-weight: 400;\">En conclusi\u00f3n, la modernizaci\u00f3n de las comisiones de los concejos deliberantes de la provincia de los Bonaerenses no es solo una necesidad urgente, sino una oportunidad para hacer de los municipios un actor clave en el desarrollo de una comunidad m\u00e1s equitativa, transparente y sostenible. Es momento de que la legislaci\u00f3n local se adapte a los nuevos tiempos, permitiendo que las pol\u00edticas p\u00fablicas est\u00e9n alineadas con los desaf\u00edos globales y las necesidades locales. Solo as\u00ed se lograr\u00e1 una verdadera transformaci\u00f3n para un mejor gobierno municipal de la provincia de Buenos Ayres.<\/p>\n<p style=\"font-weight: 400;\">\n<p style=\"font-weight: 400;\"><em><strong>Joaqu\u00edn Gotte<\/strong><\/em><\/p>\n<p style=\"font-weight: 400;\"><em>Soci\u00f3logo y analista de datos<\/em><\/p>\n<p style=\"font-weight: 400;\"><em><strong>Luis Gotte<\/strong><\/em><\/p>\n<p style=\"font-weight: 400;\"><em>Coautor de\u00a0Buenos Ayres Humana I: La hora de tu comunidad\u00a0(Ed. Fabro, 2022),\u00a0Buenos Ayres Humana II: La hora de tus intendentes\u00a0(Ed. Fabro, 2024), y en preparaci\u00f3n:\u00a0Buenos Ayres Humana III: La hora del regionalismo productivo y la IA.<\/em><\/p>\n","protected":false},"excerpt":{"rendered":"<p>La estructura normativa y administrativa de los municipios bonaerenses enfrenta una problem\u00e1tica que no solo afecta la eficiencia en la gesti\u00f3n p\u00fablica, sino que tambi\u00e9n pone en evidencia una desconexi\u00f3n con las necesidades emergentes de los propios vecinos. En este contexto, la desactualizaci\u00f3n de las Comisiones de los Concejos Deliberantes, la falta de innovaci\u00f3n legislativa [&hellip;]<\/p>\n","protected":false},"author":3,"featured_media":111134,"comment_status":"closed","ping_status":"closed","sticky":false,"template":"","format":"standard","meta":{"footnotes":""},"categories":[24],"tags":[48],"class_list":["post-111133","post","type-post","status-publish","format-standard","has-post-thumbnail","hentry","category-politica","tag-destacada"],"yoast_head":"<!-- This site is optimized with the Yoast SEO plugin v25.9 - https:\/\/yoast.com\/wordpress\/plugins\/seo\/ -->\n<title>La desactualizaci\u00f3n de las comisiones en los concejos deliberantes bonaerenses - Noticias Radio Reflejos<\/title>\n<meta name=\"robots\" content=\"index, follow, max-snippet:-1, max-image-preview:large, max-video-preview:-1\" \/>\n<link rel=\"canonical\" href=\"https:\/\/www.noticiasradioreflejos.com.ar\/2021\/la-desactualizacion-de-las-comisiones-en-los-concejos-deliberantes-bonaerenses\/\" \/>\n<meta property=\"og:locale\" content=\"es_ES\" \/>\n<meta property=\"og:type\" content=\"article\" \/>\n<meta property=\"og:title\" content=\"La desactualizaci\u00f3n de las comisiones en los concejos deliberantes bonaerenses - Noticias Radio Reflejos\" \/>\n<meta property=\"og:description\" content=\"La estructura normativa y administrativa de los municipios bonaerenses enfrenta una problem\u00e1tica que no solo afecta la eficiencia en la gesti\u00f3n p\u00fablica, sino que tambi\u00e9n pone en evidencia una desconexi\u00f3n con las necesidades emergentes de los propios vecinos. En este contexto, la desactualizaci\u00f3n de las Comisiones de los Concejos Deliberantes, la falta de innovaci\u00f3n legislativa [&hellip;]\" \/>\n<meta property=\"og:url\" content=\"https:\/\/www.noticiasradioreflejos.com.ar\/2021\/la-desactualizacion-de-las-comisiones-en-los-concejos-deliberantes-bonaerenses\/\" \/>\n<meta property=\"og:site_name\" content=\"Noticias Radio Reflejos\" \/>\n<meta property=\"article:published_time\" content=\"2024-12-29T13:05:24+00:00\" \/>\n<meta property=\"og:image\" content=\"https:\/\/www.noticiasradioreflejos.com.ar\/2021\/wp-content\/uploads\/2024\/12\/image.png\" \/>\n\t<meta property=\"og:image:width\" content=\"790\" \/>\n\t<meta property=\"og:image:height\" content=\"444\" \/>\n\t<meta property=\"og:image:type\" content=\"image\/png\" \/>\n<meta name=\"author\" content=\"Arnaldo Botto\" \/>\n<meta name=\"twitter:card\" content=\"summary_large_image\" \/>\n<script type=\"application\/ld+json\" class=\"yoast-schema-graph\">{\"@context\":\"https:\/\/schema.org\",\"@graph\":[{\"@type\":\"WebPage\",\"@id\":\"https:\/\/www.noticiasradioreflejos.com.ar\/2021\/la-desactualizacion-de-las-comisiones-en-los-concejos-deliberantes-bonaerenses\/\",\"url\":\"https:\/\/www.noticiasradioreflejos.com.ar\/2021\/la-desactualizacion-de-las-comisiones-en-los-concejos-deliberantes-bonaerenses\/\",\"name\":\"La desactualizaci\u00f3n de las comisiones en los concejos deliberantes bonaerenses - Noticias Radio Reflejos\",\"isPartOf\":{\"@id\":\"https:\/\/www.noticiasradioreflejos.com.ar\/2021\/#website\"},\"primaryImageOfPage\":{\"@id\":\"https:\/\/www.noticiasradioreflejos.com.ar\/2021\/la-desactualizacion-de-las-comisiones-en-los-concejos-deliberantes-bonaerenses\/#primaryimage\"},\"image\":{\"@id\":\"https:\/\/www.noticiasradioreflejos.com.ar\/2021\/la-desactualizacion-de-las-comisiones-en-los-concejos-deliberantes-bonaerenses\/#primaryimage\"},\"thumbnailUrl\":\"https:\/\/www.noticiasradioreflejos.com.ar\/2021\/wp-content\/uploads\/2024\/12\/image.png\",\"datePublished\":\"2024-12-29T13:05:24+00:00\",\"author\":{\"@id\":\"https:\/\/www.noticiasradioreflejos.com.ar\/2021\/#\/schema\/person\/ad82545263dcc5ec0996818884fd5fb1\"},\"breadcrumb\":{\"@id\":\"https:\/\/www.noticiasradioreflejos.com.ar\/2021\/la-desactualizacion-de-las-comisiones-en-los-concejos-deliberantes-bonaerenses\/#breadcrumb\"},\"inLanguage\":\"es\",\"potentialAction\":[{\"@type\":\"ReadAction\",\"target\":[\"https:\/\/www.noticiasradioreflejos.com.ar\/2021\/la-desactualizacion-de-las-comisiones-en-los-concejos-deliberantes-bonaerenses\/\"]}]},{\"@type\":\"ImageObject\",\"inLanguage\":\"es\",\"@id\":\"https:\/\/www.noticiasradioreflejos.com.ar\/2021\/la-desactualizacion-de-las-comisiones-en-los-concejos-deliberantes-bonaerenses\/#primaryimage\",\"url\":\"https:\/\/www.noticiasradioreflejos.com.ar\/2021\/wp-content\/uploads\/2024\/12\/image.png\",\"contentUrl\":\"https:\/\/www.noticiasradioreflejos.com.ar\/2021\/wp-content\/uploads\/2024\/12\/image.png\",\"width\":790,\"height\":444},{\"@type\":\"BreadcrumbList\",\"@id\":\"https:\/\/www.noticiasradioreflejos.com.ar\/2021\/la-desactualizacion-de-las-comisiones-en-los-concejos-deliberantes-bonaerenses\/#breadcrumb\",\"itemListElement\":[{\"@type\":\"ListItem\",\"position\":1,\"name\":\"Portada\",\"item\":\"https:\/\/www.noticiasradioreflejos.com.ar\/2021\/\"},{\"@type\":\"ListItem\",\"position\":2,\"name\":\"La desactualizaci\u00f3n de las comisiones en los concejos deliberantes bonaerenses\"}]},{\"@type\":\"WebSite\",\"@id\":\"https:\/\/www.noticiasradioreflejos.com.ar\/2021\/#website\",\"url\":\"https:\/\/www.noticiasradioreflejos.com.ar\/2021\/\",\"name\":\"Noticias Radio Reflejos\",\"description\":\"Las noticias de mi comarca\",\"potentialAction\":[{\"@type\":\"SearchAction\",\"target\":{\"@type\":\"EntryPoint\",\"urlTemplate\":\"https:\/\/www.noticiasradioreflejos.com.ar\/2021\/?s={search_term_string}\"},\"query-input\":{\"@type\":\"PropertyValueSpecification\",\"valueRequired\":true,\"valueName\":\"search_term_string\"}}],\"inLanguage\":\"es\"},{\"@type\":\"Person\",\"@id\":\"https:\/\/www.noticiasradioreflejos.com.ar\/2021\/#\/schema\/person\/ad82545263dcc5ec0996818884fd5fb1\",\"name\":\"Arnaldo Botto\",\"image\":{\"@type\":\"ImageObject\",\"inLanguage\":\"es\",\"@id\":\"https:\/\/www.noticiasradioreflejos.com.ar\/2021\/#\/schema\/person\/image\/\",\"url\":\"https:\/\/secure.gravatar.com\/avatar\/55cb5e37c1efa326397366e6974cb338056df65cb50e7d64d1cf314e87504837?s=96&d=mm&r=g\",\"contentUrl\":\"https:\/\/secure.gravatar.com\/avatar\/55cb5e37c1efa326397366e6974cb338056df65cb50e7d64d1cf314e87504837?s=96&d=mm&r=g\",\"caption\":\"Arnaldo Botto\"},\"url\":\"https:\/\/www.noticiasradioreflejos.com.ar\/2021\/author\/arnaldo\/\"}]}<\/script>\n<!-- \/ Yoast SEO plugin. -->","yoast_head_json":{"title":"La desactualizaci\u00f3n de las comisiones en los concejos deliberantes bonaerenses - Noticias Radio Reflejos","robots":{"index":"index","follow":"follow","max-snippet":"max-snippet:-1","max-image-preview":"max-image-preview:large","max-video-preview":"max-video-preview:-1"},"canonical":"https:\/\/www.noticiasradioreflejos.com.ar\/2021\/la-desactualizacion-de-las-comisiones-en-los-concejos-deliberantes-bonaerenses\/","og_locale":"es_ES","og_type":"article","og_title":"La desactualizaci\u00f3n de las comisiones en los concejos deliberantes bonaerenses - Noticias Radio Reflejos","og_description":"La estructura normativa y administrativa de los municipios bonaerenses enfrenta una problem\u00e1tica que no solo afecta la eficiencia en la gesti\u00f3n p\u00fablica, sino que tambi\u00e9n pone en evidencia una desconexi\u00f3n con las necesidades emergentes de los propios vecinos. En este contexto, la desactualizaci\u00f3n de las Comisiones de los Concejos Deliberantes, la falta de innovaci\u00f3n legislativa [&hellip;]","og_url":"https:\/\/www.noticiasradioreflejos.com.ar\/2021\/la-desactualizacion-de-las-comisiones-en-los-concejos-deliberantes-bonaerenses\/","og_site_name":"Noticias Radio Reflejos","article_published_time":"2024-12-29T13:05:24+00:00","og_image":[{"width":790,"height":444,"url":"https:\/\/www.noticiasradioreflejos.com.ar\/2021\/wp-content\/uploads\/2024\/12\/image.png","type":"image\/png"}],"author":"Arnaldo Botto","twitter_card":"summary_large_image","schema":{"@context":"https:\/\/schema.org","@graph":[{"@type":"WebPage","@id":"https:\/\/www.noticiasradioreflejos.com.ar\/2021\/la-desactualizacion-de-las-comisiones-en-los-concejos-deliberantes-bonaerenses\/","url":"https:\/\/www.noticiasradioreflejos.com.ar\/2021\/la-desactualizacion-de-las-comisiones-en-los-concejos-deliberantes-bonaerenses\/","name":"La desactualizaci\u00f3n de las comisiones en los concejos deliberantes bonaerenses - Noticias Radio Reflejos","isPartOf":{"@id":"https:\/\/www.noticiasradioreflejos.com.ar\/2021\/#website"},"primaryImageOfPage":{"@id":"https:\/\/www.noticiasradioreflejos.com.ar\/2021\/la-desactualizacion-de-las-comisiones-en-los-concejos-deliberantes-bonaerenses\/#primaryimage"},"image":{"@id":"https:\/\/www.noticiasradioreflejos.com.ar\/2021\/la-desactualizacion-de-las-comisiones-en-los-concejos-deliberantes-bonaerenses\/#primaryimage"},"thumbnailUrl":"https:\/\/www.noticiasradioreflejos.com.ar\/2021\/wp-content\/uploads\/2024\/12\/image.png","datePublished":"2024-12-29T13:05:24+00:00","author":{"@id":"https:\/\/www.noticiasradioreflejos.com.ar\/2021\/#\/schema\/person\/ad82545263dcc5ec0996818884fd5fb1"},"breadcrumb":{"@id":"https:\/\/www.noticiasradioreflejos.com.ar\/2021\/la-desactualizacion-de-las-comisiones-en-los-concejos-deliberantes-bonaerenses\/#breadcrumb"},"inLanguage":"es","potentialAction":[{"@type":"ReadAction","target":["https:\/\/www.noticiasradioreflejos.com.ar\/2021\/la-desactualizacion-de-las-comisiones-en-los-concejos-deliberantes-bonaerenses\/"]}]},{"@type":"ImageObject","inLanguage":"es","@id":"https:\/\/www.noticiasradioreflejos.com.ar\/2021\/la-desactualizacion-de-las-comisiones-en-los-concejos-deliberantes-bonaerenses\/#primaryimage","url":"https:\/\/www.noticiasradioreflejos.com.ar\/2021\/wp-content\/uploads\/2024\/12\/image.png","contentUrl":"https:\/\/www.noticiasradioreflejos.com.ar\/2021\/wp-content\/uploads\/2024\/12\/image.png","width":790,"height":444},{"@type":"BreadcrumbList","@id":"https:\/\/www.noticiasradioreflejos.com.ar\/2021\/la-desactualizacion-de-las-comisiones-en-los-concejos-deliberantes-bonaerenses\/#breadcrumb","itemListElement":[{"@type":"ListItem","position":1,"name":"Portada","item":"https:\/\/www.noticiasradioreflejos.com.ar\/2021\/"},{"@type":"ListItem","position":2,"name":"La desactualizaci\u00f3n de las comisiones en los concejos deliberantes bonaerenses"}]},{"@type":"WebSite","@id":"https:\/\/www.noticiasradioreflejos.com.ar\/2021\/#website","url":"https:\/\/www.noticiasradioreflejos.com.ar\/2021\/","name":"Noticias Radio Reflejos","description":"Las noticias de mi comarca","potentialAction":[{"@type":"SearchAction","target":{"@type":"EntryPoint","urlTemplate":"https:\/\/www.noticiasradioreflejos.com.ar\/2021\/?s={search_term_string}"},"query-input":{"@type":"PropertyValueSpecification","valueRequired":true,"valueName":"search_term_string"}}],"inLanguage":"es"},{"@type":"Person","@id":"https:\/\/www.noticiasradioreflejos.com.ar\/2021\/#\/schema\/person\/ad82545263dcc5ec0996818884fd5fb1","name":"Arnaldo Botto","image":{"@type":"ImageObject","inLanguage":"es","@id":"https:\/\/www.noticiasradioreflejos.com.ar\/2021\/#\/schema\/person\/image\/","url":"https:\/\/secure.gravatar.com\/avatar\/55cb5e37c1efa326397366e6974cb338056df65cb50e7d64d1cf314e87504837?s=96&d=mm&r=g","contentUrl":"https:\/\/secure.gravatar.com\/avatar\/55cb5e37c1efa326397366e6974cb338056df65cb50e7d64d1cf314e87504837?s=96&d=mm&r=g","caption":"Arnaldo Botto"},"url":"https:\/\/www.noticiasradioreflejos.com.ar\/2021\/author\/arnaldo\/"}]}},"_links":{"self":[{"href":"https:\/\/www.noticiasradioreflejos.com.ar\/2021\/wp-json\/wp\/v2\/posts\/111133","targetHints":{"allow":["GET"]}}],"collection":[{"href":"https:\/\/www.noticiasradioreflejos.com.ar\/2021\/wp-json\/wp\/v2\/posts"}],"about":[{"href":"https:\/\/www.noticiasradioreflejos.com.ar\/2021\/wp-json\/wp\/v2\/types\/post"}],"author":[{"embeddable":true,"href":"https:\/\/www.noticiasradioreflejos.com.ar\/2021\/wp-json\/wp\/v2\/users\/3"}],"replies":[{"embeddable":true,"href":"https:\/\/www.noticiasradioreflejos.com.ar\/2021\/wp-json\/wp\/v2\/comments?post=111133"}],"version-history":[{"count":1,"href":"https:\/\/www.noticiasradioreflejos.com.ar\/2021\/wp-json\/wp\/v2\/posts\/111133\/revisions"}],"predecessor-version":[{"id":111135,"href":"https:\/\/www.noticiasradioreflejos.com.ar\/2021\/wp-json\/wp\/v2\/posts\/111133\/revisions\/111135"}],"wp:featuredmedia":[{"embeddable":true,"href":"https:\/\/www.noticiasradioreflejos.com.ar\/2021\/wp-json\/wp\/v2\/media\/111134"}],"wp:attachment":[{"href":"https:\/\/www.noticiasradioreflejos.com.ar\/2021\/wp-json\/wp\/v2\/media?parent=111133"}],"wp:term":[{"taxonomy":"category","embeddable":true,"href":"https:\/\/www.noticiasradioreflejos.com.ar\/2021\/wp-json\/wp\/v2\/categories?post=111133"},{"taxonomy":"post_tag","embeddable":true,"href":"https:\/\/www.noticiasradioreflejos.com.ar\/2021\/wp-json\/wp\/v2\/tags?post=111133"}],"curies":[{"name":"wp","href":"https:\/\/api.w.org\/{rel}","templated":true}]}}