{"id":111130,"date":"2024-12-28T14:45:29","date_gmt":"2024-12-28T17:45:29","guid":{"rendered":"https:\/\/www.noticiasradioreflejos.com.ar\/2021\/?p=111130"},"modified":"2024-12-28T14:45:29","modified_gmt":"2024-12-28T17:45:29","slug":"la-provincia-tiene-que-tener-presupuesto-pero-el-gobierno-no-quiso","status":"publish","type":"post","link":"https:\/\/www.noticiasradioreflejos.com.ar\/2021\/la-provincia-tiene-que-tener-presupuesto-pero-el-gobierno-no-quiso\/","title":{"rendered":"\u201cLa Provincia tiene que tener presupuesto, pero el Gobierno no quiso\u201d"},"content":{"rendered":"<p style=\"font-weight: 400;\">Lo se\u00f1alaron desde la UCR los legisladores Emiliano Balb\u00edn y Nerina Neumann Losada. \u201cLa falta de consenso por parte del gobierno de Kicillof en temas impositivos, de endeudamiento y gasto generaron preocupaci\u00f3n. No se promovi\u00f3 un \u00e1mbito de di\u00e1logo ni se aceptaron sugerencias que enriquecieran la propuesta. Adem\u00e1s las reuniones de trabajo fueron reemplazadas por posteos en redes sociales, evidenciando una falta de transparencia y compromiso democr\u00e1tico\u201d, agregaron.<!--more--><\/p>\n<p style=\"font-weight: 400;\">Luego de ca\u00eddo el tratamiento del presupuesto general de gastos y la Ley Impositiva, desde el radicalismo expresaron las razones por las cuales se lleg\u00f3 a ese resultado. Los legisladores de la UCR de la Sexta secci\u00f3n, el diputado Emiliano Balb\u00edn y la senadora Nerina Neumann Losada indicaron que \u201cla Provincia de Buenos Aires necesita un presupuesto para avanzar en \u00e1reas fundamentales como educaci\u00f3n, seguridad, salud e infraestructura, con el objetivo de mejorar la calidad de vida de sus habitantes. Contar con esta herramienta es esencial para financiar y optimizar los recursos en beneficio de los bonaerenses\u201d.<\/p>\n<p style=\"font-weight: 400;\">\n<p style=\"font-weight: 400;\">\u201cNuestros bloques \u2013agregaron-, trabajaron para aprobar un presupuesto que baje impuestos, evite el incremento del gasto y no sea utilizado de manera discrecional. Consideramos necesario establecer l\u00edmites para proteger los intereses de la poblaci\u00f3n y garantizar un uso responsable de los fondos p\u00fablicos\u201d.<\/p>\n<p style=\"font-weight: 400;\">\n<p style=\"font-weight: 400;\">\u201cPero desde el oficialismo rechazaron la propuesta de otorgar autonom\u00eda a IOMA y las medidas destinadas a mejorar la obra social. Tambi\u00e9n desestimaron las solicitudes de obras relacionadas con rutas y viviendas, as\u00ed como la incorporaci\u00f3n de los beneficios previstos en la Ley del Sudoeste y el Fondo de Fortalecimiento Municipal, que le otorga mayor autonom\u00eda a los municipios\u201d, expresaron.<\/p>\n<p style=\"font-weight: 400;\">\n<p style=\"font-weight: 400;\">Finalmente manifestaron: \u201creafirmamos nuestro compromiso con los bonaerenses para lograr un presupuesto que priorice sus necesidades. Seguiremos trabajando por una herramienta que dependa de la gesti\u00f3n responsable y que beneficie a toda la Provincia, mientras se\u00f1alamos que la responsabilidad \u00faltima recae en quienes toman las decisiones\u201d.<\/p>\n<p style=\"font-weight: 400;\">\n","protected":false},"excerpt":{"rendered":"<p>Lo se\u00f1alaron desde la UCR los legisladores Emiliano Balb\u00edn y Nerina Neumann Losada. \u201cLa falta de consenso por parte del gobierno de Kicillof en temas impositivos, de endeudamiento y gasto generaron preocupaci\u00f3n. No se promovi\u00f3 un \u00e1mbito de di\u00e1logo ni se aceptaron sugerencias que enriquecieran la propuesta. Adem\u00e1s las reuniones de trabajo fueron reemplazadas por [&hellip;]<\/p>\n","protected":false},"author":3,"featured_media":111131,"comment_status":"closed","ping_status":"closed","sticky":false,"template":"","format":"standard","meta":{"footnotes":""},"categories":[24],"tags":[],"class_list":["post-111130","post","type-post","status-publish","format-standard","has-post-thumbnail","hentry","category-politica"],"yoast_head":"<!-- This site is optimized with the Yoast SEO plugin v25.9 - https:\/\/yoast.com\/wordpress\/plugins\/seo\/ -->\n<title>\u201cLa Provincia tiene que tener presupuesto, pero el Gobierno no quiso\u201d - Noticias Radio Reflejos<\/title>\n<meta name=\"robots\" content=\"index, follow, max-snippet:-1, max-image-preview:large, max-video-preview:-1\" \/>\n<link rel=\"canonical\" href=\"https:\/\/www.noticiasradioreflejos.com.ar\/2021\/la-provincia-tiene-que-tener-presupuesto-pero-el-gobierno-no-quiso\/\" \/>\n<meta property=\"og:locale\" content=\"es_ES\" \/>\n<meta property=\"og:type\" content=\"article\" \/>\n<meta property=\"og:title\" content=\"\u201cLa Provincia tiene que tener presupuesto, pero el Gobierno no quiso\u201d - Noticias Radio Reflejos\" \/>\n<meta property=\"og:description\" content=\"Lo se\u00f1alaron desde la UCR los legisladores Emiliano Balb\u00edn y Nerina Neumann Losada. \u201cLa falta de consenso por parte del gobierno de Kicillof en temas impositivos, de endeudamiento y gasto generaron preocupaci\u00f3n. No se promovi\u00f3 un \u00e1mbito de di\u00e1logo ni se aceptaron sugerencias que enriquecieran la propuesta. Adem\u00e1s las reuniones de trabajo fueron reemplazadas por [&hellip;]\" \/>\n<meta property=\"og:url\" content=\"https:\/\/www.noticiasradioreflejos.com.ar\/2021\/la-provincia-tiene-que-tener-presupuesto-pero-el-gobierno-no-quiso\/\" \/>\n<meta property=\"og:site_name\" content=\"Noticias Radio Reflejos\" \/>\n<meta property=\"article:published_time\" content=\"2024-12-28T17:45:29+00:00\" \/>\n<meta property=\"og:image\" content=\"https:\/\/www.noticiasradioreflejos.com.ar\/2021\/wp-content\/uploads\/2024\/12\/emiliano.jpeg\" \/>\n\t<meta property=\"og:image:width\" content=\"1599\" \/>\n\t<meta property=\"og:image:height\" content=\"1066\" \/>\n\t<meta property=\"og:image:type\" content=\"image\/jpeg\" \/>\n<meta name=\"author\" content=\"Arnaldo Botto\" \/>\n<meta name=\"twitter:card\" content=\"summary_large_image\" \/>\n<script type=\"application\/ld+json\" class=\"yoast-schema-graph\">{\"@context\":\"https:\/\/schema.org\",\"@graph\":[{\"@type\":\"WebPage\",\"@id\":\"https:\/\/www.noticiasradioreflejos.com.ar\/2021\/la-provincia-tiene-que-tener-presupuesto-pero-el-gobierno-no-quiso\/\",\"url\":\"https:\/\/www.noticiasradioreflejos.com.ar\/2021\/la-provincia-tiene-que-tener-presupuesto-pero-el-gobierno-no-quiso\/\",\"name\":\"\u201cLa Provincia tiene que tener presupuesto, pero el Gobierno no quiso\u201d - Noticias Radio Reflejos\",\"isPartOf\":{\"@id\":\"https:\/\/www.noticiasradioreflejos.com.ar\/2021\/#website\"},\"primaryImageOfPage\":{\"@id\":\"https:\/\/www.noticiasradioreflejos.com.ar\/2021\/la-provincia-tiene-que-tener-presupuesto-pero-el-gobierno-no-quiso\/#primaryimage\"},\"image\":{\"@id\":\"https:\/\/www.noticiasradioreflejos.com.ar\/2021\/la-provincia-tiene-que-tener-presupuesto-pero-el-gobierno-no-quiso\/#primaryimage\"},\"thumbnailUrl\":\"https:\/\/www.noticiasradioreflejos.com.ar\/2021\/wp-content\/uploads\/2024\/12\/emiliano.jpeg\",\"datePublished\":\"2024-12-28T17:45:29+00:00\",\"author\":{\"@id\":\"https:\/\/www.noticiasradioreflejos.com.ar\/2021\/#\/schema\/person\/ad82545263dcc5ec0996818884fd5fb1\"},\"breadcrumb\":{\"@id\":\"https:\/\/www.noticiasradioreflejos.com.ar\/2021\/la-provincia-tiene-que-tener-presupuesto-pero-el-gobierno-no-quiso\/#breadcrumb\"},\"inLanguage\":\"es\",\"potentialAction\":[{\"@type\":\"ReadAction\",\"target\":[\"https:\/\/www.noticiasradioreflejos.com.ar\/2021\/la-provincia-tiene-que-tener-presupuesto-pero-el-gobierno-no-quiso\/\"]}]},{\"@type\":\"ImageObject\",\"inLanguage\":\"es\",\"@id\":\"https:\/\/www.noticiasradioreflejos.com.ar\/2021\/la-provincia-tiene-que-tener-presupuesto-pero-el-gobierno-no-quiso\/#primaryimage\",\"url\":\"https:\/\/www.noticiasradioreflejos.com.ar\/2021\/wp-content\/uploads\/2024\/12\/emiliano.jpeg\",\"contentUrl\":\"https:\/\/www.noticiasradioreflejos.com.ar\/2021\/wp-content\/uploads\/2024\/12\/emiliano.jpeg\",\"width\":1599,\"height\":1066},{\"@type\":\"BreadcrumbList\",\"@id\":\"https:\/\/www.noticiasradioreflejos.com.ar\/2021\/la-provincia-tiene-que-tener-presupuesto-pero-el-gobierno-no-quiso\/#breadcrumb\",\"itemListElement\":[{\"@type\":\"ListItem\",\"position\":1,\"name\":\"Portada\",\"item\":\"https:\/\/www.noticiasradioreflejos.com.ar\/2021\/\"},{\"@type\":\"ListItem\",\"position\":2,\"name\":\"\u201cLa Provincia tiene que tener presupuesto, pero el Gobierno no quiso\u201d\"}]},{\"@type\":\"WebSite\",\"@id\":\"https:\/\/www.noticiasradioreflejos.com.ar\/2021\/#website\",\"url\":\"https:\/\/www.noticiasradioreflejos.com.ar\/2021\/\",\"name\":\"Noticias Radio Reflejos\",\"description\":\"Las noticias de mi comarca\",\"potentialAction\":[{\"@type\":\"SearchAction\",\"target\":{\"@type\":\"EntryPoint\",\"urlTemplate\":\"https:\/\/www.noticiasradioreflejos.com.ar\/2021\/?s={search_term_string}\"},\"query-input\":{\"@type\":\"PropertyValueSpecification\",\"valueRequired\":true,\"valueName\":\"search_term_string\"}}],\"inLanguage\":\"es\"},{\"@type\":\"Person\",\"@id\":\"https:\/\/www.noticiasradioreflejos.com.ar\/2021\/#\/schema\/person\/ad82545263dcc5ec0996818884fd5fb1\",\"name\":\"Arnaldo Botto\",\"image\":{\"@type\":\"ImageObject\",\"inLanguage\":\"es\",\"@id\":\"https:\/\/www.noticiasradioreflejos.com.ar\/2021\/#\/schema\/person\/image\/\",\"url\":\"https:\/\/secure.gravatar.com\/avatar\/55cb5e37c1efa326397366e6974cb338056df65cb50e7d64d1cf314e87504837?s=96&d=mm&r=g\",\"contentUrl\":\"https:\/\/secure.gravatar.com\/avatar\/55cb5e37c1efa326397366e6974cb338056df65cb50e7d64d1cf314e87504837?s=96&d=mm&r=g\",\"caption\":\"Arnaldo Botto\"},\"url\":\"https:\/\/www.noticiasradioreflejos.com.ar\/2021\/author\/arnaldo\/\"}]}<\/script>\n<!-- \/ Yoast SEO plugin. -->","yoast_head_json":{"title":"\u201cLa Provincia tiene que tener presupuesto, pero el Gobierno no quiso\u201d - Noticias Radio Reflejos","robots":{"index":"index","follow":"follow","max-snippet":"max-snippet:-1","max-image-preview":"max-image-preview:large","max-video-preview":"max-video-preview:-1"},"canonical":"https:\/\/www.noticiasradioreflejos.com.ar\/2021\/la-provincia-tiene-que-tener-presupuesto-pero-el-gobierno-no-quiso\/","og_locale":"es_ES","og_type":"article","og_title":"\u201cLa Provincia tiene que tener presupuesto, pero el Gobierno no quiso\u201d - Noticias Radio Reflejos","og_description":"Lo se\u00f1alaron desde la UCR los legisladores Emiliano Balb\u00edn y Nerina Neumann Losada. \u201cLa falta de consenso por parte del gobierno de Kicillof en temas impositivos, de endeudamiento y gasto generaron preocupaci\u00f3n. No se promovi\u00f3 un \u00e1mbito de di\u00e1logo ni se aceptaron sugerencias que enriquecieran la propuesta. Adem\u00e1s las reuniones de trabajo fueron reemplazadas por [&hellip;]","og_url":"https:\/\/www.noticiasradioreflejos.com.ar\/2021\/la-provincia-tiene-que-tener-presupuesto-pero-el-gobierno-no-quiso\/","og_site_name":"Noticias Radio Reflejos","article_published_time":"2024-12-28T17:45:29+00:00","og_image":[{"width":1599,"height":1066,"url":"https:\/\/www.noticiasradioreflejos.com.ar\/2021\/wp-content\/uploads\/2024\/12\/emiliano.jpeg","type":"image\/jpeg"}],"author":"Arnaldo Botto","twitter_card":"summary_large_image","schema":{"@context":"https:\/\/schema.org","@graph":[{"@type":"WebPage","@id":"https:\/\/www.noticiasradioreflejos.com.ar\/2021\/la-provincia-tiene-que-tener-presupuesto-pero-el-gobierno-no-quiso\/","url":"https:\/\/www.noticiasradioreflejos.com.ar\/2021\/la-provincia-tiene-que-tener-presupuesto-pero-el-gobierno-no-quiso\/","name":"\u201cLa Provincia tiene que tener presupuesto, pero el Gobierno no quiso\u201d - Noticias Radio Reflejos","isPartOf":{"@id":"https:\/\/www.noticiasradioreflejos.com.ar\/2021\/#website"},"primaryImageOfPage":{"@id":"https:\/\/www.noticiasradioreflejos.com.ar\/2021\/la-provincia-tiene-que-tener-presupuesto-pero-el-gobierno-no-quiso\/#primaryimage"},"image":{"@id":"https:\/\/www.noticiasradioreflejos.com.ar\/2021\/la-provincia-tiene-que-tener-presupuesto-pero-el-gobierno-no-quiso\/#primaryimage"},"thumbnailUrl":"https:\/\/www.noticiasradioreflejos.com.ar\/2021\/wp-content\/uploads\/2024\/12\/emiliano.jpeg","datePublished":"2024-12-28T17:45:29+00:00","author":{"@id":"https:\/\/www.noticiasradioreflejos.com.ar\/2021\/#\/schema\/person\/ad82545263dcc5ec0996818884fd5fb1"},"breadcrumb":{"@id":"https:\/\/www.noticiasradioreflejos.com.ar\/2021\/la-provincia-tiene-que-tener-presupuesto-pero-el-gobierno-no-quiso\/#breadcrumb"},"inLanguage":"es","potentialAction":[{"@type":"ReadAction","target":["https:\/\/www.noticiasradioreflejos.com.ar\/2021\/la-provincia-tiene-que-tener-presupuesto-pero-el-gobierno-no-quiso\/"]}]},{"@type":"ImageObject","inLanguage":"es","@id":"https:\/\/www.noticiasradioreflejos.com.ar\/2021\/la-provincia-tiene-que-tener-presupuesto-pero-el-gobierno-no-quiso\/#primaryimage","url":"https:\/\/www.noticiasradioreflejos.com.ar\/2021\/wp-content\/uploads\/2024\/12\/emiliano.jpeg","contentUrl":"https:\/\/www.noticiasradioreflejos.com.ar\/2021\/wp-content\/uploads\/2024\/12\/emiliano.jpeg","width":1599,"height":1066},{"@type":"BreadcrumbList","@id":"https:\/\/www.noticiasradioreflejos.com.ar\/2021\/la-provincia-tiene-que-tener-presupuesto-pero-el-gobierno-no-quiso\/#breadcrumb","itemListElement":[{"@type":"ListItem","position":1,"name":"Portada","item":"https:\/\/www.noticiasradioreflejos.com.ar\/2021\/"},{"@type":"ListItem","position":2,"name":"\u201cLa Provincia tiene que tener presupuesto, pero el Gobierno no quiso\u201d"}]},{"@type":"WebSite","@id":"https:\/\/www.noticiasradioreflejos.com.ar\/2021\/#website","url":"https:\/\/www.noticiasradioreflejos.com.ar\/2021\/","name":"Noticias Radio Reflejos","description":"Las noticias de mi comarca","potentialAction":[{"@type":"SearchAction","target":{"@type":"EntryPoint","urlTemplate":"https:\/\/www.noticiasradioreflejos.com.ar\/2021\/?s={search_term_string}"},"query-input":{"@type":"PropertyValueSpecification","valueRequired":true,"valueName":"search_term_string"}}],"inLanguage":"es"},{"@type":"Person","@id":"https:\/\/www.noticiasradioreflejos.com.ar\/2021\/#\/schema\/person\/ad82545263dcc5ec0996818884fd5fb1","name":"Arnaldo Botto","image":{"@type":"ImageObject","inLanguage":"es","@id":"https:\/\/www.noticiasradioreflejos.com.ar\/2021\/#\/schema\/person\/image\/","url":"https:\/\/secure.gravatar.com\/avatar\/55cb5e37c1efa326397366e6974cb338056df65cb50e7d64d1cf314e87504837?s=96&d=mm&r=g","contentUrl":"https:\/\/secure.gravatar.com\/avatar\/55cb5e37c1efa326397366e6974cb338056df65cb50e7d64d1cf314e87504837?s=96&d=mm&r=g","caption":"Arnaldo Botto"},"url":"https:\/\/www.noticiasradioreflejos.com.ar\/2021\/author\/arnaldo\/"}]}},"_links":{"self":[{"href":"https:\/\/www.noticiasradioreflejos.com.ar\/2021\/wp-json\/wp\/v2\/posts\/111130","targetHints":{"allow":["GET"]}}],"collection":[{"href":"https:\/\/www.noticiasradioreflejos.com.ar\/2021\/wp-json\/wp\/v2\/posts"}],"about":[{"href":"https:\/\/www.noticiasradioreflejos.com.ar\/2021\/wp-json\/wp\/v2\/types\/post"}],"author":[{"embeddable":true,"href":"https:\/\/www.noticiasradioreflejos.com.ar\/2021\/wp-json\/wp\/v2\/users\/3"}],"replies":[{"embeddable":true,"href":"https:\/\/www.noticiasradioreflejos.com.ar\/2021\/wp-json\/wp\/v2\/comments?post=111130"}],"version-history":[{"count":1,"href":"https:\/\/www.noticiasradioreflejos.com.ar\/2021\/wp-json\/wp\/v2\/posts\/111130\/revisions"}],"predecessor-version":[{"id":111132,"href":"https:\/\/www.noticiasradioreflejos.com.ar\/2021\/wp-json\/wp\/v2\/posts\/111130\/revisions\/111132"}],"wp:featuredmedia":[{"embeddable":true,"href":"https:\/\/www.noticiasradioreflejos.com.ar\/2021\/wp-json\/wp\/v2\/media\/111131"}],"wp:attachment":[{"href":"https:\/\/www.noticiasradioreflejos.com.ar\/2021\/wp-json\/wp\/v2\/media?parent=111130"}],"wp:term":[{"taxonomy":"category","embeddable":true,"href":"https:\/\/www.noticiasradioreflejos.com.ar\/2021\/wp-json\/wp\/v2\/categories?post=111130"},{"taxonomy":"post_tag","embeddable":true,"href":"https:\/\/www.noticiasradioreflejos.com.ar\/2021\/wp-json\/wp\/v2\/tags?post=111130"}],"curies":[{"name":"wp","href":"https:\/\/api.w.org\/{rel}","templated":true}]}}