{"id":111127,"date":"2024-12-28T14:43:37","date_gmt":"2024-12-28T17:43:37","guid":{"rendered":"https:\/\/www.noticiasradioreflejos.com.ar\/2021\/?p=111127"},"modified":"2024-12-28T14:43:37","modified_gmt":"2024-12-28T17:43:37","slug":"en-villa-ventana-prendieron-fuego-pastos-secos-y-se-quemaron-cables-de-telefonia","status":"publish","type":"post","link":"https:\/\/www.noticiasradioreflejos.com.ar\/2021\/en-villa-ventana-prendieron-fuego-pastos-secos-y-se-quemaron-cables-de-telefonia\/","title":{"rendered":"En Villa Ventana prendieron fuego pastos secos y se quemaron cables de telefon\u00eda"},"content":{"rendered":"<p>Ocurri\u00f3 anoche alrededor de las 21:15 hs. en la localidad de Villa ventana en calle Benteveo, entre Curamalal y Cerro Napost\u00e1.<!--more--><br \/>\nEn el lugar se encontraba acumulada una cantidad importante de la denominada \u201cpaja voladora\u201d, altamente combustible, a tal punto que las llamas alcanzaron el tendido \u00e1ereo de los distintos servicios que presta la Cooperativa.<br \/>\nPersonal de la CELT. de Villa Ventana de inmediato se hizo presente en el lugar comprobando que las llamas hab\u00edan quemado un tramo de cable del servicio de telefon\u00eda y deterioros en la fibra \u00f3ptica y en conductores del servicio de televisi\u00f3n-<br \/>\n<img loading=\"lazy\" decoding=\"async\" class=\"alignnone wp-image-87183 size-large\" src=\"https:\/\/www.celttv.com.ar\/wp-content\/uploads\/2024\/12\/1-2-576x1024.jpg\" sizes=\"auto, (max-width: 576px) 100vw, 576px\" srcset=\"https:\/\/www.celttv.com.ar\/wp-content\/uploads\/2024\/12\/1-2-576x1024.jpg 576w, https:\/\/www.celttv.com.ar\/wp-content\/uploads\/2024\/12\/1-2-169x300.jpg 169w, https:\/\/www.celttv.com.ar\/wp-content\/uploads\/2024\/12\/1-2.jpg 720w\" alt=\"\" width=\"576\" height=\"1024\" data-pin-no-hover=\"true\" \/>\u00a0<img loading=\"lazy\" decoding=\"async\" class=\"alignnone wp-image-87184 size-large\" src=\"https:\/\/www.celttv.com.ar\/wp-content\/uploads\/2024\/12\/2-2-1024x576.jpg\" sizes=\"auto, (max-width: 1024px) 100vw, 1024px\" srcset=\"https:\/\/www.celttv.com.ar\/wp-content\/uploads\/2024\/12\/2-2-1024x576.jpg 1024w, https:\/\/www.celttv.com.ar\/wp-content\/uploads\/2024\/12\/2-2-300x169.jpg 300w, https:\/\/www.celttv.com.ar\/wp-content\/uploads\/2024\/12\/2-2-768x432.jpg 768w, https:\/\/www.celttv.com.ar\/wp-content\/uploads\/2024\/12\/2-2-750x422.jpg 750w, https:\/\/www.celttv.com.ar\/wp-content\/uploads\/2024\/12\/2-2-1140x641.jpg 1140w, https:\/\/www.celttv.com.ar\/wp-content\/uploads\/2024\/12\/2-2.jpg 1280w\" alt=\"\" width=\"1024\" height=\"576\" data-pin-no-hover=\"true\" \/>\u00a0<img loading=\"lazy\" decoding=\"async\" class=\"alignnone wp-image-87185 size-large\" src=\"https:\/\/www.celttv.com.ar\/wp-content\/uploads\/2024\/12\/3-2-576x1024.jpg\" sizes=\"auto, (max-width: 576px) 100vw, 576px\" srcset=\"https:\/\/www.celttv.com.ar\/wp-content\/uploads\/2024\/12\/3-2-576x1024.jpg 576w, https:\/\/www.celttv.com.ar\/wp-content\/uploads\/2024\/12\/3-2-169x300.jpg 169w, https:\/\/www.celttv.com.ar\/wp-content\/uploads\/2024\/12\/3-2.jpg 720w\" alt=\"\" width=\"576\" height=\"1024\" data-pin-no-hover=\"true\" \/><\/p>\n","protected":false},"excerpt":{"rendered":"<p>Ocurri\u00f3 anoche alrededor de las 21:15 hs. en la localidad de Villa ventana en calle Benteveo, entre Curamalal y Cerro Napost\u00e1.<\/p>\n","protected":false},"author":3,"featured_media":0,"comment_status":"closed","ping_status":"closed","sticky":false,"template":"","format":"standard","meta":{"footnotes":""},"categories":[26],"tags":[],"class_list":["post-111127","post","type-post","status-publish","format-standard","hentry","category-sociedad"],"yoast_head":"<!-- This site is optimized with the Yoast SEO plugin v25.9 - https:\/\/yoast.com\/wordpress\/plugins\/seo\/ -->\n<title>En Villa Ventana prendieron fuego pastos secos y se quemaron cables de telefon\u00eda - Noticias Radio Reflejos<\/title>\n<meta name=\"robots\" content=\"index, follow, max-snippet:-1, max-image-preview:large, max-video-preview:-1\" \/>\n<link rel=\"canonical\" href=\"https:\/\/www.noticiasradioreflejos.com.ar\/2021\/en-villa-ventana-prendieron-fuego-pastos-secos-y-se-quemaron-cables-de-telefonia\/\" \/>\n<meta property=\"og:locale\" content=\"es_ES\" \/>\n<meta property=\"og:type\" content=\"article\" \/>\n<meta property=\"og:title\" content=\"En Villa Ventana prendieron fuego pastos secos y se quemaron cables de telefon\u00eda - Noticias Radio Reflejos\" \/>\n<meta property=\"og:description\" content=\"Ocurri\u00f3 anoche alrededor de las 21:15 hs. en la localidad de Villa ventana en calle Benteveo, entre Curamalal y Cerro Napost\u00e1.\" \/>\n<meta property=\"og:url\" content=\"https:\/\/www.noticiasradioreflejos.com.ar\/2021\/en-villa-ventana-prendieron-fuego-pastos-secos-y-se-quemaron-cables-de-telefonia\/\" \/>\n<meta property=\"og:site_name\" content=\"Noticias Radio Reflejos\" \/>\n<meta property=\"article:published_time\" content=\"2024-12-28T17:43:37+00:00\" \/>\n<meta property=\"og:image\" content=\"https:\/\/www.celttv.com.ar\/wp-content\/uploads\/2024\/12\/1-2-576x1024.jpg\" \/>\n<meta name=\"author\" content=\"Arnaldo Botto\" \/>\n<meta name=\"twitter:card\" content=\"summary_large_image\" \/>\n<script type=\"application\/ld+json\" class=\"yoast-schema-graph\">{\"@context\":\"https:\/\/schema.org\",\"@graph\":[{\"@type\":\"WebPage\",\"@id\":\"https:\/\/www.noticiasradioreflejos.com.ar\/2021\/en-villa-ventana-prendieron-fuego-pastos-secos-y-se-quemaron-cables-de-telefonia\/\",\"url\":\"https:\/\/www.noticiasradioreflejos.com.ar\/2021\/en-villa-ventana-prendieron-fuego-pastos-secos-y-se-quemaron-cables-de-telefonia\/\",\"name\":\"En Villa Ventana prendieron fuego pastos secos y se quemaron cables de telefon\u00eda - Noticias Radio Reflejos\",\"isPartOf\":{\"@id\":\"https:\/\/www.noticiasradioreflejos.com.ar\/2021\/#website\"},\"primaryImageOfPage\":{\"@id\":\"https:\/\/www.noticiasradioreflejos.com.ar\/2021\/en-villa-ventana-prendieron-fuego-pastos-secos-y-se-quemaron-cables-de-telefonia\/#primaryimage\"},\"image\":{\"@id\":\"https:\/\/www.noticiasradioreflejos.com.ar\/2021\/en-villa-ventana-prendieron-fuego-pastos-secos-y-se-quemaron-cables-de-telefonia\/#primaryimage\"},\"thumbnailUrl\":\"https:\/\/www.celttv.com.ar\/wp-content\/uploads\/2024\/12\/1-2-576x1024.jpg\",\"datePublished\":\"2024-12-28T17:43:37+00:00\",\"author\":{\"@id\":\"https:\/\/www.noticiasradioreflejos.com.ar\/2021\/#\/schema\/person\/ad82545263dcc5ec0996818884fd5fb1\"},\"breadcrumb\":{\"@id\":\"https:\/\/www.noticiasradioreflejos.com.ar\/2021\/en-villa-ventana-prendieron-fuego-pastos-secos-y-se-quemaron-cables-de-telefonia\/#breadcrumb\"},\"inLanguage\":\"es\",\"potentialAction\":[{\"@type\":\"ReadAction\",\"target\":[\"https:\/\/www.noticiasradioreflejos.com.ar\/2021\/en-villa-ventana-prendieron-fuego-pastos-secos-y-se-quemaron-cables-de-telefonia\/\"]}]},{\"@type\":\"ImageObject\",\"inLanguage\":\"es\",\"@id\":\"https:\/\/www.noticiasradioreflejos.com.ar\/2021\/en-villa-ventana-prendieron-fuego-pastos-secos-y-se-quemaron-cables-de-telefonia\/#primaryimage\",\"url\":\"https:\/\/www.celttv.com.ar\/wp-content\/uploads\/2024\/12\/1-2-576x1024.jpg\",\"contentUrl\":\"https:\/\/www.celttv.com.ar\/wp-content\/uploads\/2024\/12\/1-2-576x1024.jpg\"},{\"@type\":\"BreadcrumbList\",\"@id\":\"https:\/\/www.noticiasradioreflejos.com.ar\/2021\/en-villa-ventana-prendieron-fuego-pastos-secos-y-se-quemaron-cables-de-telefonia\/#breadcrumb\",\"itemListElement\":[{\"@type\":\"ListItem\",\"position\":1,\"name\":\"Portada\",\"item\":\"https:\/\/www.noticiasradioreflejos.com.ar\/2021\/\"},{\"@type\":\"ListItem\",\"position\":2,\"name\":\"En Villa Ventana prendieron fuego pastos secos y se quemaron cables de telefon\u00eda\"}]},{\"@type\":\"WebSite\",\"@id\":\"https:\/\/www.noticiasradioreflejos.com.ar\/2021\/#website\",\"url\":\"https:\/\/www.noticiasradioreflejos.com.ar\/2021\/\",\"name\":\"Noticias Radio Reflejos\",\"description\":\"Las noticias de mi comarca\",\"potentialAction\":[{\"@type\":\"SearchAction\",\"target\":{\"@type\":\"EntryPoint\",\"urlTemplate\":\"https:\/\/www.noticiasradioreflejos.com.ar\/2021\/?s={search_term_string}\"},\"query-input\":{\"@type\":\"PropertyValueSpecification\",\"valueRequired\":true,\"valueName\":\"search_term_string\"}}],\"inLanguage\":\"es\"},{\"@type\":\"Person\",\"@id\":\"https:\/\/www.noticiasradioreflejos.com.ar\/2021\/#\/schema\/person\/ad82545263dcc5ec0996818884fd5fb1\",\"name\":\"Arnaldo Botto\",\"image\":{\"@type\":\"ImageObject\",\"inLanguage\":\"es\",\"@id\":\"https:\/\/www.noticiasradioreflejos.com.ar\/2021\/#\/schema\/person\/image\/\",\"url\":\"https:\/\/secure.gravatar.com\/avatar\/55cb5e37c1efa326397366e6974cb338056df65cb50e7d64d1cf314e87504837?s=96&d=mm&r=g\",\"contentUrl\":\"https:\/\/secure.gravatar.com\/avatar\/55cb5e37c1efa326397366e6974cb338056df65cb50e7d64d1cf314e87504837?s=96&d=mm&r=g\",\"caption\":\"Arnaldo Botto\"},\"url\":\"https:\/\/www.noticiasradioreflejos.com.ar\/2021\/author\/arnaldo\/\"}]}<\/script>\n<!-- \/ Yoast SEO plugin. -->","yoast_head_json":{"title":"En Villa Ventana prendieron fuego pastos secos y se quemaron cables de telefon\u00eda - Noticias Radio Reflejos","robots":{"index":"index","follow":"follow","max-snippet":"max-snippet:-1","max-image-preview":"max-image-preview:large","max-video-preview":"max-video-preview:-1"},"canonical":"https:\/\/www.noticiasradioreflejos.com.ar\/2021\/en-villa-ventana-prendieron-fuego-pastos-secos-y-se-quemaron-cables-de-telefonia\/","og_locale":"es_ES","og_type":"article","og_title":"En Villa Ventana prendieron fuego pastos secos y se quemaron cables de telefon\u00eda - Noticias Radio Reflejos","og_description":"Ocurri\u00f3 anoche alrededor de las 21:15 hs. en la localidad de Villa ventana en calle Benteveo, entre Curamalal y Cerro Napost\u00e1.","og_url":"https:\/\/www.noticiasradioreflejos.com.ar\/2021\/en-villa-ventana-prendieron-fuego-pastos-secos-y-se-quemaron-cables-de-telefonia\/","og_site_name":"Noticias Radio Reflejos","article_published_time":"2024-12-28T17:43:37+00:00","og_image":[{"url":"https:\/\/www.celttv.com.ar\/wp-content\/uploads\/2024\/12\/1-2-576x1024.jpg","type":"","width":"","height":""}],"author":"Arnaldo Botto","twitter_card":"summary_large_image","schema":{"@context":"https:\/\/schema.org","@graph":[{"@type":"WebPage","@id":"https:\/\/www.noticiasradioreflejos.com.ar\/2021\/en-villa-ventana-prendieron-fuego-pastos-secos-y-se-quemaron-cables-de-telefonia\/","url":"https:\/\/www.noticiasradioreflejos.com.ar\/2021\/en-villa-ventana-prendieron-fuego-pastos-secos-y-se-quemaron-cables-de-telefonia\/","name":"En Villa Ventana prendieron fuego pastos secos y se quemaron cables de telefon\u00eda - Noticias Radio Reflejos","isPartOf":{"@id":"https:\/\/www.noticiasradioreflejos.com.ar\/2021\/#website"},"primaryImageOfPage":{"@id":"https:\/\/www.noticiasradioreflejos.com.ar\/2021\/en-villa-ventana-prendieron-fuego-pastos-secos-y-se-quemaron-cables-de-telefonia\/#primaryimage"},"image":{"@id":"https:\/\/www.noticiasradioreflejos.com.ar\/2021\/en-villa-ventana-prendieron-fuego-pastos-secos-y-se-quemaron-cables-de-telefonia\/#primaryimage"},"thumbnailUrl":"https:\/\/www.celttv.com.ar\/wp-content\/uploads\/2024\/12\/1-2-576x1024.jpg","datePublished":"2024-12-28T17:43:37+00:00","author":{"@id":"https:\/\/www.noticiasradioreflejos.com.ar\/2021\/#\/schema\/person\/ad82545263dcc5ec0996818884fd5fb1"},"breadcrumb":{"@id":"https:\/\/www.noticiasradioreflejos.com.ar\/2021\/en-villa-ventana-prendieron-fuego-pastos-secos-y-se-quemaron-cables-de-telefonia\/#breadcrumb"},"inLanguage":"es","potentialAction":[{"@type":"ReadAction","target":["https:\/\/www.noticiasradioreflejos.com.ar\/2021\/en-villa-ventana-prendieron-fuego-pastos-secos-y-se-quemaron-cables-de-telefonia\/"]}]},{"@type":"ImageObject","inLanguage":"es","@id":"https:\/\/www.noticiasradioreflejos.com.ar\/2021\/en-villa-ventana-prendieron-fuego-pastos-secos-y-se-quemaron-cables-de-telefonia\/#primaryimage","url":"https:\/\/www.celttv.com.ar\/wp-content\/uploads\/2024\/12\/1-2-576x1024.jpg","contentUrl":"https:\/\/www.celttv.com.ar\/wp-content\/uploads\/2024\/12\/1-2-576x1024.jpg"},{"@type":"BreadcrumbList","@id":"https:\/\/www.noticiasradioreflejos.com.ar\/2021\/en-villa-ventana-prendieron-fuego-pastos-secos-y-se-quemaron-cables-de-telefonia\/#breadcrumb","itemListElement":[{"@type":"ListItem","position":1,"name":"Portada","item":"https:\/\/www.noticiasradioreflejos.com.ar\/2021\/"},{"@type":"ListItem","position":2,"name":"En Villa Ventana prendieron fuego pastos secos y se quemaron cables de telefon\u00eda"}]},{"@type":"WebSite","@id":"https:\/\/www.noticiasradioreflejos.com.ar\/2021\/#website","url":"https:\/\/www.noticiasradioreflejos.com.ar\/2021\/","name":"Noticias Radio Reflejos","description":"Las noticias de mi comarca","potentialAction":[{"@type":"SearchAction","target":{"@type":"EntryPoint","urlTemplate":"https:\/\/www.noticiasradioreflejos.com.ar\/2021\/?s={search_term_string}"},"query-input":{"@type":"PropertyValueSpecification","valueRequired":true,"valueName":"search_term_string"}}],"inLanguage":"es"},{"@type":"Person","@id":"https:\/\/www.noticiasradioreflejos.com.ar\/2021\/#\/schema\/person\/ad82545263dcc5ec0996818884fd5fb1","name":"Arnaldo Botto","image":{"@type":"ImageObject","inLanguage":"es","@id":"https:\/\/www.noticiasradioreflejos.com.ar\/2021\/#\/schema\/person\/image\/","url":"https:\/\/secure.gravatar.com\/avatar\/55cb5e37c1efa326397366e6974cb338056df65cb50e7d64d1cf314e87504837?s=96&d=mm&r=g","contentUrl":"https:\/\/secure.gravatar.com\/avatar\/55cb5e37c1efa326397366e6974cb338056df65cb50e7d64d1cf314e87504837?s=96&d=mm&r=g","caption":"Arnaldo Botto"},"url":"https:\/\/www.noticiasradioreflejos.com.ar\/2021\/author\/arnaldo\/"}]}},"_links":{"self":[{"href":"https:\/\/www.noticiasradioreflejos.com.ar\/2021\/wp-json\/wp\/v2\/posts\/111127","targetHints":{"allow":["GET"]}}],"collection":[{"href":"https:\/\/www.noticiasradioreflejos.com.ar\/2021\/wp-json\/wp\/v2\/posts"}],"about":[{"href":"https:\/\/www.noticiasradioreflejos.com.ar\/2021\/wp-json\/wp\/v2\/types\/post"}],"author":[{"embeddable":true,"href":"https:\/\/www.noticiasradioreflejos.com.ar\/2021\/wp-json\/wp\/v2\/users\/3"}],"replies":[{"embeddable":true,"href":"https:\/\/www.noticiasradioreflejos.com.ar\/2021\/wp-json\/wp\/v2\/comments?post=111127"}],"version-history":[{"count":1,"href":"https:\/\/www.noticiasradioreflejos.com.ar\/2021\/wp-json\/wp\/v2\/posts\/111127\/revisions"}],"predecessor-version":[{"id":111129,"href":"https:\/\/www.noticiasradioreflejos.com.ar\/2021\/wp-json\/wp\/v2\/posts\/111127\/revisions\/111129"}],"wp:attachment":[{"href":"https:\/\/www.noticiasradioreflejos.com.ar\/2021\/wp-json\/wp\/v2\/media?parent=111127"}],"wp:term":[{"taxonomy":"category","embeddable":true,"href":"https:\/\/www.noticiasradioreflejos.com.ar\/2021\/wp-json\/wp\/v2\/categories?post=111127"},{"taxonomy":"post_tag","embeddable":true,"href":"https:\/\/www.noticiasradioreflejos.com.ar\/2021\/wp-json\/wp\/v2\/tags?post=111127"}],"curies":[{"name":"wp","href":"https:\/\/api.w.org\/{rel}","templated":true}]}}