{"id":111121,"date":"2024-12-28T08:56:09","date_gmt":"2024-12-28T11:56:09","guid":{"rendered":"https:\/\/www.noticiasradioreflejos.com.ar\/2021\/?p=111121"},"modified":"2024-12-28T08:56:23","modified_gmt":"2024-12-28T11:56:23","slug":"tornquist-es-sede-de-una-capacitacion-de-medios-aereos-en-incendios-forestales","status":"publish","type":"post","link":"https:\/\/www.noticiasradioreflejos.com.ar\/2021\/tornquist-es-sede-de-una-capacitacion-de-medios-aereos-en-incendios-forestales\/","title":{"rendered":"Tornquist es sede de una capacitaci\u00f3n de medios a\u00e9reos en incendios forestales"},"content":{"rendered":"<p>El Intendente Municipal, Sergio Bordoni, particip\u00f3 esta ma\u00f1ana de una capacitaci\u00f3n de medios a\u00e9reos en incendios forestales, de la que nuestro distrito es sede durante este viernes y s\u00e1bado.<!--more--><\/p>\n<p>Las actividades comenzaron este martes y son llevadas adelante por Defensa Civil de la Provincia de Buenos Aires en conjunto el Servicio Nacional de Manejo del Fuego, y participan cuerpos de bomberos de la regi\u00f3n, miembros de la Polic\u00eda de Seguridad Antisiniestral, y agentes del Parque Provincial \u2018Ernesto Tornquist\u2019.<\/p>\n<p>Junto al jefe comunal, en la apertura estuvieron presentes el Subsecretario de Fiscalizaci\u00f3n y Control Policial del Ministerio de Seguridad, Federico Montero; el Secretario de Gobierno y Gesti\u00f3n P\u00fablica, Bruno Zacconi, el Secretario de Seguridad, Daniel P\u00e9rez, y el Subdirector de Defensa Civil de Tornquist, Rodrigo Fuhr.<\/p>\n<p>El inicio de esta jornada, se concentr\u00f3 en el Teatro Municipal \u2018Rodolfo Funke\u2019 con diferentes charlas, donde se trataron temas como la activaci\u00f3n de la emergencia, recursos disponibles de los sistemas de emergencias provinciales, seguridad y uso de los medios a\u00e9reos. Por la tarde, las actividades continuaron en las instalaciones del Aeroclub de Tornquist, donde se realiz\u00f3 una demostraci\u00f3n de carga y tiro. Este s\u00e1bado tendr\u00e1 lugar una capacitaci\u00f3n de directores de tiro, quienes son los encargados de guiar las descargas de agua de aviones y helic\u00f3pteros hidrantes.<\/p>\n<p>Esta actividad forma parte de las acciones que Tornquist Municipio lleva adelante de manera articulada con distintos ministerios provinciales, con el fin de fortalecer y ampliar la formaci\u00f3n de todos los actores involucrados frente a posibles incendios forestales en el distrito y la zona.<\/p>\n<p>&nbsp;<br \/>\n<iframe loading=\"lazy\" src=\"https:\/\/www.facebook.com\/plugins\/post.php?href=https%3A%2F%2Fwww.facebook.com%2Fpermalink.php%3Fstory_fbid%3Dpfbid0n1ppCa9CcbJHKQrpXuUFF5tq8MDzmx2DCEjZU9z7C7f9DT7hxdk6y4LmSQ3YBgDvl%26id%3D100091327519773&#038;show_text=true&#038;width=500\" width=\"500\" height=\"250\" style=\"border:none;overflow:hidden\" scrolling=\"no\" frameborder=\"0\" allowfullscreen=\"true\" allow=\"autoplay; clipboard-write; encrypted-media; picture-in-picture; web-share\"><\/iframe><br \/>\n&nbsp;<\/p>\n<p>&nbsp;<\/p>\n","protected":false},"excerpt":{"rendered":"<p>El Intendente Municipal, Sergio Bordoni, particip\u00f3 esta ma\u00f1ana de una capacitaci\u00f3n de medios a\u00e9reos en incendios forestales, de la que nuestro distrito es sede durante este viernes y s\u00e1bado.<\/p>\n","protected":false},"author":3,"featured_media":0,"comment_status":"closed","ping_status":"closed","sticky":false,"template":"","format":"standard","meta":{"footnotes":""},"categories":[28],"tags":[48],"class_list":["post-111121","post","type-post","status-publish","format-standard","hentry","category-municipales","tag-destacada"],"yoast_head":"<!-- This site is optimized with the Yoast SEO plugin v25.9 - https:\/\/yoast.com\/wordpress\/plugins\/seo\/ -->\n<title>Tornquist es sede de una capacitaci\u00f3n de medios a\u00e9reos en incendios forestales - Noticias Radio Reflejos<\/title>\n<meta name=\"robots\" content=\"index, follow, max-snippet:-1, max-image-preview:large, max-video-preview:-1\" \/>\n<link rel=\"canonical\" href=\"https:\/\/www.noticiasradioreflejos.com.ar\/2021\/tornquist-es-sede-de-una-capacitacion-de-medios-aereos-en-incendios-forestales\/\" \/>\n<meta property=\"og:locale\" content=\"es_ES\" \/>\n<meta property=\"og:type\" content=\"article\" \/>\n<meta property=\"og:title\" content=\"Tornquist es sede de una capacitaci\u00f3n de medios a\u00e9reos en incendios forestales - Noticias Radio Reflejos\" \/>\n<meta property=\"og:description\" content=\"El Intendente Municipal, Sergio Bordoni, particip\u00f3 esta ma\u00f1ana de una capacitaci\u00f3n de medios a\u00e9reos en incendios forestales, de la que nuestro distrito es sede durante este viernes y s\u00e1bado.\" \/>\n<meta property=\"og:url\" content=\"https:\/\/www.noticiasradioreflejos.com.ar\/2021\/tornquist-es-sede-de-una-capacitacion-de-medios-aereos-en-incendios-forestales\/\" \/>\n<meta property=\"og:site_name\" content=\"Noticias Radio Reflejos\" \/>\n<meta property=\"article:published_time\" content=\"2024-12-28T11:56:09+00:00\" \/>\n<meta property=\"article:modified_time\" content=\"2024-12-28T11:56:23+00:00\" \/>\n<meta property=\"og:image\" content=\"https:\/\/www.noticiasradioreflejos.com.ar\/2021\/wp-content\/uploads\/2021\/07\/logosol300x200.png\" \/>\n\t<meta property=\"og:image:width\" content=\"300\" \/>\n\t<meta property=\"og:image:height\" content=\"200\" \/>\n\t<meta property=\"og:image:type\" content=\"image\/png\" \/>\n<meta name=\"author\" content=\"Arnaldo Botto\" \/>\n<meta name=\"twitter:card\" content=\"summary_large_image\" \/>\n<script type=\"application\/ld+json\" class=\"yoast-schema-graph\">{\"@context\":\"https:\/\/schema.org\",\"@graph\":[{\"@type\":\"WebPage\",\"@id\":\"https:\/\/www.noticiasradioreflejos.com.ar\/2021\/tornquist-es-sede-de-una-capacitacion-de-medios-aereos-en-incendios-forestales\/\",\"url\":\"https:\/\/www.noticiasradioreflejos.com.ar\/2021\/tornquist-es-sede-de-una-capacitacion-de-medios-aereos-en-incendios-forestales\/\",\"name\":\"Tornquist es sede de una capacitaci\u00f3n de medios a\u00e9reos en incendios forestales - Noticias Radio Reflejos\",\"isPartOf\":{\"@id\":\"https:\/\/www.noticiasradioreflejos.com.ar\/2021\/#website\"},\"datePublished\":\"2024-12-28T11:56:09+00:00\",\"dateModified\":\"2024-12-28T11:56:23+00:00\",\"author\":{\"@id\":\"https:\/\/www.noticiasradioreflejos.com.ar\/2021\/#\/schema\/person\/ad82545263dcc5ec0996818884fd5fb1\"},\"breadcrumb\":{\"@id\":\"https:\/\/www.noticiasradioreflejos.com.ar\/2021\/tornquist-es-sede-de-una-capacitacion-de-medios-aereos-en-incendios-forestales\/#breadcrumb\"},\"inLanguage\":\"es\",\"potentialAction\":[{\"@type\":\"ReadAction\",\"target\":[\"https:\/\/www.noticiasradioreflejos.com.ar\/2021\/tornquist-es-sede-de-una-capacitacion-de-medios-aereos-en-incendios-forestales\/\"]}]},{\"@type\":\"BreadcrumbList\",\"@id\":\"https:\/\/www.noticiasradioreflejos.com.ar\/2021\/tornquist-es-sede-de-una-capacitacion-de-medios-aereos-en-incendios-forestales\/#breadcrumb\",\"itemListElement\":[{\"@type\":\"ListItem\",\"position\":1,\"name\":\"Portada\",\"item\":\"https:\/\/www.noticiasradioreflejos.com.ar\/2021\/\"},{\"@type\":\"ListItem\",\"position\":2,\"name\":\"Tornquist es sede de una capacitaci\u00f3n de medios a\u00e9reos en incendios forestales\"}]},{\"@type\":\"WebSite\",\"@id\":\"https:\/\/www.noticiasradioreflejos.com.ar\/2021\/#website\",\"url\":\"https:\/\/www.noticiasradioreflejos.com.ar\/2021\/\",\"name\":\"Noticias Radio Reflejos\",\"description\":\"Las noticias de mi comarca\",\"potentialAction\":[{\"@type\":\"SearchAction\",\"target\":{\"@type\":\"EntryPoint\",\"urlTemplate\":\"https:\/\/www.noticiasradioreflejos.com.ar\/2021\/?s={search_term_string}\"},\"query-input\":{\"@type\":\"PropertyValueSpecification\",\"valueRequired\":true,\"valueName\":\"search_term_string\"}}],\"inLanguage\":\"es\"},{\"@type\":\"Person\",\"@id\":\"https:\/\/www.noticiasradioreflejos.com.ar\/2021\/#\/schema\/person\/ad82545263dcc5ec0996818884fd5fb1\",\"name\":\"Arnaldo Botto\",\"image\":{\"@type\":\"ImageObject\",\"inLanguage\":\"es\",\"@id\":\"https:\/\/www.noticiasradioreflejos.com.ar\/2021\/#\/schema\/person\/image\/\",\"url\":\"https:\/\/secure.gravatar.com\/avatar\/55cb5e37c1efa326397366e6974cb338056df65cb50e7d64d1cf314e87504837?s=96&d=mm&r=g\",\"contentUrl\":\"https:\/\/secure.gravatar.com\/avatar\/55cb5e37c1efa326397366e6974cb338056df65cb50e7d64d1cf314e87504837?s=96&d=mm&r=g\",\"caption\":\"Arnaldo Botto\"},\"url\":\"https:\/\/www.noticiasradioreflejos.com.ar\/2021\/author\/arnaldo\/\"}]}<\/script>\n<!-- \/ Yoast SEO plugin. -->","yoast_head_json":{"title":"Tornquist es sede de una capacitaci\u00f3n de medios a\u00e9reos en incendios forestales - Noticias Radio Reflejos","robots":{"index":"index","follow":"follow","max-snippet":"max-snippet:-1","max-image-preview":"max-image-preview:large","max-video-preview":"max-video-preview:-1"},"canonical":"https:\/\/www.noticiasradioreflejos.com.ar\/2021\/tornquist-es-sede-de-una-capacitacion-de-medios-aereos-en-incendios-forestales\/","og_locale":"es_ES","og_type":"article","og_title":"Tornquist es sede de una capacitaci\u00f3n de medios a\u00e9reos en incendios forestales - Noticias Radio Reflejos","og_description":"El Intendente Municipal, Sergio Bordoni, particip\u00f3 esta ma\u00f1ana de una capacitaci\u00f3n de medios a\u00e9reos en incendios forestales, de la que nuestro distrito es sede durante este viernes y s\u00e1bado.","og_url":"https:\/\/www.noticiasradioreflejos.com.ar\/2021\/tornquist-es-sede-de-una-capacitacion-de-medios-aereos-en-incendios-forestales\/","og_site_name":"Noticias Radio Reflejos","article_published_time":"2024-12-28T11:56:09+00:00","article_modified_time":"2024-12-28T11:56:23+00:00","og_image":[{"width":300,"height":200,"url":"https:\/\/www.noticiasradioreflejos.com.ar\/2021\/wp-content\/uploads\/2021\/07\/logosol300x200.png","type":"image\/png"}],"author":"Arnaldo Botto","twitter_card":"summary_large_image","schema":{"@context":"https:\/\/schema.org","@graph":[{"@type":"WebPage","@id":"https:\/\/www.noticiasradioreflejos.com.ar\/2021\/tornquist-es-sede-de-una-capacitacion-de-medios-aereos-en-incendios-forestales\/","url":"https:\/\/www.noticiasradioreflejos.com.ar\/2021\/tornquist-es-sede-de-una-capacitacion-de-medios-aereos-en-incendios-forestales\/","name":"Tornquist es sede de una capacitaci\u00f3n de medios a\u00e9reos en incendios forestales - Noticias Radio Reflejos","isPartOf":{"@id":"https:\/\/www.noticiasradioreflejos.com.ar\/2021\/#website"},"datePublished":"2024-12-28T11:56:09+00:00","dateModified":"2024-12-28T11:56:23+00:00","author":{"@id":"https:\/\/www.noticiasradioreflejos.com.ar\/2021\/#\/schema\/person\/ad82545263dcc5ec0996818884fd5fb1"},"breadcrumb":{"@id":"https:\/\/www.noticiasradioreflejos.com.ar\/2021\/tornquist-es-sede-de-una-capacitacion-de-medios-aereos-en-incendios-forestales\/#breadcrumb"},"inLanguage":"es","potentialAction":[{"@type":"ReadAction","target":["https:\/\/www.noticiasradioreflejos.com.ar\/2021\/tornquist-es-sede-de-una-capacitacion-de-medios-aereos-en-incendios-forestales\/"]}]},{"@type":"BreadcrumbList","@id":"https:\/\/www.noticiasradioreflejos.com.ar\/2021\/tornquist-es-sede-de-una-capacitacion-de-medios-aereos-en-incendios-forestales\/#breadcrumb","itemListElement":[{"@type":"ListItem","position":1,"name":"Portada","item":"https:\/\/www.noticiasradioreflejos.com.ar\/2021\/"},{"@type":"ListItem","position":2,"name":"Tornquist es sede de una capacitaci\u00f3n de medios a\u00e9reos en incendios forestales"}]},{"@type":"WebSite","@id":"https:\/\/www.noticiasradioreflejos.com.ar\/2021\/#website","url":"https:\/\/www.noticiasradioreflejos.com.ar\/2021\/","name":"Noticias Radio Reflejos","description":"Las noticias de mi comarca","potentialAction":[{"@type":"SearchAction","target":{"@type":"EntryPoint","urlTemplate":"https:\/\/www.noticiasradioreflejos.com.ar\/2021\/?s={search_term_string}"},"query-input":{"@type":"PropertyValueSpecification","valueRequired":true,"valueName":"search_term_string"}}],"inLanguage":"es"},{"@type":"Person","@id":"https:\/\/www.noticiasradioreflejos.com.ar\/2021\/#\/schema\/person\/ad82545263dcc5ec0996818884fd5fb1","name":"Arnaldo Botto","image":{"@type":"ImageObject","inLanguage":"es","@id":"https:\/\/www.noticiasradioreflejos.com.ar\/2021\/#\/schema\/person\/image\/","url":"https:\/\/secure.gravatar.com\/avatar\/55cb5e37c1efa326397366e6974cb338056df65cb50e7d64d1cf314e87504837?s=96&d=mm&r=g","contentUrl":"https:\/\/secure.gravatar.com\/avatar\/55cb5e37c1efa326397366e6974cb338056df65cb50e7d64d1cf314e87504837?s=96&d=mm&r=g","caption":"Arnaldo Botto"},"url":"https:\/\/www.noticiasradioreflejos.com.ar\/2021\/author\/arnaldo\/"}]}},"_links":{"self":[{"href":"https:\/\/www.noticiasradioreflejos.com.ar\/2021\/wp-json\/wp\/v2\/posts\/111121","targetHints":{"allow":["GET"]}}],"collection":[{"href":"https:\/\/www.noticiasradioreflejos.com.ar\/2021\/wp-json\/wp\/v2\/posts"}],"about":[{"href":"https:\/\/www.noticiasradioreflejos.com.ar\/2021\/wp-json\/wp\/v2\/types\/post"}],"author":[{"embeddable":true,"href":"https:\/\/www.noticiasradioreflejos.com.ar\/2021\/wp-json\/wp\/v2\/users\/3"}],"replies":[{"embeddable":true,"href":"https:\/\/www.noticiasradioreflejos.com.ar\/2021\/wp-json\/wp\/v2\/comments?post=111121"}],"version-history":[{"count":1,"href":"https:\/\/www.noticiasradioreflejos.com.ar\/2021\/wp-json\/wp\/v2\/posts\/111121\/revisions"}],"predecessor-version":[{"id":111123,"href":"https:\/\/www.noticiasradioreflejos.com.ar\/2021\/wp-json\/wp\/v2\/posts\/111121\/revisions\/111123"}],"wp:attachment":[{"href":"https:\/\/www.noticiasradioreflejos.com.ar\/2021\/wp-json\/wp\/v2\/media?parent=111121"}],"wp:term":[{"taxonomy":"category","embeddable":true,"href":"https:\/\/www.noticiasradioreflejos.com.ar\/2021\/wp-json\/wp\/v2\/categories?post=111121"},{"taxonomy":"post_tag","embeddable":true,"href":"https:\/\/www.noticiasradioreflejos.com.ar\/2021\/wp-json\/wp\/v2\/tags?post=111121"}],"curies":[{"name":"wp","href":"https:\/\/api.w.org\/{rel}","templated":true}]}}