{"id":111030,"date":"2024-12-26T07:35:59","date_gmt":"2024-12-26T10:35:59","guid":{"rendered":"https:\/\/www.noticiasradioreflejos.com.ar\/2021\/?p=111030"},"modified":"2024-12-26T07:35:59","modified_gmt":"2024-12-26T10:35:59","slug":"definen-valor-del-salario-minimo-y-aumentos-escalonados-para-los-primeros-meses-de-2025","status":"publish","type":"post","link":"https:\/\/www.noticiasradioreflejos.com.ar\/2021\/definen-valor-del-salario-minimo-y-aumentos-escalonados-para-los-primeros-meses-de-2025\/","title":{"rendered":"Definen valor del salario m\u00ednimo y aumentos escalonados para los primeros meses de 2025"},"content":{"rendered":"<header id=\"mvp-post-head\" class=\"left relative\">El Gobierno oficializ\u00f3 la medida en el Bolet\u00edn Oficial. El Ejecutivo estableci\u00f3 la remuneraci\u00f3n m\u00ednima tras no llegar a un acuerdo con las c\u00e1maras de empresarios y los sindicatos.<\/p>\n<div class=\"zox-post-info-wrap\">\n<div class=\"zox-post-byline-wrap\"><\/div>\n<div class=\"zox-post-soc-top-wrap\">\n<div id=\"st-1\" class=\"sharethis-inline-share-buttons st-left st-lang-es  st-inline-share-buttons st-animated\">\n<div class=\"st-btn st-last\" data-network=\"sharethis\"><\/div>\n<\/div>\n<\/div>\n<\/div>\n<\/header>\n<p><!--more--><\/p>\n<div class=\"mvp-post-main-out left relative\">\n<div class=\"mvp-post-main-in\">\n<div id=\"mvp-post-content\" class=\"left relative\">\n<div id=\"mvp-post-feat-img\" class=\"left relative mvp-post-feat-img-wide2\"><\/div>\n<div id=\"mvp-content-wrap\" class=\"left relative\">\n<div class=\"mvp-post-soc-out right relative\">\n<div class=\"mvp-post-soc-in\">\n<div id=\"mvp-content-body\" class=\"left relative\">\n<div id=\"mvp-content-body-top\" class=\"left relative\">\n<div id=\"mvp-content-main\" class=\"left relative\">\n<p>Luego de que no se llegara a un acuerdo entre las c\u00e1maras empresarias y los sindicatos en torno al nuevo salario m\u00ednimo, vital y m\u00f3vil; el gobierno nacional defini\u00f3 el monto que regir\u00e1 por el periodo de cuatro meses. La medida qued\u00f3 plasmada a trav\u00e9s de la Resoluci\u00f3n 17\/2024 publicada en el Bolet\u00edn Oficial.<\/p>\n<p>A una semana de la reuni\u00f3n realizada en la Secretar\u00eda de Trabajo donde las partes no lograron un consenso, el Gobierno volvi\u00f3 a definir el salario m\u00ednimo. Dicho escenario de desacuerdo no es nuevo: en lo que va del a\u00f1o, las discusiones de febrero y julio tambi\u00e9n terminaron sin resoluci\u00f3n, lo que oblig\u00f3 al Poder Ejecutivo a intervenir mediante decretos.<\/p>\n<p>La propuesta de las c\u00e1maras empresariales consist\u00eda en un aumento escalonado que llevar\u00eda el salario m\u00ednimo de $278.000 a $295.000 en marzo de 2025, lo que representar\u00eda un incremento total del 6%. Por su parte, los sindicatos, incluyendo a la Confederaci\u00f3n General del Trabajo (CGT) y las dos Central de Trabajadores de la Argentina (CTA), coincidieron en exigir un monto inicial de $572.000.<\/p>\n<figure class=\"wp-block-image size-large\"><img decoding=\"async\" src=\"https:\/\/www.infobae.com\/resizer\/v2\/P4SNHRS56REIPNXNCMJINLZ57M.jpg?auth=08b7ddc5ad5ec00a050c38f7d8b5c81e755368ca2854980265540994deb21dc8&amp;smart=true&amp;width=992&amp;height=661&amp;quality=85\" alt=\"\" \/><\/figure>\n<p>Ante la falta de acuerdo, el Gobierno public\u00f3 la resoluci\u00f3n donde defini\u00f3 el valor del salario m\u00ednimo para todos los trabajadores comprendidos en el R\u00e9gimen de Contrato de Trabajo aprobado por la Ley N\u00ba 20.744. El monto regir\u00e1 para los meses de diciembre, enero, febrero y marzo pr\u00f3ximo.<\/p>\n<p>En el art\u00edculo 1 se indic\u00f3 que: \u201cA partir del 1\u00b0 de Diciembre de 2024, en pesos doscientos setenta y nueve mil setecientos dieciocho ($279.718) para todos los trabajadores mensualizados que cumplen la jornada legal completa de trabajo, conforme el art\u00edculo 116 del R\u00e9gimen de Contrato de Trabajo aprobado por la Ley N\u00b0 20.744\u2033.<\/p>\n<p>Mientras que \u201ca partir del 1\u00b0 de Enero de 2025, en pesos doscientos ochenta y seis mil setecientos once ($ 286.711)\u00bb y desde el \u201c1\u00b0 de Febrero de 2025, en pesos doscientos noventa y dos mil cuatrocientos cuarenta y seis ($292.446)\u201c.<\/p>\n<p>Adem\u00e1s, a partir del \u201c1\u00b0 de Marzo de 2025, en pesos doscientos noventa y seis mil ochocientos treinta y dos ($296.832)\u201c.<\/p>\n<figure class=\"wp-block-image size-large\"><img decoding=\"async\" src=\"https:\/\/www.infobae.com\/resizer\/v2\/JAARH2RZ6FFIRNUUUZWDQ3WBIM.jpg?auth=5919847fd6d7767c151ad31a2987d0d034ba86fb40936d65c0848540cc477da8&amp;smart=true&amp;width=992&amp;height=558&amp;quality=85\" alt=\"\" \/><\/figure>\n<p>Por otra parte, en la resoluci\u00f3n se aclar\u00f3 que en el caso de los trabajadores jornalizados tambi\u00e9n tendr\u00e1n un incremento y \u201cpercibir\u00e1n en su debida proporci\u00f3n\u201d. Por ende, en diciembre tendr\u00e1n un aumento de \u201cpesos mil trescientos noventa y nueve ($ 1.399) por hora\u201d. A partir de enero el valor ser\u00e1 de $ 1.434, en febrero $ 1.462, y para marzo el valor ser\u00e1 de $ 1.484 por hora.<\/p>\n<p>En el art\u00edculo 2, se hizo referencia a la Prestaci\u00f3n por Desempleo destinada a los trabajadores convencionados o no convencionados. La misma \u201cser\u00e1 equivalente a un setenta y cinto por ciento (75%) del importe neto de la mejor remuneraci\u00f3n mensual, normal y habitual del trabajador en los seis (6) meses anteriores al cese del contrato de trabajo que dio lugar a la situaci\u00f3n de desempleo\u201d.<\/p>\n<p>Y se remarc\u00f3 que \u201cen ning\u00fan caso la prestaci\u00f3n mensual podr\u00e1 ser inferior al cincuenta por ciento (50%) del Salario M\u00ednimo Vital y M\u00f3vil vigente, ni superior al cien por ciento (100%) del Salario M\u00ednimo Vital y M\u00f3vil vigente\u201d.<\/p>\n<figure class=\"wp-block-image size-large\"><img decoding=\"async\" src=\"https:\/\/www.infobae.com\/resizer\/v2\/XIFM5C7EJAFYIICYSZLMYS6LCA.jpg?auth=fe4d5fe66060847f8c219209b3bc0aa05734dde97ad7ca8a3d433def7e234055&amp;smart=true&amp;width=992&amp;height=661&amp;quality=85\" alt=\"\" \/><\/figure>\n<p>En el considerando de la resoluci\u00f3n que lleva la firma de la Subsecretaria de Seguridad Social, Alexandra Biasutti se aclar\u00f3 por qu\u00e9 el Ejecutivo fue el responsable de definir el valor del salario m\u00ednimo.<\/p>\n<p>Al respecto, se record\u00f3 la reuni\u00f3n llevada a cabo el pasado 19 de diciembre. En \u201cla sesi\u00f3n del Consejo Nacional del empleo, la productividad y el salario m\u00ednimo, vital y m\u00f3vil, al momento de abordarse el tratamiento del segundo (2\u00ba) punto del Orden del D\u00eda, relativo a la consideraci\u00f3n de los temas elevados al Plenario por la Comisi\u00f3n de Salario M\u00ednimo, Vital y M\u00f3vil y Prestaciones por Desempleo, se inform\u00f3 que no hubo acuerdo\u201d.<\/p>\n<p>De hecho, se record\u00f3 que \u201cluego de un extenso intercambio de opiniones, durante el cual cada sector realiz\u00f3 sus exposiciones y deliberaciones, no hubo consenso en los t\u00e9rminos de lo establecido en el art\u00edculo 137 de la Ley N\u00b0 24.013 y sus modificatorias\u00bb. Por tal motivo, se remarc\u00f3 que se debi\u00f3 \u201cemitir un laudo correspondiente sobre tales puntos\u201d.<\/p>\n<h2 class=\"wp-block-heading\">C\u00f3mo quedar\u00e1 el valor del salario m\u00ednimo para trabajadores mensualizados:<\/h2>\n<ul class=\"wp-block-list\">\n<li>Desde diciembre de 2024: $279.718 al mes.<\/li>\n<li>Desde enero de 2025: $286.711 al mes.<\/li>\n<li>Desde febrero de 2025: $292.446 al mes.<\/li>\n<li>Desde marzo de 2025: $296.832 al mes.<\/li>\n<\/ul>\n<p><iframe loading=\"lazy\" src=\"https:\/\/drive.google.com\/file\/d\/1FCKgmnmX_JTOY_u5E5fZJJw1gsKFXyNp\/preview\" width=\"640\" height=\"480\" data-mce-fragment=\"1\"><\/iframe><strong>Fuente:<\/strong>\u00a0LB24 \/ Infobae.<\/p>\n<\/div>\n<\/div>\n<\/div>\n<\/div>\n<\/div>\n<\/div>\n<\/div>\n<\/div>\n<\/div>\n","protected":false},"excerpt":{"rendered":"<p>El Gobierno oficializ\u00f3 la medida en el Bolet\u00edn Oficial. El Ejecutivo estableci\u00f3 la remuneraci\u00f3n m\u00ednima tras no llegar a un acuerdo con las c\u00e1maras de empresarios y los sindicatos.<\/p>\n","protected":false},"author":3,"featured_media":92858,"comment_status":"closed","ping_status":"closed","sticky":false,"template":"","format":"standard","meta":{"footnotes":""},"categories":[36],"tags":[],"class_list":["post-111030","post","type-post","status-publish","format-standard","has-post-thumbnail","hentry","category-economia"],"yoast_head":"<!-- This site is optimized with the Yoast SEO plugin v25.9 - https:\/\/yoast.com\/wordpress\/plugins\/seo\/ -->\n<title>Definen valor del salario m\u00ednimo y aumentos escalonados para los primeros meses de 2025 - Noticias Radio Reflejos<\/title>\n<meta name=\"robots\" content=\"index, follow, max-snippet:-1, max-image-preview:large, max-video-preview:-1\" \/>\n<link rel=\"canonical\" href=\"https:\/\/www.noticiasradioreflejos.com.ar\/2021\/definen-valor-del-salario-minimo-y-aumentos-escalonados-para-los-primeros-meses-de-2025\/\" \/>\n<meta property=\"og:locale\" content=\"es_ES\" \/>\n<meta property=\"og:type\" content=\"article\" \/>\n<meta property=\"og:title\" content=\"Definen valor del salario m\u00ednimo y aumentos escalonados para los primeros meses de 2025 - Noticias Radio Reflejos\" \/>\n<meta property=\"og:description\" content=\"El Gobierno oficializ\u00f3 la medida en el Bolet\u00edn Oficial. El Ejecutivo estableci\u00f3 la remuneraci\u00f3n m\u00ednima tras no llegar a un acuerdo con las c\u00e1maras de empresarios y los sindicatos.\" \/>\n<meta property=\"og:url\" content=\"https:\/\/www.noticiasradioreflejos.com.ar\/2021\/definen-valor-del-salario-minimo-y-aumentos-escalonados-para-los-primeros-meses-de-2025\/\" \/>\n<meta property=\"og:site_name\" content=\"Noticias Radio Reflejos\" \/>\n<meta property=\"article:published_time\" content=\"2024-12-26T10:35:59+00:00\" \/>\n<meta property=\"og:image\" content=\"https:\/\/www.noticiasradioreflejos.com.ar\/2021\/wp-content\/uploads\/2023\/09\/dinero.jpg\" \/>\n\t<meta property=\"og:image:width\" content=\"1200\" \/>\n\t<meta property=\"og:image:height\" content=\"740\" \/>\n\t<meta property=\"og:image:type\" content=\"image\/jpeg\" \/>\n<meta name=\"author\" content=\"Arnaldo Botto\" \/>\n<meta name=\"twitter:card\" content=\"summary_large_image\" \/>\n<script type=\"application\/ld+json\" class=\"yoast-schema-graph\">{\"@context\":\"https:\/\/schema.org\",\"@graph\":[{\"@type\":\"WebPage\",\"@id\":\"https:\/\/www.noticiasradioreflejos.com.ar\/2021\/definen-valor-del-salario-minimo-y-aumentos-escalonados-para-los-primeros-meses-de-2025\/\",\"url\":\"https:\/\/www.noticiasradioreflejos.com.ar\/2021\/definen-valor-del-salario-minimo-y-aumentos-escalonados-para-los-primeros-meses-de-2025\/\",\"name\":\"Definen valor del salario m\u00ednimo y aumentos escalonados para los primeros meses de 2025 - Noticias Radio Reflejos\",\"isPartOf\":{\"@id\":\"https:\/\/www.noticiasradioreflejos.com.ar\/2021\/#website\"},\"primaryImageOfPage\":{\"@id\":\"https:\/\/www.noticiasradioreflejos.com.ar\/2021\/definen-valor-del-salario-minimo-y-aumentos-escalonados-para-los-primeros-meses-de-2025\/#primaryimage\"},\"image\":{\"@id\":\"https:\/\/www.noticiasradioreflejos.com.ar\/2021\/definen-valor-del-salario-minimo-y-aumentos-escalonados-para-los-primeros-meses-de-2025\/#primaryimage\"},\"thumbnailUrl\":\"https:\/\/www.noticiasradioreflejos.com.ar\/2021\/wp-content\/uploads\/2023\/09\/dinero.jpg\",\"datePublished\":\"2024-12-26T10:35:59+00:00\",\"author\":{\"@id\":\"https:\/\/www.noticiasradioreflejos.com.ar\/2021\/#\/schema\/person\/ad82545263dcc5ec0996818884fd5fb1\"},\"breadcrumb\":{\"@id\":\"https:\/\/www.noticiasradioreflejos.com.ar\/2021\/definen-valor-del-salario-minimo-y-aumentos-escalonados-para-los-primeros-meses-de-2025\/#breadcrumb\"},\"inLanguage\":\"es\",\"potentialAction\":[{\"@type\":\"ReadAction\",\"target\":[\"https:\/\/www.noticiasradioreflejos.com.ar\/2021\/definen-valor-del-salario-minimo-y-aumentos-escalonados-para-los-primeros-meses-de-2025\/\"]}]},{\"@type\":\"ImageObject\",\"inLanguage\":\"es\",\"@id\":\"https:\/\/www.noticiasradioreflejos.com.ar\/2021\/definen-valor-del-salario-minimo-y-aumentos-escalonados-para-los-primeros-meses-de-2025\/#primaryimage\",\"url\":\"https:\/\/www.noticiasradioreflejos.com.ar\/2021\/wp-content\/uploads\/2023\/09\/dinero.jpg\",\"contentUrl\":\"https:\/\/www.noticiasradioreflejos.com.ar\/2021\/wp-content\/uploads\/2023\/09\/dinero.jpg\",\"width\":1200,\"height\":740},{\"@type\":\"BreadcrumbList\",\"@id\":\"https:\/\/www.noticiasradioreflejos.com.ar\/2021\/definen-valor-del-salario-minimo-y-aumentos-escalonados-para-los-primeros-meses-de-2025\/#breadcrumb\",\"itemListElement\":[{\"@type\":\"ListItem\",\"position\":1,\"name\":\"Portada\",\"item\":\"https:\/\/www.noticiasradioreflejos.com.ar\/2021\/\"},{\"@type\":\"ListItem\",\"position\":2,\"name\":\"Definen valor del salario m\u00ednimo y aumentos escalonados para los primeros meses de 2025\"}]},{\"@type\":\"WebSite\",\"@id\":\"https:\/\/www.noticiasradioreflejos.com.ar\/2021\/#website\",\"url\":\"https:\/\/www.noticiasradioreflejos.com.ar\/2021\/\",\"name\":\"Noticias Radio Reflejos\",\"description\":\"Las noticias de mi comarca\",\"potentialAction\":[{\"@type\":\"SearchAction\",\"target\":{\"@type\":\"EntryPoint\",\"urlTemplate\":\"https:\/\/www.noticiasradioreflejos.com.ar\/2021\/?s={search_term_string}\"},\"query-input\":{\"@type\":\"PropertyValueSpecification\",\"valueRequired\":true,\"valueName\":\"search_term_string\"}}],\"inLanguage\":\"es\"},{\"@type\":\"Person\",\"@id\":\"https:\/\/www.noticiasradioreflejos.com.ar\/2021\/#\/schema\/person\/ad82545263dcc5ec0996818884fd5fb1\",\"name\":\"Arnaldo Botto\",\"image\":{\"@type\":\"ImageObject\",\"inLanguage\":\"es\",\"@id\":\"https:\/\/www.noticiasradioreflejos.com.ar\/2021\/#\/schema\/person\/image\/\",\"url\":\"https:\/\/secure.gravatar.com\/avatar\/55cb5e37c1efa326397366e6974cb338056df65cb50e7d64d1cf314e87504837?s=96&d=mm&r=g\",\"contentUrl\":\"https:\/\/secure.gravatar.com\/avatar\/55cb5e37c1efa326397366e6974cb338056df65cb50e7d64d1cf314e87504837?s=96&d=mm&r=g\",\"caption\":\"Arnaldo Botto\"},\"url\":\"https:\/\/www.noticiasradioreflejos.com.ar\/2021\/author\/arnaldo\/\"}]}<\/script>\n<!-- \/ Yoast SEO plugin. -->","yoast_head_json":{"title":"Definen valor del salario m\u00ednimo y aumentos escalonados para los primeros meses de 2025 - Noticias Radio Reflejos","robots":{"index":"index","follow":"follow","max-snippet":"max-snippet:-1","max-image-preview":"max-image-preview:large","max-video-preview":"max-video-preview:-1"},"canonical":"https:\/\/www.noticiasradioreflejos.com.ar\/2021\/definen-valor-del-salario-minimo-y-aumentos-escalonados-para-los-primeros-meses-de-2025\/","og_locale":"es_ES","og_type":"article","og_title":"Definen valor del salario m\u00ednimo y aumentos escalonados para los primeros meses de 2025 - Noticias Radio Reflejos","og_description":"El Gobierno oficializ\u00f3 la medida en el Bolet\u00edn Oficial. El Ejecutivo estableci\u00f3 la remuneraci\u00f3n m\u00ednima tras no llegar a un acuerdo con las c\u00e1maras de empresarios y los sindicatos.","og_url":"https:\/\/www.noticiasradioreflejos.com.ar\/2021\/definen-valor-del-salario-minimo-y-aumentos-escalonados-para-los-primeros-meses-de-2025\/","og_site_name":"Noticias Radio Reflejos","article_published_time":"2024-12-26T10:35:59+00:00","og_image":[{"width":1200,"height":740,"url":"https:\/\/www.noticiasradioreflejos.com.ar\/2021\/wp-content\/uploads\/2023\/09\/dinero.jpg","type":"image\/jpeg"}],"author":"Arnaldo Botto","twitter_card":"summary_large_image","schema":{"@context":"https:\/\/schema.org","@graph":[{"@type":"WebPage","@id":"https:\/\/www.noticiasradioreflejos.com.ar\/2021\/definen-valor-del-salario-minimo-y-aumentos-escalonados-para-los-primeros-meses-de-2025\/","url":"https:\/\/www.noticiasradioreflejos.com.ar\/2021\/definen-valor-del-salario-minimo-y-aumentos-escalonados-para-los-primeros-meses-de-2025\/","name":"Definen valor del salario m\u00ednimo y aumentos escalonados para los primeros meses de 2025 - Noticias Radio Reflejos","isPartOf":{"@id":"https:\/\/www.noticiasradioreflejos.com.ar\/2021\/#website"},"primaryImageOfPage":{"@id":"https:\/\/www.noticiasradioreflejos.com.ar\/2021\/definen-valor-del-salario-minimo-y-aumentos-escalonados-para-los-primeros-meses-de-2025\/#primaryimage"},"image":{"@id":"https:\/\/www.noticiasradioreflejos.com.ar\/2021\/definen-valor-del-salario-minimo-y-aumentos-escalonados-para-los-primeros-meses-de-2025\/#primaryimage"},"thumbnailUrl":"https:\/\/www.noticiasradioreflejos.com.ar\/2021\/wp-content\/uploads\/2023\/09\/dinero.jpg","datePublished":"2024-12-26T10:35:59+00:00","author":{"@id":"https:\/\/www.noticiasradioreflejos.com.ar\/2021\/#\/schema\/person\/ad82545263dcc5ec0996818884fd5fb1"},"breadcrumb":{"@id":"https:\/\/www.noticiasradioreflejos.com.ar\/2021\/definen-valor-del-salario-minimo-y-aumentos-escalonados-para-los-primeros-meses-de-2025\/#breadcrumb"},"inLanguage":"es","potentialAction":[{"@type":"ReadAction","target":["https:\/\/www.noticiasradioreflejos.com.ar\/2021\/definen-valor-del-salario-minimo-y-aumentos-escalonados-para-los-primeros-meses-de-2025\/"]}]},{"@type":"ImageObject","inLanguage":"es","@id":"https:\/\/www.noticiasradioreflejos.com.ar\/2021\/definen-valor-del-salario-minimo-y-aumentos-escalonados-para-los-primeros-meses-de-2025\/#primaryimage","url":"https:\/\/www.noticiasradioreflejos.com.ar\/2021\/wp-content\/uploads\/2023\/09\/dinero.jpg","contentUrl":"https:\/\/www.noticiasradioreflejos.com.ar\/2021\/wp-content\/uploads\/2023\/09\/dinero.jpg","width":1200,"height":740},{"@type":"BreadcrumbList","@id":"https:\/\/www.noticiasradioreflejos.com.ar\/2021\/definen-valor-del-salario-minimo-y-aumentos-escalonados-para-los-primeros-meses-de-2025\/#breadcrumb","itemListElement":[{"@type":"ListItem","position":1,"name":"Portada","item":"https:\/\/www.noticiasradioreflejos.com.ar\/2021\/"},{"@type":"ListItem","position":2,"name":"Definen valor del salario m\u00ednimo y aumentos escalonados para los primeros meses de 2025"}]},{"@type":"WebSite","@id":"https:\/\/www.noticiasradioreflejos.com.ar\/2021\/#website","url":"https:\/\/www.noticiasradioreflejos.com.ar\/2021\/","name":"Noticias Radio Reflejos","description":"Las noticias de mi comarca","potentialAction":[{"@type":"SearchAction","target":{"@type":"EntryPoint","urlTemplate":"https:\/\/www.noticiasradioreflejos.com.ar\/2021\/?s={search_term_string}"},"query-input":{"@type":"PropertyValueSpecification","valueRequired":true,"valueName":"search_term_string"}}],"inLanguage":"es"},{"@type":"Person","@id":"https:\/\/www.noticiasradioreflejos.com.ar\/2021\/#\/schema\/person\/ad82545263dcc5ec0996818884fd5fb1","name":"Arnaldo Botto","image":{"@type":"ImageObject","inLanguage":"es","@id":"https:\/\/www.noticiasradioreflejos.com.ar\/2021\/#\/schema\/person\/image\/","url":"https:\/\/secure.gravatar.com\/avatar\/55cb5e37c1efa326397366e6974cb338056df65cb50e7d64d1cf314e87504837?s=96&d=mm&r=g","contentUrl":"https:\/\/secure.gravatar.com\/avatar\/55cb5e37c1efa326397366e6974cb338056df65cb50e7d64d1cf314e87504837?s=96&d=mm&r=g","caption":"Arnaldo Botto"},"url":"https:\/\/www.noticiasradioreflejos.com.ar\/2021\/author\/arnaldo\/"}]}},"_links":{"self":[{"href":"https:\/\/www.noticiasradioreflejos.com.ar\/2021\/wp-json\/wp\/v2\/posts\/111030","targetHints":{"allow":["GET"]}}],"collection":[{"href":"https:\/\/www.noticiasradioreflejos.com.ar\/2021\/wp-json\/wp\/v2\/posts"}],"about":[{"href":"https:\/\/www.noticiasradioreflejos.com.ar\/2021\/wp-json\/wp\/v2\/types\/post"}],"author":[{"embeddable":true,"href":"https:\/\/www.noticiasradioreflejos.com.ar\/2021\/wp-json\/wp\/v2\/users\/3"}],"replies":[{"embeddable":true,"href":"https:\/\/www.noticiasradioreflejos.com.ar\/2021\/wp-json\/wp\/v2\/comments?post=111030"}],"version-history":[{"count":1,"href":"https:\/\/www.noticiasradioreflejos.com.ar\/2021\/wp-json\/wp\/v2\/posts\/111030\/revisions"}],"predecessor-version":[{"id":111031,"href":"https:\/\/www.noticiasradioreflejos.com.ar\/2021\/wp-json\/wp\/v2\/posts\/111030\/revisions\/111031"}],"wp:featuredmedia":[{"embeddable":true,"href":"https:\/\/www.noticiasradioreflejos.com.ar\/2021\/wp-json\/wp\/v2\/media\/92858"}],"wp:attachment":[{"href":"https:\/\/www.noticiasradioreflejos.com.ar\/2021\/wp-json\/wp\/v2\/media?parent=111030"}],"wp:term":[{"taxonomy":"category","embeddable":true,"href":"https:\/\/www.noticiasradioreflejos.com.ar\/2021\/wp-json\/wp\/v2\/categories?post=111030"},{"taxonomy":"post_tag","embeddable":true,"href":"https:\/\/www.noticiasradioreflejos.com.ar\/2021\/wp-json\/wp\/v2\/tags?post=111030"}],"curies":[{"name":"wp","href":"https:\/\/api.w.org\/{rel}","templated":true}]}}