{"id":111027,"date":"2024-12-26T07:30:24","date_gmt":"2024-12-26T10:30:24","guid":{"rendered":"https:\/\/www.noticiasradioreflejos.com.ar\/2021\/?p=111027"},"modified":"2024-12-26T07:30:24","modified_gmt":"2024-12-26T10:30:24","slug":"monotributo-cuanto-habria-que-pagar-con-los-cambios-a-partir-de-enero","status":"publish","type":"post","link":"https:\/\/www.noticiasradioreflejos.com.ar\/2021\/monotributo-cuanto-habria-que-pagar-con-los-cambios-a-partir-de-enero\/","title":{"rendered":"Monotributo: cu\u00e1nto habr\u00eda que pagar con los cambios a partir de enero"},"content":{"rendered":"<p>El Gobierno todav\u00eda no oficializ\u00f3 los cambios, pero los expertos ya estiman c\u00f3mo quedar\u00edas las categor\u00edas y los importes a pagar.<!--more--><\/p>\n<div class=\"articulo__media\">\n<p>&nbsp;<\/p>\n<\/div>\n<div class=\"articulo__cuerpo\">\n<div id=\"autor-cls\" class=\"articulo__opinologo activo\">\n<div class=\"autor_detalle\">\n<p class=\"articulo__opinologo-item\">En pocos d\u00edas empieza el 2025 y con \u00e9l trae nuevos precios para los gastos cotidianos. Junto a otros aumentos que llegar\u00e1n durante la \u00e9poca estival, enero vendr\u00e1 con una actualizaci\u00f3n del valor de la cuota del R\u00e9gimen Simplificado para Peque\u00f1os Contribuyentes, m\u00e1s conocido como monotributo; m\u00e1s precisamente, el incremento se determinar\u00e1 a partir del 14 del primer mes de a\u00f1o.<\/p>\n<\/div>\n<\/div>\n<p>De esta manera, se modificar\u00e1 la escala de montos de facturaci\u00f3n que determina las categor\u00edas para el pago del tributo. Adem\u00e1s, se actualizar\u00e1n los precios de referencia de los alquileres, como as\u00ed tambi\u00e9n los aportes a la seguridad social y a los relacionados a la cobertura m\u00e9dica de los usuarios.<\/p>\n<p>A fin de cortar con la ansiedad de muchos, los especialistas se animan a anticipar sumas estimativas tomando el posible resultado del \u00cdndice de Precios al consumidor (IPC) que publicar\u00e1 el Instituto Nacional de Estad\u00edsticas y Censo (INDEC) respecto de diciembre de 2024.<\/p>\n<p>Para calcular el nuevo esquema, los expertos parten de una inflaci\u00f3n semestral del 21%.<\/p>\n<p>A partir de ese porcentaje se cree que el cociente de actualizaci\u00f3n del monotributo se ubicar\u00e1 en el 1,21%. El primer dato a tener en cuenta es que, partiendo de estas valoraciones, el monto tope de facturaci\u00f3n ser\u00e1 de 82.280.000 pesos.<\/p>\n<p>Es v\u00e1lido aclarar que las modificaciones tambi\u00e9n recaer\u00e1 sobre el Monotributo Social.<\/p>\n<p>Los especialistas advierten que el incremento podr\u00eda ser inferior -1,17%- si el Gobierno de Javier Milei toma la decisi\u00f3n de dejar afuera el resultado del mes de agosto. Esto es porque debido a la discusi\u00f3n en torno al paquete fiscal en el Congreso, en el octavo mes se decidi\u00f3 prorrogar la actualizaci\u00f3n del segundo semestre.<\/p>\n<h3 class=\"subtitulo_en_cuerpo\">C\u00f3mo quedar\u00edan las nuevas escalas<\/h3>\n<p><strong>Categor\u00eda A \u2013 Ingresos Brutos $7.804.500<\/strong><\/p>\n<p>Importe mensual a pagar: Componente impositivo: $3.630 \u2013 Total a pagar al sumar aportes a la seguridad social: $32.186<\/p>\n<p><strong>Categor\u00eda B \u2013 Ingresos Brutos: $11.434.500<\/strong><\/p>\n<p>Importe mensual a pagar: Componente impositivo: $6.897 \u2013 Total a pagar al sumar aportes a la seguridad social: $36.638,80<\/p>\n<p><strong>Categor\u00eda C \u2013 Ingresos Brutos: $16.032.500<\/strong><\/p>\n<p>Importe mensual a pagar:<\/p>\n<p>1)\u00a0Servicios \u2013 Componente impositivo: $11.858 \u2013 Total a pagar al sumar aportes a la seguridad social: $42.904<\/p>\n<p>2)\u00a0Venta de cosa mueble \u2013 Componente impositivo: $10.890 \u2013 Total a pagar al sumar aportes a la seguridad social: $41.936,18<\/p>\n<p><strong>Categor\u00eda D \u2013 Ingresos Brutos: $19.904.500<\/strong><\/p>\n<p>Importe mensual a pagar:<\/p>\n<p>1)\u00a0Servicios \u2013 Componente impositivo: $19.360 \u2013 Total a pagar al sumar aportes a la seguridad social: $54.987<\/p>\n<p>2)\u00a0Venta de cosa mueble \u2013 Componente impositivo: $18.029 \u2013 Total a pagar al sumar aportes a la seguridad social: $53.656<\/p>\n<p><strong>Categor\u00eda E \u2013 Ingresos Brutos: $23.413.500<\/strong><\/p>\n<p>Importe mensual a pagar:<\/p>\n<p>1)\u00a0Servicios \u2013 Componente impositivo: $36.300 \u2013 Total a pagar al sumar aportes a la seguridad social: $77.861<\/p>\n<p>2)\u00a0Venta de cosa mueble \u2013 Componente impositivo: $28.798 \u2013 Total a pagar al sumar aportes a la seguridad social: $70.359,30<\/p>\n<p><strong>Categor\u00eda F \u2013 Ingresos Brutos: $29.342.500<\/strong><\/p>\n<p>Importe mensual a pagar:<\/p>\n<p>1)\u00a0Servicios \u2013 Componente impositivo: $51.062 \u2013 Total a pagar al sumar aportes a la seguridad social: $97.989<\/p>\n<p>2)\u00a0Venta de cosa mueble \u2013 Componente impositivo: $37.510 \u2013 Total a pagar al sumar aportes a la seguridad social: $84.437,43<\/p>\n<p><strong>Categor\u00eda G \u2013 Ingresos Brutos: $35.090.000<\/strong><\/p>\n<p>Importe mensual a pagar:<\/p>\n<p>1)\u00a0Servicios \u2013 Componente impositivo: $92.928 \u2013 Total a pagar al sumar aportes a la seguridad social: $149.672<\/p>\n<p>2)\u00a0Venta de cosa mueble \u2013 Componente impositivo: $46.464 \u2013 Total a pagar al sumar aportes a la seguridad social: $103.208,40<\/p>\n<p><strong>Categor\u00eda H \u2013 Ingresos Brutos: $53.240.000<\/strong><\/p>\n<p>Importe mensual a pagar:<\/p>\n<p>1)\u00a0Servicios \u2013 Componente impositivo: $266.200 \u2013 Total a pagar al sumar aportes a la seguridad social: $339.689<\/p>\n<p>2)\u00a0Venta de cosa mueble \u2013 Componente impositivo: $133.100 \u2013 Total a pagar al sumar aportes a la seguridad social: $206.588,96<\/p>\n<p><strong>Categor\u00eda I \u2013 Ingresos Brutos: $59.592.500<\/strong><\/p>\n<p>Importe mensual a pagar:<\/p>\n<p>1)\u00a0Servicios \u2013 Componente impositivo: $529.375 \u2013 Total a pagar al sumar aportes a la seguridad social: $626.306<\/p>\n<p>2)\u00a0Venta de cosa mueble \u2013 Componente impositivo: $211.750 \u2013 Total a pagar al sumar aportes a la seguridad social: $308.681,35<\/p>\n<p><strong>Categor\u00eda J \u2013 Ingresos Brutos: $68.244.000<\/strong><\/p>\n<p>Importe mensual a pagar:<\/p>\n<p>1)\u00a0Servicios \u2013 Componente impositivo: $635.250 \u2013 Total a pagar al sumar aportes a la seguridad social: $758.588<\/p>\n<p>2)\u00a0Venta de cosa mueble \u2013 Componente impositivo: $254.100 \u2013 Total a pagar al sumar aportes a la seguridad social: $377.437,68<\/p>\n<p><strong>Categor\u00eda K \u2013 Ingresos Brutos: $82.280.000<\/strong><\/p>\n<p>Importe mensual a pagar:<\/p>\n<p>1)\u00a0Servicios \u2013 Componente impositivo: $889.350 \u2013 Total a pagar al sumar aportes a la seguridad social: $1.049.173<\/p>\n<p>2) Venta de cosa mueble \u2013 Componente impositivo: $296.450 \u2013 Total a pagar al sumar aportes a la seguridad social: $456.272,55 (DIB).<\/p>\n<p>&nbsp;<\/p>\n<\/div>\n<p><strong>Fuente La Nueva<\/strong><\/p>\n","protected":false},"excerpt":{"rendered":"<p>El Gobierno todav\u00eda no oficializ\u00f3 los cambios, pero los expertos ya estiman c\u00f3mo quedar\u00edas las categor\u00edas y los importes a pagar.<\/p>\n","protected":false},"author":3,"featured_media":111028,"comment_status":"closed","ping_status":"closed","sticky":false,"template":"","format":"standard","meta":{"footnotes":""},"categories":[36],"tags":[],"class_list":["post-111027","post","type-post","status-publish","format-standard","has-post-thumbnail","hentry","category-economia"],"yoast_head":"<!-- This site is optimized with the Yoast SEO plugin v25.9 - https:\/\/yoast.com\/wordpress\/plugins\/seo\/ -->\n<title>Monotributo: cu\u00e1nto habr\u00eda que pagar con los cambios a partir de enero - Noticias Radio Reflejos<\/title>\n<meta name=\"robots\" content=\"index, follow, max-snippet:-1, max-image-preview:large, max-video-preview:-1\" \/>\n<link rel=\"canonical\" href=\"https:\/\/www.noticiasradioreflejos.com.ar\/2021\/monotributo-cuanto-habria-que-pagar-con-los-cambios-a-partir-de-enero\/\" \/>\n<meta property=\"og:locale\" content=\"es_ES\" \/>\n<meta property=\"og:type\" content=\"article\" \/>\n<meta property=\"og:title\" content=\"Monotributo: cu\u00e1nto habr\u00eda que pagar con los cambios a partir de enero - Noticias Radio Reflejos\" \/>\n<meta property=\"og:description\" content=\"El Gobierno todav\u00eda no oficializ\u00f3 los cambios, pero los expertos ya estiman c\u00f3mo quedar\u00edas las categor\u00edas y los importes a pagar.\" \/>\n<meta property=\"og:url\" content=\"https:\/\/www.noticiasradioreflejos.com.ar\/2021\/monotributo-cuanto-habria-que-pagar-con-los-cambios-a-partir-de-enero\/\" \/>\n<meta property=\"og:site_name\" content=\"Noticias Radio Reflejos\" \/>\n<meta property=\"article:published_time\" content=\"2024-12-26T10:30:24+00:00\" \/>\n<meta property=\"og:image\" content=\"https:\/\/www.noticiasradioreflejos.com.ar\/2021\/wp-content\/uploads\/2024\/12\/Monotributo.jpg\" \/>\n\t<meta property=\"og:image:width\" content=\"1121\" \/>\n\t<meta property=\"og:image:height\" content=\"633\" \/>\n\t<meta property=\"og:image:type\" content=\"image\/jpeg\" \/>\n<meta name=\"author\" content=\"Arnaldo Botto\" \/>\n<meta name=\"twitter:card\" content=\"summary_large_image\" \/>\n<script type=\"application\/ld+json\" class=\"yoast-schema-graph\">{\"@context\":\"https:\/\/schema.org\",\"@graph\":[{\"@type\":\"WebPage\",\"@id\":\"https:\/\/www.noticiasradioreflejos.com.ar\/2021\/monotributo-cuanto-habria-que-pagar-con-los-cambios-a-partir-de-enero\/\",\"url\":\"https:\/\/www.noticiasradioreflejos.com.ar\/2021\/monotributo-cuanto-habria-que-pagar-con-los-cambios-a-partir-de-enero\/\",\"name\":\"Monotributo: cu\u00e1nto habr\u00eda que pagar con los cambios a partir de enero - Noticias Radio Reflejos\",\"isPartOf\":{\"@id\":\"https:\/\/www.noticiasradioreflejos.com.ar\/2021\/#website\"},\"primaryImageOfPage\":{\"@id\":\"https:\/\/www.noticiasradioreflejos.com.ar\/2021\/monotributo-cuanto-habria-que-pagar-con-los-cambios-a-partir-de-enero\/#primaryimage\"},\"image\":{\"@id\":\"https:\/\/www.noticiasradioreflejos.com.ar\/2021\/monotributo-cuanto-habria-que-pagar-con-los-cambios-a-partir-de-enero\/#primaryimage\"},\"thumbnailUrl\":\"https:\/\/www.noticiasradioreflejos.com.ar\/2021\/wp-content\/uploads\/2024\/12\/Monotributo.jpg\",\"datePublished\":\"2024-12-26T10:30:24+00:00\",\"author\":{\"@id\":\"https:\/\/www.noticiasradioreflejos.com.ar\/2021\/#\/schema\/person\/ad82545263dcc5ec0996818884fd5fb1\"},\"breadcrumb\":{\"@id\":\"https:\/\/www.noticiasradioreflejos.com.ar\/2021\/monotributo-cuanto-habria-que-pagar-con-los-cambios-a-partir-de-enero\/#breadcrumb\"},\"inLanguage\":\"es\",\"potentialAction\":[{\"@type\":\"ReadAction\",\"target\":[\"https:\/\/www.noticiasradioreflejos.com.ar\/2021\/monotributo-cuanto-habria-que-pagar-con-los-cambios-a-partir-de-enero\/\"]}]},{\"@type\":\"ImageObject\",\"inLanguage\":\"es\",\"@id\":\"https:\/\/www.noticiasradioreflejos.com.ar\/2021\/monotributo-cuanto-habria-que-pagar-con-los-cambios-a-partir-de-enero\/#primaryimage\",\"url\":\"https:\/\/www.noticiasradioreflejos.com.ar\/2021\/wp-content\/uploads\/2024\/12\/Monotributo.jpg\",\"contentUrl\":\"https:\/\/www.noticiasradioreflejos.com.ar\/2021\/wp-content\/uploads\/2024\/12\/Monotributo.jpg\",\"width\":1121,\"height\":633},{\"@type\":\"BreadcrumbList\",\"@id\":\"https:\/\/www.noticiasradioreflejos.com.ar\/2021\/monotributo-cuanto-habria-que-pagar-con-los-cambios-a-partir-de-enero\/#breadcrumb\",\"itemListElement\":[{\"@type\":\"ListItem\",\"position\":1,\"name\":\"Portada\",\"item\":\"https:\/\/www.noticiasradioreflejos.com.ar\/2021\/\"},{\"@type\":\"ListItem\",\"position\":2,\"name\":\"Monotributo: cu\u00e1nto habr\u00eda que pagar con los cambios a partir de enero\"}]},{\"@type\":\"WebSite\",\"@id\":\"https:\/\/www.noticiasradioreflejos.com.ar\/2021\/#website\",\"url\":\"https:\/\/www.noticiasradioreflejos.com.ar\/2021\/\",\"name\":\"Noticias Radio Reflejos\",\"description\":\"Las noticias de mi comarca\",\"potentialAction\":[{\"@type\":\"SearchAction\",\"target\":{\"@type\":\"EntryPoint\",\"urlTemplate\":\"https:\/\/www.noticiasradioreflejos.com.ar\/2021\/?s={search_term_string}\"},\"query-input\":{\"@type\":\"PropertyValueSpecification\",\"valueRequired\":true,\"valueName\":\"search_term_string\"}}],\"inLanguage\":\"es\"},{\"@type\":\"Person\",\"@id\":\"https:\/\/www.noticiasradioreflejos.com.ar\/2021\/#\/schema\/person\/ad82545263dcc5ec0996818884fd5fb1\",\"name\":\"Arnaldo Botto\",\"image\":{\"@type\":\"ImageObject\",\"inLanguage\":\"es\",\"@id\":\"https:\/\/www.noticiasradioreflejos.com.ar\/2021\/#\/schema\/person\/image\/\",\"url\":\"https:\/\/secure.gravatar.com\/avatar\/55cb5e37c1efa326397366e6974cb338056df65cb50e7d64d1cf314e87504837?s=96&d=mm&r=g\",\"contentUrl\":\"https:\/\/secure.gravatar.com\/avatar\/55cb5e37c1efa326397366e6974cb338056df65cb50e7d64d1cf314e87504837?s=96&d=mm&r=g\",\"caption\":\"Arnaldo Botto\"},\"url\":\"https:\/\/www.noticiasradioreflejos.com.ar\/2021\/author\/arnaldo\/\"}]}<\/script>\n<!-- \/ Yoast SEO plugin. -->","yoast_head_json":{"title":"Monotributo: cu\u00e1nto habr\u00eda que pagar con los cambios a partir de enero - Noticias Radio Reflejos","robots":{"index":"index","follow":"follow","max-snippet":"max-snippet:-1","max-image-preview":"max-image-preview:large","max-video-preview":"max-video-preview:-1"},"canonical":"https:\/\/www.noticiasradioreflejos.com.ar\/2021\/monotributo-cuanto-habria-que-pagar-con-los-cambios-a-partir-de-enero\/","og_locale":"es_ES","og_type":"article","og_title":"Monotributo: cu\u00e1nto habr\u00eda que pagar con los cambios a partir de enero - Noticias Radio Reflejos","og_description":"El Gobierno todav\u00eda no oficializ\u00f3 los cambios, pero los expertos ya estiman c\u00f3mo quedar\u00edas las categor\u00edas y los importes a pagar.","og_url":"https:\/\/www.noticiasradioreflejos.com.ar\/2021\/monotributo-cuanto-habria-que-pagar-con-los-cambios-a-partir-de-enero\/","og_site_name":"Noticias Radio Reflejos","article_published_time":"2024-12-26T10:30:24+00:00","og_image":[{"width":1121,"height":633,"url":"https:\/\/www.noticiasradioreflejos.com.ar\/2021\/wp-content\/uploads\/2024\/12\/Monotributo.jpg","type":"image\/jpeg"}],"author":"Arnaldo Botto","twitter_card":"summary_large_image","schema":{"@context":"https:\/\/schema.org","@graph":[{"@type":"WebPage","@id":"https:\/\/www.noticiasradioreflejos.com.ar\/2021\/monotributo-cuanto-habria-que-pagar-con-los-cambios-a-partir-de-enero\/","url":"https:\/\/www.noticiasradioreflejos.com.ar\/2021\/monotributo-cuanto-habria-que-pagar-con-los-cambios-a-partir-de-enero\/","name":"Monotributo: cu\u00e1nto habr\u00eda que pagar con los cambios a partir de enero - Noticias Radio Reflejos","isPartOf":{"@id":"https:\/\/www.noticiasradioreflejos.com.ar\/2021\/#website"},"primaryImageOfPage":{"@id":"https:\/\/www.noticiasradioreflejos.com.ar\/2021\/monotributo-cuanto-habria-que-pagar-con-los-cambios-a-partir-de-enero\/#primaryimage"},"image":{"@id":"https:\/\/www.noticiasradioreflejos.com.ar\/2021\/monotributo-cuanto-habria-que-pagar-con-los-cambios-a-partir-de-enero\/#primaryimage"},"thumbnailUrl":"https:\/\/www.noticiasradioreflejos.com.ar\/2021\/wp-content\/uploads\/2024\/12\/Monotributo.jpg","datePublished":"2024-12-26T10:30:24+00:00","author":{"@id":"https:\/\/www.noticiasradioreflejos.com.ar\/2021\/#\/schema\/person\/ad82545263dcc5ec0996818884fd5fb1"},"breadcrumb":{"@id":"https:\/\/www.noticiasradioreflejos.com.ar\/2021\/monotributo-cuanto-habria-que-pagar-con-los-cambios-a-partir-de-enero\/#breadcrumb"},"inLanguage":"es","potentialAction":[{"@type":"ReadAction","target":["https:\/\/www.noticiasradioreflejos.com.ar\/2021\/monotributo-cuanto-habria-que-pagar-con-los-cambios-a-partir-de-enero\/"]}]},{"@type":"ImageObject","inLanguage":"es","@id":"https:\/\/www.noticiasradioreflejos.com.ar\/2021\/monotributo-cuanto-habria-que-pagar-con-los-cambios-a-partir-de-enero\/#primaryimage","url":"https:\/\/www.noticiasradioreflejos.com.ar\/2021\/wp-content\/uploads\/2024\/12\/Monotributo.jpg","contentUrl":"https:\/\/www.noticiasradioreflejos.com.ar\/2021\/wp-content\/uploads\/2024\/12\/Monotributo.jpg","width":1121,"height":633},{"@type":"BreadcrumbList","@id":"https:\/\/www.noticiasradioreflejos.com.ar\/2021\/monotributo-cuanto-habria-que-pagar-con-los-cambios-a-partir-de-enero\/#breadcrumb","itemListElement":[{"@type":"ListItem","position":1,"name":"Portada","item":"https:\/\/www.noticiasradioreflejos.com.ar\/2021\/"},{"@type":"ListItem","position":2,"name":"Monotributo: cu\u00e1nto habr\u00eda que pagar con los cambios a partir de enero"}]},{"@type":"WebSite","@id":"https:\/\/www.noticiasradioreflejos.com.ar\/2021\/#website","url":"https:\/\/www.noticiasradioreflejos.com.ar\/2021\/","name":"Noticias Radio Reflejos","description":"Las noticias de mi comarca","potentialAction":[{"@type":"SearchAction","target":{"@type":"EntryPoint","urlTemplate":"https:\/\/www.noticiasradioreflejos.com.ar\/2021\/?s={search_term_string}"},"query-input":{"@type":"PropertyValueSpecification","valueRequired":true,"valueName":"search_term_string"}}],"inLanguage":"es"},{"@type":"Person","@id":"https:\/\/www.noticiasradioreflejos.com.ar\/2021\/#\/schema\/person\/ad82545263dcc5ec0996818884fd5fb1","name":"Arnaldo Botto","image":{"@type":"ImageObject","inLanguage":"es","@id":"https:\/\/www.noticiasradioreflejos.com.ar\/2021\/#\/schema\/person\/image\/","url":"https:\/\/secure.gravatar.com\/avatar\/55cb5e37c1efa326397366e6974cb338056df65cb50e7d64d1cf314e87504837?s=96&d=mm&r=g","contentUrl":"https:\/\/secure.gravatar.com\/avatar\/55cb5e37c1efa326397366e6974cb338056df65cb50e7d64d1cf314e87504837?s=96&d=mm&r=g","caption":"Arnaldo Botto"},"url":"https:\/\/www.noticiasradioreflejos.com.ar\/2021\/author\/arnaldo\/"}]}},"_links":{"self":[{"href":"https:\/\/www.noticiasradioreflejos.com.ar\/2021\/wp-json\/wp\/v2\/posts\/111027","targetHints":{"allow":["GET"]}}],"collection":[{"href":"https:\/\/www.noticiasradioreflejos.com.ar\/2021\/wp-json\/wp\/v2\/posts"}],"about":[{"href":"https:\/\/www.noticiasradioreflejos.com.ar\/2021\/wp-json\/wp\/v2\/types\/post"}],"author":[{"embeddable":true,"href":"https:\/\/www.noticiasradioreflejos.com.ar\/2021\/wp-json\/wp\/v2\/users\/3"}],"replies":[{"embeddable":true,"href":"https:\/\/www.noticiasradioreflejos.com.ar\/2021\/wp-json\/wp\/v2\/comments?post=111027"}],"version-history":[{"count":1,"href":"https:\/\/www.noticiasradioreflejos.com.ar\/2021\/wp-json\/wp\/v2\/posts\/111027\/revisions"}],"predecessor-version":[{"id":111029,"href":"https:\/\/www.noticiasradioreflejos.com.ar\/2021\/wp-json\/wp\/v2\/posts\/111027\/revisions\/111029"}],"wp:featuredmedia":[{"embeddable":true,"href":"https:\/\/www.noticiasradioreflejos.com.ar\/2021\/wp-json\/wp\/v2\/media\/111028"}],"wp:attachment":[{"href":"https:\/\/www.noticiasradioreflejos.com.ar\/2021\/wp-json\/wp\/v2\/media?parent=111027"}],"wp:term":[{"taxonomy":"category","embeddable":true,"href":"https:\/\/www.noticiasradioreflejos.com.ar\/2021\/wp-json\/wp\/v2\/categories?post=111027"},{"taxonomy":"post_tag","embeddable":true,"href":"https:\/\/www.noticiasradioreflejos.com.ar\/2021\/wp-json\/wp\/v2\/tags?post=111027"}],"curies":[{"name":"wp","href":"https:\/\/api.w.org\/{rel}","templated":true}]}}