{"id":111009,"date":"2024-12-25T20:25:51","date_gmt":"2024-12-25T23:25:51","guid":{"rendered":"https:\/\/www.noticiasradioreflejos.com.ar\/2021\/?p=111009"},"modified":"2024-12-25T20:25:51","modified_gmt":"2024-12-25T23:25:51","slug":"cuales-son-los-8-alimentos-que-no-deberias-calentar-en-el-microondas","status":"publish","type":"post","link":"https:\/\/www.noticiasradioreflejos.com.ar\/2021\/cuales-son-los-8-alimentos-que-no-deberias-calentar-en-el-microondas\/","title":{"rendered":"Cuales son los 8 alimentos que no deber\u00edas calentar en el microondas"},"content":{"rendered":"<header class=\"article-header-wrapper\">\n<div class=\"article-header\">\n<p class=\"article-subheadline left\">El proceso podr\u00eda parecer inofensivo, pero algunos estudios advierten que este h\u00e1bito puede afectar la salud y la seguridad si no se toman precauciones<\/p>\n<div class=\"byline\"><\/div>\n<\/div>\n<\/header>\n<p><!--more--><\/p>\n<article class=\"article\">\n<div class=\"body-article \">\n<p class=\"paragraph\" data-mrf-recirculation=\"Links inline\">El microondas se convirti\u00f3 en un<b>\u00a0aliado indispensable en las\u00a0<\/b><b>cocinas<\/b>, facilitando la tarea de calentar o cocinar alimentos en cuesti\u00f3n de minutos. Sin embargo, lo que parece un gesto inofensivo podr\u00eda tener\u00a0<b>consecuencias adversas para la salud<\/b>\u00a0si no se toman precauciones. Algunos alimentos, al ser expuestos al calor de este electrodom\u00e9stico, pueden sufrir cambios qu\u00edmicos o liberar compuestos que afectan su composici\u00f3n, sabor, textura e incluso su seguridad para el consumo.<\/p>\n<div class=\"news-module\" data-mrf-recirculation=\"IL_GBLs3HYWRq2RgU4Qz8MM1Q\" data-testid=\"text-html\" data-mrf-experience=\"IL_GBLs3HYWRq2RgU4Qz8MM1Q\">\n<div class=\"recommended-card__info\">\n<div class=\"recommended-card__info-button recommended-card__info-button--deportes\"><\/div>\n<\/div>\n<\/div>\n<p class=\"paragraph\" data-mrf-recirculation=\"Links inline\">De acuerdo con expertos como la\u00a0<i><b>Organizaci\u00f3n de Consumidores y Usuarios (OCU)<\/b><\/i>y estudios publicados en el <a href=\"https:\/\/academic.oup.com\/aje\/article-abstract\/139\/9\/903\/62836?redirectedFrom=fulltext&amp;login=false\" target=\"_blank\" rel=\"noopener\" data-mrf-link=\"https:\/\/academic.oup.com\/aje\/article-abstract\/139\/9\/903\/62836?redirectedFrom=fulltext&amp;login=false\"><i><b>American Journal of Epidemiology<\/b><\/i><\/a>, recalentar ciertos alimentos en el microondas puede provocar intoxicaciones alimentarias o da\u00f1os al aparato. Por eso, es fundamental conocer cu\u00e1les alimentos se deben evitar y por qu\u00e9\u200b\u200b.<\/p>\n<div class=\"headline-wrapper\">\n<h2 class=\"header headline-class-h2\">Por qu\u00e9 hay alimentos que no deben calentarse en el microondas<\/h2>\n<\/div>\n<div class=\"inline ad-wrapper\">\n<div class=\"dfpAd ad-inline\"><\/div>\n<\/div>\n<p class=\"paragraph\" data-mrf-recirculation=\"Links inline\">El funcionamiento del microondas implica el uso de<b>\u00a0ondas electromagn\u00e9ticas\u00a0<\/b>para calentar las\u00a0<b>mol\u00e9culas de agua<\/b>\u00a0en los alimentos. Este m\u00e9todo r\u00e1pido y pr\u00e1ctico no siempre garantiza un calentamiento uniforme, lo que puede dar lugar a \u201cpuntos calientes\u201d o temperaturas inadecuadas que favorecen el crecimiento de bacterias. Adem\u00e1s,<b>\u00a0algunos alimentos contienen compuestos que se alteran bajo este tipo de calor<\/b>, transform\u00e1ndose en sustancias t\u00f3xicas o generando texturas y sabores desagradables. Seg\u00fan la\u00a0<i>Administraci\u00f3n de Alimentos y Medicamentos de los Estados Unidos (FDA)<\/i>, utilizar el microondas con ciertos alimentos o materiales puede ser peligroso si no se siguen las pautas de seguridad recomendadas\u200b\u200b.<\/p>\n<div class=\"news-module\" data-mrf-recirculation=\"IL_m3kiGo-8SVS6m0U7OqrZLw\" data-testid=\"text-html\" data-mrf-experience=\"IL_m3kiGo-8SVS6m0U7OqrZLw\">\n<div class=\"recommended-card__info\">\n<div class=\"recommended-card__info-button recommended-card__info-button--deportes\"><\/div>\n<\/div>\n<\/div>\n<div class=\"headline-wrapper\">\n<h2 class=\"header headline-class-h2\">La lista de los 8 alimentos que no deber\u00edas calentar en el microondas<\/h2>\n<\/div>\n<div class=\"headline-wrapper\">\n<h3 class=\"header headline-class-h3\">Arroz<\/h3>\n<\/div>\n<div class=\" visual__image\"><picture><source srcset=\"https:\/\/www.infobae.com\/resizer\/v2\/ONTQ3F2ADZC4VJKWUGUONIVWRE.jpg?auth=c7723f0c27cdd33337665c041f5cd86830a029a6567cdc5a8478d11e4fb19d02&amp;smart=true&amp;width=992&amp;height=558&amp;quality=85\" media=\"(min-width: 1000px)\" \/><source srcset=\"https:\/\/www.infobae.com\/resizer\/v2\/ONTQ3F2ADZC4VJKWUGUONIVWRE.jpg?auth=c7723f0c27cdd33337665c041f5cd86830a029a6567cdc5a8478d11e4fb19d02&amp;smart=true&amp;width=768&amp;height=432&amp;quality=85\" media=\"(min-width: 768px)\" \/><source srcset=\"https:\/\/www.infobae.com\/resizer\/v2\/ONTQ3F2ADZC4VJKWUGUONIVWRE.jpg?auth=c7723f0c27cdd33337665c041f5cd86830a029a6567cdc5a8478d11e4fb19d02&amp;smart=true&amp;width=577&amp;height=325&amp;quality=85\" media=\"(min-width: 580px)\" \/><source srcset=\"https:\/\/www.infobae.com\/resizer\/v2\/ONTQ3F2ADZC4VJKWUGUONIVWRE.jpg?auth=c7723f0c27cdd33337665c041f5cd86830a029a6567cdc5a8478d11e4fb19d02&amp;smart=true&amp;width=420&amp;height=236&amp;quality=85\" media=\"(min-width: 350px)\" \/><source srcset=\"https:\/\/www.infobae.com\/resizer\/v2\/ONTQ3F2ADZC4VJKWUGUONIVWRE.jpg?auth=c7723f0c27cdd33337665c041f5cd86830a029a6567cdc5a8478d11e4fb19d02&amp;smart=true&amp;width=350&amp;height=197&amp;quality=85\" media=\"(min-width: 80px)\" \/><img loading=\"lazy\" decoding=\"async\" class=\"global-image\" src=\"https:\/\/www.infobae.com\/resizer\/v2\/ONTQ3F2ADZC4VJKWUGUONIVWRE.jpg?auth=c7723f0c27cdd33337665c041f5cd86830a029a6567cdc5a8478d11e4fb19d02&amp;smart=true&amp;width=350&amp;height=197&amp;quality=85\" alt=\"La bacteria Bacillus cereus puede\" width=\"1456\" height=\"816\" \/><\/picture><em>La bacteria Bacillus cereus puede activarse tras el recalentamiento, causando intoxicaciones graves (Imagen Ilustrativa Infobae)<\/em><\/div>\n<p data-mrf-recirculation=\"Links inline\">\n<p class=\"paragraph\" data-mrf-recirculation=\"Links inline\">El arroz puede contener esporas de Bacillus cereus, una bacteria que sobrevive al proceso de cocci\u00f3n. Cuando el arroz se recalienta en el microondas, las condiciones pueden activar estas esporas, incrementando el riesgo de intoxicaci\u00f3n alimentaria. Es preferible recalentar este alimento en una sart\u00e9n o al vapor\u200b\u200b.<\/p>\n<div class=\"headline-wrapper\">\n<h3 class=\"header headline-class-h3\">Carne procesada<\/h3>\n<\/div>\n<div class=\" visual__image\"><picture><source srcset=\"https:\/\/www.infobae.com\/resizer\/v2\/M2VD532MVJBENHTLKR62IFVP5A.jpg?auth=8babe1511dccea4866d4997cb30c7d3750a64d2a84467931688518336add1374&amp;smart=true&amp;width=992&amp;height=558&amp;quality=85\" media=\"(min-width: 1000px)\" \/><source srcset=\"https:\/\/www.infobae.com\/resizer\/v2\/M2VD532MVJBENHTLKR62IFVP5A.jpg?auth=8babe1511dccea4866d4997cb30c7d3750a64d2a84467931688518336add1374&amp;smart=true&amp;width=768&amp;height=432&amp;quality=85\" media=\"(min-width: 768px)\" \/><source srcset=\"https:\/\/www.infobae.com\/resizer\/v2\/M2VD532MVJBENHTLKR62IFVP5A.jpg?auth=8babe1511dccea4866d4997cb30c7d3750a64d2a84467931688518336add1374&amp;smart=true&amp;width=577&amp;height=325&amp;quality=85\" media=\"(min-width: 580px)\" \/><source srcset=\"https:\/\/www.infobae.com\/resizer\/v2\/M2VD532MVJBENHTLKR62IFVP5A.jpg?auth=8babe1511dccea4866d4997cb30c7d3750a64d2a84467931688518336add1374&amp;smart=true&amp;width=420&amp;height=236&amp;quality=85\" media=\"(min-width: 350px)\" \/><source srcset=\"https:\/\/www.infobae.com\/resizer\/v2\/M2VD532MVJBENHTLKR62IFVP5A.jpg?auth=8babe1511dccea4866d4997cb30c7d3750a64d2a84467931688518336add1374&amp;smart=true&amp;width=350&amp;height=197&amp;quality=85\" media=\"(min-width: 80px)\" \/><img loading=\"lazy\" decoding=\"async\" class=\"global-image\" src=\"https:\/\/www.infobae.com\/resizer\/v2\/M2VD532MVJBENHTLKR62IFVP5A.jpg?auth=8babe1511dccea4866d4997cb30c7d3750a64d2a84467931688518336add1374&amp;smart=true&amp;width=350&amp;height=197&amp;quality=85\" alt=\"Conservantes liberan sustancias nocivas al\" width=\"1456\" height=\"816\" \/><\/picture><em>Conservantes liberan sustancias nocivas al recalentar, aumentando riesgos para la salud cardiovascular (Imagen Ilustrativa Infobae)<\/em><\/div>\n<div class=\"inline_2_DSK ad-wrapper ad-desktop\">\n<div class=\"dfpAd ad-inline\"><\/div>\n<\/div>\n<p class=\"paragraph\" data-mrf-recirculation=\"Links inline\">Este tipo de alimentos contiene conservantes que, al calentarse en el microondas, pueden liberar compuestos t\u00f3xicos relacionados con enfermedades cardiovasculares. Adem\u00e1s, el calor desigual puede no eliminar bacterias peligrosas presentes, seg\u00fan estudios publicados en el\u00a0<i>American Journal of Epidemiology\u200b\u200b<\/i>.<\/p>\n<div class=\"news-module\" data-mrf-recirculation=\"IL_wLyG9sjfRQKb8QO3fSLumw\" data-testid=\"text-html\" data-mrf-experience=\"IL_wLyG9sjfRQKb8QO3fSLumw\">\n<div class=\"recommended-card__info\">\n<div class=\"recommended-card__info-button recommended-card__info-button--deportes\"><\/div>\n<\/div>\n<\/div>\n<div class=\"headline-wrapper\">\n<h3 class=\"header headline-class-h3\">Remolacha y otras verduras de hojas verdes<\/h3>\n<\/div>\n<div class=\" visual__image\"><picture><source srcset=\"https:\/\/www.infobae.com\/resizer\/v2\/YJZ4TROWARDJPHNR22S3DWAEOE.jpg?auth=b3b153961b68942640c0ddb5a6f625b5926258038c3a1450f85261a4fc62aab6&amp;smart=true&amp;width=992&amp;height=558&amp;quality=85\" media=\"(min-width: 1000px)\" \/><source srcset=\"https:\/\/www.infobae.com\/resizer\/v2\/YJZ4TROWARDJPHNR22S3DWAEOE.jpg?auth=b3b153961b68942640c0ddb5a6f625b5926258038c3a1450f85261a4fc62aab6&amp;smart=true&amp;width=768&amp;height=432&amp;quality=85\" media=\"(min-width: 768px)\" \/><source srcset=\"https:\/\/www.infobae.com\/resizer\/v2\/YJZ4TROWARDJPHNR22S3DWAEOE.jpg?auth=b3b153961b68942640c0ddb5a6f625b5926258038c3a1450f85261a4fc62aab6&amp;smart=true&amp;width=577&amp;height=325&amp;quality=85\" media=\"(min-width: 580px)\" \/><source srcset=\"https:\/\/www.infobae.com\/resizer\/v2\/YJZ4TROWARDJPHNR22S3DWAEOE.jpg?auth=b3b153961b68942640c0ddb5a6f625b5926258038c3a1450f85261a4fc62aab6&amp;smart=true&amp;width=420&amp;height=236&amp;quality=85\" media=\"(min-width: 350px)\" \/><source srcset=\"https:\/\/www.infobae.com\/resizer\/v2\/YJZ4TROWARDJPHNR22S3DWAEOE.jpg?auth=b3b153961b68942640c0ddb5a6f625b5926258038c3a1450f85261a4fc62aab6&amp;smart=true&amp;width=350&amp;height=197&amp;quality=85\" media=\"(min-width: 80px)\" \/><img loading=\"lazy\" decoding=\"async\" class=\"global-image\" src=\"https:\/\/www.infobae.com\/resizer\/v2\/YJZ4TROWARDJPHNR22S3DWAEOE.jpg?auth=b3b153961b68942640c0ddb5a6f625b5926258038c3a1450f85261a4fc62aab6&amp;smart=true&amp;width=350&amp;height=197&amp;quality=85\" alt=\"Calentarlas altera sus compuestos, generando\" width=\"1456\" height=\"816\" \/><\/picture>Calentarlas altera sus compuestos, generando toxinas y reduciendo nutrientes esenciales (Imagen Ilustrativa Infobae)<\/div>\n<p class=\"paragraph\" data-mrf-recirculation=\"Links inline\">La remolacha es rica en nitratos, que pueden transformarse en nitrosaminas cancer\u00edgenas al ser recalentadas. De igual forma, las verduras de hojas verdes pueden generar chispas o perder sus nutrientes esenciales, seg\u00fan investigaciones revisadas y divulgadas por organismos como la\u00a0<i>FDA<\/i>\u200b\u200b.<\/p>\n<div class=\"headline-wrapper\">\n<h3 class=\"header headline-class-h3\">Huevos duros<\/h3>\n<\/div>\n<div class=\" visual__image\"><picture><source srcset=\"https:\/\/www.infobae.com\/resizer\/v2\/H4XEQC7FGRHL3CEE3XXU33PSTM.jpg?auth=460a4afecc270fa6cf44dafcb9a5c77da16f94518a278caf07f3776105fc10fc&amp;smart=true&amp;width=992&amp;height=558&amp;quality=85\" media=\"(min-width: 1000px)\" \/><source srcset=\"https:\/\/www.infobae.com\/resizer\/v2\/H4XEQC7FGRHL3CEE3XXU33PSTM.jpg?auth=460a4afecc270fa6cf44dafcb9a5c77da16f94518a278caf07f3776105fc10fc&amp;smart=true&amp;width=768&amp;height=432&amp;quality=85\" media=\"(min-width: 768px)\" \/><source srcset=\"https:\/\/www.infobae.com\/resizer\/v2\/H4XEQC7FGRHL3CEE3XXU33PSTM.jpg?auth=460a4afecc270fa6cf44dafcb9a5c77da16f94518a278caf07f3776105fc10fc&amp;smart=true&amp;width=577&amp;height=325&amp;quality=85\" media=\"(min-width: 580px)\" \/><source srcset=\"https:\/\/www.infobae.com\/resizer\/v2\/H4XEQC7FGRHL3CEE3XXU33PSTM.jpg?auth=460a4afecc270fa6cf44dafcb9a5c77da16f94518a278caf07f3776105fc10fc&amp;smart=true&amp;width=420&amp;height=236&amp;quality=85\" media=\"(min-width: 350px)\" \/><source srcset=\"https:\/\/www.infobae.com\/resizer\/v2\/H4XEQC7FGRHL3CEE3XXU33PSTM.jpg?auth=460a4afecc270fa6cf44dafcb9a5c77da16f94518a278caf07f3776105fc10fc&amp;smart=true&amp;width=350&amp;height=197&amp;quality=85\" media=\"(min-width: 80px)\" \/><img loading=\"lazy\" decoding=\"async\" class=\"global-image\" src=\"https:\/\/www.infobae.com\/resizer\/v2\/H4XEQC7FGRHL3CEE3XXU33PSTM.jpg?auth=460a4afecc270fa6cf44dafcb9a5c77da16f94518a278caf07f3776105fc10fc&amp;smart=true&amp;width=350&amp;height=197&amp;quality=85\" alt=\"La acumulaci\u00f3n de vapor puede\" width=\"1456\" height=\"816\" \/><\/picture><em>La acumulaci\u00f3n de vapor puede causar explosiones, representando un peligro para el usuario (Imagen Ilustrativa Infobae)<\/em><\/div>\n<p data-mrf-recirculation=\"Links inline\">\n<p class=\"paragraph\" data-mrf-recirculation=\"Links inline\">La acumulaci\u00f3n de vapor en el interior del huevo puede provocar una explosi\u00f3n, lo que resulta peligroso tanto para el microondas como para quien lo manipula. Lo ideal es consumirlos fr\u00edos o calentarlos de otra manera\u200b\u200b.<\/p>\n<div class=\"headline-wrapper\">\n<h3 class=\"header headline-class-h3\">Papas<\/h3>\n<\/div>\n<div class=\" visual__image\"><picture><source srcset=\"https:\/\/www.infobae.com\/resizer\/v2\/QH2PIHQBMNG7TBYAI4OH36QHSU.jpg?auth=65a687194d2f97e9a842c47ca2989ddf46676c608c4edab55ccf98989c7d26b8&amp;smart=true&amp;width=992&amp;height=558&amp;quality=85\" media=\"(min-width: 1000px)\" \/><source srcset=\"https:\/\/www.infobae.com\/resizer\/v2\/QH2PIHQBMNG7TBYAI4OH36QHSU.jpg?auth=65a687194d2f97e9a842c47ca2989ddf46676c608c4edab55ccf98989c7d26b8&amp;smart=true&amp;width=768&amp;height=432&amp;quality=85\" media=\"(min-width: 768px)\" \/><source srcset=\"https:\/\/www.infobae.com\/resizer\/v2\/QH2PIHQBMNG7TBYAI4OH36QHSU.jpg?auth=65a687194d2f97e9a842c47ca2989ddf46676c608c4edab55ccf98989c7d26b8&amp;smart=true&amp;width=577&amp;height=325&amp;quality=85\" media=\"(min-width: 580px)\" \/><source srcset=\"https:\/\/www.infobae.com\/resizer\/v2\/QH2PIHQBMNG7TBYAI4OH36QHSU.jpg?auth=65a687194d2f97e9a842c47ca2989ddf46676c608c4edab55ccf98989c7d26b8&amp;smart=true&amp;width=420&amp;height=236&amp;quality=85\" media=\"(min-width: 350px)\" \/><source srcset=\"https:\/\/www.infobae.com\/resizer\/v2\/QH2PIHQBMNG7TBYAI4OH36QHSU.jpg?auth=65a687194d2f97e9a842c47ca2989ddf46676c608c4edab55ccf98989c7d26b8&amp;smart=true&amp;width=350&amp;height=197&amp;quality=85\" media=\"(min-width: 80px)\" \/><img loading=\"lazy\" decoding=\"async\" class=\"global-image\" src=\"https:\/\/www.infobae.com\/resizer\/v2\/QH2PIHQBMNG7TBYAI4OH36QHSU.jpg?auth=65a687194d2f97e9a842c47ca2989ddf46676c608c4edab55ccf98989c7d26b8&amp;smart=true&amp;width=350&amp;height=197&amp;quality=85\" alt=\"Aumentan el riesgo de botulismo\" width=\"1456\" height=\"816\" \/><\/picture><em>Aumentan el riesgo de botulismo por proliferaci\u00f3n de bacterias si no se recalientan adecuadamente (Imagen Ilustrativa Infobae)<\/em><\/div>\n<p data-mrf-recirculation=\"Links inline\">\n<p class=\"paragraph\" data-mrf-recirculation=\"Links inline\">Las papas recalentadas en el microondas pueden facilitar la proliferaci\u00f3n de la bacteria Clostridium botulinum, causante del botulismo. Para evitar riesgos, deben almacenarse adecuadamente y calentarse en un horno convencional o sart\u00e9n\u200b\u200b.<\/p>\n<div class=\"headline-wrapper\">\n<h3 class=\"header headline-class-h3\">Frutas<\/h3>\n<\/div>\n<div class=\" visual__image\"><picture><source srcset=\"https:\/\/www.infobae.com\/resizer\/v2\/TC6HSAHW5RE47CAXCF6ZD7M344.jpg?auth=42308e1de5f0cbe4fe11ab21c8143fbe1cbd82da3d7f73abab9d3a95b3aa2011&amp;smart=true&amp;width=992&amp;height=558&amp;quality=85\" media=\"(min-width: 1000px)\" \/><source srcset=\"https:\/\/www.infobae.com\/resizer\/v2\/TC6HSAHW5RE47CAXCF6ZD7M344.jpg?auth=42308e1de5f0cbe4fe11ab21c8143fbe1cbd82da3d7f73abab9d3a95b3aa2011&amp;smart=true&amp;width=768&amp;height=432&amp;quality=85\" media=\"(min-width: 768px)\" \/><source srcset=\"https:\/\/www.infobae.com\/resizer\/v2\/TC6HSAHW5RE47CAXCF6ZD7M344.jpg?auth=42308e1de5f0cbe4fe11ab21c8143fbe1cbd82da3d7f73abab9d3a95b3aa2011&amp;smart=true&amp;width=577&amp;height=325&amp;quality=85\" media=\"(min-width: 580px)\" \/><source srcset=\"https:\/\/www.infobae.com\/resizer\/v2\/TC6HSAHW5RE47CAXCF6ZD7M344.jpg?auth=42308e1de5f0cbe4fe11ab21c8143fbe1cbd82da3d7f73abab9d3a95b3aa2011&amp;smart=true&amp;width=420&amp;height=236&amp;quality=85\" media=\"(min-width: 350px)\" \/><source srcset=\"https:\/\/www.infobae.com\/resizer\/v2\/TC6HSAHW5RE47CAXCF6ZD7M344.jpg?auth=42308e1de5f0cbe4fe11ab21c8143fbe1cbd82da3d7f73abab9d3a95b3aa2011&amp;smart=true&amp;width=350&amp;height=197&amp;quality=85\" media=\"(min-width: 80px)\" \/><img loading=\"lazy\" decoding=\"async\" class=\"global-image\" src=\"https:\/\/www.infobae.com\/resizer\/v2\/TC6HSAHW5RE47CAXCF6ZD7M344.jpg?auth=42308e1de5f0cbe4fe11ab21c8143fbe1cbd82da3d7f73abab9d3a95b3aa2011&amp;smart=true&amp;width=350&amp;height=197&amp;quality=85\" alt=\"Su alto contenido de agua\" width=\"1456\" height=\"816\" \/><\/picture><em>Su alto contenido de agua puede convertirlas en una bomba de vapor al calentarse (Imagen Ilustrativa Infobae)<\/em><\/div>\n<p data-mrf-recirculation=\"Links inline\">\n<p class=\"paragraph\" data-mrf-recirculation=\"Links inline\">Las frutas contienen altos niveles de agua, que al calentarse se transforman en vapor. Esto puede provocar que estallen, adem\u00e1s de modificar su textura y sabor\u200b\u200b.<\/p>\n<div class=\"headline-wrapper\">\n<h3 class=\"header headline-class-h3\">Aj\u00ed picante<\/h3>\n<\/div>\n<div class=\" visual__image\"><picture><source srcset=\"https:\/\/www.infobae.com\/resizer\/v2\/QOAHJ7AR3RCZFJRVMLSLGB3V5M.jpg?auth=37b74a9048687391a6fdf2247313a1deb895b907acf72bef06c133bcae379e0e&amp;smart=true&amp;width=992&amp;height=558&amp;quality=85\" media=\"(min-width: 1000px)\" \/><source srcset=\"https:\/\/www.infobae.com\/resizer\/v2\/QOAHJ7AR3RCZFJRVMLSLGB3V5M.jpg?auth=37b74a9048687391a6fdf2247313a1deb895b907acf72bef06c133bcae379e0e&amp;smart=true&amp;width=768&amp;height=432&amp;quality=85\" media=\"(min-width: 768px)\" \/><source srcset=\"https:\/\/www.infobae.com\/resizer\/v2\/QOAHJ7AR3RCZFJRVMLSLGB3V5M.jpg?auth=37b74a9048687391a6fdf2247313a1deb895b907acf72bef06c133bcae379e0e&amp;smart=true&amp;width=577&amp;height=325&amp;quality=85\" media=\"(min-width: 580px)\" \/><source srcset=\"https:\/\/www.infobae.com\/resizer\/v2\/QOAHJ7AR3RCZFJRVMLSLGB3V5M.jpg?auth=37b74a9048687391a6fdf2247313a1deb895b907acf72bef06c133bcae379e0e&amp;smart=true&amp;width=420&amp;height=236&amp;quality=85\" media=\"(min-width: 350px)\" \/><source srcset=\"https:\/\/www.infobae.com\/resizer\/v2\/QOAHJ7AR3RCZFJRVMLSLGB3V5M.jpg?auth=37b74a9048687391a6fdf2247313a1deb895b907acf72bef06c133bcae379e0e&amp;smart=true&amp;width=350&amp;height=197&amp;quality=85\" media=\"(min-width: 80px)\" \/><img loading=\"lazy\" decoding=\"async\" class=\"global-image\" src=\"https:\/\/www.infobae.com\/resizer\/v2\/QOAHJ7AR3RCZFJRVMLSLGB3V5M.jpg?auth=37b74a9048687391a6fdf2247313a1deb895b907acf72bef06c133bcae379e0e&amp;smart=true&amp;width=350&amp;height=197&amp;quality=85\" alt=\"La liberaci\u00f3n de capsaicina irrita\" width=\"1456\" height=\"816\" \/><\/picture><em>La liberaci\u00f3n de capsaicina irrita ojos y garganta, creando molestias o reacciones al\u00e9rgicas (Imagen Ilustrativa Infobae)<\/em><\/div>\n<p data-mrf-recirculation=\"Links inline\">\n<p class=\"paragraph\" data-mrf-recirculation=\"Links inline\">La capsaicina, responsable del picor en los aj\u00edes, se libera al calentarse en el microondas. Esto puede irritar las v\u00edas respiratorias, los ojos y la garganta, creando un ambiente inc\u00f3modo e incluso peligroso\u200b\u200b.<\/p>\n<div class=\"headline-wrapper\">\n<h3 class=\"header headline-class-h3\">Pollo crudo<\/h3>\n<\/div>\n<div class=\" visual__image\"><picture><source srcset=\"https:\/\/www.infobae.com\/resizer\/v2\/6Q6WSF3ISVE37FOBEHOEZH4ABA.jpg?auth=a5c07fecc7dd055bb3cb1df6961ebacf3f65f50b0822385681d3d9fc4aadda5d&amp;smart=true&amp;width=992&amp;height=558&amp;quality=85\" media=\"(min-width: 1000px)\" \/><source srcset=\"https:\/\/www.infobae.com\/resizer\/v2\/6Q6WSF3ISVE37FOBEHOEZH4ABA.jpg?auth=a5c07fecc7dd055bb3cb1df6961ebacf3f65f50b0822385681d3d9fc4aadda5d&amp;smart=true&amp;width=768&amp;height=432&amp;quality=85\" media=\"(min-width: 768px)\" \/><source srcset=\"https:\/\/www.infobae.com\/resizer\/v2\/6Q6WSF3ISVE37FOBEHOEZH4ABA.jpg?auth=a5c07fecc7dd055bb3cb1df6961ebacf3f65f50b0822385681d3d9fc4aadda5d&amp;smart=true&amp;width=577&amp;height=325&amp;quality=85\" media=\"(min-width: 580px)\" \/><source srcset=\"https:\/\/www.infobae.com\/resizer\/v2\/6Q6WSF3ISVE37FOBEHOEZH4ABA.jpg?auth=a5c07fecc7dd055bb3cb1df6961ebacf3f65f50b0822385681d3d9fc4aadda5d&amp;smart=true&amp;width=420&amp;height=236&amp;quality=85\" media=\"(min-width: 350px)\" \/><source srcset=\"https:\/\/www.infobae.com\/resizer\/v2\/6Q6WSF3ISVE37FOBEHOEZH4ABA.jpg?auth=a5c07fecc7dd055bb3cb1df6961ebacf3f65f50b0822385681d3d9fc4aadda5d&amp;smart=true&amp;width=350&amp;height=197&amp;quality=85\" media=\"(min-width: 80px)\" \/><img loading=\"lazy\" decoding=\"async\" class=\"global-image\" src=\"https:\/\/www.infobae.com\/resizer\/v2\/6Q6WSF3ISVE37FOBEHOEZH4ABA.jpg?auth=a5c07fecc7dd055bb3cb1df6961ebacf3f65f50b0822385681d3d9fc4aadda5d&amp;smart=true&amp;width=350&amp;height=197&amp;quality=85\" alt=\"La cocci\u00f3n incompleta fomenta la\" width=\"1456\" height=\"816\" \/><\/picture><em>La cocci\u00f3n incompleta fomenta la presencia de bacterias como Salmonella, peligrosas para la salud (Imagen Ilustrativa Infobae)<\/em><\/div>\n<p data-mrf-recirculation=\"Links inline\">\n<p class=\"paragraph\" data-mrf-recirculation=\"Links inline\">El microondas no cocina los alimentos de manera uniforme, lo que deja \u00e1reas crudas en el pollo donde bacterias como Salmonella pueden sobrevivir. Es fundamental cocinar este alimento completamente en una sart\u00e9n, horno o parrilla\u200b\u200b.<\/p>\n<\/div>\n<\/article>\n<p data-mrf-recirculation=\"Links inline\">\n<p data-mrf-recirculation=\"Links inline\"><em><strong>Por <a class=\"author-name\" href=\"https:\/\/www.infobae.com\/autor\/sol-de-maria\/\" aria-label=\"Sol de Mar\u00eda\">Sol de Mar\u00eda<\/a> &#8211; Infobae<\/strong><\/em><\/p>\n","protected":false},"excerpt":{"rendered":"<p>El proceso podr\u00eda parecer inofensivo, pero algunos estudios advierten que este h\u00e1bito puede afectar la salud y la seguridad si no se toman precauciones<\/p>\n","protected":false},"author":3,"featured_media":111010,"comment_status":"closed","ping_status":"closed","sticky":false,"template":"","format":"standard","meta":{"footnotes":""},"categories":[46,30],"tags":[],"class_list":["post-111009","post","type-post","status-publish","format-standard","has-post-thumbnail","hentry","category-ciencia-y-tecnologia","category-salud"],"yoast_head":"<!-- This site is optimized with the Yoast SEO plugin v25.9 - https:\/\/yoast.com\/wordpress\/plugins\/seo\/ -->\n<title>Cuales son los 8 alimentos que no deber\u00edas calentar en el microondas - Noticias Radio Reflejos<\/title>\n<meta name=\"robots\" content=\"index, follow, max-snippet:-1, max-image-preview:large, max-video-preview:-1\" \/>\n<link rel=\"canonical\" href=\"https:\/\/www.noticiasradioreflejos.com.ar\/2021\/cuales-son-los-8-alimentos-que-no-deberias-calentar-en-el-microondas\/\" \/>\n<meta property=\"og:locale\" content=\"es_ES\" \/>\n<meta property=\"og:type\" content=\"article\" \/>\n<meta property=\"og:title\" content=\"Cuales son los 8 alimentos que no deber\u00edas calentar en el microondas - Noticias Radio Reflejos\" \/>\n<meta property=\"og:description\" content=\"El proceso podr\u00eda parecer inofensivo, pero algunos estudios advierten que este h\u00e1bito puede afectar la salud y la seguridad si no se toman precauciones\" \/>\n<meta property=\"og:url\" content=\"https:\/\/www.noticiasradioreflejos.com.ar\/2021\/cuales-son-los-8-alimentos-que-no-deberias-calentar-en-el-microondas\/\" \/>\n<meta property=\"og:site_name\" content=\"Noticias Radio Reflejos\" \/>\n<meta property=\"article:published_time\" content=\"2024-12-25T23:25:51+00:00\" \/>\n<meta property=\"og:image\" content=\"https:\/\/www.noticiasradioreflejos.com.ar\/2021\/wp-content\/uploads\/2024\/12\/microondas.jpg\" \/>\n\t<meta property=\"og:image:width\" content=\"992\" \/>\n\t<meta property=\"og:image:height\" content=\"558\" \/>\n\t<meta property=\"og:image:type\" content=\"image\/jpeg\" \/>\n<meta name=\"author\" content=\"Arnaldo Botto\" \/>\n<meta name=\"twitter:card\" content=\"summary_large_image\" \/>\n<script type=\"application\/ld+json\" class=\"yoast-schema-graph\">{\"@context\":\"https:\/\/schema.org\",\"@graph\":[{\"@type\":\"WebPage\",\"@id\":\"https:\/\/www.noticiasradioreflejos.com.ar\/2021\/cuales-son-los-8-alimentos-que-no-deberias-calentar-en-el-microondas\/\",\"url\":\"https:\/\/www.noticiasradioreflejos.com.ar\/2021\/cuales-son-los-8-alimentos-que-no-deberias-calentar-en-el-microondas\/\",\"name\":\"Cuales son los 8 alimentos que no deber\u00edas calentar en el microondas - Noticias Radio Reflejos\",\"isPartOf\":{\"@id\":\"https:\/\/www.noticiasradioreflejos.com.ar\/2021\/#website\"},\"primaryImageOfPage\":{\"@id\":\"https:\/\/www.noticiasradioreflejos.com.ar\/2021\/cuales-son-los-8-alimentos-que-no-deberias-calentar-en-el-microondas\/#primaryimage\"},\"image\":{\"@id\":\"https:\/\/www.noticiasradioreflejos.com.ar\/2021\/cuales-son-los-8-alimentos-que-no-deberias-calentar-en-el-microondas\/#primaryimage\"},\"thumbnailUrl\":\"https:\/\/www.noticiasradioreflejos.com.ar\/2021\/wp-content\/uploads\/2024\/12\/microondas.jpg\",\"datePublished\":\"2024-12-25T23:25:51+00:00\",\"author\":{\"@id\":\"https:\/\/www.noticiasradioreflejos.com.ar\/2021\/#\/schema\/person\/ad82545263dcc5ec0996818884fd5fb1\"},\"breadcrumb\":{\"@id\":\"https:\/\/www.noticiasradioreflejos.com.ar\/2021\/cuales-son-los-8-alimentos-que-no-deberias-calentar-en-el-microondas\/#breadcrumb\"},\"inLanguage\":\"es\",\"potentialAction\":[{\"@type\":\"ReadAction\",\"target\":[\"https:\/\/www.noticiasradioreflejos.com.ar\/2021\/cuales-son-los-8-alimentos-que-no-deberias-calentar-en-el-microondas\/\"]}]},{\"@type\":\"ImageObject\",\"inLanguage\":\"es\",\"@id\":\"https:\/\/www.noticiasradioreflejos.com.ar\/2021\/cuales-son-los-8-alimentos-que-no-deberias-calentar-en-el-microondas\/#primaryimage\",\"url\":\"https:\/\/www.noticiasradioreflejos.com.ar\/2021\/wp-content\/uploads\/2024\/12\/microondas.jpg\",\"contentUrl\":\"https:\/\/www.noticiasradioreflejos.com.ar\/2021\/wp-content\/uploads\/2024\/12\/microondas.jpg\",\"width\":992,\"height\":558},{\"@type\":\"BreadcrumbList\",\"@id\":\"https:\/\/www.noticiasradioreflejos.com.ar\/2021\/cuales-son-los-8-alimentos-que-no-deberias-calentar-en-el-microondas\/#breadcrumb\",\"itemListElement\":[{\"@type\":\"ListItem\",\"position\":1,\"name\":\"Portada\",\"item\":\"https:\/\/www.noticiasradioreflejos.com.ar\/2021\/\"},{\"@type\":\"ListItem\",\"position\":2,\"name\":\"Cuales son los 8 alimentos que no deber\u00edas calentar en el microondas\"}]},{\"@type\":\"WebSite\",\"@id\":\"https:\/\/www.noticiasradioreflejos.com.ar\/2021\/#website\",\"url\":\"https:\/\/www.noticiasradioreflejos.com.ar\/2021\/\",\"name\":\"Noticias Radio Reflejos\",\"description\":\"Las noticias de mi comarca\",\"potentialAction\":[{\"@type\":\"SearchAction\",\"target\":{\"@type\":\"EntryPoint\",\"urlTemplate\":\"https:\/\/www.noticiasradioreflejos.com.ar\/2021\/?s={search_term_string}\"},\"query-input\":{\"@type\":\"PropertyValueSpecification\",\"valueRequired\":true,\"valueName\":\"search_term_string\"}}],\"inLanguage\":\"es\"},{\"@type\":\"Person\",\"@id\":\"https:\/\/www.noticiasradioreflejos.com.ar\/2021\/#\/schema\/person\/ad82545263dcc5ec0996818884fd5fb1\",\"name\":\"Arnaldo Botto\",\"image\":{\"@type\":\"ImageObject\",\"inLanguage\":\"es\",\"@id\":\"https:\/\/www.noticiasradioreflejos.com.ar\/2021\/#\/schema\/person\/image\/\",\"url\":\"https:\/\/secure.gravatar.com\/avatar\/55cb5e37c1efa326397366e6974cb338056df65cb50e7d64d1cf314e87504837?s=96&d=mm&r=g\",\"contentUrl\":\"https:\/\/secure.gravatar.com\/avatar\/55cb5e37c1efa326397366e6974cb338056df65cb50e7d64d1cf314e87504837?s=96&d=mm&r=g\",\"caption\":\"Arnaldo Botto\"},\"url\":\"https:\/\/www.noticiasradioreflejos.com.ar\/2021\/author\/arnaldo\/\"}]}<\/script>\n<!-- \/ Yoast SEO plugin. -->","yoast_head_json":{"title":"Cuales son los 8 alimentos que no deber\u00edas calentar en el microondas - Noticias Radio Reflejos","robots":{"index":"index","follow":"follow","max-snippet":"max-snippet:-1","max-image-preview":"max-image-preview:large","max-video-preview":"max-video-preview:-1"},"canonical":"https:\/\/www.noticiasradioreflejos.com.ar\/2021\/cuales-son-los-8-alimentos-que-no-deberias-calentar-en-el-microondas\/","og_locale":"es_ES","og_type":"article","og_title":"Cuales son los 8 alimentos que no deber\u00edas calentar en el microondas - Noticias Radio Reflejos","og_description":"El proceso podr\u00eda parecer inofensivo, pero algunos estudios advierten que este h\u00e1bito puede afectar la salud y la seguridad si no se toman precauciones","og_url":"https:\/\/www.noticiasradioreflejos.com.ar\/2021\/cuales-son-los-8-alimentos-que-no-deberias-calentar-en-el-microondas\/","og_site_name":"Noticias Radio Reflejos","article_published_time":"2024-12-25T23:25:51+00:00","og_image":[{"width":992,"height":558,"url":"https:\/\/www.noticiasradioreflejos.com.ar\/2021\/wp-content\/uploads\/2024\/12\/microondas.jpg","type":"image\/jpeg"}],"author":"Arnaldo Botto","twitter_card":"summary_large_image","schema":{"@context":"https:\/\/schema.org","@graph":[{"@type":"WebPage","@id":"https:\/\/www.noticiasradioreflejos.com.ar\/2021\/cuales-son-los-8-alimentos-que-no-deberias-calentar-en-el-microondas\/","url":"https:\/\/www.noticiasradioreflejos.com.ar\/2021\/cuales-son-los-8-alimentos-que-no-deberias-calentar-en-el-microondas\/","name":"Cuales son los 8 alimentos que no deber\u00edas calentar en el microondas - Noticias Radio Reflejos","isPartOf":{"@id":"https:\/\/www.noticiasradioreflejos.com.ar\/2021\/#website"},"primaryImageOfPage":{"@id":"https:\/\/www.noticiasradioreflejos.com.ar\/2021\/cuales-son-los-8-alimentos-que-no-deberias-calentar-en-el-microondas\/#primaryimage"},"image":{"@id":"https:\/\/www.noticiasradioreflejos.com.ar\/2021\/cuales-son-los-8-alimentos-que-no-deberias-calentar-en-el-microondas\/#primaryimage"},"thumbnailUrl":"https:\/\/www.noticiasradioreflejos.com.ar\/2021\/wp-content\/uploads\/2024\/12\/microondas.jpg","datePublished":"2024-12-25T23:25:51+00:00","author":{"@id":"https:\/\/www.noticiasradioreflejos.com.ar\/2021\/#\/schema\/person\/ad82545263dcc5ec0996818884fd5fb1"},"breadcrumb":{"@id":"https:\/\/www.noticiasradioreflejos.com.ar\/2021\/cuales-son-los-8-alimentos-que-no-deberias-calentar-en-el-microondas\/#breadcrumb"},"inLanguage":"es","potentialAction":[{"@type":"ReadAction","target":["https:\/\/www.noticiasradioreflejos.com.ar\/2021\/cuales-son-los-8-alimentos-que-no-deberias-calentar-en-el-microondas\/"]}]},{"@type":"ImageObject","inLanguage":"es","@id":"https:\/\/www.noticiasradioreflejos.com.ar\/2021\/cuales-son-los-8-alimentos-que-no-deberias-calentar-en-el-microondas\/#primaryimage","url":"https:\/\/www.noticiasradioreflejos.com.ar\/2021\/wp-content\/uploads\/2024\/12\/microondas.jpg","contentUrl":"https:\/\/www.noticiasradioreflejos.com.ar\/2021\/wp-content\/uploads\/2024\/12\/microondas.jpg","width":992,"height":558},{"@type":"BreadcrumbList","@id":"https:\/\/www.noticiasradioreflejos.com.ar\/2021\/cuales-son-los-8-alimentos-que-no-deberias-calentar-en-el-microondas\/#breadcrumb","itemListElement":[{"@type":"ListItem","position":1,"name":"Portada","item":"https:\/\/www.noticiasradioreflejos.com.ar\/2021\/"},{"@type":"ListItem","position":2,"name":"Cuales son los 8 alimentos que no deber\u00edas calentar en el microondas"}]},{"@type":"WebSite","@id":"https:\/\/www.noticiasradioreflejos.com.ar\/2021\/#website","url":"https:\/\/www.noticiasradioreflejos.com.ar\/2021\/","name":"Noticias Radio Reflejos","description":"Las noticias de mi comarca","potentialAction":[{"@type":"SearchAction","target":{"@type":"EntryPoint","urlTemplate":"https:\/\/www.noticiasradioreflejos.com.ar\/2021\/?s={search_term_string}"},"query-input":{"@type":"PropertyValueSpecification","valueRequired":true,"valueName":"search_term_string"}}],"inLanguage":"es"},{"@type":"Person","@id":"https:\/\/www.noticiasradioreflejos.com.ar\/2021\/#\/schema\/person\/ad82545263dcc5ec0996818884fd5fb1","name":"Arnaldo Botto","image":{"@type":"ImageObject","inLanguage":"es","@id":"https:\/\/www.noticiasradioreflejos.com.ar\/2021\/#\/schema\/person\/image\/","url":"https:\/\/secure.gravatar.com\/avatar\/55cb5e37c1efa326397366e6974cb338056df65cb50e7d64d1cf314e87504837?s=96&d=mm&r=g","contentUrl":"https:\/\/secure.gravatar.com\/avatar\/55cb5e37c1efa326397366e6974cb338056df65cb50e7d64d1cf314e87504837?s=96&d=mm&r=g","caption":"Arnaldo Botto"},"url":"https:\/\/www.noticiasradioreflejos.com.ar\/2021\/author\/arnaldo\/"}]}},"_links":{"self":[{"href":"https:\/\/www.noticiasradioreflejos.com.ar\/2021\/wp-json\/wp\/v2\/posts\/111009","targetHints":{"allow":["GET"]}}],"collection":[{"href":"https:\/\/www.noticiasradioreflejos.com.ar\/2021\/wp-json\/wp\/v2\/posts"}],"about":[{"href":"https:\/\/www.noticiasradioreflejos.com.ar\/2021\/wp-json\/wp\/v2\/types\/post"}],"author":[{"embeddable":true,"href":"https:\/\/www.noticiasradioreflejos.com.ar\/2021\/wp-json\/wp\/v2\/users\/3"}],"replies":[{"embeddable":true,"href":"https:\/\/www.noticiasradioreflejos.com.ar\/2021\/wp-json\/wp\/v2\/comments?post=111009"}],"version-history":[{"count":1,"href":"https:\/\/www.noticiasradioreflejos.com.ar\/2021\/wp-json\/wp\/v2\/posts\/111009\/revisions"}],"predecessor-version":[{"id":111011,"href":"https:\/\/www.noticiasradioreflejos.com.ar\/2021\/wp-json\/wp\/v2\/posts\/111009\/revisions\/111011"}],"wp:featuredmedia":[{"embeddable":true,"href":"https:\/\/www.noticiasradioreflejos.com.ar\/2021\/wp-json\/wp\/v2\/media\/111010"}],"wp:attachment":[{"href":"https:\/\/www.noticiasradioreflejos.com.ar\/2021\/wp-json\/wp\/v2\/media?parent=111009"}],"wp:term":[{"taxonomy":"category","embeddable":true,"href":"https:\/\/www.noticiasradioreflejos.com.ar\/2021\/wp-json\/wp\/v2\/categories?post=111009"},{"taxonomy":"post_tag","embeddable":true,"href":"https:\/\/www.noticiasradioreflejos.com.ar\/2021\/wp-json\/wp\/v2\/tags?post=111009"}],"curies":[{"name":"wp","href":"https:\/\/api.w.org\/{rel}","templated":true}]}}