{"id":110991,"date":"2024-12-24T07:15:12","date_gmt":"2024-12-24T10:15:12","guid":{"rendered":"https:\/\/www.noticiasradioreflejos.com.ar\/2021\/?p=110991"},"modified":"2024-12-24T07:15:12","modified_gmt":"2024-12-24T10:15:12","slug":"por-que-se-regala-una-bombacha-rosa-en-navidad-y-cual-es-el-origen-de-esta-tradicion","status":"publish","type":"post","link":"https:\/\/www.noticiasradioreflejos.com.ar\/2021\/por-que-se-regala-una-bombacha-rosa-en-navidad-y-cual-es-el-origen-de-esta-tradicion\/","title":{"rendered":"Por qu\u00e9 se regala una bombacha rosa en Navidad y cu\u00e1l es el origen de esta tradici\u00f3n"},"content":{"rendered":"<p>Se trata de una costumbre que se suele respetar de generaci\u00f3n en generaci\u00f3n en estas fechas festivas. Los detalles.<!--more--><\/p>\n<p>Son varias las costumbres alrededor de la <strong>Nochebuena<\/strong>\u00a0y la\u00a0<strong>Navidad<\/strong>, y una muy com\u00fan en Argentina\u00a0<strong>es regalar bombachas rosas<\/strong>\u00a0en la previa.<\/p>\n<div class=\"article-body\" data-tadevel-template=\"web\/article-body\">\n<div class=\"article-body-content\">\n<p>Mientras las tradiciones navide\u00f1as evolucionan y se adaptan,\u00a0<strong>la costumbre de regalar bombachas rosas destaca como un ejemplo \u00fanico de creatividad y buen humor<\/strong>. M\u00e1s all\u00e1 de la superstici\u00f3n, esta pr\u00e1ctica ha logrado convertirse en una manera divertida y original de expresar buenos deseos y alegr\u00eda durante la temporada festiva.<\/p>\n<h3><strong>Regalar una bombacha rosa en Navidad: or\u00edgenes de la tradici\u00f3n<\/strong><\/h3>\n<p>La tradici\u00f3n de regalar bombachas rosas en Navidad tiene sus ra\u00edces en la d\u00e9cada de 1970 en Argentina. Se cre\u00eda que\u00a0<strong>usar ropa interior rosa en la noche de Fin de A\u00f1o atraer\u00eda el amor y la pasi\u00f3n en el a\u00f1o nuevo venidero<\/strong>.<\/p>\n<p>La costumbre tiene sus ra\u00edces en ciertas regiones de Am\u00e9rica Latina, donde el color rosa es considerado un s\u00edmbolo de buena suerte y prosperidad para el pr\u00f3ximo a\u00f1o.\u00a0<mark>La tradici\u00f3n se ha transmitido de generaci\u00f3n en generaci\u00f3n, convirti\u00e9ndose en una forma \u00fanica y alegre de compartir buenos augurios<\/mark>.<\/p>\n<h3>Por qu\u00e9 se regala una bombacha rosa en Navidad<\/h3>\n<p>El rosa se asocia com\u00fanmente con el amor, la amistad y la alegr\u00eda, pero en esta tradici\u00f3n navide\u00f1a, tambi\u00e9n representa la prosperidad y el \u00e9xito.\u00a0<strong>Regalar bombachas rosas se ha convertido en un gesto festivo destinado a desearle a los seres queridos un a\u00f1o venidero lleno de prosperidad y buenos momentos<\/strong>.<\/p>\n<p>Muchas familias\u00a0<strong>han adoptado esta tradici\u00f3n como parte integral de sus celebraciones navide\u00f1as<\/strong>. El intercambio de bombachas rosas no solo agrega un elemento sorpresa y humor\u00edstico a la festividad, sino que tambi\u00e9n fortalece los lazos familiares y la camarader\u00eda entre amigos.<\/p>\n<h3>Boom de ventas de bombachas rosas<\/h3>\n<p>Lo interesante de esta tradici\u00f3n es la\u00a0<strong>diversidad de estilos y dise\u00f1os de bombachas rosas disponibles en el mercado<\/strong>. Desde modelos cl\u00e1sicos hasta dise\u00f1os festivos con motivos navide\u00f1os, la variedad de opciones permite a las personas personalizar sus regalos y agregar un toque de humor a la celebraci\u00f3n.<\/p>\n<p>Con el creciente inter\u00e9s en esta costumbre,\u00a0<strong>algunos comercios y eventos organizan actividades especiales relacionadas con las bombachas rosas durante la temporada navide\u00f1a<\/strong>. Desde tiendas que ofrecen descuentos en este peculiar regalo hasta eventos ben\u00e9ficos que promueven la tradici\u00f3n con un toque solidario.<\/p>\n<\/div>\n<\/div>\n","protected":false},"excerpt":{"rendered":"<p>Se trata de una costumbre que se suele respetar de generaci\u00f3n en generaci\u00f3n en estas fechas festivas. Los detalles.<\/p>\n","protected":false},"author":3,"featured_media":0,"comment_status":"closed","ping_status":"closed","sticky":false,"template":"","format":"standard","meta":{"footnotes":""},"categories":[35],"tags":[],"class_list":["post-110991","post","type-post","status-publish","format-standard","hentry","category-cultura"],"yoast_head":"<!-- This site is optimized with the Yoast SEO plugin v25.9 - https:\/\/yoast.com\/wordpress\/plugins\/seo\/ -->\n<title>Por qu\u00e9 se regala una bombacha rosa en Navidad y cu\u00e1l es el origen de esta tradici\u00f3n - Noticias Radio Reflejos<\/title>\n<meta name=\"robots\" content=\"index, follow, max-snippet:-1, max-image-preview:large, max-video-preview:-1\" \/>\n<link rel=\"canonical\" href=\"https:\/\/www.noticiasradioreflejos.com.ar\/2021\/por-que-se-regala-una-bombacha-rosa-en-navidad-y-cual-es-el-origen-de-esta-tradicion\/\" \/>\n<meta property=\"og:locale\" content=\"es_ES\" \/>\n<meta property=\"og:type\" content=\"article\" \/>\n<meta property=\"og:title\" content=\"Por qu\u00e9 se regala una bombacha rosa en Navidad y cu\u00e1l es el origen de esta tradici\u00f3n - Noticias Radio Reflejos\" \/>\n<meta property=\"og:description\" content=\"Se trata de una costumbre que se suele respetar de generaci\u00f3n en generaci\u00f3n en estas fechas festivas. Los detalles.\" \/>\n<meta property=\"og:url\" content=\"https:\/\/www.noticiasradioreflejos.com.ar\/2021\/por-que-se-regala-una-bombacha-rosa-en-navidad-y-cual-es-el-origen-de-esta-tradicion\/\" \/>\n<meta property=\"og:site_name\" content=\"Noticias Radio Reflejos\" \/>\n<meta property=\"article:published_time\" content=\"2024-12-24T10:15:12+00:00\" \/>\n<meta property=\"og:image\" content=\"https:\/\/www.noticiasradioreflejos.com.ar\/2021\/wp-content\/uploads\/2024\/12\/Bombacha-Rosa.png\" \/>\n\t<meta property=\"og:image:width\" content=\"640\" \/>\n\t<meta property=\"og:image:height\" content=\"360\" \/>\n\t<meta property=\"og:image:type\" content=\"image\/png\" \/>\n<meta name=\"author\" content=\"Arnaldo Botto\" \/>\n<meta name=\"twitter:card\" content=\"summary_large_image\" \/>\n<script type=\"application\/ld+json\" class=\"yoast-schema-graph\">{\"@context\":\"https:\/\/schema.org\",\"@graph\":[{\"@type\":\"WebPage\",\"@id\":\"https:\/\/www.noticiasradioreflejos.com.ar\/2021\/por-que-se-regala-una-bombacha-rosa-en-navidad-y-cual-es-el-origen-de-esta-tradicion\/\",\"url\":\"https:\/\/www.noticiasradioreflejos.com.ar\/2021\/por-que-se-regala-una-bombacha-rosa-en-navidad-y-cual-es-el-origen-de-esta-tradicion\/\",\"name\":\"Por qu\u00e9 se regala una bombacha rosa en Navidad y cu\u00e1l es el origen de esta tradici\u00f3n - Noticias Radio Reflejos\",\"isPartOf\":{\"@id\":\"https:\/\/www.noticiasradioreflejos.com.ar\/2021\/#website\"},\"datePublished\":\"2024-12-24T10:15:12+00:00\",\"author\":{\"@id\":\"https:\/\/www.noticiasradioreflejos.com.ar\/2021\/#\/schema\/person\/ad82545263dcc5ec0996818884fd5fb1\"},\"breadcrumb\":{\"@id\":\"https:\/\/www.noticiasradioreflejos.com.ar\/2021\/por-que-se-regala-una-bombacha-rosa-en-navidad-y-cual-es-el-origen-de-esta-tradicion\/#breadcrumb\"},\"inLanguage\":\"es\",\"potentialAction\":[{\"@type\":\"ReadAction\",\"target\":[\"https:\/\/www.noticiasradioreflejos.com.ar\/2021\/por-que-se-regala-una-bombacha-rosa-en-navidad-y-cual-es-el-origen-de-esta-tradicion\/\"]}]},{\"@type\":\"BreadcrumbList\",\"@id\":\"https:\/\/www.noticiasradioreflejos.com.ar\/2021\/por-que-se-regala-una-bombacha-rosa-en-navidad-y-cual-es-el-origen-de-esta-tradicion\/#breadcrumb\",\"itemListElement\":[{\"@type\":\"ListItem\",\"position\":1,\"name\":\"Portada\",\"item\":\"https:\/\/www.noticiasradioreflejos.com.ar\/2021\/\"},{\"@type\":\"ListItem\",\"position\":2,\"name\":\"Por qu\u00e9 se regala una bombacha rosa en Navidad y cu\u00e1l es el origen de esta tradici\u00f3n\"}]},{\"@type\":\"WebSite\",\"@id\":\"https:\/\/www.noticiasradioreflejos.com.ar\/2021\/#website\",\"url\":\"https:\/\/www.noticiasradioreflejos.com.ar\/2021\/\",\"name\":\"Noticias Radio Reflejos\",\"description\":\"Las noticias de mi comarca\",\"potentialAction\":[{\"@type\":\"SearchAction\",\"target\":{\"@type\":\"EntryPoint\",\"urlTemplate\":\"https:\/\/www.noticiasradioreflejos.com.ar\/2021\/?s={search_term_string}\"},\"query-input\":{\"@type\":\"PropertyValueSpecification\",\"valueRequired\":true,\"valueName\":\"search_term_string\"}}],\"inLanguage\":\"es\"},{\"@type\":\"Person\",\"@id\":\"https:\/\/www.noticiasradioreflejos.com.ar\/2021\/#\/schema\/person\/ad82545263dcc5ec0996818884fd5fb1\",\"name\":\"Arnaldo Botto\",\"image\":{\"@type\":\"ImageObject\",\"inLanguage\":\"es\",\"@id\":\"https:\/\/www.noticiasradioreflejos.com.ar\/2021\/#\/schema\/person\/image\/\",\"url\":\"https:\/\/secure.gravatar.com\/avatar\/55cb5e37c1efa326397366e6974cb338056df65cb50e7d64d1cf314e87504837?s=96&d=mm&r=g\",\"contentUrl\":\"https:\/\/secure.gravatar.com\/avatar\/55cb5e37c1efa326397366e6974cb338056df65cb50e7d64d1cf314e87504837?s=96&d=mm&r=g\",\"caption\":\"Arnaldo Botto\"},\"url\":\"https:\/\/www.noticiasradioreflejos.com.ar\/2021\/author\/arnaldo\/\"}]}<\/script>\n<!-- \/ Yoast SEO plugin. -->","yoast_head_json":{"title":"Por qu\u00e9 se regala una bombacha rosa en Navidad y cu\u00e1l es el origen de esta tradici\u00f3n - Noticias Radio Reflejos","robots":{"index":"index","follow":"follow","max-snippet":"max-snippet:-1","max-image-preview":"max-image-preview:large","max-video-preview":"max-video-preview:-1"},"canonical":"https:\/\/www.noticiasradioreflejos.com.ar\/2021\/por-que-se-regala-una-bombacha-rosa-en-navidad-y-cual-es-el-origen-de-esta-tradicion\/","og_locale":"es_ES","og_type":"article","og_title":"Por qu\u00e9 se regala una bombacha rosa en Navidad y cu\u00e1l es el origen de esta tradici\u00f3n - Noticias Radio Reflejos","og_description":"Se trata de una costumbre que se suele respetar de generaci\u00f3n en generaci\u00f3n en estas fechas festivas. Los detalles.","og_url":"https:\/\/www.noticiasradioreflejos.com.ar\/2021\/por-que-se-regala-una-bombacha-rosa-en-navidad-y-cual-es-el-origen-de-esta-tradicion\/","og_site_name":"Noticias Radio Reflejos","article_published_time":"2024-12-24T10:15:12+00:00","og_image":[{"width":640,"height":360,"url":"https:\/\/www.noticiasradioreflejos.com.ar\/2021\/wp-content\/uploads\/2024\/12\/Bombacha-Rosa.png","type":"image\/png"}],"author":"Arnaldo Botto","twitter_card":"summary_large_image","schema":{"@context":"https:\/\/schema.org","@graph":[{"@type":"WebPage","@id":"https:\/\/www.noticiasradioreflejos.com.ar\/2021\/por-que-se-regala-una-bombacha-rosa-en-navidad-y-cual-es-el-origen-de-esta-tradicion\/","url":"https:\/\/www.noticiasradioreflejos.com.ar\/2021\/por-que-se-regala-una-bombacha-rosa-en-navidad-y-cual-es-el-origen-de-esta-tradicion\/","name":"Por qu\u00e9 se regala una bombacha rosa en Navidad y cu\u00e1l es el origen de esta tradici\u00f3n - Noticias Radio Reflejos","isPartOf":{"@id":"https:\/\/www.noticiasradioreflejos.com.ar\/2021\/#website"},"datePublished":"2024-12-24T10:15:12+00:00","author":{"@id":"https:\/\/www.noticiasradioreflejos.com.ar\/2021\/#\/schema\/person\/ad82545263dcc5ec0996818884fd5fb1"},"breadcrumb":{"@id":"https:\/\/www.noticiasradioreflejos.com.ar\/2021\/por-que-se-regala-una-bombacha-rosa-en-navidad-y-cual-es-el-origen-de-esta-tradicion\/#breadcrumb"},"inLanguage":"es","potentialAction":[{"@type":"ReadAction","target":["https:\/\/www.noticiasradioreflejos.com.ar\/2021\/por-que-se-regala-una-bombacha-rosa-en-navidad-y-cual-es-el-origen-de-esta-tradicion\/"]}]},{"@type":"BreadcrumbList","@id":"https:\/\/www.noticiasradioreflejos.com.ar\/2021\/por-que-se-regala-una-bombacha-rosa-en-navidad-y-cual-es-el-origen-de-esta-tradicion\/#breadcrumb","itemListElement":[{"@type":"ListItem","position":1,"name":"Portada","item":"https:\/\/www.noticiasradioreflejos.com.ar\/2021\/"},{"@type":"ListItem","position":2,"name":"Por qu\u00e9 se regala una bombacha rosa en Navidad y cu\u00e1l es el origen de esta tradici\u00f3n"}]},{"@type":"WebSite","@id":"https:\/\/www.noticiasradioreflejos.com.ar\/2021\/#website","url":"https:\/\/www.noticiasradioreflejos.com.ar\/2021\/","name":"Noticias Radio Reflejos","description":"Las noticias de mi comarca","potentialAction":[{"@type":"SearchAction","target":{"@type":"EntryPoint","urlTemplate":"https:\/\/www.noticiasradioreflejos.com.ar\/2021\/?s={search_term_string}"},"query-input":{"@type":"PropertyValueSpecification","valueRequired":true,"valueName":"search_term_string"}}],"inLanguage":"es"},{"@type":"Person","@id":"https:\/\/www.noticiasradioreflejos.com.ar\/2021\/#\/schema\/person\/ad82545263dcc5ec0996818884fd5fb1","name":"Arnaldo Botto","image":{"@type":"ImageObject","inLanguage":"es","@id":"https:\/\/www.noticiasradioreflejos.com.ar\/2021\/#\/schema\/person\/image\/","url":"https:\/\/secure.gravatar.com\/avatar\/55cb5e37c1efa326397366e6974cb338056df65cb50e7d64d1cf314e87504837?s=96&d=mm&r=g","contentUrl":"https:\/\/secure.gravatar.com\/avatar\/55cb5e37c1efa326397366e6974cb338056df65cb50e7d64d1cf314e87504837?s=96&d=mm&r=g","caption":"Arnaldo Botto"},"url":"https:\/\/www.noticiasradioreflejos.com.ar\/2021\/author\/arnaldo\/"}]}},"_links":{"self":[{"href":"https:\/\/www.noticiasradioreflejos.com.ar\/2021\/wp-json\/wp\/v2\/posts\/110991","targetHints":{"allow":["GET"]}}],"collection":[{"href":"https:\/\/www.noticiasradioreflejos.com.ar\/2021\/wp-json\/wp\/v2\/posts"}],"about":[{"href":"https:\/\/www.noticiasradioreflejos.com.ar\/2021\/wp-json\/wp\/v2\/types\/post"}],"author":[{"embeddable":true,"href":"https:\/\/www.noticiasradioreflejos.com.ar\/2021\/wp-json\/wp\/v2\/users\/3"}],"replies":[{"embeddable":true,"href":"https:\/\/www.noticiasradioreflejos.com.ar\/2021\/wp-json\/wp\/v2\/comments?post=110991"}],"version-history":[{"count":1,"href":"https:\/\/www.noticiasradioreflejos.com.ar\/2021\/wp-json\/wp\/v2\/posts\/110991\/revisions"}],"predecessor-version":[{"id":110993,"href":"https:\/\/www.noticiasradioreflejos.com.ar\/2021\/wp-json\/wp\/v2\/posts\/110991\/revisions\/110993"}],"wp:attachment":[{"href":"https:\/\/www.noticiasradioreflejos.com.ar\/2021\/wp-json\/wp\/v2\/media?parent=110991"}],"wp:term":[{"taxonomy":"category","embeddable":true,"href":"https:\/\/www.noticiasradioreflejos.com.ar\/2021\/wp-json\/wp\/v2\/categories?post=110991"},{"taxonomy":"post_tag","embeddable":true,"href":"https:\/\/www.noticiasradioreflejos.com.ar\/2021\/wp-json\/wp\/v2\/tags?post=110991"}],"curies":[{"name":"wp","href":"https:\/\/api.w.org\/{rel}","templated":true}]}}