{"id":110989,"date":"2024-12-24T07:07:13","date_gmt":"2024-12-24T10:07:13","guid":{"rendered":"https:\/\/www.noticiasradioreflejos.com.ar\/2021\/?p=110989"},"modified":"2024-12-24T07:07:13","modified_gmt":"2024-12-24T10:07:13","slug":"fallo-definitivo-a-favor-del-municipio-por-el-desalojo-en-el-club-hotel-de-villa-ventana","status":"publish","type":"post","link":"https:\/\/www.noticiasradioreflejos.com.ar\/2021\/fallo-definitivo-a-favor-del-municipio-por-el-desalojo-en-el-club-hotel-de-villa-ventana\/","title":{"rendered":"Fallo definitivo a favor del municipio por el desalojo en el Club Hotel de Villa Ventana"},"content":{"rendered":"<div class=\"hnoti\">Esta tarde en conferencia de prensa, el Intendente municipal Sergio Bordoni dio a conocer que la justicia hab\u00eda dictaminado en un fallo del 17 de diciembre que se conoci\u00f3 este lunes, el desalojo de Felix Zarate ocupante de tierras en el Club Hotel de Villa Ventana y herederos de la familia Morante por un caso similar.<\/div>\n<p><!--more--><\/p>\n<div class=\"text\">\n<p>El jefe comunal dio detalles de la notificaci\u00f3n:<\/p>\n<p>\u201cEl 17 de diciembre sali\u00f3 el mandamiento de desalojo por el juicio que ten\u00eda la municipalidad de Tornquist desde el juzgado civil y comercial N\u00ba 4 de Bah\u00eda Blanca contra Feliz Zarate y herederos de la familia Morante\u201d<\/p>\n<p>\u201cSe realiz\u00f3 hoy la diligencia en el predio a trav\u00e9s del oficial de Justicia del Juzgado de Paz y el asesor legal del municipio de Tornquist. Estaba presente el Sr. Zarate no as\u00ed los herederos de Morante. Se realiza en forma pac\u00edfica tratando de ubicar las pertenencias en lo que respecta a la vivienda del se\u00f1or Zarate y se notificar\u00e1 a la hija de Morante por las pertenencias de la otra vivienda ubicada en el lugar\u201d<\/p>\n<p>\u201cEstoy feliz despu\u00e9s del trabajo minucioso y en silencio que se hizo para recuperar las tierras. Nunca dejaron de pertenecer al municipio sino que estaban usurpadas y hoy recuperamos esas tierras que tiene mucho sentido hist\u00f3rico, no solo para Villa Ventana sino para el distrito de Tornquist y trabajar en distintos proyectos que van a venir como lo de \u201cLa Trochita\u201d, le vamos a dar otro tinte tur\u00edstico\u201d<\/p>\n<p>\u201cHoy es un d\u00eda trascendental para el distrito de Tornquist.No hay lugar a apelaci\u00f3n. Ten\u00edamos la sentencia firme pero la hab\u00edan apelado. Se han cambiado cerraduras de las casas de Morante y de Zarate y las llaves van al juzgado civil N\u00ba 4, esperamos tomar posesi\u00f3n antes del 31 o esperaremos despu\u00e9s de la feria judicial de enero\u201d, Culmin\u00f3.<\/p>\n<\/div>\n<p>&nbsp;<\/p>\n<div class=\"text\">\n<iframe loading=\"lazy\" width=\"100%\" height=\"166\" scrolling=\"no\" frameborder=\"no\" allow=\"autoplay\" src=\"https:\/\/w.soundcloud.com\/player\/?url=https%3A\/\/api.soundcloud.com\/tracks\/1993507551&#038;color=%23ff5500&#038;auto_play=false&#038;hide_related=false&#038;show_comments=true&#038;show_user=true&#038;show_reposts=false&#038;show_teaser=true\"><\/iframe><\/p>\n<div style=\"font-size: 10px; color: #cccccc;line-break: anywhere;word-break: normal;overflow: hidden;white-space: nowrap;text-overflow: ellipsis; font-family: Interstate,Lucida Grande,Lucida Sans Unicode,Lucida Sans,Garuda,Verdana,Tahoma,sans-serif;font-weight: 100;\"><a href=\"https:\/\/soundcloud.com\/fmreflejos-103-7\" title=\"fmreflejos 103.7\" target=\"_blank\" style=\"color: #cccccc; text-decoration: none;\">fmreflejos 103.7<\/a> \u00b7 <a href=\"https:\/\/soundcloud.com\/fmreflejos-103-7\/sergio-bordoni-ex-club-hotel-recuperacion\" title=\"Sergio Bordoni ex-club-hotel-recuperaci\u00f3n\" target=\"_blank\" style=\"color: #cccccc; text-decoration: none;\">Sergio Bordoni ex-club-hotel-recuperaci\u00f3n<\/a><\/div>\n<p>&nbsp;<\/p>\n<\/div>\n<fieldset class=\"audio\">\n<legend><i class=\"fa fa-volume-up\" aria-hidden=\"true\"><\/i>\u00a0Recuperaci\u00f3n Club Hotel de Villa Ventana Sergio Bordoni<\/legend>\n<\/fieldset>\n<div>\n<p><img decoding=\"async\" src=\"https:\/\/www.noticiastornquist.com.ar\/imagen.php?imagen=2024-12\/145643_96_f545cf4b3c544e3fa12a17fcaac7a949.jpg\" \/><\/p>\n<div>El Club Hotel emblema hist\u00f3rico de Villa Ventana<\/div>\n<p><strong><br \/>\nFuente Noticias Tornquist<\/strong><em><\/p>\n","protected":false},"excerpt":{"rendered":"<p>Esta tarde en conferencia de prensa, el Intendente municipal Sergio Bordoni dio a conocer que la justicia hab\u00eda dictaminado en un fallo del 17 de diciembre que se conoci\u00f3 este lunes, el desalojo de Felix Zarate ocupante de tierras en el Club Hotel de Villa Ventana y herederos de la familia Morante por un caso [&hellip;]<\/p>\n","protected":false},"author":3,"featured_media":79241,"comment_status":"closed","ping_status":"closed","sticky":false,"template":"","format":"standard","meta":{"footnotes":""},"categories":[28],"tags":[48],"class_list":["post-110989","post","type-post","status-publish","format-standard","has-post-thumbnail","hentry","category-municipales","tag-destacada"],"yoast_head":"<!-- This site is optimized with the Yoast SEO plugin v25.9 - https:\/\/yoast.com\/wordpress\/plugins\/seo\/ -->\n<title>Fallo definitivo a favor del municipio por el desalojo en el Club Hotel de Villa Ventana - Noticias Radio Reflejos<\/title>\n<meta name=\"robots\" content=\"index, follow, max-snippet:-1, max-image-preview:large, max-video-preview:-1\" \/>\n<link rel=\"canonical\" href=\"https:\/\/www.noticiasradioreflejos.com.ar\/2021\/fallo-definitivo-a-favor-del-municipio-por-el-desalojo-en-el-club-hotel-de-villa-ventana\/\" \/>\n<meta property=\"og:locale\" content=\"es_ES\" \/>\n<meta property=\"og:type\" content=\"article\" \/>\n<meta property=\"og:title\" content=\"Fallo definitivo a favor del municipio por el desalojo en el Club Hotel de Villa Ventana - Noticias Radio Reflejos\" \/>\n<meta property=\"og:description\" content=\"Esta tarde en conferencia de prensa, el Intendente municipal Sergio Bordoni dio a conocer que la justicia hab\u00eda dictaminado en un fallo del 17 de diciembre que se conoci\u00f3 este lunes, el desalojo de Felix Zarate ocupante de tierras en el Club Hotel de Villa Ventana y herederos de la familia Morante por un caso [&hellip;]\" \/>\n<meta property=\"og:url\" content=\"https:\/\/www.noticiasradioreflejos.com.ar\/2021\/fallo-definitivo-a-favor-del-municipio-por-el-desalojo-en-el-club-hotel-de-villa-ventana\/\" \/>\n<meta property=\"og:site_name\" content=\"Noticias Radio Reflejos\" \/>\n<meta property=\"article:published_time\" content=\"2024-12-24T10:07:13+00:00\" \/>\n<meta property=\"og:image\" content=\"https:\/\/www.noticiasradioreflejos.com.ar\/2021\/wp-content\/uploads\/2022\/10\/Ex-Club-Hotel.jpg\" \/>\n\t<meta property=\"og:image:width\" content=\"700\" \/>\n\t<meta property=\"og:image:height\" content=\"353\" \/>\n\t<meta property=\"og:image:type\" content=\"image\/jpeg\" \/>\n<meta name=\"author\" content=\"Arnaldo Botto\" \/>\n<meta name=\"twitter:card\" content=\"summary_large_image\" \/>\n<script type=\"application\/ld+json\" class=\"yoast-schema-graph\">{\"@context\":\"https:\/\/schema.org\",\"@graph\":[{\"@type\":\"WebPage\",\"@id\":\"https:\/\/www.noticiasradioreflejos.com.ar\/2021\/fallo-definitivo-a-favor-del-municipio-por-el-desalojo-en-el-club-hotel-de-villa-ventana\/\",\"url\":\"https:\/\/www.noticiasradioreflejos.com.ar\/2021\/fallo-definitivo-a-favor-del-municipio-por-el-desalojo-en-el-club-hotel-de-villa-ventana\/\",\"name\":\"Fallo definitivo a favor del municipio por el desalojo en el Club Hotel de Villa Ventana - Noticias Radio Reflejos\",\"isPartOf\":{\"@id\":\"https:\/\/www.noticiasradioreflejos.com.ar\/2021\/#website\"},\"primaryImageOfPage\":{\"@id\":\"https:\/\/www.noticiasradioreflejos.com.ar\/2021\/fallo-definitivo-a-favor-del-municipio-por-el-desalojo-en-el-club-hotel-de-villa-ventana\/#primaryimage\"},\"image\":{\"@id\":\"https:\/\/www.noticiasradioreflejos.com.ar\/2021\/fallo-definitivo-a-favor-del-municipio-por-el-desalojo-en-el-club-hotel-de-villa-ventana\/#primaryimage\"},\"thumbnailUrl\":\"https:\/\/www.noticiasradioreflejos.com.ar\/2021\/wp-content\/uploads\/2022\/10\/Ex-Club-Hotel.jpg\",\"datePublished\":\"2024-12-24T10:07:13+00:00\",\"author\":{\"@id\":\"https:\/\/www.noticiasradioreflejos.com.ar\/2021\/#\/schema\/person\/ad82545263dcc5ec0996818884fd5fb1\"},\"breadcrumb\":{\"@id\":\"https:\/\/www.noticiasradioreflejos.com.ar\/2021\/fallo-definitivo-a-favor-del-municipio-por-el-desalojo-en-el-club-hotel-de-villa-ventana\/#breadcrumb\"},\"inLanguage\":\"es\",\"potentialAction\":[{\"@type\":\"ReadAction\",\"target\":[\"https:\/\/www.noticiasradioreflejos.com.ar\/2021\/fallo-definitivo-a-favor-del-municipio-por-el-desalojo-en-el-club-hotel-de-villa-ventana\/\"]}]},{\"@type\":\"ImageObject\",\"inLanguage\":\"es\",\"@id\":\"https:\/\/www.noticiasradioreflejos.com.ar\/2021\/fallo-definitivo-a-favor-del-municipio-por-el-desalojo-en-el-club-hotel-de-villa-ventana\/#primaryimage\",\"url\":\"https:\/\/www.noticiasradioreflejos.com.ar\/2021\/wp-content\/uploads\/2022\/10\/Ex-Club-Hotel.jpg\",\"contentUrl\":\"https:\/\/www.noticiasradioreflejos.com.ar\/2021\/wp-content\/uploads\/2022\/10\/Ex-Club-Hotel.jpg\",\"width\":700,\"height\":353,\"caption\":\"SONY DSC\"},{\"@type\":\"BreadcrumbList\",\"@id\":\"https:\/\/www.noticiasradioreflejos.com.ar\/2021\/fallo-definitivo-a-favor-del-municipio-por-el-desalojo-en-el-club-hotel-de-villa-ventana\/#breadcrumb\",\"itemListElement\":[{\"@type\":\"ListItem\",\"position\":1,\"name\":\"Portada\",\"item\":\"https:\/\/www.noticiasradioreflejos.com.ar\/2021\/\"},{\"@type\":\"ListItem\",\"position\":2,\"name\":\"Fallo definitivo a favor del municipio por el desalojo en el Club Hotel de Villa Ventana\"}]},{\"@type\":\"WebSite\",\"@id\":\"https:\/\/www.noticiasradioreflejos.com.ar\/2021\/#website\",\"url\":\"https:\/\/www.noticiasradioreflejos.com.ar\/2021\/\",\"name\":\"Noticias Radio Reflejos\",\"description\":\"Las noticias de mi comarca\",\"potentialAction\":[{\"@type\":\"SearchAction\",\"target\":{\"@type\":\"EntryPoint\",\"urlTemplate\":\"https:\/\/www.noticiasradioreflejos.com.ar\/2021\/?s={search_term_string}\"},\"query-input\":{\"@type\":\"PropertyValueSpecification\",\"valueRequired\":true,\"valueName\":\"search_term_string\"}}],\"inLanguage\":\"es\"},{\"@type\":\"Person\",\"@id\":\"https:\/\/www.noticiasradioreflejos.com.ar\/2021\/#\/schema\/person\/ad82545263dcc5ec0996818884fd5fb1\",\"name\":\"Arnaldo Botto\",\"image\":{\"@type\":\"ImageObject\",\"inLanguage\":\"es\",\"@id\":\"https:\/\/www.noticiasradioreflejos.com.ar\/2021\/#\/schema\/person\/image\/\",\"url\":\"https:\/\/secure.gravatar.com\/avatar\/55cb5e37c1efa326397366e6974cb338056df65cb50e7d64d1cf314e87504837?s=96&d=mm&r=g\",\"contentUrl\":\"https:\/\/secure.gravatar.com\/avatar\/55cb5e37c1efa326397366e6974cb338056df65cb50e7d64d1cf314e87504837?s=96&d=mm&r=g\",\"caption\":\"Arnaldo Botto\"},\"url\":\"https:\/\/www.noticiasradioreflejos.com.ar\/2021\/author\/arnaldo\/\"}]}<\/script>\n<!-- \/ Yoast SEO plugin. -->","yoast_head_json":{"title":"Fallo definitivo a favor del municipio por el desalojo en el Club Hotel de Villa Ventana - Noticias Radio Reflejos","robots":{"index":"index","follow":"follow","max-snippet":"max-snippet:-1","max-image-preview":"max-image-preview:large","max-video-preview":"max-video-preview:-1"},"canonical":"https:\/\/www.noticiasradioreflejos.com.ar\/2021\/fallo-definitivo-a-favor-del-municipio-por-el-desalojo-en-el-club-hotel-de-villa-ventana\/","og_locale":"es_ES","og_type":"article","og_title":"Fallo definitivo a favor del municipio por el desalojo en el Club Hotel de Villa Ventana - Noticias Radio Reflejos","og_description":"Esta tarde en conferencia de prensa, el Intendente municipal Sergio Bordoni dio a conocer que la justicia hab\u00eda dictaminado en un fallo del 17 de diciembre que se conoci\u00f3 este lunes, el desalojo de Felix Zarate ocupante de tierras en el Club Hotel de Villa Ventana y herederos de la familia Morante por un caso [&hellip;]","og_url":"https:\/\/www.noticiasradioreflejos.com.ar\/2021\/fallo-definitivo-a-favor-del-municipio-por-el-desalojo-en-el-club-hotel-de-villa-ventana\/","og_site_name":"Noticias Radio Reflejos","article_published_time":"2024-12-24T10:07:13+00:00","og_image":[{"width":700,"height":353,"url":"https:\/\/www.noticiasradioreflejos.com.ar\/2021\/wp-content\/uploads\/2022\/10\/Ex-Club-Hotel.jpg","type":"image\/jpeg"}],"author":"Arnaldo Botto","twitter_card":"summary_large_image","schema":{"@context":"https:\/\/schema.org","@graph":[{"@type":"WebPage","@id":"https:\/\/www.noticiasradioreflejos.com.ar\/2021\/fallo-definitivo-a-favor-del-municipio-por-el-desalojo-en-el-club-hotel-de-villa-ventana\/","url":"https:\/\/www.noticiasradioreflejos.com.ar\/2021\/fallo-definitivo-a-favor-del-municipio-por-el-desalojo-en-el-club-hotel-de-villa-ventana\/","name":"Fallo definitivo a favor del municipio por el desalojo en el Club Hotel de Villa Ventana - Noticias Radio Reflejos","isPartOf":{"@id":"https:\/\/www.noticiasradioreflejos.com.ar\/2021\/#website"},"primaryImageOfPage":{"@id":"https:\/\/www.noticiasradioreflejos.com.ar\/2021\/fallo-definitivo-a-favor-del-municipio-por-el-desalojo-en-el-club-hotel-de-villa-ventana\/#primaryimage"},"image":{"@id":"https:\/\/www.noticiasradioreflejos.com.ar\/2021\/fallo-definitivo-a-favor-del-municipio-por-el-desalojo-en-el-club-hotel-de-villa-ventana\/#primaryimage"},"thumbnailUrl":"https:\/\/www.noticiasradioreflejos.com.ar\/2021\/wp-content\/uploads\/2022\/10\/Ex-Club-Hotel.jpg","datePublished":"2024-12-24T10:07:13+00:00","author":{"@id":"https:\/\/www.noticiasradioreflejos.com.ar\/2021\/#\/schema\/person\/ad82545263dcc5ec0996818884fd5fb1"},"breadcrumb":{"@id":"https:\/\/www.noticiasradioreflejos.com.ar\/2021\/fallo-definitivo-a-favor-del-municipio-por-el-desalojo-en-el-club-hotel-de-villa-ventana\/#breadcrumb"},"inLanguage":"es","potentialAction":[{"@type":"ReadAction","target":["https:\/\/www.noticiasradioreflejos.com.ar\/2021\/fallo-definitivo-a-favor-del-municipio-por-el-desalojo-en-el-club-hotel-de-villa-ventana\/"]}]},{"@type":"ImageObject","inLanguage":"es","@id":"https:\/\/www.noticiasradioreflejos.com.ar\/2021\/fallo-definitivo-a-favor-del-municipio-por-el-desalojo-en-el-club-hotel-de-villa-ventana\/#primaryimage","url":"https:\/\/www.noticiasradioreflejos.com.ar\/2021\/wp-content\/uploads\/2022\/10\/Ex-Club-Hotel.jpg","contentUrl":"https:\/\/www.noticiasradioreflejos.com.ar\/2021\/wp-content\/uploads\/2022\/10\/Ex-Club-Hotel.jpg","width":700,"height":353,"caption":"SONY DSC"},{"@type":"BreadcrumbList","@id":"https:\/\/www.noticiasradioreflejos.com.ar\/2021\/fallo-definitivo-a-favor-del-municipio-por-el-desalojo-en-el-club-hotel-de-villa-ventana\/#breadcrumb","itemListElement":[{"@type":"ListItem","position":1,"name":"Portada","item":"https:\/\/www.noticiasradioreflejos.com.ar\/2021\/"},{"@type":"ListItem","position":2,"name":"Fallo definitivo a favor del municipio por el desalojo en el Club Hotel de Villa Ventana"}]},{"@type":"WebSite","@id":"https:\/\/www.noticiasradioreflejos.com.ar\/2021\/#website","url":"https:\/\/www.noticiasradioreflejos.com.ar\/2021\/","name":"Noticias Radio Reflejos","description":"Las noticias de mi comarca","potentialAction":[{"@type":"SearchAction","target":{"@type":"EntryPoint","urlTemplate":"https:\/\/www.noticiasradioreflejos.com.ar\/2021\/?s={search_term_string}"},"query-input":{"@type":"PropertyValueSpecification","valueRequired":true,"valueName":"search_term_string"}}],"inLanguage":"es"},{"@type":"Person","@id":"https:\/\/www.noticiasradioreflejos.com.ar\/2021\/#\/schema\/person\/ad82545263dcc5ec0996818884fd5fb1","name":"Arnaldo Botto","image":{"@type":"ImageObject","inLanguage":"es","@id":"https:\/\/www.noticiasradioreflejos.com.ar\/2021\/#\/schema\/person\/image\/","url":"https:\/\/secure.gravatar.com\/avatar\/55cb5e37c1efa326397366e6974cb338056df65cb50e7d64d1cf314e87504837?s=96&d=mm&r=g","contentUrl":"https:\/\/secure.gravatar.com\/avatar\/55cb5e37c1efa326397366e6974cb338056df65cb50e7d64d1cf314e87504837?s=96&d=mm&r=g","caption":"Arnaldo Botto"},"url":"https:\/\/www.noticiasradioreflejos.com.ar\/2021\/author\/arnaldo\/"}]}},"_links":{"self":[{"href":"https:\/\/www.noticiasradioreflejos.com.ar\/2021\/wp-json\/wp\/v2\/posts\/110989","targetHints":{"allow":["GET"]}}],"collection":[{"href":"https:\/\/www.noticiasradioreflejos.com.ar\/2021\/wp-json\/wp\/v2\/posts"}],"about":[{"href":"https:\/\/www.noticiasradioreflejos.com.ar\/2021\/wp-json\/wp\/v2\/types\/post"}],"author":[{"embeddable":true,"href":"https:\/\/www.noticiasradioreflejos.com.ar\/2021\/wp-json\/wp\/v2\/users\/3"}],"replies":[{"embeddable":true,"href":"https:\/\/www.noticiasradioreflejos.com.ar\/2021\/wp-json\/wp\/v2\/comments?post=110989"}],"version-history":[{"count":1,"href":"https:\/\/www.noticiasradioreflejos.com.ar\/2021\/wp-json\/wp\/v2\/posts\/110989\/revisions"}],"predecessor-version":[{"id":110990,"href":"https:\/\/www.noticiasradioreflejos.com.ar\/2021\/wp-json\/wp\/v2\/posts\/110989\/revisions\/110990"}],"wp:featuredmedia":[{"embeddable":true,"href":"https:\/\/www.noticiasradioreflejos.com.ar\/2021\/wp-json\/wp\/v2\/media\/79241"}],"wp:attachment":[{"href":"https:\/\/www.noticiasradioreflejos.com.ar\/2021\/wp-json\/wp\/v2\/media?parent=110989"}],"wp:term":[{"taxonomy":"category","embeddable":true,"href":"https:\/\/www.noticiasradioreflejos.com.ar\/2021\/wp-json\/wp\/v2\/categories?post=110989"},{"taxonomy":"post_tag","embeddable":true,"href":"https:\/\/www.noticiasradioreflejos.com.ar\/2021\/wp-json\/wp\/v2\/tags?post=110989"}],"curies":[{"name":"wp","href":"https:\/\/api.w.org\/{rel}","templated":true}]}}