{"id":110985,"date":"2024-12-23T17:28:05","date_gmt":"2024-12-23T20:28:05","guid":{"rendered":"https:\/\/www.noticiasradioreflejos.com.ar\/2021\/?p=110985"},"modified":"2024-12-23T17:28:05","modified_gmt":"2024-12-23T20:28:05","slug":"villa-serrana-la-gruta-abre-la-solicitud-del-servicio-de-agua-corriente","status":"publish","type":"post","link":"https:\/\/www.noticiasradioreflejos.com.ar\/2021\/villa-serrana-la-gruta-abre-la-solicitud-del-servicio-de-agua-corriente\/","title":{"rendered":"Villa Serrana La Gruta: Abre la solicitud del servicio de agua corriente"},"content":{"rendered":"<p>Tornquist Municipio informa que, a partir del jueves 2 de enero, se encontrar\u00e1 abierta la inscripci\u00f3n para solicitar la conexi\u00f3n del servicio de aguas corrientes en Villa Serrana La Gruta.<!--more--><\/p>\n<p>La solicitud se podr\u00e1 realizar de manera presencia en la oficina de Catastro en el Palacio Municipal (Sarmiento 53, Tornquist) de 8 a 13 hs, o v\u00eda mail, enviando la documentaci\u00f3n requerida a <a href=\"mailto:catastrotornquist@hotmail.com\">catastrotornquist@hotmail.com<\/a>.<\/p>\n<p>Quienes ya cuenten con el servicio, deber\u00e1n acercarse a la mencionada oficina para firmar la solicitud de alta correspondiente y adjuntar la documentaci\u00f3n. Aquellos que no realicen esta regularizaci\u00f3n, confirmando el alta o baja del servicio, a partir del mes de febrero el municipio dar\u00e1 por aceptado el mismo.<\/p>\n<p>Documentaci\u00f3n:<\/p>\n<p>-Escritura o documentaci\u00f3n que acredite el v\u00ednculo con el inmueble;<\/p>\n<p>-Libre de deuda de Tasas municipales de la partida afectada;<\/p>\n<p>-Copia de DNI de los titulares.<\/p>\n<p>Para mayor informaci\u00f3n comunicarse al tel\u00e9fono 291-4941075 interno 119.<\/p>\n<p>&nbsp;<\/p>\n<p>&nbsp;<\/p>\n","protected":false},"excerpt":{"rendered":"<p>Tornquist Municipio informa que, a partir del jueves 2 de enero, se encontrar\u00e1 abierta la inscripci\u00f3n para solicitar la conexi\u00f3n del servicio de aguas corrientes en Villa Serrana La Gruta.<\/p>\n","protected":false},"author":3,"featured_media":0,"comment_status":"closed","ping_status":"closed","sticky":false,"template":"","format":"standard","meta":{"footnotes":""},"categories":[28],"tags":[],"class_list":["post-110985","post","type-post","status-publish","format-standard","hentry","category-municipales"],"yoast_head":"<!-- This site is optimized with the Yoast SEO plugin v25.9 - https:\/\/yoast.com\/wordpress\/plugins\/seo\/ -->\n<title>Villa Serrana La Gruta: Abre la solicitud del servicio de agua corriente - Noticias Radio Reflejos<\/title>\n<meta name=\"robots\" content=\"index, follow, max-snippet:-1, max-image-preview:large, max-video-preview:-1\" \/>\n<link rel=\"canonical\" href=\"https:\/\/www.noticiasradioreflejos.com.ar\/2021\/villa-serrana-la-gruta-abre-la-solicitud-del-servicio-de-agua-corriente\/\" \/>\n<meta property=\"og:locale\" content=\"es_ES\" \/>\n<meta property=\"og:type\" content=\"article\" \/>\n<meta property=\"og:title\" content=\"Villa Serrana La Gruta: Abre la solicitud del servicio de agua corriente - Noticias Radio Reflejos\" \/>\n<meta property=\"og:description\" content=\"Tornquist Municipio informa que, a partir del jueves 2 de enero, se encontrar\u00e1 abierta la inscripci\u00f3n para solicitar la conexi\u00f3n del servicio de aguas corrientes en Villa Serrana La Gruta.\" \/>\n<meta property=\"og:url\" content=\"https:\/\/www.noticiasradioreflejos.com.ar\/2021\/villa-serrana-la-gruta-abre-la-solicitud-del-servicio-de-agua-corriente\/\" \/>\n<meta property=\"og:site_name\" content=\"Noticias Radio Reflejos\" \/>\n<meta property=\"article:published_time\" content=\"2024-12-23T20:28:05+00:00\" \/>\n<meta property=\"og:image\" content=\"https:\/\/www.noticiasradioreflejos.com.ar\/2021\/wp-content\/uploads\/2021\/07\/logosol300x200.png\" \/>\n\t<meta property=\"og:image:width\" content=\"300\" \/>\n\t<meta property=\"og:image:height\" content=\"200\" \/>\n\t<meta property=\"og:image:type\" content=\"image\/png\" \/>\n<meta name=\"author\" content=\"Arnaldo Botto\" \/>\n<meta name=\"twitter:card\" content=\"summary_large_image\" \/>\n<script type=\"application\/ld+json\" class=\"yoast-schema-graph\">{\"@context\":\"https:\/\/schema.org\",\"@graph\":[{\"@type\":\"WebPage\",\"@id\":\"https:\/\/www.noticiasradioreflejos.com.ar\/2021\/villa-serrana-la-gruta-abre-la-solicitud-del-servicio-de-agua-corriente\/\",\"url\":\"https:\/\/www.noticiasradioreflejos.com.ar\/2021\/villa-serrana-la-gruta-abre-la-solicitud-del-servicio-de-agua-corriente\/\",\"name\":\"Villa Serrana La Gruta: Abre la solicitud del servicio de agua corriente - Noticias Radio Reflejos\",\"isPartOf\":{\"@id\":\"https:\/\/www.noticiasradioreflejos.com.ar\/2021\/#website\"},\"datePublished\":\"2024-12-23T20:28:05+00:00\",\"author\":{\"@id\":\"https:\/\/www.noticiasradioreflejos.com.ar\/2021\/#\/schema\/person\/ad82545263dcc5ec0996818884fd5fb1\"},\"breadcrumb\":{\"@id\":\"https:\/\/www.noticiasradioreflejos.com.ar\/2021\/villa-serrana-la-gruta-abre-la-solicitud-del-servicio-de-agua-corriente\/#breadcrumb\"},\"inLanguage\":\"es\",\"potentialAction\":[{\"@type\":\"ReadAction\",\"target\":[\"https:\/\/www.noticiasradioreflejos.com.ar\/2021\/villa-serrana-la-gruta-abre-la-solicitud-del-servicio-de-agua-corriente\/\"]}]},{\"@type\":\"BreadcrumbList\",\"@id\":\"https:\/\/www.noticiasradioreflejos.com.ar\/2021\/villa-serrana-la-gruta-abre-la-solicitud-del-servicio-de-agua-corriente\/#breadcrumb\",\"itemListElement\":[{\"@type\":\"ListItem\",\"position\":1,\"name\":\"Portada\",\"item\":\"https:\/\/www.noticiasradioreflejos.com.ar\/2021\/\"},{\"@type\":\"ListItem\",\"position\":2,\"name\":\"Villa Serrana La Gruta: Abre la solicitud del servicio de agua corriente\"}]},{\"@type\":\"WebSite\",\"@id\":\"https:\/\/www.noticiasradioreflejos.com.ar\/2021\/#website\",\"url\":\"https:\/\/www.noticiasradioreflejos.com.ar\/2021\/\",\"name\":\"Noticias Radio Reflejos\",\"description\":\"Las noticias de mi comarca\",\"potentialAction\":[{\"@type\":\"SearchAction\",\"target\":{\"@type\":\"EntryPoint\",\"urlTemplate\":\"https:\/\/www.noticiasradioreflejos.com.ar\/2021\/?s={search_term_string}\"},\"query-input\":{\"@type\":\"PropertyValueSpecification\",\"valueRequired\":true,\"valueName\":\"search_term_string\"}}],\"inLanguage\":\"es\"},{\"@type\":\"Person\",\"@id\":\"https:\/\/www.noticiasradioreflejos.com.ar\/2021\/#\/schema\/person\/ad82545263dcc5ec0996818884fd5fb1\",\"name\":\"Arnaldo Botto\",\"image\":{\"@type\":\"ImageObject\",\"inLanguage\":\"es\",\"@id\":\"https:\/\/www.noticiasradioreflejos.com.ar\/2021\/#\/schema\/person\/image\/\",\"url\":\"https:\/\/secure.gravatar.com\/avatar\/55cb5e37c1efa326397366e6974cb338056df65cb50e7d64d1cf314e87504837?s=96&d=mm&r=g\",\"contentUrl\":\"https:\/\/secure.gravatar.com\/avatar\/55cb5e37c1efa326397366e6974cb338056df65cb50e7d64d1cf314e87504837?s=96&d=mm&r=g\",\"caption\":\"Arnaldo Botto\"},\"url\":\"https:\/\/www.noticiasradioreflejos.com.ar\/2021\/author\/arnaldo\/\"}]}<\/script>\n<!-- \/ Yoast SEO plugin. -->","yoast_head_json":{"title":"Villa Serrana La Gruta: Abre la solicitud del servicio de agua corriente - Noticias Radio Reflejos","robots":{"index":"index","follow":"follow","max-snippet":"max-snippet:-1","max-image-preview":"max-image-preview:large","max-video-preview":"max-video-preview:-1"},"canonical":"https:\/\/www.noticiasradioreflejos.com.ar\/2021\/villa-serrana-la-gruta-abre-la-solicitud-del-servicio-de-agua-corriente\/","og_locale":"es_ES","og_type":"article","og_title":"Villa Serrana La Gruta: Abre la solicitud del servicio de agua corriente - Noticias Radio Reflejos","og_description":"Tornquist Municipio informa que, a partir del jueves 2 de enero, se encontrar\u00e1 abierta la inscripci\u00f3n para solicitar la conexi\u00f3n del servicio de aguas corrientes en Villa Serrana La Gruta.","og_url":"https:\/\/www.noticiasradioreflejos.com.ar\/2021\/villa-serrana-la-gruta-abre-la-solicitud-del-servicio-de-agua-corriente\/","og_site_name":"Noticias Radio Reflejos","article_published_time":"2024-12-23T20:28:05+00:00","og_image":[{"width":300,"height":200,"url":"https:\/\/www.noticiasradioreflejos.com.ar\/2021\/wp-content\/uploads\/2021\/07\/logosol300x200.png","type":"image\/png"}],"author":"Arnaldo Botto","twitter_card":"summary_large_image","schema":{"@context":"https:\/\/schema.org","@graph":[{"@type":"WebPage","@id":"https:\/\/www.noticiasradioreflejos.com.ar\/2021\/villa-serrana-la-gruta-abre-la-solicitud-del-servicio-de-agua-corriente\/","url":"https:\/\/www.noticiasradioreflejos.com.ar\/2021\/villa-serrana-la-gruta-abre-la-solicitud-del-servicio-de-agua-corriente\/","name":"Villa Serrana La Gruta: Abre la solicitud del servicio de agua corriente - Noticias Radio Reflejos","isPartOf":{"@id":"https:\/\/www.noticiasradioreflejos.com.ar\/2021\/#website"},"datePublished":"2024-12-23T20:28:05+00:00","author":{"@id":"https:\/\/www.noticiasradioreflejos.com.ar\/2021\/#\/schema\/person\/ad82545263dcc5ec0996818884fd5fb1"},"breadcrumb":{"@id":"https:\/\/www.noticiasradioreflejos.com.ar\/2021\/villa-serrana-la-gruta-abre-la-solicitud-del-servicio-de-agua-corriente\/#breadcrumb"},"inLanguage":"es","potentialAction":[{"@type":"ReadAction","target":["https:\/\/www.noticiasradioreflejos.com.ar\/2021\/villa-serrana-la-gruta-abre-la-solicitud-del-servicio-de-agua-corriente\/"]}]},{"@type":"BreadcrumbList","@id":"https:\/\/www.noticiasradioreflejos.com.ar\/2021\/villa-serrana-la-gruta-abre-la-solicitud-del-servicio-de-agua-corriente\/#breadcrumb","itemListElement":[{"@type":"ListItem","position":1,"name":"Portada","item":"https:\/\/www.noticiasradioreflejos.com.ar\/2021\/"},{"@type":"ListItem","position":2,"name":"Villa Serrana La Gruta: Abre la solicitud del servicio de agua corriente"}]},{"@type":"WebSite","@id":"https:\/\/www.noticiasradioreflejos.com.ar\/2021\/#website","url":"https:\/\/www.noticiasradioreflejos.com.ar\/2021\/","name":"Noticias Radio Reflejos","description":"Las noticias de mi comarca","potentialAction":[{"@type":"SearchAction","target":{"@type":"EntryPoint","urlTemplate":"https:\/\/www.noticiasradioreflejos.com.ar\/2021\/?s={search_term_string}"},"query-input":{"@type":"PropertyValueSpecification","valueRequired":true,"valueName":"search_term_string"}}],"inLanguage":"es"},{"@type":"Person","@id":"https:\/\/www.noticiasradioreflejos.com.ar\/2021\/#\/schema\/person\/ad82545263dcc5ec0996818884fd5fb1","name":"Arnaldo Botto","image":{"@type":"ImageObject","inLanguage":"es","@id":"https:\/\/www.noticiasradioreflejos.com.ar\/2021\/#\/schema\/person\/image\/","url":"https:\/\/secure.gravatar.com\/avatar\/55cb5e37c1efa326397366e6974cb338056df65cb50e7d64d1cf314e87504837?s=96&d=mm&r=g","contentUrl":"https:\/\/secure.gravatar.com\/avatar\/55cb5e37c1efa326397366e6974cb338056df65cb50e7d64d1cf314e87504837?s=96&d=mm&r=g","caption":"Arnaldo Botto"},"url":"https:\/\/www.noticiasradioreflejos.com.ar\/2021\/author\/arnaldo\/"}]}},"_links":{"self":[{"href":"https:\/\/www.noticiasradioreflejos.com.ar\/2021\/wp-json\/wp\/v2\/posts\/110985","targetHints":{"allow":["GET"]}}],"collection":[{"href":"https:\/\/www.noticiasradioreflejos.com.ar\/2021\/wp-json\/wp\/v2\/posts"}],"about":[{"href":"https:\/\/www.noticiasradioreflejos.com.ar\/2021\/wp-json\/wp\/v2\/types\/post"}],"author":[{"embeddable":true,"href":"https:\/\/www.noticiasradioreflejos.com.ar\/2021\/wp-json\/wp\/v2\/users\/3"}],"replies":[{"embeddable":true,"href":"https:\/\/www.noticiasradioreflejos.com.ar\/2021\/wp-json\/wp\/v2\/comments?post=110985"}],"version-history":[{"count":1,"href":"https:\/\/www.noticiasradioreflejos.com.ar\/2021\/wp-json\/wp\/v2\/posts\/110985\/revisions"}],"predecessor-version":[{"id":110986,"href":"https:\/\/www.noticiasradioreflejos.com.ar\/2021\/wp-json\/wp\/v2\/posts\/110985\/revisions\/110986"}],"wp:attachment":[{"href":"https:\/\/www.noticiasradioreflejos.com.ar\/2021\/wp-json\/wp\/v2\/media?parent=110985"}],"wp:term":[{"taxonomy":"category","embeddable":true,"href":"https:\/\/www.noticiasradioreflejos.com.ar\/2021\/wp-json\/wp\/v2\/categories?post=110985"},{"taxonomy":"post_tag","embeddable":true,"href":"https:\/\/www.noticiasradioreflejos.com.ar\/2021\/wp-json\/wp\/v2\/tags?post=110985"}],"curies":[{"name":"wp","href":"https:\/\/api.w.org\/{rel}","templated":true}]}}