{"id":110983,"date":"2024-12-23T17:15:20","date_gmt":"2024-12-23T20:15:20","guid":{"rendered":"https:\/\/www.noticiasradioreflejos.com.ar\/2021\/?p=110983"},"modified":"2024-12-23T17:15:20","modified_gmt":"2024-12-23T20:15:20","slug":"llegan-los-reyes-magos-a-sierra-de-la-ventana-el-detalle-de-la-61-fiesta-provincial","status":"publish","type":"post","link":"https:\/\/www.noticiasradioreflejos.com.ar\/2021\/llegan-los-reyes-magos-a-sierra-de-la-ventana-el-detalle-de-la-61-fiesta-provincial\/","title":{"rendered":"Llegan los Reyes Magos a Sierra de la Ventana: El detalle de la 61\u00b0 Fiesta Provincial"},"content":{"rendered":"<p>La nueva edici\u00f3n contar\u00e1 con 3 d\u00edas de fiesta; un fin de semana que arranca el viernes 3 de enero y finaliza el domingo 5 con la bajada de los reyes en al Centro Cultural.<!--more--><\/p>\n<p><strong>Santiago Polvara, 2do Jefe del cuerpo de bomberos voluntarios de Sierra de la Ventana<\/strong> describi\u00f3 esta ma\u00f1ana en <strong>FM Reflejos<\/strong> todo el cronograma de la 61\u00b0 Fiesta Provincial de Reyes Magos 2025 donde se anticipan interesantes propuestas culturales, shows musicales, fuegos artificiales y juguetes para todos los ni\u00f1os que lleguen a la localidad.<\/p>\n<p>Sobre el trabajo que lleva meses por parte de gente involucrada, Polvara dijo: \u00abEs una es una comisi\u00f3n conformada por todas las instituciones del pueblo, est\u00e1 la c\u00e1mara de comercio, bomberos voluntarios, turismo, cultura, hay vecinos y particulares\u00bb, destacando que desde el comienzo son los bomberos.<\/p>\n<p>\u00abY desde comienzos del a\u00f1o ya empezamos con gestiones, puntualmente con la c\u00e1rcel de Bah\u00eda Blanca, que nuevamente est\u00e1 fabricando juguetes para entregar a los chicos y despu\u00e9s durante el a\u00f1o est\u00e1bamos con el desarrollo de toda la organizaci\u00f3n. Estamos con la recaudaci\u00f3n, que es el punto m\u00e1s complicado de todo el evento y definiendo la grilla, cerrando artistas, armando los tres d\u00edas del evento para que sea una jornada para que disfrute toda la familia y toda la regi\u00f3n.\u00bb detall\u00f3 Santiago.<\/p>\n<p>&nbsp;<\/p>\n<p><a href=\"https:\/\/www.noticiasradioreflejos.com.ar\/2021\/por-la-tormenta-los-reyes-bajaran-este-sabado-a-sierra-de-la-ventana\/60-fiesta-de-reyes-magos-2\/\" rel=\"attachment wp-att-97395\"><img loading=\"lazy\" decoding=\"async\" class=\"aligncenter size-full wp-image-97395\" src=\"https:\/\/www.noticiasradioreflejos.com.ar\/2021\/wp-content\/uploads\/2024\/01\/60-Fiesta-de-Reyes-Magos.jpeg\" alt=\"\" width=\"1600\" height=\"900\" srcset=\"https:\/\/www.noticiasradioreflejos.com.ar\/2021\/wp-content\/uploads\/2024\/01\/60-Fiesta-de-Reyes-Magos.jpeg 1600w, https:\/\/www.noticiasradioreflejos.com.ar\/2021\/wp-content\/uploads\/2024\/01\/60-Fiesta-de-Reyes-Magos-300x169.jpeg 300w, https:\/\/www.noticiasradioreflejos.com.ar\/2021\/wp-content\/uploads\/2024\/01\/60-Fiesta-de-Reyes-Magos-1024x576.jpeg 1024w, https:\/\/www.noticiasradioreflejos.com.ar\/2021\/wp-content\/uploads\/2024\/01\/60-Fiesta-de-Reyes-Magos-768x432.jpeg 768w, https:\/\/www.noticiasradioreflejos.com.ar\/2021\/wp-content\/uploads\/2024\/01\/60-Fiesta-de-Reyes-Magos-1536x864.jpeg 1536w, https:\/\/www.noticiasradioreflejos.com.ar\/2021\/wp-content\/uploads\/2024\/01\/60-Fiesta-de-Reyes-Magos-750x422.jpeg 750w, https:\/\/www.noticiasradioreflejos.com.ar\/2021\/wp-content\/uploads\/2024\/01\/60-Fiesta-de-Reyes-Magos-1140x641.jpeg 1140w\" sizes=\"auto, (max-width: 1600px) 100vw, 1600px\" \/><\/a><\/p>\n<p>El servidor p\u00fablico coment\u00f3 que inicialmente se pens\u00f3 y organiz\u00f3 una fiesta de dos d\u00edas para posteriormente por iniciativas de algunas personas de Sierra La Ventana y algunos artistas locales\u00a0 pudimos armar un d\u00eda m\u00e1s de show con la finalidad;\u00bb que puedan tener un poco m\u00e1s de trabajo la gente en el centro cultural, que se muevan un poco m\u00e1s los carros gastron\u00f3micos y dem\u00e1s.\u00bb afirm\u00f3,\u00a0 al tiempo que detall\u00f3 d\u00eda por d\u00eda el men\u00fa de espect\u00e1culos y actividades que prepararon.<\/p>\n<p>\u00abLogramos sumar el d\u00eda viernes tambi\u00e9n con un concurso de <strong>freestyle<\/strong>, unos ni\u00f1os que van a empezar a competir para para ser el rey del freestyle en Sierra La Ventana en la fiesta de reyes magos. El<strong> Poto Merlo<\/strong> se suma con un show que anuncia ser \u00fanico. \u00a0Un artista local que nos va a sorprender promete con un show fant\u00e1stico y invita a toda la gente que se acerque. Dice que va a ser un show para bailar, para compartir, para disfrutar. Y cerramos con <strong>Fondo Blanco<\/strong>. Es una banda de cumbia que tocaron hace muy poquito y tambi\u00e9n nos acompa\u00f1an en el evento cerrando el d\u00eda viernes.\u00bb describe Polvara.<\/p>\n<p><a href=\"https:\/\/www.noticiasradioreflejos.com.ar\/2021\/los-reyes-magos-pasaron-por-sierra-de-la-ventana-en-una-noche-llena-de-color-y-alegria\/fiesta-reyes-maos-2022-63\/\" rel=\"attachment wp-att-66725\"><img loading=\"lazy\" decoding=\"async\" class=\"aligncenter size-full wp-image-66725\" src=\"https:\/\/www.noticiasradioreflejos.com.ar\/2021\/wp-content\/uploads\/2022\/01\/Fiesta-Reyes-Maos-2022-63.jpg\" alt=\"\" width=\"2304\" height=\"1296\" srcset=\"https:\/\/www.noticiasradioreflejos.com.ar\/2021\/wp-content\/uploads\/2022\/01\/Fiesta-Reyes-Maos-2022-63.jpg 2304w, https:\/\/www.noticiasradioreflejos.com.ar\/2021\/wp-content\/uploads\/2022\/01\/Fiesta-Reyes-Maos-2022-63-300x169.jpg 300w, https:\/\/www.noticiasradioreflejos.com.ar\/2021\/wp-content\/uploads\/2022\/01\/Fiesta-Reyes-Maos-2022-63-1024x576.jpg 1024w, https:\/\/www.noticiasradioreflejos.com.ar\/2021\/wp-content\/uploads\/2022\/01\/Fiesta-Reyes-Maos-2022-63-768x432.jpg 768w, https:\/\/www.noticiasradioreflejos.com.ar\/2021\/wp-content\/uploads\/2022\/01\/Fiesta-Reyes-Maos-2022-63-1536x864.jpg 1536w, https:\/\/www.noticiasradioreflejos.com.ar\/2021\/wp-content\/uploads\/2022\/01\/Fiesta-Reyes-Maos-2022-63-2048x1152.jpg 2048w, https:\/\/www.noticiasradioreflejos.com.ar\/2021\/wp-content\/uploads\/2022\/01\/Fiesta-Reyes-Maos-2022-63-750x422.jpg 750w, https:\/\/www.noticiasradioreflejos.com.ar\/2021\/wp-content\/uploads\/2022\/01\/Fiesta-Reyes-Maos-2022-63-1140x641.jpg 1140w\" sizes=\"auto, (max-width: 2304px) 100vw, 2304px\" \/><\/a><\/p>\n<p>&nbsp;<\/p>\n<p>El s\u00e1bado se presentar\u00e1n 3 espect\u00e1culos musicales\u00a0 que Santiago detalla: \u00ab<strong>Tenemos el tributo Soda Est\u00e9reo<\/strong>, que es una banda de Bah\u00eda Blanca,<strong> Zoom<\/strong>, que es muy conocida y ha estado en muchas fiestas populares. Hacen la apertura de ellos y despu\u00e9s contin\u00faa <strong>Circo Marisco.<\/strong> Una dupla humorista. Es un humor con se\u00f1as, son dos protagonistas que la verdad que hacen un show muy interesante y cerramos con <strong>Rodrigo Romero<\/strong>, el tributo a Rodrigo del Potro Cordob\u00e9s, que hace su representaci\u00f3n, con alrededor de 10, 12 artistas en el escenario.\u00bb y anticipa que este show pondr\u00e1 el toque para cerrar bailando y disfrutando de esta 2da noche de la fiesta.<\/p>\n<p>Y el domingo se cierra esta 61\u00b0 edici\u00f3n: \u00bb Tenemos un show infantil previo a eso, que se llama <strong>Borde Verde<\/strong>, que hace la apertura de la jornada y despu\u00e9s comenzamos con la bajada simb\u00f3lica tradicional de la Fiesta de Reyes.<\/p>\n<p>Sobre el momento en que los reyes pisan Sierra de la Ventana luego de su descenso por el Cerro Ceferino y que habitualmente se los recibe con fuegos artificiales, Polvara\u00a0 asegur\u00f3 <strong>\u00abse contin\u00faa con los fuegos artificiales sin ruido\u00bb<\/strong><\/p>\n<p>El gran presupuesto que demanda esta fiesta es un detalle que Santiago describi\u00f3:\u00a0\u00a0Los ingresos que tenemos vienen dados por una venta de libros para colorear,\u00a0 que estamos vendiendo a alojamientos y caba\u00f1eros eso es uno de los aportes, \u00a0iniciativa de hace muchos a\u00f1os, pero este a\u00f1o es el primer a\u00f1o que se cobra el aporte por los libritos, despu\u00e9s tenemos puntualmente la venta de publicidad;\u00a0 un mont\u00f3n de comerciantes locales nos est\u00e1n acompa\u00f1ando con publicidad de diferentes montos, acorde a su posibilidad; los ingresos por el canon que le estamos cobrando a los carros gastron\u00f3micos que van a ser m\u00e1s que los que est\u00e1n habitualmente. El municipio pone sonido, escenario, los ba\u00f1os qu\u00edmicos, pantalla, reforzaron la iluminaci\u00f3n. \u00absintetiz\u00f3.<\/p>\n<p>El bombero asegur\u00f3 que ser\u00e1n<strong> mas de 5 mil juguetes<\/strong> que se repartir\u00e1n este a\u00f1o y adem\u00e1s detall\u00f3 la forma de entrega que preparan para el momento: \u00bb lo que m\u00e1s me importa es que la gente y los ni\u00f1os tengan una linda jornada y la disfruten. <strong>\u00a0Posterior a eso tambi\u00e9n hacemos entrega de juguetes, o sea que quien se saque la fotito posteriormente ya se lleva al juguete y no debe hacer la cola de los juguetes.\u00bb Finaliz\u00f3.\u00a0<\/strong><\/p>\n<p><iframe loading=\"lazy\" src=\"https:\/\/w.soundcloud.com\/player\/?url=https%3A\/\/api.soundcloud.com\/tracks\/1992667195&amp;color=%23ff5500&amp;auto_play=false&amp;hide_related=false&amp;show_comments=true&amp;show_user=true&amp;show_reposts=false&amp;show_teaser=true\" width=\"100%\" height=\"166\" frameborder=\"no\" scrolling=\"no\"><\/iframe><\/p>\n<div style=\"font-size: 10px; color: #cccccc; line-break: anywhere; word-break: normal; overflow: hidden; white-space: nowrap; text-overflow: ellipsis; font-family: Interstate,Lucida Grande,Lucida Sans Unicode,Lucida Sans,Garuda,Verdana,Tahoma,sans-serif; font-weight: 100;\"><a style=\"color: #cccccc; text-decoration: none;\" title=\"fmreflejos 103.7\" href=\"https:\/\/soundcloud.com\/fmreflejos-103-7\" target=\"_blank\" rel=\"noopener\">fmreflejos 103.7<\/a> \u00b7 <a style=\"color: #cccccc; text-decoration: none;\" title=\"Santiago Polvara REYES 23-12\" href=\"https:\/\/soundcloud.com\/fmreflejos-103-7\/santiago-polvara-reyes-23-12\" target=\"_blank\" rel=\"noopener\">Santiago Polvara REYES 23-12<\/a><\/div>\n<p><strong>Viernes 3 de Enero<\/strong><br \/>\n-Concurso de RAP \ud83c\udfa4 &#8211; Competencia con premiaci\u00f3n \u00abEl REY del TRAP \ud83e\udd34\ud83c\udffb\u00bb &#8211; Premios \ud83c\udfc5<br \/>\n-Poto Merlo \ud83e\udd41<br \/>\n-FONDO BLANCO CUMBIA<\/p>\n<p>&nbsp;<\/p>\n<p><strong>S\u00e1bado 4 de Enero<\/strong><br \/>\nMuestra colectiva de artes visuales en el Centro Cultural<br \/>\nZoom &#8211; Tributo a SODA STEREO \ud83c\udfb5<br \/>\nCirco Marisco &#8211; D\u00fao Humorista \ud83c\udfad<br \/>\nRodrigo Romero &#8211; Tributo a RODRIGO \u00abEl Potro Cordob\u00e9s\u00bb \ud83d\udc68\ud83c\udffb\u200d\ud83c\udfa4\ud83e\udd29<\/p>\n<p>&nbsp;<\/p>\n<p><strong>Domingo 5 de Enero<\/strong><br \/>\nShow infantil , BORDE VERDE \ud83e\udd39\ud83c\udffb<br \/>\nFIESTA DE REYES \ud83d\udc51\ud83d\udc51\ud83d\udc51<br \/>\n-Despedida del M\u00f3vil de Bomberos\ud83d\ude92<br \/>\n-Bengalas y luces en el Cerro C. \ud83d\udea6<br \/>\n-Contacto con los Reyes \ud83e\udd34\ud83c\udffb<br \/>\n-Llegada de Reyes \/ Fuegos Artificiales\ud83c\udf86<br \/>\n-Pesebre Viviente \/ Adoraci\u00f3n al ni\u00f1o Jesus \ud83d\udc76\ud83c\udffb<br \/>\n-Entrega de Juguetes \ud83c\udf81<br \/>\n-Fotos con los Reyes \ud83d\udcf7<br \/>\nRo Petinari &#8211; DJ Full Cachengue \ud83c\udfa7\ud83e\udea9\ud83d\udd7a\ud83c\udffb<br \/>\nArtesanos, manualistas, patio cervecero \ud83c\udf7b y de comidas \ud83c\udf54\ud83c\udf5f\ud83c\udf55, parque de juegos \ud83c\udfa2<br \/>\nSORPRESAS!! \ud83e\udd21<\/p>\n<p><strong>ENTRADA LIBRE Y GRATUITA<\/strong><\/p>\n<p>&nbsp;<\/p>\n","protected":false},"excerpt":{"rendered":"<p>La nueva edici\u00f3n contar\u00e1 con 3 d\u00edas de fiesta; un fin de semana que arranca el viernes 3 de enero y finaliza el domingo 5 con la bajada de los reyes en al Centro Cultural.<\/p>\n","protected":false},"author":3,"featured_media":82260,"comment_status":"closed","ping_status":"closed","sticky":false,"template":"","format":"standard","meta":{"footnotes":""},"categories":[26,33],"tags":[48],"class_list":["post-110983","post","type-post","status-publish","format-standard","has-post-thumbnail","hentry","category-sociedad","category-turismo","tag-destacada"],"yoast_head":"<!-- This site is optimized with the Yoast SEO plugin v25.9 - https:\/\/yoast.com\/wordpress\/plugins\/seo\/ -->\n<title>Llegan los Reyes Magos a Sierra de la Ventana: El detalle de la 61\u00b0 Fiesta Provincial - Noticias Radio Reflejos<\/title>\n<meta name=\"robots\" content=\"index, follow, max-snippet:-1, max-image-preview:large, max-video-preview:-1\" \/>\n<link rel=\"canonical\" href=\"https:\/\/www.noticiasradioreflejos.com.ar\/2021\/llegan-los-reyes-magos-a-sierra-de-la-ventana-el-detalle-de-la-61-fiesta-provincial\/\" \/>\n<meta property=\"og:locale\" content=\"es_ES\" \/>\n<meta property=\"og:type\" content=\"article\" \/>\n<meta property=\"og:title\" content=\"Llegan los Reyes Magos a Sierra de la Ventana: El detalle de la 61\u00b0 Fiesta Provincial - Noticias Radio Reflejos\" \/>\n<meta property=\"og:description\" content=\"La nueva edici\u00f3n contar\u00e1 con 3 d\u00edas de fiesta; un fin de semana que arranca el viernes 3 de enero y finaliza el domingo 5 con la bajada de los reyes en al Centro Cultural.\" \/>\n<meta property=\"og:url\" content=\"https:\/\/www.noticiasradioreflejos.com.ar\/2021\/llegan-los-reyes-magos-a-sierra-de-la-ventana-el-detalle-de-la-61-fiesta-provincial\/\" \/>\n<meta property=\"og:site_name\" content=\"Noticias Radio Reflejos\" \/>\n<meta property=\"article:published_time\" content=\"2024-12-23T20:15:20+00:00\" \/>\n<meta property=\"og:image\" content=\"https:\/\/www.noticiasradioreflejos.com.ar\/2021\/wp-content\/uploads\/2023\/01\/reyes-1.jpg\" \/>\n\t<meta property=\"og:image:width\" content=\"798\" \/>\n\t<meta property=\"og:image:height\" content=\"536\" \/>\n\t<meta property=\"og:image:type\" content=\"image\/jpeg\" \/>\n<meta name=\"author\" content=\"Arnaldo Botto\" \/>\n<meta name=\"twitter:card\" content=\"summary_large_image\" \/>\n<script type=\"application\/ld+json\" class=\"yoast-schema-graph\">{\"@context\":\"https:\/\/schema.org\",\"@graph\":[{\"@type\":\"WebPage\",\"@id\":\"https:\/\/www.noticiasradioreflejos.com.ar\/2021\/llegan-los-reyes-magos-a-sierra-de-la-ventana-el-detalle-de-la-61-fiesta-provincial\/\",\"url\":\"https:\/\/www.noticiasradioreflejos.com.ar\/2021\/llegan-los-reyes-magos-a-sierra-de-la-ventana-el-detalle-de-la-61-fiesta-provincial\/\",\"name\":\"Llegan los Reyes Magos a Sierra de la Ventana: El detalle de la 61\u00b0 Fiesta Provincial - Noticias Radio Reflejos\",\"isPartOf\":{\"@id\":\"https:\/\/www.noticiasradioreflejos.com.ar\/2021\/#website\"},\"primaryImageOfPage\":{\"@id\":\"https:\/\/www.noticiasradioreflejos.com.ar\/2021\/llegan-los-reyes-magos-a-sierra-de-la-ventana-el-detalle-de-la-61-fiesta-provincial\/#primaryimage\"},\"image\":{\"@id\":\"https:\/\/www.noticiasradioreflejos.com.ar\/2021\/llegan-los-reyes-magos-a-sierra-de-la-ventana-el-detalle-de-la-61-fiesta-provincial\/#primaryimage\"},\"thumbnailUrl\":\"https:\/\/www.noticiasradioreflejos.com.ar\/2021\/wp-content\/uploads\/2023\/01\/reyes-1.jpg\",\"datePublished\":\"2024-12-23T20:15:20+00:00\",\"author\":{\"@id\":\"https:\/\/www.noticiasradioreflejos.com.ar\/2021\/#\/schema\/person\/ad82545263dcc5ec0996818884fd5fb1\"},\"breadcrumb\":{\"@id\":\"https:\/\/www.noticiasradioreflejos.com.ar\/2021\/llegan-los-reyes-magos-a-sierra-de-la-ventana-el-detalle-de-la-61-fiesta-provincial\/#breadcrumb\"},\"inLanguage\":\"es\",\"potentialAction\":[{\"@type\":\"ReadAction\",\"target\":[\"https:\/\/www.noticiasradioreflejos.com.ar\/2021\/llegan-los-reyes-magos-a-sierra-de-la-ventana-el-detalle-de-la-61-fiesta-provincial\/\"]}]},{\"@type\":\"ImageObject\",\"inLanguage\":\"es\",\"@id\":\"https:\/\/www.noticiasradioreflejos.com.ar\/2021\/llegan-los-reyes-magos-a-sierra-de-la-ventana-el-detalle-de-la-61-fiesta-provincial\/#primaryimage\",\"url\":\"https:\/\/www.noticiasradioreflejos.com.ar\/2021\/wp-content\/uploads\/2023\/01\/reyes-1.jpg\",\"contentUrl\":\"https:\/\/www.noticiasradioreflejos.com.ar\/2021\/wp-content\/uploads\/2023\/01\/reyes-1.jpg\",\"width\":798,\"height\":536},{\"@type\":\"BreadcrumbList\",\"@id\":\"https:\/\/www.noticiasradioreflejos.com.ar\/2021\/llegan-los-reyes-magos-a-sierra-de-la-ventana-el-detalle-de-la-61-fiesta-provincial\/#breadcrumb\",\"itemListElement\":[{\"@type\":\"ListItem\",\"position\":1,\"name\":\"Portada\",\"item\":\"https:\/\/www.noticiasradioreflejos.com.ar\/2021\/\"},{\"@type\":\"ListItem\",\"position\":2,\"name\":\"Llegan los Reyes Magos a Sierra de la Ventana: El detalle de la 61\u00b0 Fiesta Provincial\"}]},{\"@type\":\"WebSite\",\"@id\":\"https:\/\/www.noticiasradioreflejos.com.ar\/2021\/#website\",\"url\":\"https:\/\/www.noticiasradioreflejos.com.ar\/2021\/\",\"name\":\"Noticias Radio Reflejos\",\"description\":\"Las noticias de mi comarca\",\"potentialAction\":[{\"@type\":\"SearchAction\",\"target\":{\"@type\":\"EntryPoint\",\"urlTemplate\":\"https:\/\/www.noticiasradioreflejos.com.ar\/2021\/?s={search_term_string}\"},\"query-input\":{\"@type\":\"PropertyValueSpecification\",\"valueRequired\":true,\"valueName\":\"search_term_string\"}}],\"inLanguage\":\"es\"},{\"@type\":\"Person\",\"@id\":\"https:\/\/www.noticiasradioreflejos.com.ar\/2021\/#\/schema\/person\/ad82545263dcc5ec0996818884fd5fb1\",\"name\":\"Arnaldo Botto\",\"image\":{\"@type\":\"ImageObject\",\"inLanguage\":\"es\",\"@id\":\"https:\/\/www.noticiasradioreflejos.com.ar\/2021\/#\/schema\/person\/image\/\",\"url\":\"https:\/\/secure.gravatar.com\/avatar\/55cb5e37c1efa326397366e6974cb338056df65cb50e7d64d1cf314e87504837?s=96&d=mm&r=g\",\"contentUrl\":\"https:\/\/secure.gravatar.com\/avatar\/55cb5e37c1efa326397366e6974cb338056df65cb50e7d64d1cf314e87504837?s=96&d=mm&r=g\",\"caption\":\"Arnaldo Botto\"},\"url\":\"https:\/\/www.noticiasradioreflejos.com.ar\/2021\/author\/arnaldo\/\"}]}<\/script>\n<!-- \/ Yoast SEO plugin. -->","yoast_head_json":{"title":"Llegan los Reyes Magos a Sierra de la Ventana: El detalle de la 61\u00b0 Fiesta Provincial - Noticias Radio Reflejos","robots":{"index":"index","follow":"follow","max-snippet":"max-snippet:-1","max-image-preview":"max-image-preview:large","max-video-preview":"max-video-preview:-1"},"canonical":"https:\/\/www.noticiasradioreflejos.com.ar\/2021\/llegan-los-reyes-magos-a-sierra-de-la-ventana-el-detalle-de-la-61-fiesta-provincial\/","og_locale":"es_ES","og_type":"article","og_title":"Llegan los Reyes Magos a Sierra de la Ventana: El detalle de la 61\u00b0 Fiesta Provincial - Noticias Radio Reflejos","og_description":"La nueva edici\u00f3n contar\u00e1 con 3 d\u00edas de fiesta; un fin de semana que arranca el viernes 3 de enero y finaliza el domingo 5 con la bajada de los reyes en al Centro Cultural.","og_url":"https:\/\/www.noticiasradioreflejos.com.ar\/2021\/llegan-los-reyes-magos-a-sierra-de-la-ventana-el-detalle-de-la-61-fiesta-provincial\/","og_site_name":"Noticias Radio Reflejos","article_published_time":"2024-12-23T20:15:20+00:00","og_image":[{"width":798,"height":536,"url":"https:\/\/www.noticiasradioreflejos.com.ar\/2021\/wp-content\/uploads\/2023\/01\/reyes-1.jpg","type":"image\/jpeg"}],"author":"Arnaldo Botto","twitter_card":"summary_large_image","schema":{"@context":"https:\/\/schema.org","@graph":[{"@type":"WebPage","@id":"https:\/\/www.noticiasradioreflejos.com.ar\/2021\/llegan-los-reyes-magos-a-sierra-de-la-ventana-el-detalle-de-la-61-fiesta-provincial\/","url":"https:\/\/www.noticiasradioreflejos.com.ar\/2021\/llegan-los-reyes-magos-a-sierra-de-la-ventana-el-detalle-de-la-61-fiesta-provincial\/","name":"Llegan los Reyes Magos a Sierra de la Ventana: El detalle de la 61\u00b0 Fiesta Provincial - Noticias Radio Reflejos","isPartOf":{"@id":"https:\/\/www.noticiasradioreflejos.com.ar\/2021\/#website"},"primaryImageOfPage":{"@id":"https:\/\/www.noticiasradioreflejos.com.ar\/2021\/llegan-los-reyes-magos-a-sierra-de-la-ventana-el-detalle-de-la-61-fiesta-provincial\/#primaryimage"},"image":{"@id":"https:\/\/www.noticiasradioreflejos.com.ar\/2021\/llegan-los-reyes-magos-a-sierra-de-la-ventana-el-detalle-de-la-61-fiesta-provincial\/#primaryimage"},"thumbnailUrl":"https:\/\/www.noticiasradioreflejos.com.ar\/2021\/wp-content\/uploads\/2023\/01\/reyes-1.jpg","datePublished":"2024-12-23T20:15:20+00:00","author":{"@id":"https:\/\/www.noticiasradioreflejos.com.ar\/2021\/#\/schema\/person\/ad82545263dcc5ec0996818884fd5fb1"},"breadcrumb":{"@id":"https:\/\/www.noticiasradioreflejos.com.ar\/2021\/llegan-los-reyes-magos-a-sierra-de-la-ventana-el-detalle-de-la-61-fiesta-provincial\/#breadcrumb"},"inLanguage":"es","potentialAction":[{"@type":"ReadAction","target":["https:\/\/www.noticiasradioreflejos.com.ar\/2021\/llegan-los-reyes-magos-a-sierra-de-la-ventana-el-detalle-de-la-61-fiesta-provincial\/"]}]},{"@type":"ImageObject","inLanguage":"es","@id":"https:\/\/www.noticiasradioreflejos.com.ar\/2021\/llegan-los-reyes-magos-a-sierra-de-la-ventana-el-detalle-de-la-61-fiesta-provincial\/#primaryimage","url":"https:\/\/www.noticiasradioreflejos.com.ar\/2021\/wp-content\/uploads\/2023\/01\/reyes-1.jpg","contentUrl":"https:\/\/www.noticiasradioreflejos.com.ar\/2021\/wp-content\/uploads\/2023\/01\/reyes-1.jpg","width":798,"height":536},{"@type":"BreadcrumbList","@id":"https:\/\/www.noticiasradioreflejos.com.ar\/2021\/llegan-los-reyes-magos-a-sierra-de-la-ventana-el-detalle-de-la-61-fiesta-provincial\/#breadcrumb","itemListElement":[{"@type":"ListItem","position":1,"name":"Portada","item":"https:\/\/www.noticiasradioreflejos.com.ar\/2021\/"},{"@type":"ListItem","position":2,"name":"Llegan los Reyes Magos a Sierra de la Ventana: El detalle de la 61\u00b0 Fiesta Provincial"}]},{"@type":"WebSite","@id":"https:\/\/www.noticiasradioreflejos.com.ar\/2021\/#website","url":"https:\/\/www.noticiasradioreflejos.com.ar\/2021\/","name":"Noticias Radio Reflejos","description":"Las noticias de mi comarca","potentialAction":[{"@type":"SearchAction","target":{"@type":"EntryPoint","urlTemplate":"https:\/\/www.noticiasradioreflejos.com.ar\/2021\/?s={search_term_string}"},"query-input":{"@type":"PropertyValueSpecification","valueRequired":true,"valueName":"search_term_string"}}],"inLanguage":"es"},{"@type":"Person","@id":"https:\/\/www.noticiasradioreflejos.com.ar\/2021\/#\/schema\/person\/ad82545263dcc5ec0996818884fd5fb1","name":"Arnaldo Botto","image":{"@type":"ImageObject","inLanguage":"es","@id":"https:\/\/www.noticiasradioreflejos.com.ar\/2021\/#\/schema\/person\/image\/","url":"https:\/\/secure.gravatar.com\/avatar\/55cb5e37c1efa326397366e6974cb338056df65cb50e7d64d1cf314e87504837?s=96&d=mm&r=g","contentUrl":"https:\/\/secure.gravatar.com\/avatar\/55cb5e37c1efa326397366e6974cb338056df65cb50e7d64d1cf314e87504837?s=96&d=mm&r=g","caption":"Arnaldo Botto"},"url":"https:\/\/www.noticiasradioreflejos.com.ar\/2021\/author\/arnaldo\/"}]}},"_links":{"self":[{"href":"https:\/\/www.noticiasradioreflejos.com.ar\/2021\/wp-json\/wp\/v2\/posts\/110983","targetHints":{"allow":["GET"]}}],"collection":[{"href":"https:\/\/www.noticiasradioreflejos.com.ar\/2021\/wp-json\/wp\/v2\/posts"}],"about":[{"href":"https:\/\/www.noticiasradioreflejos.com.ar\/2021\/wp-json\/wp\/v2\/types\/post"}],"author":[{"embeddable":true,"href":"https:\/\/www.noticiasradioreflejos.com.ar\/2021\/wp-json\/wp\/v2\/users\/3"}],"replies":[{"embeddable":true,"href":"https:\/\/www.noticiasradioreflejos.com.ar\/2021\/wp-json\/wp\/v2\/comments?post=110983"}],"version-history":[{"count":1,"href":"https:\/\/www.noticiasradioreflejos.com.ar\/2021\/wp-json\/wp\/v2\/posts\/110983\/revisions"}],"predecessor-version":[{"id":110984,"href":"https:\/\/www.noticiasradioreflejos.com.ar\/2021\/wp-json\/wp\/v2\/posts\/110983\/revisions\/110984"}],"wp:featuredmedia":[{"embeddable":true,"href":"https:\/\/www.noticiasradioreflejos.com.ar\/2021\/wp-json\/wp\/v2\/media\/82260"}],"wp:attachment":[{"href":"https:\/\/www.noticiasradioreflejos.com.ar\/2021\/wp-json\/wp\/v2\/media?parent=110983"}],"wp:term":[{"taxonomy":"category","embeddable":true,"href":"https:\/\/www.noticiasradioreflejos.com.ar\/2021\/wp-json\/wp\/v2\/categories?post=110983"},{"taxonomy":"post_tag","embeddable":true,"href":"https:\/\/www.noticiasradioreflejos.com.ar\/2021\/wp-json\/wp\/v2\/tags?post=110983"}],"curies":[{"name":"wp","href":"https:\/\/api.w.org\/{rel}","templated":true}]}}