{"id":110980,"date":"2024-12-23T14:28:35","date_gmt":"2024-12-23T17:28:35","guid":{"rendered":"https:\/\/www.noticiasradioreflejos.com.ar\/2021\/?p=110980"},"modified":"2024-12-23T14:28:35","modified_gmt":"2024-12-23T17:28:35","slug":"a-18-anos-del-crimen-de-nora-dalmasso-hallan-adn-de-un-hombre-compatible-con-las-huellas-geneticas-colectadas-en-la-bata-y-en-el-cuerpo","status":"publish","type":"post","link":"https:\/\/www.noticiasradioreflejos.com.ar\/2021\/a-18-anos-del-crimen-de-nora-dalmasso-hallan-adn-de-un-hombre-compatible-con-las-huellas-geneticas-colectadas-en-la-bata-y-en-el-cuerpo\/","title":{"rendered":"A 18 a\u00f1os del crimen de Nora Dalmasso, hallan ADN de un hombre compatible con las huellas gen\u00e9ticas colectadas en la bata y en el cuerpo"},"content":{"rendered":"<p>\u201cEn el marco de la investigaci\u00f3n iniciada el 15 de octubre de 2022 para identificar a part\u00edcipes del crimen de fecha 25 de noviembre de 2006, en el que resultara v\u00edctima Nora Raquel Dalmasso, la Unidad Fiscal Especial actuante en la ciudad de R\u00edo Cuarto informa que, una persona de sexo masculino figura como aportante compatible con las huellas gen\u00e9ticas colectadas en cinto de bata que fuera ubicado anudado en el cuello de la v\u00edctima y de vello secuestrado en zona inguinal de la misma\u201d, dice el comunicado del Ministerio P\u00fablico Fiscal de C\u00f3rdoba. El ADN corresponde a Roberto B\u00e1rzola, que en aquel momento trabajaba en la casa de la v\u00edctima como colocador de pisos.<!--more--><\/p>\n<div class=\"c-subheader\">\n<footer class=\"rs-pill\">\n<div class=\"edi-social-buttons\"><\/div>\n<\/footer>\n<\/div>\n<div class=\"content-container col-12 col-lg-8\">\n<div class=\"c-content\">\n<div class=\"partner-wrapper opening\" data-mrf-recirculation=\"Apertura\">\n<div class=\"second-col\">\n<figure class=\"ni-figure\"><picture class=\"news-image\"><source srcset=\"https:\/\/static.eldiario.es\/clip\/b72e804f-c30c-4ff8-89d1-27526f512fa8_16-9-discover-aspect-ratio_50p_1035460.webp\" type=\"image\/webp\" media=\"(max-width: 576px)\" \/><source srcset=\"https:\/\/static.eldiario.es\/clip\/b72e804f-c30c-4ff8-89d1-27526f512fa8_16-9-discover-aspect-ratio_50p_1035460.jpg\" type=\"image\/jpg\" media=\"(max-width: 576px)\" \/><source srcset=\"https:\/\/static.eldiario.es\/clip\/b72e804f-c30c-4ff8-89d1-27526f512fa8_16-9-discover-aspect-ratio_75p_1035460.webp\" type=\"image\/webp\" media=\"(max-width: 767px)\" \/><source srcset=\"https:\/\/static.eldiario.es\/clip\/b72e804f-c30c-4ff8-89d1-27526f512fa8_16-9-discover-aspect-ratio_75p_1035460.jpg\" type=\"image\/jpg\" media=\"(max-width: 767px)\" \/><source srcset=\"https:\/\/static.eldiario.es\/clip\/b72e804f-c30c-4ff8-89d1-27526f512fa8_16-9-discover-aspect-ratio_default_1035460.webp\" type=\"image\/webp\" \/><source srcset=\"https:\/\/static.eldiario.es\/clip\/b72e804f-c30c-4ff8-89d1-27526f512fa8_16-9-discover-aspect-ratio_default_1035460.jpg\" type=\"image\/jpg\" \/><img decoding=\"async\" src=\"https:\/\/static.eldiario.es\/clip\/b72e804f-c30c-4ff8-89d1-27526f512fa8_16-9-discover-aspect-ratio_default_1035460.jpg\" alt=\"Nora Dalmasso, en una imagen durante un viaje las islas v\u00edrgenes\" \/><\/picture><\/figure>\n<\/div>\n<\/div>\n<\/div>\n<\/div>\n<p><em><span class=\"title\">Nora Dalmasso, en una imagen durante un viaje las islas v\u00edrgenes<\/span><\/em><\/p>\n<div class=\"news-info\" data-mrf-recirculation=\"firma\">\n<div class=\"info-wrapper\">\n<p class=\"authors\">\n<div class=\"date-comments-wrapper\"><\/div>\n<\/div>\n<div class=\"twitter-wrapper\"><\/div>\n<\/div>\n<div class=\"partner-wrapper article-page__body-row\">\n<div class=\"second-col\">\n<p class=\"article-text\">En el marco de la investigaci\u00f3n por el\u00a0<strong>crimen de Nora Dalmasso<\/strong>\u00a0en noviembre de 2006, la Unidad Fiscal Especial actuante en la ciudad de R\u00edo Cuarto inform\u00f3 que\u00a0<strong>se hallaron huellas gen\u00e9ticas de una persona de sexo masculino compatibles con pruebas colectadas en la bata y en el cuerpo<\/strong>\u00a0de la v\u00edctima. El ADN corresponde a\u00a0<strong>Roberto B\u00e1rzola<\/strong>, que en aquel momento trabajaba en la casa de la v\u00edctima como colocador de pisos y fue uno de los testigos de la causa (declar\u00f3 seis veces).<\/p>\n<aside class=\"know-more know-more--with-image\">\n<p class=\"know-more__title\">\n<\/aside>\n<p class=\"article-text\">Desde el Ministerio P\u00fablico Fiscal de C\u00f3rdoba anunciaron que se contin\u00faa trabajando en el an\u00e1lisis del\u00a0<strong>\u201cresto del cuadro de pruebas disponible para la composici\u00f3n de hip\u00f3tesis en funci\u00f3n del aporte de dicho material\u201d.<\/strong><\/p>\n<p class=\"article-text\">\u201cTambi\u00e9n se trabaja en\u00a0<strong>aspectos relevantes al an\u00e1lisis de la acci\u00f3n penal<\/strong>\u00a0derivada del hecho se\u00f1alado. Tales conclusiones fueron comunicadas a la familia querellante y a la persona sindicada, quien concurri\u00f3 a la sede de la Unidad Fiscal para ejercer, con la debida asistencia letrada, su defensa material y t\u00e9cnica\u201d, detallaron.<\/p>\n<p class=\"article-text\">El\u00a0<strong>fiscal Pablo Javega<\/strong>\u00a0dio estos detalles en una\u00a0<strong>conferencia de prensa\u00a0<\/strong>sobre los avances en la causa.\u00a0<strong>Marcelo Brito<\/strong>, el primer abogado de Marcelo Macarr\u00f3n, ahora retirado de la causa,\u00a0ya hab\u00eda se\u00f1alado a B\u00e1rzola<strong>\u00a0como sospechoso desde 2007<\/strong>. En aquel momento, a menos de un a\u00f1o del crimen, Brito pidi\u00f3 la indagatoria del colocador de pisos, una extracci\u00f3n de ADN y otras medidas de pruebas que la fiscal\u00eda no acept\u00f3.<\/p>\n<p class=\"article-text\">El ADN recolectado en el cinto de la bata que ten\u00eda puesta Dalmasso al momento del crimen y en el vello pp\u00fabico de la v\u00edctima pertenece a B\u00e1rzola, que en 2006 ten\u00eda 25 a\u00f1os y trabajaba en la casa de la familia, que estaba en obra, colocando un piso de parquet.<\/p>\n<p class=\"article-text\">El sospechoso es vecino de R\u00edo Cuarto, se puso a disposici\u00f3n de la Justicia y ya fue imputado en el expediente y citado a declarar.<\/p>\n<h2 class=\"article-text\">El comunicado completo del MPF cordob\u00e9s<\/h2>\n<p class=\"article-text\">\u201cEn el marco de la investigaci\u00f3n iniciada el 15 de octubre de 2022 para identificar a part\u00edcipes del crimen de fecha 25 de noviembre de 2006, en el que resultara v\u00edctima Nora Raquel Dalmasso, la Unidad Fiscal Especial actuante en la ciudad de R\u00edo Cuarto informa que,\u00a0<em><strong>una persona de sexo masculino figura como aportante compatible con las huellas gen\u00e9ticas colectadas en cinto de bata que fuera ubicado anudado en el cuello de la v\u00edctima y de vello secuestrado en zona inguinal de la misma<\/strong><\/em><strong>.<\/strong>\u00a0Asimismo, la Fiscal\u00eda contin\u00faa trabajando en clave de analizar el resto del cuadro de pruebas disponible para la composici\u00f3n de hip\u00f3tesis en funci\u00f3n del aporte de dicho material. Tambi\u00e9n se trabaja en aspectos relevantes al an\u00e1lisis de la acci\u00f3n penal derivada del hecho se\u00f1alado. Tales conclusiones fueron comunicadas a la familia querellante y a la persona sindicada, quien concurri\u00f3 a la sede de la Unidad Fiscal para ejercer, con la debida asistencia letrada, su defensa material y t\u00e9cnica.\u00a0<strong>Del mismo modo corresponde se\u00f1alar que, en todo este proceso, la Fiscal\u00eda fue rigurosa en garantizar a todas las parte la posibilidad de\u00a0observar, controlar\u00a0y\u00a0controvertir los resultados del cotejo gen\u00e9tico referenciado.<\/strong><\/p>\n<p class=\"article-text\">Lo hasta ahora logrado es producto de la labor conjunta e interdisciplinaria entre el Ministerio P\u00fablico Fiscal y el Centro de Gen\u00e9tica Forense del Poder Judicial de C\u00f3rdoba \u2013con la cooperaci\u00f3n del\u00a0<em>National Center for Forensic Science,<\/em>\u00a0Universidad de Florida, EEUU, y la colaboraci\u00f3n del Ministerio de Justicia del gobierno de la Provincia de C\u00f3rdoba\u201c.<\/p>\n<h2 class=\"article-text\">El caso<\/h2>\n<p class=\"article-text\">El pasado jueves 25 de noviembre se cumplieron\u00a0<strong>18 a\u00f1os del asesinato de Nora Raquel Dalmasso, la mujer de 51 a\u00f1os que fue ahorcada con el cintur\u00f3n de su bata en su casa de barrio Villa Golf, en R\u00edo Cuarto, y cuyas fotos en la escena del crimen llegaron al horario prime time. Despu\u00e9s de muerta la acusaron de infiel y su viudo, el m\u00e9dico traumat\u00f3logo Marcelo Macarr\u00f3n (absuelto en julio de 2022), pontific\u00f3 en una conferencia de prensa: \u201cSi se ha equivocado, la perdonamos totalmente. No soy qui\u00e9n para juzgarla, y si se equivoc\u00f3 la va a juzgar Dios\u201d.<\/strong><\/p>\n<p class=\"article-text\">En aquella misma rueda con los periodistas realizada en un hotel c\u00e9ntrico la tarde\/noche del martes 5 de diciembre de 2006, el viudo, acompa\u00f1ado por su hijo mayor Facundo, dijo contar con \u201cel apoyo de la Polic\u00eda, el fiscal (Javier Di Santo) y el gobernador (Jos\u00e9 de la Sota) para que se lleve esto hasta las \u00faltimas consecuencias. Estoy convencido de que va a haber un culpable\u201d.<\/p>\n<p class=\"article-text\"><strong>Cuando le preguntaron sobre la posibilidad de un crimen por encargo, el viudo Marcelo Macarr\u00f3n respondi\u00f3: \u201cYo creo que ser\u00eda rid\u00edculo matar a la mujer amada\u201d; y aclar\u00f3 que no sab\u00eda qui\u00e9n podr\u00eda haber ordenado el crimen: \u201cEncargo m\u00edo, no\u201d.<\/strong><\/p>\n<p class=\"article-text\"><strong>En septiembre de 2019, casi 13 a\u00f1os despu\u00e9s del asesinato que conmocion\u00f3 a R\u00edo Cuarto, a la provincia de C\u00f3rdoba y a todo el pa\u00eds, Luis Pizarro, el quinto fiscal que tom\u00f3 la investigaci\u00f3n, le apunt\u00f3 sus ca\u00f1ones al viudo<\/strong>, precisamente por lo que \u00e9l negaba en el entrepiso del hotel Opera de R\u00edo Cuarto ese t\u00f3rrido atardecer de fines de 2006:\u00a0<strong>\u201cEsta fiscal\u00eda elev\u00f3 a juicio la causa por el homicidio de la se\u00f1ora Nora Dalmasso, siendo el se\u00f1or Marcelo Eduardo Macarr\u00f3n el \u00fanico imputado por el delito de homicidio calificado por el v\u00ednculo, por alevos\u00eda y precios y promesa remuneratoria, en concurso real\u201d.<\/strong>\u00a0Un mes despu\u00e9s, la C\u00e1mara del Crimen de R\u00edo Cuarto confirm\u00f3 la acusaci\u00f3n contra el viudo: presuntamente le pag\u00f3 a uno o m\u00e1s sicarios para asesinar a su esposa, qui\u00e9n quer\u00eda el divorcio y la separaci\u00f3n de bienes.<\/p>\n<h3 class=\"article-text\">La \u00faltima cena<\/h3>\n<p class=\"article-text\"><strong>Nora Dalmasso fue encontrada estrangulada y desnuda el domingo 26 de noviembre al mediod\u00eda, por Pablo Radaelli un vecino de 72 a\u00f1os que tambi\u00e9n viv\u00eda en Villa Golf, al lado de la casa de la v\u00edctima en la calle 5. Lo hab\u00eda llamado por tel\u00e9fono Delia Grassi, \u201cNen\u00e9\u201d, la madre de Nora, preocupada porque no contestaba los llamados.<\/strong>\u00a0La mujer sab\u00eda que su hija iba a estar sola el fin de semana: su yerno Macarr\u00f3n hab\u00eda viajado a Punta del Este, Uruguay, a disputar un torneo de golf con otros 15 golfistas, entre los que se encontraba el actual ministro de Seguridad de C\u00f3rdoba, Alfonso Mosquera. Su nieto Facundo, de 19 a\u00f1os, viv\u00eda en C\u00f3rdoba, donde estudiaba Derecho; y su nieta Valentina, de 16 a\u00f1os, estaba en un intercambio estudiantil en Estados Unidos.<\/p>\n<p class=\"article-text\">La \u00faltima vez que las mujeres se hab\u00edan visto, fue el mediod\u00eda del viernes 24 de noviembre, cuando almorzaron juntas: \u201cNen\u00e9\u201d hab\u00eda cocinado pescado con pur\u00e9 y huevos, sin saber que ser\u00eda el \u00faltimo almuerzo que le servir\u00eda a su hija.<\/p>\n<p class=\"article-text\"><strong>Como una paradoja del destino, Nora Dalmasso fue asesinada un 25 de noviembre, fecha en que se conmemora el D\u00eda Internacional por la No Violencia contra la Mujer, en homenaje a las hermanas Patria, Minerva y Mar\u00eda Teresa Mirabal, asesinadas por orden del dictador dominicano Le\u00f3nidas Trujillo en 1960.<\/strong><\/p>\n<p class=\"article-text\"><strong>La lluviosa noche del viernes 24 de noviembre, Nora Dalmasso y un grupo de amigas que se llamaban a s\u00ed misma como \u201clas congresistas\u201d se reunieron a cenar en el Alvear, un coqueto restaurante ubicado en el 923 de la calle con el mismo nombre, a dos cuadras de la plaza Roca de R\u00edo Cuarto.\u00a0<\/strong>Se hab\u00eda inaugurado en septiembre de 2006, apenas dos meses antes y era el lugar de moda en esta rica ciudad del sur cordob\u00e9s ubicada a 220 kil\u00f3metros de la Capital.<\/p>\n<p class=\"article-text\">Nora fue la \u00faltima en llegar a la cena, se hab\u00eda demorado porque hab\u00eda pasado por una galer\u00eda de arte a saludar a su cu\u00f1ada en un evento social. La esperaban Marta Carranza, Silvana Masoero, Rosario M\u00e1rquez, Graciela Compagnucci, Amelia Molinuevo y Paula Fitte de Ruiz. Cinco de las congresistas, incluso Nora, viv\u00edan en Villa Golf; mientras que Paula Fitte de Ruiz y Silvana Masoero, viv\u00edan en el country San Esteban.<\/p>\n<p class=\"article-text\">Luego de cenar, un grupo de amigas sigui\u00f3 la reuni\u00f3n en una casa de Villa Golf, donde bebieron champagne Pommery. Cerca de las 3 de la madrugada del s\u00e1bado 25, bajo una lluvia torrencial, Nora cruz\u00f3 a su casa.<\/p>\n<p class=\"article-text\">El domingo 26 de noviembre a la siesta, el tranquilo Villa Golf, un barrio con aires de country, pero que por sus calles internas pasa el colectivo urbano, se llen\u00f3 de polic\u00edas, vecinos y amigos de las familias Macarr\u00f3n y Dalmasso y hasta el cura p\u00e1rroco y confesor familiar, Jorge Felizzia, vio el cad\u00e1ver desnudo. Un agente, que respiraba el f\u00e9tido aire del verano cordob\u00e9s le pregunt\u00f3, pudoroso al cura, si tapaba el cuerpo. Y Felizzia le orden\u00f3 que lo hiciera. Ese mismo d\u00eda, con la contaminaci\u00f3n del lugar, comenz\u00f3 a pavimentarse el camino de impunidad de un homicidio que ya lleva 15 a\u00f1os irresuelto.<\/p>\n<p class=\"article-text\">Dalmasso con Macarr\u00f3n, viudo y acusado del crimen de su esposa<\/p>\n<h3 class=\"article-text\">Matar a la v\u00edctima<\/h3>\n<p class=\"article-text\"><strong>Un mes antes de que Nora Dalmasso fuera asesinada, en los c\u00edrculos de poder de R\u00edo Cuarto, donde se mov\u00eda el matrimonio, comenz\u00f3 a circular la versi\u00f3n de que la mujer ten\u00eda un amante, versi\u00f3n que se machac\u00f3 despu\u00e9s del hallazgo del cad\u00e1ver: Nora muri\u00f3 en un juego sexual, mientras su esposo jugaba golf en el coqueto club Cantegrill de Punta del Este.<\/strong>\u00a0\u201cMarcelo sospechaba y la mand\u00f3 a seguir. La encontraron en un spa y hay fotos\u201d, se instal\u00f3 semanas antes del crimen. El amante ten\u00eda nombre y apellido, Rafael Magnasco, un funcionario de tercera l\u00ednea del Ministerio de Gobierno y Seguridad. Las fotos, el lugar y el sospechoso eran mentiras, pero dos d\u00edas despu\u00e9s del hallazgo del cuerpo en Villa Golf, el fiscal Javier Di Santo imput\u00f3 a Magnasco por el homicidio.<\/p>\n<p class=\"article-text\"><strong>Nora ten\u00eda un amante, el contador Guillermo Albarrac\u00edn, vecino y amigo del matrimonio, quien se encontraba ese fin de semana en Punta del Este con Macarr\u00f3n jugando al golf.<\/strong><\/p>\n<p class=\"article-text\">Con la integridad de la v\u00edctima enterrada, se sumaron a la investigaci\u00f3n dos fiscales m\u00e1s: el riocuartense Fernando Moine y Marcelo Hidalgo, enviado desde C\u00f3rdoba por Fiscal\u00eda General y con buena llegada con el comisario mayor Rafael Sosa, jefe del Departamento Homicidios de la Polic\u00eda cordobesa.<\/p>\n<p class=\"article-text\"><strong>De la mano del polic\u00eda Sosa, la hip\u00f3tesis salt\u00f3 a un asalto sexual cometido por un delincuente: en febrero de 2007, el pintor Gast\u00f3n Z\u00e1rate apareci\u00f3 como sospechoso. Lo imputaron por el crimen gracias al testimonio de dos amigos suyos: Carlos Curiotti, un chico de 19 a\u00f1os pero con el discernimiento de un ni\u00f1o de 11 a\u00f1os; y Gustavo Decena, otro joven que tambi\u00e9n rayaba con una deficiencia cognitiva.<\/strong>\u00a0Ya en diciembre, los polic\u00edas hab\u00edan apuntado contra otro obrero; pero el patr\u00f3n del pintor Z\u00e1rate y de ese otro trabajador, advirti\u00f3 a los medios que se estaba orquestando una operaci\u00f3n policial.<\/p>\n<p class=\"article-text\">El pintor Z\u00e1rate trabajaba con un grupo de alba\u00f1iles y pintores en el chal\u00e9 de la calle 5 al 527 de Villa Golf en la refacci\u00f3n de la habitaci\u00f3n matrimonial, por eso, Macarr\u00f3n dorm\u00eda en el cuarto de Facundo -viv\u00eda en C\u00f3rdoba- y Nora lo hac\u00eda en el cuarto de Valentina, que estaba en Chicago.<\/p>\n<p class=\"article-text\">Seg\u00fan los fiscales, Z\u00e1rate viol\u00f3 y estrangul\u00f3 a Nora Dalmasso y le rob\u00f3 un tel\u00e9fono celular.<\/p>\n<p class=\"article-text\"><strong>Tras estar detenido 24 horas, una masiva movilizaci\u00f3n sac\u00f3 a Z\u00e1rate de la c\u00e1rcel; qui\u00e9n se gan\u00f3 el mote nacional de \u201cPerejil\u201d. A\u00f1os despu\u00e9s, un partido ultraderechista tent\u00f3 al \u201cPerejil\u201d para ser candidato a legislador, pero finalmente la papeleta del pintor no lleg\u00f3 al cuarto oscuro.<\/strong><\/p>\n<h3 class=\"article-text\">Macarr\u00f3n imputado 1 y 2<\/h3>\n<p class=\"article-text\"><strong>Ese mismo 2007, en junio, por una serie de contradicciones en sus testimonios y al no poder justificar su presencia en C\u00f3rdoba la madrugada del crimen, Facundo Macarr\u00f3n es imputado por el asesinato de su mam\u00e1. Al igual que el pintor Z\u00e1rate, el hijo de Nora fue acusado por los fiscales, de haber violado y estrangulado a su madre.\u00a0<\/strong><\/p>\n<p class=\"article-text\">Durante m\u00e1s de nueve a\u00f1os, la causa estuvo en manos del fiscal de Instrucci\u00f3n, Javier Di Santo, quien realiz\u00f3 una investigaci\u00f3n sinuosa y por el mismo crimen tuvo a tres imputados, con tres acusaciones distintas: el ex asesor del Ministerio de Gobierno y Seguridad, el abogado delasotista Rafael Magnasco; el pintor Gast\u00f3n Z\u00e1rate; y el propio hijo de la v\u00edctima, Facundo Macarr\u00f3n. En el camino hab\u00edan quedado los fiscales Moine e Hidalgo.<\/p>\n<p class=\"article-text\"><strong>En marzo de 2016, casi una d\u00e9cada despu\u00e9s del homicidio, el cuarto fiscal del caso, Daniel Miralles-un abogado con muy buena llegada con el gobernador cordob\u00e9s Juan Schiaretti- dio un giro en la investigaci\u00f3n y acus\u00f3 por primera vez al viudo Macarr\u00f3n por el asesinato de su esposa Nora Dalmasso. \u201cHomicidio calificado por el v\u00ednculo\u201d, fue la imputaci\u00f3n, luego de releer el voluminoso expediente de m\u00e1s de 25 cuerpos. La acusaci\u00f3n de femicidio no pudo ser, porque el crimen fue cometido antes de la sanci\u00f3n de la ley que caratula as\u00ed a este tipo de cr\u00edmenes de g\u00e9nero. Marcelo fue el segundo Macarr\u00f3n imputado despu\u00e9s de su hijo Facundo.<\/strong><\/p>\n<p class=\"article-text\">El fiscal Miralles detall\u00f3 a los medios que la acusaci\u00f3n contra el viudo se basaba en la prueba cient\u00edfica: \u201cLa situaci\u00f3n de Macarr\u00f3n, a mi entender, est\u00e1 comprometida desde el punto de vista del material gen\u00e9tico hallado en la escena del crimen desde hace tantos a\u00f1os. El material gen\u00e9tico lo ubica en la escena del crimen, eso es indudable. Es una prueba cient\u00edfica irrefutable esa\u201d, sentenci\u00f3 desde los Tribunales de R\u00edo Cuarto. Tambi\u00e9n admiti\u00f3 que \u201chasta que no re\u00fana la prueba no puedo emitir una resoluci\u00f3n, porque si no la investigaci\u00f3n me va a quedar incompleta\u201d.<\/p>\n<p class=\"article-text\"><strong>Miralles se apoy\u00f3 para acusar al viudo en los informes forenses:<\/strong><\/p>\n<p class=\"article-text\"><strong>-Nora Dalmasso ten\u00eda dos lesiones por defensa: un golpe en la cabeza y otro en el codo.<\/strong><\/p>\n<p class=\"article-text\"><strong>-El acto sexual con restos de ADN de Macarr\u00f3n fue contempor\u00e1neo a la muerte.<\/strong><\/p>\n<p class=\"article-text\"><strong>-Hab\u00eda ADN Macarr\u00f3n en la zona genital de la v\u00edctima y en el lazo con que fue estrangulada.<\/strong><\/p>\n<p class=\"article-text\">Pero adem\u00e1s, el cuarto fiscal del caso viaj\u00f3 a Uruguay y se entrevist\u00f3 con testigos para corroborar si efectivamente, el principal sospechoso del crimen que conmocion\u00f3 a C\u00f3rdoba estuvo ininterrumpidamente entre el jueves 23 y el lunes 27 de noviembre de 2006 participando del Torneo de golf semi-senior del Mercosur en el Cantegril Country Club de Punta del Este.<\/p>\n<p class=\"article-text\">Macarr\u00f3n, el viudo de Dalmasso, suele asistir a los partidos de rugby de Ur\u00fa Cur\u00e9.<\/p>\n<h3 class=\"article-text\">El m\u00f3vil<\/h3>\n<p class=\"article-text\"><strong>La hip\u00f3tesis de que Nora Dalmasso fue asesinada por motivos econ\u00f3micos siempre sobrevol\u00f3 la investigaci\u00f3n. En enero de 2012, se conocieron fotos de una visita del matrimonio Dalmasso\/Macarr\u00f3n en\u00a02003 a\u00a0las Islas V\u00edrgenes, un archipi\u00e9lago caribe\u00f1o donde funcionan para\u00edsos fiscales.<\/strong><\/p>\n<p class=\"article-text\">A fines de 2015, la revista riocuartense El Sur, revel\u00f3 una grabaci\u00f3n realizada por la vieja Secretar\u00eda de Inteligencia del Estado (SIDE) a fines de 2006 donde se escuchaba a un agente propio de la Delegaci\u00f3n C\u00f3rdoba que dec\u00eda: \u201cEsta chica (por Nora Dalmasso) se habr\u00eda enterado que lo estar\u00edan usando a Macarr\u00f3n como que estaba, no te digo lavando dinero o algo por el estilo, pero a trav\u00e9s de Macarr\u00f3n, entonces la mujer se entera y se pone loca y el grupo habr\u00eda dicho mir\u00e1 negro, enc\u00e1rgate de este tema, solucionalo\u201d; fortaleciendo la l\u00ednea del asesinato por motivos econ\u00f3micos.<\/p>\n<p class=\"article-text\"><strong>En mayo de 2016, se supo que en 2013 el viudo Macarr\u00f3n hab\u00eda armado una sociedad off shore en Miami, Estados Unidos, con la que compr\u00f3, al menos, un departamento. El 4 de abril de 2013, Macarr\u00f3n junto a un socio, abrieron en Miami la sociedad DRMM Corp; con la que, el 1 de julio del a\u00f1o siguiente compraron el departamento 135 del complejo Avila South ubicado en 210 172nd Street de la peque\u00f1a localidad de Sunny Isles Beach, en el condado de Miami-Dade. Esta sociedad off shore sigue activa y no fue declarada a AFIP. A mediados de mayo de 2016, el viudo y \u00fanico acusado del asesinato de Nora Dalmasso, y su socio realizaron un dep\u00f3sito de US$ 5.000 para gastos de dicho departamento.<\/strong><\/p>\n<h3 class=\"article-text\">Embestida de la defensa<\/h3>\n<p class=\"article-text\"><strong>En junio de 2017, el penalista Marcelo Brito, que defendi\u00f3 a Facundo Macarr\u00f3n primero y despu\u00e9s defendi\u00f3 al viudo Marcelo Macarr\u00f3n, embisti\u00f3 duramente contra el fiscal Miralles y logr\u00f3 apartarlo del caso.<\/strong>\u00a0Fue as\u00ed que Luis Pizarro lleg\u00f3 a la causa y tras leer el expediente, cambi\u00f3 la imputaci\u00f3n contra el viudo de autor material por autor intelectual y elev\u00f3 la causa a juicio.<\/p>\n<p class=\"article-text\">Brito fue fiscal General de la Provincia durante el gobierno de Jos\u00e9 de la Sota y siempre tuvo una aceitada comunicaci\u00f3n con el poder pol\u00edtico, hasta la llegada de Juan Schiaretti a la gobernaci\u00f3n en 2015.\u00a0<strong>El gobernador cordob\u00e9s se hab\u00eda pronunciado por el crimen, meses despu\u00e9s de la llegada de Miralles al caso: \u201cComo cordob\u00e9s y tambi\u00e9n como gobernador de la provincia, me indigna que a Nora Dalmasso la mataron muchas veces. De v\u00edctima me parece que la quieren hacer victimaria de la manera en que ha sido tratado este caso a lo largo del tiempo. Esto me parece que no puede ser, porque termina siendo una agresi\u00f3n a la mujer\u201d.\u00a0<\/strong><\/p>\n<p class=\"article-text\"><strong>Hasta 2021, Marcelo Macarr\u00f3n sigui\u00f3 siendo traumat\u00f3logo y se lo sol\u00eda ver en los partidos de rugby de Ur\u00fa Cur\u00e9.<\/strong>\u00a0Hace unos a\u00f1os viaj\u00f3 a Sud\u00e1frica con el club y se presentaba como el apoderado de la delegaci\u00f3n, \u201caunque s\u00f3lo es un socio m\u00e1s; a Marcelo le gusta figurar\u201d, confiaron hace unos a\u00f1os a\u00a0<strong>elDiarioAR.<\/strong>\u00a0En 2021 sufri\u00f3 una lesi\u00f3n en una de sus piernas, que lo desmejor\u00f3 bastante en su salud. Est\u00e1 en pareja desde hace a\u00f1os con una mujer de Buenos Aires y sigue viviendo en la casona de Villa Golf, donde fue asesinada su esposa hace 15 a\u00f1os.<\/p>\n<p class=\"article-text\">Facundo Macarr\u00f3n viv\u00eda en 2021 en Bruselas, B\u00e9lgica, donde era diplom\u00e1tico de carrera en la embajada argentina.<\/p>\n<p class=\"article-text\">La madre de Nora, Delia \u201cNen\u00e9\u201d Grassi, muri\u00f3 en agosto de 2022 en R\u00edo Cuarto sin saber qu\u00e9 pas\u00f3 con su hija. Un mes antes, Marcelo Macarr\u00f3n fue absuelto por el asesinato de Nora y, hasta hoy, el crimen sigue impune.<\/p>\n<div id=\"container-after-news-outlook\"><\/div>\n<p class=\"article-text\">Con informaci\u00f3n de agencias.<\/p>\n<\/div>\n<\/div>\n","protected":false},"excerpt":{"rendered":"<p>\u201cEn el marco de la investigaci\u00f3n iniciada el 15 de octubre de 2022 para identificar a part\u00edcipes del crimen de fecha 25 de noviembre de 2006, en el que resultara v\u00edctima Nora Raquel Dalmasso, la Unidad Fiscal Especial actuante en la ciudad de R\u00edo Cuarto informa que, una persona de sexo masculino figura como aportante [&hellip;]<\/p>\n","protected":false},"author":3,"featured_media":0,"comment_status":"closed","ping_status":"closed","sticky":false,"template":"","format":"standard","meta":{"footnotes":""},"categories":[57],"tags":[],"class_list":["post-110980","post","type-post","status-publish","format-standard","hentry","category-judiciales"],"yoast_head":"<!-- This site is optimized with the Yoast SEO plugin v25.9 - https:\/\/yoast.com\/wordpress\/plugins\/seo\/ -->\n<title>A 18 a\u00f1os del crimen de Nora Dalmasso, hallan ADN de un hombre compatible con las huellas gen\u00e9ticas colectadas en la bata y en el cuerpo - Noticias Radio Reflejos<\/title>\n<meta name=\"robots\" content=\"index, follow, max-snippet:-1, max-image-preview:large, max-video-preview:-1\" \/>\n<link rel=\"canonical\" href=\"https:\/\/www.noticiasradioreflejos.com.ar\/2021\/a-18-anos-del-crimen-de-nora-dalmasso-hallan-adn-de-un-hombre-compatible-con-las-huellas-geneticas-colectadas-en-la-bata-y-en-el-cuerpo\/\" \/>\n<meta property=\"og:locale\" content=\"es_ES\" \/>\n<meta property=\"og:type\" content=\"article\" \/>\n<meta property=\"og:title\" content=\"A 18 a\u00f1os del crimen de Nora Dalmasso, hallan ADN de un hombre compatible con las huellas gen\u00e9ticas colectadas en la bata y en el cuerpo - Noticias Radio Reflejos\" \/>\n<meta property=\"og:description\" content=\"\u201cEn el marco de la investigaci\u00f3n iniciada el 15 de octubre de 2022 para identificar a part\u00edcipes del crimen de fecha 25 de noviembre de 2006, en el que resultara v\u00edctima Nora Raquel Dalmasso, la Unidad Fiscal Especial actuante en la ciudad de R\u00edo Cuarto informa que, una persona de sexo masculino figura como aportante [&hellip;]\" \/>\n<meta property=\"og:url\" content=\"https:\/\/www.noticiasradioreflejos.com.ar\/2021\/a-18-anos-del-crimen-de-nora-dalmasso-hallan-adn-de-un-hombre-compatible-con-las-huellas-geneticas-colectadas-en-la-bata-y-en-el-cuerpo\/\" \/>\n<meta property=\"og:site_name\" content=\"Noticias Radio Reflejos\" \/>\n<meta property=\"article:published_time\" content=\"2024-12-23T17:28:35+00:00\" \/>\n<meta property=\"og:image\" content=\"https:\/\/static.eldiario.es\/clip\/b72e804f-c30c-4ff8-89d1-27526f512fa8_16-9-discover-aspect-ratio_default_1035460.jpg\" \/>\n<meta name=\"author\" content=\"Arnaldo Botto\" \/>\n<meta name=\"twitter:card\" content=\"summary_large_image\" \/>\n<script type=\"application\/ld+json\" class=\"yoast-schema-graph\">{\"@context\":\"https:\/\/schema.org\",\"@graph\":[{\"@type\":\"WebPage\",\"@id\":\"https:\/\/www.noticiasradioreflejos.com.ar\/2021\/a-18-anos-del-crimen-de-nora-dalmasso-hallan-adn-de-un-hombre-compatible-con-las-huellas-geneticas-colectadas-en-la-bata-y-en-el-cuerpo\/\",\"url\":\"https:\/\/www.noticiasradioreflejos.com.ar\/2021\/a-18-anos-del-crimen-de-nora-dalmasso-hallan-adn-de-un-hombre-compatible-con-las-huellas-geneticas-colectadas-en-la-bata-y-en-el-cuerpo\/\",\"name\":\"A 18 a\u00f1os del crimen de Nora Dalmasso, hallan ADN de un hombre compatible con las huellas gen\u00e9ticas colectadas en la bata y en el cuerpo - Noticias Radio Reflejos\",\"isPartOf\":{\"@id\":\"https:\/\/www.noticiasradioreflejos.com.ar\/2021\/#website\"},\"primaryImageOfPage\":{\"@id\":\"https:\/\/www.noticiasradioreflejos.com.ar\/2021\/a-18-anos-del-crimen-de-nora-dalmasso-hallan-adn-de-un-hombre-compatible-con-las-huellas-geneticas-colectadas-en-la-bata-y-en-el-cuerpo\/#primaryimage\"},\"image\":{\"@id\":\"https:\/\/www.noticiasradioreflejos.com.ar\/2021\/a-18-anos-del-crimen-de-nora-dalmasso-hallan-adn-de-un-hombre-compatible-con-las-huellas-geneticas-colectadas-en-la-bata-y-en-el-cuerpo\/#primaryimage\"},\"thumbnailUrl\":\"https:\/\/static.eldiario.es\/clip\/b72e804f-c30c-4ff8-89d1-27526f512fa8_16-9-discover-aspect-ratio_default_1035460.jpg\",\"datePublished\":\"2024-12-23T17:28:35+00:00\",\"author\":{\"@id\":\"https:\/\/www.noticiasradioreflejos.com.ar\/2021\/#\/schema\/person\/ad82545263dcc5ec0996818884fd5fb1\"},\"breadcrumb\":{\"@id\":\"https:\/\/www.noticiasradioreflejos.com.ar\/2021\/a-18-anos-del-crimen-de-nora-dalmasso-hallan-adn-de-un-hombre-compatible-con-las-huellas-geneticas-colectadas-en-la-bata-y-en-el-cuerpo\/#breadcrumb\"},\"inLanguage\":\"es\",\"potentialAction\":[{\"@type\":\"ReadAction\",\"target\":[\"https:\/\/www.noticiasradioreflejos.com.ar\/2021\/a-18-anos-del-crimen-de-nora-dalmasso-hallan-adn-de-un-hombre-compatible-con-las-huellas-geneticas-colectadas-en-la-bata-y-en-el-cuerpo\/\"]}]},{\"@type\":\"ImageObject\",\"inLanguage\":\"es\",\"@id\":\"https:\/\/www.noticiasradioreflejos.com.ar\/2021\/a-18-anos-del-crimen-de-nora-dalmasso-hallan-adn-de-un-hombre-compatible-con-las-huellas-geneticas-colectadas-en-la-bata-y-en-el-cuerpo\/#primaryimage\",\"url\":\"https:\/\/static.eldiario.es\/clip\/b72e804f-c30c-4ff8-89d1-27526f512fa8_16-9-discover-aspect-ratio_default_1035460.jpg\",\"contentUrl\":\"https:\/\/static.eldiario.es\/clip\/b72e804f-c30c-4ff8-89d1-27526f512fa8_16-9-discover-aspect-ratio_default_1035460.jpg\"},{\"@type\":\"BreadcrumbList\",\"@id\":\"https:\/\/www.noticiasradioreflejos.com.ar\/2021\/a-18-anos-del-crimen-de-nora-dalmasso-hallan-adn-de-un-hombre-compatible-con-las-huellas-geneticas-colectadas-en-la-bata-y-en-el-cuerpo\/#breadcrumb\",\"itemListElement\":[{\"@type\":\"ListItem\",\"position\":1,\"name\":\"Portada\",\"item\":\"https:\/\/www.noticiasradioreflejos.com.ar\/2021\/\"},{\"@type\":\"ListItem\",\"position\":2,\"name\":\"A 18 a\u00f1os del crimen de Nora Dalmasso, hallan ADN de un hombre compatible con las huellas gen\u00e9ticas colectadas en la bata y en el cuerpo\"}]},{\"@type\":\"WebSite\",\"@id\":\"https:\/\/www.noticiasradioreflejos.com.ar\/2021\/#website\",\"url\":\"https:\/\/www.noticiasradioreflejos.com.ar\/2021\/\",\"name\":\"Noticias Radio Reflejos\",\"description\":\"Las noticias de mi comarca\",\"potentialAction\":[{\"@type\":\"SearchAction\",\"target\":{\"@type\":\"EntryPoint\",\"urlTemplate\":\"https:\/\/www.noticiasradioreflejos.com.ar\/2021\/?s={search_term_string}\"},\"query-input\":{\"@type\":\"PropertyValueSpecification\",\"valueRequired\":true,\"valueName\":\"search_term_string\"}}],\"inLanguage\":\"es\"},{\"@type\":\"Person\",\"@id\":\"https:\/\/www.noticiasradioreflejos.com.ar\/2021\/#\/schema\/person\/ad82545263dcc5ec0996818884fd5fb1\",\"name\":\"Arnaldo Botto\",\"image\":{\"@type\":\"ImageObject\",\"inLanguage\":\"es\",\"@id\":\"https:\/\/www.noticiasradioreflejos.com.ar\/2021\/#\/schema\/person\/image\/\",\"url\":\"https:\/\/secure.gravatar.com\/avatar\/55cb5e37c1efa326397366e6974cb338056df65cb50e7d64d1cf314e87504837?s=96&d=mm&r=g\",\"contentUrl\":\"https:\/\/secure.gravatar.com\/avatar\/55cb5e37c1efa326397366e6974cb338056df65cb50e7d64d1cf314e87504837?s=96&d=mm&r=g\",\"caption\":\"Arnaldo Botto\"},\"url\":\"https:\/\/www.noticiasradioreflejos.com.ar\/2021\/author\/arnaldo\/\"}]}<\/script>\n<!-- \/ Yoast SEO plugin. -->","yoast_head_json":{"title":"A 18 a\u00f1os del crimen de Nora Dalmasso, hallan ADN de un hombre compatible con las huellas gen\u00e9ticas colectadas en la bata y en el cuerpo - Noticias Radio Reflejos","robots":{"index":"index","follow":"follow","max-snippet":"max-snippet:-1","max-image-preview":"max-image-preview:large","max-video-preview":"max-video-preview:-1"},"canonical":"https:\/\/www.noticiasradioreflejos.com.ar\/2021\/a-18-anos-del-crimen-de-nora-dalmasso-hallan-adn-de-un-hombre-compatible-con-las-huellas-geneticas-colectadas-en-la-bata-y-en-el-cuerpo\/","og_locale":"es_ES","og_type":"article","og_title":"A 18 a\u00f1os del crimen de Nora Dalmasso, hallan ADN de un hombre compatible con las huellas gen\u00e9ticas colectadas en la bata y en el cuerpo - Noticias Radio Reflejos","og_description":"\u201cEn el marco de la investigaci\u00f3n iniciada el 15 de octubre de 2022 para identificar a part\u00edcipes del crimen de fecha 25 de noviembre de 2006, en el que resultara v\u00edctima Nora Raquel Dalmasso, la Unidad Fiscal Especial actuante en la ciudad de R\u00edo Cuarto informa que, una persona de sexo masculino figura como aportante [&hellip;]","og_url":"https:\/\/www.noticiasradioreflejos.com.ar\/2021\/a-18-anos-del-crimen-de-nora-dalmasso-hallan-adn-de-un-hombre-compatible-con-las-huellas-geneticas-colectadas-en-la-bata-y-en-el-cuerpo\/","og_site_name":"Noticias Radio Reflejos","article_published_time":"2024-12-23T17:28:35+00:00","og_image":[{"url":"https:\/\/static.eldiario.es\/clip\/b72e804f-c30c-4ff8-89d1-27526f512fa8_16-9-discover-aspect-ratio_default_1035460.jpg","type":"","width":"","height":""}],"author":"Arnaldo Botto","twitter_card":"summary_large_image","schema":{"@context":"https:\/\/schema.org","@graph":[{"@type":"WebPage","@id":"https:\/\/www.noticiasradioreflejos.com.ar\/2021\/a-18-anos-del-crimen-de-nora-dalmasso-hallan-adn-de-un-hombre-compatible-con-las-huellas-geneticas-colectadas-en-la-bata-y-en-el-cuerpo\/","url":"https:\/\/www.noticiasradioreflejos.com.ar\/2021\/a-18-anos-del-crimen-de-nora-dalmasso-hallan-adn-de-un-hombre-compatible-con-las-huellas-geneticas-colectadas-en-la-bata-y-en-el-cuerpo\/","name":"A 18 a\u00f1os del crimen de Nora Dalmasso, hallan ADN de un hombre compatible con las huellas gen\u00e9ticas colectadas en la bata y en el cuerpo - Noticias Radio Reflejos","isPartOf":{"@id":"https:\/\/www.noticiasradioreflejos.com.ar\/2021\/#website"},"primaryImageOfPage":{"@id":"https:\/\/www.noticiasradioreflejos.com.ar\/2021\/a-18-anos-del-crimen-de-nora-dalmasso-hallan-adn-de-un-hombre-compatible-con-las-huellas-geneticas-colectadas-en-la-bata-y-en-el-cuerpo\/#primaryimage"},"image":{"@id":"https:\/\/www.noticiasradioreflejos.com.ar\/2021\/a-18-anos-del-crimen-de-nora-dalmasso-hallan-adn-de-un-hombre-compatible-con-las-huellas-geneticas-colectadas-en-la-bata-y-en-el-cuerpo\/#primaryimage"},"thumbnailUrl":"https:\/\/static.eldiario.es\/clip\/b72e804f-c30c-4ff8-89d1-27526f512fa8_16-9-discover-aspect-ratio_default_1035460.jpg","datePublished":"2024-12-23T17:28:35+00:00","author":{"@id":"https:\/\/www.noticiasradioreflejos.com.ar\/2021\/#\/schema\/person\/ad82545263dcc5ec0996818884fd5fb1"},"breadcrumb":{"@id":"https:\/\/www.noticiasradioreflejos.com.ar\/2021\/a-18-anos-del-crimen-de-nora-dalmasso-hallan-adn-de-un-hombre-compatible-con-las-huellas-geneticas-colectadas-en-la-bata-y-en-el-cuerpo\/#breadcrumb"},"inLanguage":"es","potentialAction":[{"@type":"ReadAction","target":["https:\/\/www.noticiasradioreflejos.com.ar\/2021\/a-18-anos-del-crimen-de-nora-dalmasso-hallan-adn-de-un-hombre-compatible-con-las-huellas-geneticas-colectadas-en-la-bata-y-en-el-cuerpo\/"]}]},{"@type":"ImageObject","inLanguage":"es","@id":"https:\/\/www.noticiasradioreflejos.com.ar\/2021\/a-18-anos-del-crimen-de-nora-dalmasso-hallan-adn-de-un-hombre-compatible-con-las-huellas-geneticas-colectadas-en-la-bata-y-en-el-cuerpo\/#primaryimage","url":"https:\/\/static.eldiario.es\/clip\/b72e804f-c30c-4ff8-89d1-27526f512fa8_16-9-discover-aspect-ratio_default_1035460.jpg","contentUrl":"https:\/\/static.eldiario.es\/clip\/b72e804f-c30c-4ff8-89d1-27526f512fa8_16-9-discover-aspect-ratio_default_1035460.jpg"},{"@type":"BreadcrumbList","@id":"https:\/\/www.noticiasradioreflejos.com.ar\/2021\/a-18-anos-del-crimen-de-nora-dalmasso-hallan-adn-de-un-hombre-compatible-con-las-huellas-geneticas-colectadas-en-la-bata-y-en-el-cuerpo\/#breadcrumb","itemListElement":[{"@type":"ListItem","position":1,"name":"Portada","item":"https:\/\/www.noticiasradioreflejos.com.ar\/2021\/"},{"@type":"ListItem","position":2,"name":"A 18 a\u00f1os del crimen de Nora Dalmasso, hallan ADN de un hombre compatible con las huellas gen\u00e9ticas colectadas en la bata y en el cuerpo"}]},{"@type":"WebSite","@id":"https:\/\/www.noticiasradioreflejos.com.ar\/2021\/#website","url":"https:\/\/www.noticiasradioreflejos.com.ar\/2021\/","name":"Noticias Radio Reflejos","description":"Las noticias de mi comarca","potentialAction":[{"@type":"SearchAction","target":{"@type":"EntryPoint","urlTemplate":"https:\/\/www.noticiasradioreflejos.com.ar\/2021\/?s={search_term_string}"},"query-input":{"@type":"PropertyValueSpecification","valueRequired":true,"valueName":"search_term_string"}}],"inLanguage":"es"},{"@type":"Person","@id":"https:\/\/www.noticiasradioreflejos.com.ar\/2021\/#\/schema\/person\/ad82545263dcc5ec0996818884fd5fb1","name":"Arnaldo Botto","image":{"@type":"ImageObject","inLanguage":"es","@id":"https:\/\/www.noticiasradioreflejos.com.ar\/2021\/#\/schema\/person\/image\/","url":"https:\/\/secure.gravatar.com\/avatar\/55cb5e37c1efa326397366e6974cb338056df65cb50e7d64d1cf314e87504837?s=96&d=mm&r=g","contentUrl":"https:\/\/secure.gravatar.com\/avatar\/55cb5e37c1efa326397366e6974cb338056df65cb50e7d64d1cf314e87504837?s=96&d=mm&r=g","caption":"Arnaldo Botto"},"url":"https:\/\/www.noticiasradioreflejos.com.ar\/2021\/author\/arnaldo\/"}]}},"_links":{"self":[{"href":"https:\/\/www.noticiasradioreflejos.com.ar\/2021\/wp-json\/wp\/v2\/posts\/110980","targetHints":{"allow":["GET"]}}],"collection":[{"href":"https:\/\/www.noticiasradioreflejos.com.ar\/2021\/wp-json\/wp\/v2\/posts"}],"about":[{"href":"https:\/\/www.noticiasradioreflejos.com.ar\/2021\/wp-json\/wp\/v2\/types\/post"}],"author":[{"embeddable":true,"href":"https:\/\/www.noticiasradioreflejos.com.ar\/2021\/wp-json\/wp\/v2\/users\/3"}],"replies":[{"embeddable":true,"href":"https:\/\/www.noticiasradioreflejos.com.ar\/2021\/wp-json\/wp\/v2\/comments?post=110980"}],"version-history":[{"count":1,"href":"https:\/\/www.noticiasradioreflejos.com.ar\/2021\/wp-json\/wp\/v2\/posts\/110980\/revisions"}],"predecessor-version":[{"id":110982,"href":"https:\/\/www.noticiasradioreflejos.com.ar\/2021\/wp-json\/wp\/v2\/posts\/110980\/revisions\/110982"}],"wp:attachment":[{"href":"https:\/\/www.noticiasradioreflejos.com.ar\/2021\/wp-json\/wp\/v2\/media?parent=110980"}],"wp:term":[{"taxonomy":"category","embeddable":true,"href":"https:\/\/www.noticiasradioreflejos.com.ar\/2021\/wp-json\/wp\/v2\/categories?post=110980"},{"taxonomy":"post_tag","embeddable":true,"href":"https:\/\/www.noticiasradioreflejos.com.ar\/2021\/wp-json\/wp\/v2\/tags?post=110980"}],"curies":[{"name":"wp","href":"https:\/\/api.w.org\/{rel}","templated":true}]}}