{"id":11096,"date":"2017-06-10T08:47:36","date_gmt":"2017-06-10T11:47:36","guid":{"rendered":"http:\/\/noticiasradioreflejos.com.ar\/noticias\/?p=11096"},"modified":"2017-06-10T08:47:36","modified_gmt":"2017-06-10T11:47:36","slug":"nueva-iluminacion-en-la-oficina-de-turismo-de-villa-ventana","status":"publish","type":"post","link":"https:\/\/www.noticiasradioreflejos.com.ar\/2021\/nueva-iluminacion-en-la-oficina-de-turismo-de-villa-ventana\/","title":{"rendered":"Nueva iluminaci\u00f3n en la oficina de Turismo de Villa Ventana."},"content":{"rendered":"<p><a title=\"image009\" href=\"http:\/\/farm5.staticflickr.com\/4201\/34404969063_a2a28cbc57.jpg\" rel=\"\"><img loading=\"lazy\" decoding=\"async\" class=\"alignleft\" style=\"float: left;\" title=\"image009\" src=\"http:\/\/farm5.staticflickr.com\/4201\/34404969063_a2a28cbc57.jpg\" alt=\"image009\" width=\"500\" height=\"281\" \/><\/a>Hoy quedo instalada la nueva iluminaci\u00f3n en la oficina de Turismo de Villa Ventana.<br \/>\nSe agreg\u00f3 reflector al cartel y dos luces bajas en el camino de acceso, adem\u00e1s de las 3 luces decorativas sobre la pared de solapado e iluminaci\u00f3n a la cartelera.<!--more--><br \/>\nPor otro lado estamos haciendo un adorno floral con plantas aut\u00f3ctonas, en el sector del cartel y en la rotonda de acceso sobre Cruz del Sur la que pr\u00f3ximamente tambi\u00e9n estar\u00e1 iluminada.<br \/>\nAdem\u00e1s se instal\u00f3 un sistema de riego por goteo a todas las plantas instaladas tanto en el sector de Estacionamiento como en el jard\u00edn del frente.<br \/>\n<a title=\"image010\" href=\"http:\/\/farm5.staticflickr.com\/4196\/35173997096_1c5825d890.jpg\" rel=\"\"><img loading=\"lazy\" decoding=\"async\" class=\"aligncenter\" title=\"image010\" src=\"http:\/\/farm5.staticflickr.com\/4196\/35173997096_1c5825d890.jpg\" alt=\"image010\" width=\"500\" height=\"281\" \/><\/a><br \/>\nEn esta oportunidad queremos agradecer<br \/>\nA Cintia, Norita, Jesica, Daniela por cuidar y regar las plantitas instaladas.<br \/>\nA Mariela L\u00f3pez tambi\u00e9n por el riego, su buen gusto, las gestiones y colocaci\u00f3n de las plantas en el sector del cartel de oficina de turismo.<br \/>\nAl Jard\u00edn Bot\u00e1nico por la donaci\u00f3n de las Plantas aut\u00f3ctonas.<br \/>\nA Mariana Devoto (Maia Verde) por ayudarnos con su trabajo y asesoramiento.<br \/>\nA Diego (El Chino) por su dedicaci\u00f3n en el Parque que est\u00e1 cada vez m\u00e1s lindo.<br \/>\nY a Daniel Marchione y Fernando Manieri de emedequ Servicios El\u00e9ctricos por su colaboraci\u00f3n.<br \/>\nSeguimos trabajando por una Villa Ventana cada vez m\u00e1s linda!!!!<br \/>\nEntre todos es posible \u201cVamos por m\u00e1s\u201d.<br \/>\n<a title=\"image012\" href=\"http:\/\/farm5.staticflickr.com\/4278\/35173996866_92322c3d1a_z.jpg\" rel=\"\"><img loading=\"lazy\" decoding=\"async\" class=\"aligncenter\" title=\"image012\" src=\"http:\/\/farm5.staticflickr.com\/4278\/35173996866_92322c3d1a_z.jpg\" alt=\"image012\" width=\"590\" height=\"332\" \/><\/a><br \/>\nAtentamente Comisi\u00f3n Directiva C\u00e1mara de Comercio y Turismo de Villa Ventana.<\/p>\n","protected":false},"excerpt":{"rendered":"<p>Hoy quedo instalada la nueva iluminaci\u00f3n en la oficina de Turismo de Villa Ventana. Se agreg\u00f3 reflector al cartel y dos luces bajas en el camino de acceso, adem\u00e1s de las 3 luces decorativas sobre la pared de solapado e iluminaci\u00f3n a la cartelera.<\/p>\n","protected":false},"author":3,"featured_media":0,"comment_status":"closed","ping_status":"open","sticky":false,"template":"","format":"standard","meta":{"footnotes":""},"categories":[33],"tags":[],"class_list":["post-11096","post","type-post","status-publish","format-standard","hentry","category-turismo"],"yoast_head":"<!-- This site is optimized with the Yoast SEO plugin v25.9 - https:\/\/yoast.com\/wordpress\/plugins\/seo\/ -->\n<title>Nueva iluminaci\u00f3n en la oficina de Turismo de Villa Ventana. - Noticias Radio Reflejos<\/title>\n<meta name=\"robots\" content=\"index, follow, max-snippet:-1, max-image-preview:large, max-video-preview:-1\" \/>\n<link rel=\"canonical\" href=\"https:\/\/www.noticiasradioreflejos.com.ar\/2021\/nueva-iluminacion-en-la-oficina-de-turismo-de-villa-ventana\/\" \/>\n<meta property=\"og:locale\" content=\"es_ES\" \/>\n<meta property=\"og:type\" content=\"article\" \/>\n<meta property=\"og:title\" content=\"Nueva iluminaci\u00f3n en la oficina de Turismo de Villa Ventana. - Noticias Radio Reflejos\" \/>\n<meta property=\"og:description\" content=\"Hoy quedo instalada la nueva iluminaci\u00f3n en la oficina de Turismo de Villa Ventana. Se agreg\u00f3 reflector al cartel y dos luces bajas en el camino de acceso, adem\u00e1s de las 3 luces decorativas sobre la pared de solapado e iluminaci\u00f3n a la cartelera.\" \/>\n<meta property=\"og:url\" content=\"https:\/\/www.noticiasradioreflejos.com.ar\/2021\/nueva-iluminacion-en-la-oficina-de-turismo-de-villa-ventana\/\" \/>\n<meta property=\"og:site_name\" content=\"Noticias Radio Reflejos\" \/>\n<meta property=\"article:published_time\" content=\"2017-06-10T11:47:36+00:00\" \/>\n<meta property=\"og:image\" content=\"http:\/\/farm5.staticflickr.com\/4201\/34404969063_a2a28cbc57.jpg\" \/>\n<meta name=\"author\" content=\"Arnaldo Botto\" \/>\n<meta name=\"twitter:card\" content=\"summary_large_image\" \/>\n<script type=\"application\/ld+json\" class=\"yoast-schema-graph\">{\"@context\":\"https:\/\/schema.org\",\"@graph\":[{\"@type\":\"WebPage\",\"@id\":\"https:\/\/www.noticiasradioreflejos.com.ar\/2021\/nueva-iluminacion-en-la-oficina-de-turismo-de-villa-ventana\/\",\"url\":\"https:\/\/www.noticiasradioreflejos.com.ar\/2021\/nueva-iluminacion-en-la-oficina-de-turismo-de-villa-ventana\/\",\"name\":\"Nueva iluminaci\u00f3n en la oficina de Turismo de Villa Ventana. - Noticias Radio Reflejos\",\"isPartOf\":{\"@id\":\"https:\/\/www.noticiasradioreflejos.com.ar\/2021\/#website\"},\"primaryImageOfPage\":{\"@id\":\"https:\/\/www.noticiasradioreflejos.com.ar\/2021\/nueva-iluminacion-en-la-oficina-de-turismo-de-villa-ventana\/#primaryimage\"},\"image\":{\"@id\":\"https:\/\/www.noticiasradioreflejos.com.ar\/2021\/nueva-iluminacion-en-la-oficina-de-turismo-de-villa-ventana\/#primaryimage\"},\"thumbnailUrl\":\"http:\/\/farm5.staticflickr.com\/4201\/34404969063_a2a28cbc57.jpg\",\"datePublished\":\"2017-06-10T11:47:36+00:00\",\"author\":{\"@id\":\"https:\/\/www.noticiasradioreflejos.com.ar\/2021\/#\/schema\/person\/ad82545263dcc5ec0996818884fd5fb1\"},\"breadcrumb\":{\"@id\":\"https:\/\/www.noticiasradioreflejos.com.ar\/2021\/nueva-iluminacion-en-la-oficina-de-turismo-de-villa-ventana\/#breadcrumb\"},\"inLanguage\":\"es\",\"potentialAction\":[{\"@type\":\"ReadAction\",\"target\":[\"https:\/\/www.noticiasradioreflejos.com.ar\/2021\/nueva-iluminacion-en-la-oficina-de-turismo-de-villa-ventana\/\"]}]},{\"@type\":\"ImageObject\",\"inLanguage\":\"es\",\"@id\":\"https:\/\/www.noticiasradioreflejos.com.ar\/2021\/nueva-iluminacion-en-la-oficina-de-turismo-de-villa-ventana\/#primaryimage\",\"url\":\"http:\/\/farm5.staticflickr.com\/4201\/34404969063_a2a28cbc57.jpg\",\"contentUrl\":\"http:\/\/farm5.staticflickr.com\/4201\/34404969063_a2a28cbc57.jpg\"},{\"@type\":\"BreadcrumbList\",\"@id\":\"https:\/\/www.noticiasradioreflejos.com.ar\/2021\/nueva-iluminacion-en-la-oficina-de-turismo-de-villa-ventana\/#breadcrumb\",\"itemListElement\":[{\"@type\":\"ListItem\",\"position\":1,\"name\":\"Portada\",\"item\":\"https:\/\/www.noticiasradioreflejos.com.ar\/2021\/\"},{\"@type\":\"ListItem\",\"position\":2,\"name\":\"Nueva iluminaci\u00f3n en la oficina de Turismo de Villa Ventana.\"}]},{\"@type\":\"WebSite\",\"@id\":\"https:\/\/www.noticiasradioreflejos.com.ar\/2021\/#website\",\"url\":\"https:\/\/www.noticiasradioreflejos.com.ar\/2021\/\",\"name\":\"Noticias Radio Reflejos\",\"description\":\"Las noticias de mi comarca\",\"potentialAction\":[{\"@type\":\"SearchAction\",\"target\":{\"@type\":\"EntryPoint\",\"urlTemplate\":\"https:\/\/www.noticiasradioreflejos.com.ar\/2021\/?s={search_term_string}\"},\"query-input\":{\"@type\":\"PropertyValueSpecification\",\"valueRequired\":true,\"valueName\":\"search_term_string\"}}],\"inLanguage\":\"es\"},{\"@type\":\"Person\",\"@id\":\"https:\/\/www.noticiasradioreflejos.com.ar\/2021\/#\/schema\/person\/ad82545263dcc5ec0996818884fd5fb1\",\"name\":\"Arnaldo Botto\",\"image\":{\"@type\":\"ImageObject\",\"inLanguage\":\"es\",\"@id\":\"https:\/\/www.noticiasradioreflejos.com.ar\/2021\/#\/schema\/person\/image\/\",\"url\":\"https:\/\/secure.gravatar.com\/avatar\/55cb5e37c1efa326397366e6974cb338056df65cb50e7d64d1cf314e87504837?s=96&d=mm&r=g\",\"contentUrl\":\"https:\/\/secure.gravatar.com\/avatar\/55cb5e37c1efa326397366e6974cb338056df65cb50e7d64d1cf314e87504837?s=96&d=mm&r=g\",\"caption\":\"Arnaldo Botto\"},\"url\":\"https:\/\/www.noticiasradioreflejos.com.ar\/2021\/author\/arnaldo\/\"}]}<\/script>\n<!-- \/ Yoast SEO plugin. -->","yoast_head_json":{"title":"Nueva iluminaci\u00f3n en la oficina de Turismo de Villa Ventana. - Noticias Radio Reflejos","robots":{"index":"index","follow":"follow","max-snippet":"max-snippet:-1","max-image-preview":"max-image-preview:large","max-video-preview":"max-video-preview:-1"},"canonical":"https:\/\/www.noticiasradioreflejos.com.ar\/2021\/nueva-iluminacion-en-la-oficina-de-turismo-de-villa-ventana\/","og_locale":"es_ES","og_type":"article","og_title":"Nueva iluminaci\u00f3n en la oficina de Turismo de Villa Ventana. - Noticias Radio Reflejos","og_description":"Hoy quedo instalada la nueva iluminaci\u00f3n en la oficina de Turismo de Villa Ventana. Se agreg\u00f3 reflector al cartel y dos luces bajas en el camino de acceso, adem\u00e1s de las 3 luces decorativas sobre la pared de solapado e iluminaci\u00f3n a la cartelera.","og_url":"https:\/\/www.noticiasradioreflejos.com.ar\/2021\/nueva-iluminacion-en-la-oficina-de-turismo-de-villa-ventana\/","og_site_name":"Noticias Radio Reflejos","article_published_time":"2017-06-10T11:47:36+00:00","og_image":[{"url":"http:\/\/farm5.staticflickr.com\/4201\/34404969063_a2a28cbc57.jpg","type":"","width":"","height":""}],"author":"Arnaldo Botto","twitter_card":"summary_large_image","schema":{"@context":"https:\/\/schema.org","@graph":[{"@type":"WebPage","@id":"https:\/\/www.noticiasradioreflejos.com.ar\/2021\/nueva-iluminacion-en-la-oficina-de-turismo-de-villa-ventana\/","url":"https:\/\/www.noticiasradioreflejos.com.ar\/2021\/nueva-iluminacion-en-la-oficina-de-turismo-de-villa-ventana\/","name":"Nueva iluminaci\u00f3n en la oficina de Turismo de Villa Ventana. - Noticias Radio Reflejos","isPartOf":{"@id":"https:\/\/www.noticiasradioreflejos.com.ar\/2021\/#website"},"primaryImageOfPage":{"@id":"https:\/\/www.noticiasradioreflejos.com.ar\/2021\/nueva-iluminacion-en-la-oficina-de-turismo-de-villa-ventana\/#primaryimage"},"image":{"@id":"https:\/\/www.noticiasradioreflejos.com.ar\/2021\/nueva-iluminacion-en-la-oficina-de-turismo-de-villa-ventana\/#primaryimage"},"thumbnailUrl":"http:\/\/farm5.staticflickr.com\/4201\/34404969063_a2a28cbc57.jpg","datePublished":"2017-06-10T11:47:36+00:00","author":{"@id":"https:\/\/www.noticiasradioreflejos.com.ar\/2021\/#\/schema\/person\/ad82545263dcc5ec0996818884fd5fb1"},"breadcrumb":{"@id":"https:\/\/www.noticiasradioreflejos.com.ar\/2021\/nueva-iluminacion-en-la-oficina-de-turismo-de-villa-ventana\/#breadcrumb"},"inLanguage":"es","potentialAction":[{"@type":"ReadAction","target":["https:\/\/www.noticiasradioreflejos.com.ar\/2021\/nueva-iluminacion-en-la-oficina-de-turismo-de-villa-ventana\/"]}]},{"@type":"ImageObject","inLanguage":"es","@id":"https:\/\/www.noticiasradioreflejos.com.ar\/2021\/nueva-iluminacion-en-la-oficina-de-turismo-de-villa-ventana\/#primaryimage","url":"http:\/\/farm5.staticflickr.com\/4201\/34404969063_a2a28cbc57.jpg","contentUrl":"http:\/\/farm5.staticflickr.com\/4201\/34404969063_a2a28cbc57.jpg"},{"@type":"BreadcrumbList","@id":"https:\/\/www.noticiasradioreflejos.com.ar\/2021\/nueva-iluminacion-en-la-oficina-de-turismo-de-villa-ventana\/#breadcrumb","itemListElement":[{"@type":"ListItem","position":1,"name":"Portada","item":"https:\/\/www.noticiasradioreflejos.com.ar\/2021\/"},{"@type":"ListItem","position":2,"name":"Nueva iluminaci\u00f3n en la oficina de Turismo de Villa Ventana."}]},{"@type":"WebSite","@id":"https:\/\/www.noticiasradioreflejos.com.ar\/2021\/#website","url":"https:\/\/www.noticiasradioreflejos.com.ar\/2021\/","name":"Noticias Radio Reflejos","description":"Las noticias de mi comarca","potentialAction":[{"@type":"SearchAction","target":{"@type":"EntryPoint","urlTemplate":"https:\/\/www.noticiasradioreflejos.com.ar\/2021\/?s={search_term_string}"},"query-input":{"@type":"PropertyValueSpecification","valueRequired":true,"valueName":"search_term_string"}}],"inLanguage":"es"},{"@type":"Person","@id":"https:\/\/www.noticiasradioreflejos.com.ar\/2021\/#\/schema\/person\/ad82545263dcc5ec0996818884fd5fb1","name":"Arnaldo Botto","image":{"@type":"ImageObject","inLanguage":"es","@id":"https:\/\/www.noticiasradioreflejos.com.ar\/2021\/#\/schema\/person\/image\/","url":"https:\/\/secure.gravatar.com\/avatar\/55cb5e37c1efa326397366e6974cb338056df65cb50e7d64d1cf314e87504837?s=96&d=mm&r=g","contentUrl":"https:\/\/secure.gravatar.com\/avatar\/55cb5e37c1efa326397366e6974cb338056df65cb50e7d64d1cf314e87504837?s=96&d=mm&r=g","caption":"Arnaldo Botto"},"url":"https:\/\/www.noticiasradioreflejos.com.ar\/2021\/author\/arnaldo\/"}]}},"_links":{"self":[{"href":"https:\/\/www.noticiasradioreflejos.com.ar\/2021\/wp-json\/wp\/v2\/posts\/11096","targetHints":{"allow":["GET"]}}],"collection":[{"href":"https:\/\/www.noticiasradioreflejos.com.ar\/2021\/wp-json\/wp\/v2\/posts"}],"about":[{"href":"https:\/\/www.noticiasradioreflejos.com.ar\/2021\/wp-json\/wp\/v2\/types\/post"}],"author":[{"embeddable":true,"href":"https:\/\/www.noticiasradioreflejos.com.ar\/2021\/wp-json\/wp\/v2\/users\/3"}],"replies":[{"embeddable":true,"href":"https:\/\/www.noticiasradioreflejos.com.ar\/2021\/wp-json\/wp\/v2\/comments?post=11096"}],"version-history":[{"count":0,"href":"https:\/\/www.noticiasradioreflejos.com.ar\/2021\/wp-json\/wp\/v2\/posts\/11096\/revisions"}],"wp:attachment":[{"href":"https:\/\/www.noticiasradioreflejos.com.ar\/2021\/wp-json\/wp\/v2\/media?parent=11096"}],"wp:term":[{"taxonomy":"category","embeddable":true,"href":"https:\/\/www.noticiasradioreflejos.com.ar\/2021\/wp-json\/wp\/v2\/categories?post=11096"},{"taxonomy":"post_tag","embeddable":true,"href":"https:\/\/www.noticiasradioreflejos.com.ar\/2021\/wp-json\/wp\/v2\/tags?post=11096"}],"curies":[{"name":"wp","href":"https:\/\/api.w.org\/{rel}","templated":true}]}}