{"id":110728,"date":"2024-12-16T07:07:08","date_gmt":"2024-12-16T10:07:08","guid":{"rendered":"https:\/\/www.noticiasradioreflejos.com.ar\/2021\/?p=110728"},"modified":"2024-12-16T07:07:08","modified_gmt":"2024-12-16T10:07:08","slug":"anses-lo-que-tenes-que-saber-de-la-tarjeta-alimentar-2025","status":"publish","type":"post","link":"https:\/\/www.noticiasradioreflejos.com.ar\/2021\/anses-lo-que-tenes-que-saber-de-la-tarjeta-alimentar-2025\/","title":{"rendered":"ANSES: lo que ten\u00e9s que saber de la Tarjeta Alimentar 2025"},"content":{"rendered":"<p>Mediante una disposici\u00f3n del Ministerio de Capital Humano, el Gobierno estableci\u00f3 una nueva pr\u00f3rroga de este programa asistencial para ayudar a un \u201cmayor n\u00famero de familias en situaci\u00f3n de vulnerabilidad social\u201d.<!--more-->Entregada a trav\u00e9s de la <strong>Administraci\u00f3n Nacional de la Seguridad Social<\/strong>\u00a0(<strong>ANSES<\/strong>), la\u00a0<strong>Tarjeta Alimentar<\/strong>\u00a0es una prestaci\u00f3n social que busca que muchas familias en situaci\u00f3n de vulnerabilidad social alcancen la canasta b\u00e1sica alimentaria. Este programa asistencial tiene como finalidad la cobertura de alimentos y bebidas sin alcohol.<\/p>\n<div class=\"column-main\">\n<div class=\"article-body\" data-tadevel-template=\"web\/article-body\">\n<div class=\"article-body-content\">\n<p>El Ministerio de Capital Humano, cartera de quien depende la ANSES, estableci\u00f3 mediante la resoluci\u00f3n 636\/2024 que la nueva pr\u00f3rroga de la Tarjeta Alimentar tiene como objetivo \u201cbrindar la prestaci\u00f3n social a un mayor n\u00famero de familias en situaci\u00f3n de vulnerabilidad social\u201d.<\/p>\n<h3>Mes a mes: \u00bfen qu\u00e9 fechas se cobra la Prestaci\u00f3n Alimentar en 2025?<\/h3>\n<p>Mediante la Resoluci\u00f3n 1091, publicada en el Bolet\u00edn Oficial con fecha de 6 de diciembre de 2024, se estableci\u00f3 el\u00a0<strong>calendario de pagos para todo 2025<\/strong>. En dicha resoluci\u00f3n se establecieron las fechas en las que se depositar\u00e1n los fondos de la\u00a0<strong>Tarjeta Alimentar<\/strong>\u00a0de acuerdo con la terminaci\u00f3n del\u00a0<strong>Documento Nacional e Identidad<\/strong>\u00a0(<strong>DNI)<\/strong>\u00a0de cada beneficiario:<\/p>\n<ul>\n<li>Enero 2025: del 9 al 22 de enero<\/li>\n<li>Febrero 2025: del 10 al 21 de febrero<\/li>\n<li>Marzo 2025: del 12 al 20 de marzo<\/li>\n<li>Abril 2025: del 9 al 23 de abril<\/li>\n<li>Mayo 2025: del 9 al 22 de mayo<\/li>\n<li>Junio 2025: del 9 al 23 de junio<\/li>\n<li>Julio 2025: del 8 al 22 de julio<\/li>\n<li>Agosto 2025: del 8 al 21 de agosto<\/li>\n<li>Septiembre 2025: del 8 al 19 de septiembre<\/li>\n<li>Octubre 2025: del 8 al 21 de octubre<\/li>\n<li>Noviembre 2025: del 10 al 20 de noviembre<\/li>\n<li>Diciembre 2025: del 9 al 16 de diciembre<\/li>\n<\/ul>\n<h3>\u00bfA qui\u00e9nes est\u00e1 dirigida la Tarjeta Alimentar y cu\u00e1les son los montos que se cobran en cada caso?<\/h3>\n<p>De acuerdo con la informaci\u00f3n publicada en el\u00a0<a href=\"https:\/\/www.anses.gob.ar\/hijos\/prestacion-alimentar\" target=\"_blank\" rel=\"noopener nofollow\">sitio web de la ANSES, la Tarjeta Alimentar<\/a>\u00a0est\u00e1 destinada a los grupos detallados a continuaci\u00f3n:<\/p>\n<ul>\n<li>Asignaci\u00f3n Universal por Hijo (AUH): madres o padres con hijos de hasta 14 a\u00f1os, inclusive que cobren esta asignaci\u00f3n.<\/li>\n<li>Asignaci\u00f3n por Embarazo (AUE): mujeres que a partir del tercer mes de embarazo reciban la asignaci\u00f3n correspondiente para Protecci\u00f3n Social.<\/li>\n<li>Asignaci\u00f3n Universal por Hijo (AUH) para hijos con discapacidad: en este caso, no hay l\u00edmite de edad para recibir la ayuda.<\/li>\n<\/ul>\n<ul>\n<li>Pensiones No Contributivas (PNC): madres de 7 hijos que perciban esta pensi\u00f3n.<\/li>\n<\/ul>\n<h3>\u00bfC\u00f3mo se implementa la Tarjeta Alimentar?<\/h3>\n<p>La implementaci\u00f3n de la Tarjeta Alimentar es autom\u00e1tica y no requiere ning\u00fan tipo de tr\u00e1mite adicional, ni de recurrir a gestores ni intermediarios. Desde Capital Humano explicitaron que la medida tiene como objetivo \u00abpromover el acceso a alimentos sanos, aumentar los ingresos familiares y generar m\u00e1s trabajo\u00bb para los argentinos que m\u00e1s lo necesitan.<\/p>\n<p>Si bien la confirmaci\u00f3n del calendario de pagos de la Tarjeta Alimentar es una buena noticia, existe una enorme preocupaci\u00f3n dado que\u00a0<a href=\"https:\/\/noticiasargentinas.com\/politica\/el-gobierno-asegura-que-el-aumento-de-la-tarjeta-alimentar-y-la-auh-permite--garantizar-la-canasta-basica-alimentaria-_a6718163b597afbd0552b5b26\">la \u00faltima actualizaci\u00f3n de los montos a percibir fue en junio de 2024<\/a>, cuando se otorg\u00f3 una suba del 8,57 por ciento.<\/p>\n<h3>Cu\u00e1les son los montos vigentes para beneficiarios de la Tarjeta Alimentar<\/h3>\n<ul>\n<li>Familias con tres hijos o m\u00e1s: $108.062<\/li>\n<li>\u00a0Familias con dos hijos: $81.936<\/li>\n<li>\u00a0Familias con un hijo: $52.250<\/li>\n<\/ul>\n<\/div>\n<\/div>\n<\/div>\n","protected":false},"excerpt":{"rendered":"<p>Mediante una disposici\u00f3n del Ministerio de Capital Humano, el Gobierno estableci\u00f3 una nueva pr\u00f3rroga de este programa asistencial para ayudar a un \u201cmayor n\u00famero de familias en situaci\u00f3n de vulnerabilidad social\u201d.<\/p>\n","protected":false},"author":3,"featured_media":110729,"comment_status":"closed","ping_status":"closed","sticky":false,"template":"","format":"standard","meta":{"footnotes":""},"categories":[26],"tags":[],"class_list":["post-110728","post","type-post","status-publish","format-standard","has-post-thumbnail","hentry","category-sociedad"],"yoast_head":"<!-- This site is optimized with the Yoast SEO plugin v25.9 - https:\/\/yoast.com\/wordpress\/plugins\/seo\/ -->\n<title>ANSES: lo que ten\u00e9s que saber de la Tarjeta Alimentar 2025 - Noticias Radio Reflejos<\/title>\n<meta name=\"robots\" content=\"index, follow, max-snippet:-1, max-image-preview:large, max-video-preview:-1\" \/>\n<link rel=\"canonical\" href=\"https:\/\/www.noticiasradioreflejos.com.ar\/2021\/anses-lo-que-tenes-que-saber-de-la-tarjeta-alimentar-2025\/\" \/>\n<meta property=\"og:locale\" content=\"es_ES\" \/>\n<meta property=\"og:type\" content=\"article\" \/>\n<meta property=\"og:title\" content=\"ANSES: lo que ten\u00e9s que saber de la Tarjeta Alimentar 2025 - Noticias Radio Reflejos\" \/>\n<meta property=\"og:description\" content=\"Mediante una disposici\u00f3n del Ministerio de Capital Humano, el Gobierno estableci\u00f3 una nueva pr\u00f3rroga de este programa asistencial para ayudar a un \u201cmayor n\u00famero de familias en situaci\u00f3n de vulnerabilidad social\u201d.\" \/>\n<meta property=\"og:url\" content=\"https:\/\/www.noticiasradioreflejos.com.ar\/2021\/anses-lo-que-tenes-que-saber-de-la-tarjeta-alimentar-2025\/\" \/>\n<meta property=\"og:site_name\" content=\"Noticias Radio Reflejos\" \/>\n<meta property=\"article:published_time\" content=\"2024-12-16T10:07:08+00:00\" \/>\n<meta property=\"og:image\" content=\"https:\/\/www.noticiasradioreflejos.com.ar\/2021\/wp-content\/uploads\/2024\/12\/Tarjeta-Alimentar-2025.jpg\" \/>\n\t<meta property=\"og:image:width\" content=\"637\" \/>\n\t<meta property=\"og:image:height\" content=\"360\" \/>\n\t<meta property=\"og:image:type\" content=\"image\/jpeg\" \/>\n<meta name=\"author\" content=\"Arnaldo Botto\" \/>\n<meta name=\"twitter:card\" content=\"summary_large_image\" \/>\n<script type=\"application\/ld+json\" class=\"yoast-schema-graph\">{\"@context\":\"https:\/\/schema.org\",\"@graph\":[{\"@type\":\"WebPage\",\"@id\":\"https:\/\/www.noticiasradioreflejos.com.ar\/2021\/anses-lo-que-tenes-que-saber-de-la-tarjeta-alimentar-2025\/\",\"url\":\"https:\/\/www.noticiasradioreflejos.com.ar\/2021\/anses-lo-que-tenes-que-saber-de-la-tarjeta-alimentar-2025\/\",\"name\":\"ANSES: lo que ten\u00e9s que saber de la Tarjeta Alimentar 2025 - Noticias Radio Reflejos\",\"isPartOf\":{\"@id\":\"https:\/\/www.noticiasradioreflejos.com.ar\/2021\/#website\"},\"primaryImageOfPage\":{\"@id\":\"https:\/\/www.noticiasradioreflejos.com.ar\/2021\/anses-lo-que-tenes-que-saber-de-la-tarjeta-alimentar-2025\/#primaryimage\"},\"image\":{\"@id\":\"https:\/\/www.noticiasradioreflejos.com.ar\/2021\/anses-lo-que-tenes-que-saber-de-la-tarjeta-alimentar-2025\/#primaryimage\"},\"thumbnailUrl\":\"https:\/\/www.noticiasradioreflejos.com.ar\/2021\/wp-content\/uploads\/2024\/12\/Tarjeta-Alimentar-2025.jpg\",\"datePublished\":\"2024-12-16T10:07:08+00:00\",\"author\":{\"@id\":\"https:\/\/www.noticiasradioreflejos.com.ar\/2021\/#\/schema\/person\/ad82545263dcc5ec0996818884fd5fb1\"},\"breadcrumb\":{\"@id\":\"https:\/\/www.noticiasradioreflejos.com.ar\/2021\/anses-lo-que-tenes-que-saber-de-la-tarjeta-alimentar-2025\/#breadcrumb\"},\"inLanguage\":\"es\",\"potentialAction\":[{\"@type\":\"ReadAction\",\"target\":[\"https:\/\/www.noticiasradioreflejos.com.ar\/2021\/anses-lo-que-tenes-que-saber-de-la-tarjeta-alimentar-2025\/\"]}]},{\"@type\":\"ImageObject\",\"inLanguage\":\"es\",\"@id\":\"https:\/\/www.noticiasradioreflejos.com.ar\/2021\/anses-lo-que-tenes-que-saber-de-la-tarjeta-alimentar-2025\/#primaryimage\",\"url\":\"https:\/\/www.noticiasradioreflejos.com.ar\/2021\/wp-content\/uploads\/2024\/12\/Tarjeta-Alimentar-2025.jpg\",\"contentUrl\":\"https:\/\/www.noticiasradioreflejos.com.ar\/2021\/wp-content\/uploads\/2024\/12\/Tarjeta-Alimentar-2025.jpg\",\"width\":637,\"height\":360},{\"@type\":\"BreadcrumbList\",\"@id\":\"https:\/\/www.noticiasradioreflejos.com.ar\/2021\/anses-lo-que-tenes-que-saber-de-la-tarjeta-alimentar-2025\/#breadcrumb\",\"itemListElement\":[{\"@type\":\"ListItem\",\"position\":1,\"name\":\"Portada\",\"item\":\"https:\/\/www.noticiasradioreflejos.com.ar\/2021\/\"},{\"@type\":\"ListItem\",\"position\":2,\"name\":\"ANSES: lo que ten\u00e9s que saber de la Tarjeta Alimentar 2025\"}]},{\"@type\":\"WebSite\",\"@id\":\"https:\/\/www.noticiasradioreflejos.com.ar\/2021\/#website\",\"url\":\"https:\/\/www.noticiasradioreflejos.com.ar\/2021\/\",\"name\":\"Noticias Radio Reflejos\",\"description\":\"Las noticias de mi comarca\",\"potentialAction\":[{\"@type\":\"SearchAction\",\"target\":{\"@type\":\"EntryPoint\",\"urlTemplate\":\"https:\/\/www.noticiasradioreflejos.com.ar\/2021\/?s={search_term_string}\"},\"query-input\":{\"@type\":\"PropertyValueSpecification\",\"valueRequired\":true,\"valueName\":\"search_term_string\"}}],\"inLanguage\":\"es\"},{\"@type\":\"Person\",\"@id\":\"https:\/\/www.noticiasradioreflejos.com.ar\/2021\/#\/schema\/person\/ad82545263dcc5ec0996818884fd5fb1\",\"name\":\"Arnaldo Botto\",\"image\":{\"@type\":\"ImageObject\",\"inLanguage\":\"es\",\"@id\":\"https:\/\/www.noticiasradioreflejos.com.ar\/2021\/#\/schema\/person\/image\/\",\"url\":\"https:\/\/secure.gravatar.com\/avatar\/55cb5e37c1efa326397366e6974cb338056df65cb50e7d64d1cf314e87504837?s=96&d=mm&r=g\",\"contentUrl\":\"https:\/\/secure.gravatar.com\/avatar\/55cb5e37c1efa326397366e6974cb338056df65cb50e7d64d1cf314e87504837?s=96&d=mm&r=g\",\"caption\":\"Arnaldo Botto\"},\"url\":\"https:\/\/www.noticiasradioreflejos.com.ar\/2021\/author\/arnaldo\/\"}]}<\/script>\n<!-- \/ Yoast SEO plugin. -->","yoast_head_json":{"title":"ANSES: lo que ten\u00e9s que saber de la Tarjeta Alimentar 2025 - Noticias Radio Reflejos","robots":{"index":"index","follow":"follow","max-snippet":"max-snippet:-1","max-image-preview":"max-image-preview:large","max-video-preview":"max-video-preview:-1"},"canonical":"https:\/\/www.noticiasradioreflejos.com.ar\/2021\/anses-lo-que-tenes-que-saber-de-la-tarjeta-alimentar-2025\/","og_locale":"es_ES","og_type":"article","og_title":"ANSES: lo que ten\u00e9s que saber de la Tarjeta Alimentar 2025 - Noticias Radio Reflejos","og_description":"Mediante una disposici\u00f3n del Ministerio de Capital Humano, el Gobierno estableci\u00f3 una nueva pr\u00f3rroga de este programa asistencial para ayudar a un \u201cmayor n\u00famero de familias en situaci\u00f3n de vulnerabilidad social\u201d.","og_url":"https:\/\/www.noticiasradioreflejos.com.ar\/2021\/anses-lo-que-tenes-que-saber-de-la-tarjeta-alimentar-2025\/","og_site_name":"Noticias Radio Reflejos","article_published_time":"2024-12-16T10:07:08+00:00","og_image":[{"width":637,"height":360,"url":"https:\/\/www.noticiasradioreflejos.com.ar\/2021\/wp-content\/uploads\/2024\/12\/Tarjeta-Alimentar-2025.jpg","type":"image\/jpeg"}],"author":"Arnaldo Botto","twitter_card":"summary_large_image","schema":{"@context":"https:\/\/schema.org","@graph":[{"@type":"WebPage","@id":"https:\/\/www.noticiasradioreflejos.com.ar\/2021\/anses-lo-que-tenes-que-saber-de-la-tarjeta-alimentar-2025\/","url":"https:\/\/www.noticiasradioreflejos.com.ar\/2021\/anses-lo-que-tenes-que-saber-de-la-tarjeta-alimentar-2025\/","name":"ANSES: lo que ten\u00e9s que saber de la Tarjeta Alimentar 2025 - Noticias Radio Reflejos","isPartOf":{"@id":"https:\/\/www.noticiasradioreflejos.com.ar\/2021\/#website"},"primaryImageOfPage":{"@id":"https:\/\/www.noticiasradioreflejos.com.ar\/2021\/anses-lo-que-tenes-que-saber-de-la-tarjeta-alimentar-2025\/#primaryimage"},"image":{"@id":"https:\/\/www.noticiasradioreflejos.com.ar\/2021\/anses-lo-que-tenes-que-saber-de-la-tarjeta-alimentar-2025\/#primaryimage"},"thumbnailUrl":"https:\/\/www.noticiasradioreflejos.com.ar\/2021\/wp-content\/uploads\/2024\/12\/Tarjeta-Alimentar-2025.jpg","datePublished":"2024-12-16T10:07:08+00:00","author":{"@id":"https:\/\/www.noticiasradioreflejos.com.ar\/2021\/#\/schema\/person\/ad82545263dcc5ec0996818884fd5fb1"},"breadcrumb":{"@id":"https:\/\/www.noticiasradioreflejos.com.ar\/2021\/anses-lo-que-tenes-que-saber-de-la-tarjeta-alimentar-2025\/#breadcrumb"},"inLanguage":"es","potentialAction":[{"@type":"ReadAction","target":["https:\/\/www.noticiasradioreflejos.com.ar\/2021\/anses-lo-que-tenes-que-saber-de-la-tarjeta-alimentar-2025\/"]}]},{"@type":"ImageObject","inLanguage":"es","@id":"https:\/\/www.noticiasradioreflejos.com.ar\/2021\/anses-lo-que-tenes-que-saber-de-la-tarjeta-alimentar-2025\/#primaryimage","url":"https:\/\/www.noticiasradioreflejos.com.ar\/2021\/wp-content\/uploads\/2024\/12\/Tarjeta-Alimentar-2025.jpg","contentUrl":"https:\/\/www.noticiasradioreflejos.com.ar\/2021\/wp-content\/uploads\/2024\/12\/Tarjeta-Alimentar-2025.jpg","width":637,"height":360},{"@type":"BreadcrumbList","@id":"https:\/\/www.noticiasradioreflejos.com.ar\/2021\/anses-lo-que-tenes-que-saber-de-la-tarjeta-alimentar-2025\/#breadcrumb","itemListElement":[{"@type":"ListItem","position":1,"name":"Portada","item":"https:\/\/www.noticiasradioreflejos.com.ar\/2021\/"},{"@type":"ListItem","position":2,"name":"ANSES: lo que ten\u00e9s que saber de la Tarjeta Alimentar 2025"}]},{"@type":"WebSite","@id":"https:\/\/www.noticiasradioreflejos.com.ar\/2021\/#website","url":"https:\/\/www.noticiasradioreflejos.com.ar\/2021\/","name":"Noticias Radio Reflejos","description":"Las noticias de mi comarca","potentialAction":[{"@type":"SearchAction","target":{"@type":"EntryPoint","urlTemplate":"https:\/\/www.noticiasradioreflejos.com.ar\/2021\/?s={search_term_string}"},"query-input":{"@type":"PropertyValueSpecification","valueRequired":true,"valueName":"search_term_string"}}],"inLanguage":"es"},{"@type":"Person","@id":"https:\/\/www.noticiasradioreflejos.com.ar\/2021\/#\/schema\/person\/ad82545263dcc5ec0996818884fd5fb1","name":"Arnaldo Botto","image":{"@type":"ImageObject","inLanguage":"es","@id":"https:\/\/www.noticiasradioreflejos.com.ar\/2021\/#\/schema\/person\/image\/","url":"https:\/\/secure.gravatar.com\/avatar\/55cb5e37c1efa326397366e6974cb338056df65cb50e7d64d1cf314e87504837?s=96&d=mm&r=g","contentUrl":"https:\/\/secure.gravatar.com\/avatar\/55cb5e37c1efa326397366e6974cb338056df65cb50e7d64d1cf314e87504837?s=96&d=mm&r=g","caption":"Arnaldo Botto"},"url":"https:\/\/www.noticiasradioreflejos.com.ar\/2021\/author\/arnaldo\/"}]}},"_links":{"self":[{"href":"https:\/\/www.noticiasradioreflejos.com.ar\/2021\/wp-json\/wp\/v2\/posts\/110728","targetHints":{"allow":["GET"]}}],"collection":[{"href":"https:\/\/www.noticiasradioreflejos.com.ar\/2021\/wp-json\/wp\/v2\/posts"}],"about":[{"href":"https:\/\/www.noticiasradioreflejos.com.ar\/2021\/wp-json\/wp\/v2\/types\/post"}],"author":[{"embeddable":true,"href":"https:\/\/www.noticiasradioreflejos.com.ar\/2021\/wp-json\/wp\/v2\/users\/3"}],"replies":[{"embeddable":true,"href":"https:\/\/www.noticiasradioreflejos.com.ar\/2021\/wp-json\/wp\/v2\/comments?post=110728"}],"version-history":[{"count":1,"href":"https:\/\/www.noticiasradioreflejos.com.ar\/2021\/wp-json\/wp\/v2\/posts\/110728\/revisions"}],"predecessor-version":[{"id":110730,"href":"https:\/\/www.noticiasradioreflejos.com.ar\/2021\/wp-json\/wp\/v2\/posts\/110728\/revisions\/110730"}],"wp:featuredmedia":[{"embeddable":true,"href":"https:\/\/www.noticiasradioreflejos.com.ar\/2021\/wp-json\/wp\/v2\/media\/110729"}],"wp:attachment":[{"href":"https:\/\/www.noticiasradioreflejos.com.ar\/2021\/wp-json\/wp\/v2\/media?parent=110728"}],"wp:term":[{"taxonomy":"category","embeddable":true,"href":"https:\/\/www.noticiasradioreflejos.com.ar\/2021\/wp-json\/wp\/v2\/categories?post=110728"},{"taxonomy":"post_tag","embeddable":true,"href":"https:\/\/www.noticiasradioreflejos.com.ar\/2021\/wp-json\/wp\/v2\/tags?post=110728"}],"curies":[{"name":"wp","href":"https:\/\/api.w.org\/{rel}","templated":true}]}}