{"id":110605,"date":"2024-12-11T18:28:19","date_gmt":"2024-12-11T21:28:19","guid":{"rendered":"https:\/\/www.noticiasradioreflejos.com.ar\/2021\/?p=110605"},"modified":"2024-12-11T18:28:19","modified_gmt":"2024-12-11T21:28:19","slug":"sergio-bordoni-con-la-inoperancia-que-tienen-desde-el-concejo-deliberante-si-hubieran-ganado-el-municipio-ya-lo-hubieran-chocado","status":"publish","type":"post","link":"https:\/\/www.noticiasradioreflejos.com.ar\/2021\/sergio-bordoni-con-la-inoperancia-que-tienen-desde-el-concejo-deliberante-si-hubieran-ganado-el-municipio-ya-lo-hubieran-chocado\/","title":{"rendered":"Sergio Bordoni: \u00abcon la inoperancia que tienen desde el Concejo Deliberante si hubieran ganado el municipio ya lo hubieran chocado.\u00bb"},"content":{"rendered":"<p><b>El intendente de Tornquist <\/b>analiz\u00f3 esta ma\u00f1ana en<strong> FM Reflejos<\/strong>\u00a0 su gesti\u00f3n de los \u00faltimos 12 meses calific\u00e1ndola como\u00a0<strong> \u00abAltamente positiva\u00bb<\/strong>. Habl\u00f3 de los incrementos en las tasas, describi\u00f3 proyectos para finalizar en el 2025 y apunt\u00f3 a la oposici\u00f3n por embarrar la cancha y mentirle a la gente. <!--more--><\/p>\n<p>Cumplido un a\u00f1o dentro del presente mandato y 9 como intendente del distrito de Tornquist, <strong>Bordoni<\/strong> defendi\u00f3 el trabajo de su equipo y expuso varios puntos vinculados logros en la obra p\u00fablica desarrollada en este 2024 a pesar de la dif\u00edcil situaci\u00f3n econ\u00f3mica que enmarca al pa\u00eds.<\/p>\n<p>Exponi\u00e9ndola en la entrevista radial el mandatario expres\u00f3: \u00abTerminando el a\u00f1o, creo que altamente positivo, a pesar de la situaci\u00f3n econ\u00f3mica reinante en el pa\u00eds, estamos terminando obras que hab\u00edamos prometido, que muchos dec\u00edan que eran de campa\u00f1a, nada m\u00e1s y se terminaron y se est\u00e1n entregando y se van a seguir entregando m\u00e1s obras, como, por ejemplo, el agua en Villa Serrana Gruta, la planta GLP en Villa Ventana y\u00a0 el d\u00eda s\u00e1bado a las 11 de la ma\u00f1ana se va a inaugurar la pileta en Saldungaray.\u00bb<\/p>\n<p>Sobre el contexto pol\u00edtico y econ\u00f3mico entre el gobierno nacional y provincial vinculado a la obra p\u00fablica resalt\u00f3: \u00abEl gobierno nacional de antemano dijo cero obras p\u00fablicas y lo cumpli\u00f3 a rajatabla eso. Es as\u00ed, no hay obra p\u00fablica de naci\u00f3n y lo que s\u00ed hay deuda de naci\u00f3n con los municipios y con la provincia. Pens\u00e1bamos que iban a poder hacer algunas cosas de provincia, pero no la gran cantidad que hicimos, porque la verdad es que hicieron muchas obras de provincia y se est\u00e1n haciendo y se est\u00e1n ejecutando y se van a hacer m\u00e1s.\u00bb<\/p>\n<p><a title=\"Reinaug Natatorio SDLV (16)\" href=\"https:\/\/www.flickr.com\/photos\/182279889@N02\/54001014200\/in\/dateposted-public\/\" data-flickr-embed=\"true\" data-header=\"true\" data-footer=\"true\"><img loading=\"lazy\" decoding=\"async\" src=\"https:\/\/live.staticflickr.com\/65535\/54001014200_b04b2a2398_c.jpg\" alt=\"Reinaug Natatorio SDLV (16)\" width=\"800\" height=\"533\" \/><\/a><script async src=\"\/\/embedr.flickr.com\/assets\/client-code.js\" charset=\"utf-8\"><\/script><br \/>\nDentro de lo pendientes Bordoni reconoci\u00f3 obras inconclusas en el distrito en el \u00e1rea de la educaci\u00f3n y enumer\u00f3: \u00bb la escuela agraria y tambi\u00e9n el zoom de la escuela N\u00b02 de Sierra de la Ventana, que son obras que se necesitan, lo mismo que la parte el\u00e9ctrica de la escuela t\u00e9cnica\u00a0que ronda los 100 millones de pesos\u00bb, pero afirm\u00f3 que durante el verano se concluir\u00e1n dos aulas en le jard\u00edn de infantes de Saldungaray.<\/p>\n<p>Sobre la falta de presupuesto para esas obras aclar\u00f3: \u00bb Educaci\u00f3n no ha tenido presupuesto porque, se tuvieron que hacer de algo de muchas cosas que la naci\u00f3n dej\u00f3 de pagar, como por ejemplo el incentivo docente que se pagaba desde naci\u00f3n por ley y que no se pod\u00edan haber dejado de pagar, se hizo cargo a la provincia de Buenos Aires para que los maestros pudieran seguir cobrando y no hubiera paros. Eso es lo que pasa, que la gente de fr\u00e1gil memoria se olvida de que la provincia que hizo cargo de eso, que era nacional.\u00bb Asimismo ampli\u00f3: \u00abEl transporte, escolar, lo mismo, subvencion\u00e1ndolo. Nosotros tenemos una deuda del transporte escolar que hemos pagado con el Fondo Educativo, que despu\u00e9s la provincia me lo da, de casi 70 millones de pesos que m\u00e1s deben. Son cosas que lo seguimos haciendo, la gente no se da cuenta, subsidiando el transporte, como lo subsidiamos este a\u00f1o con presupuesto municipal y obviamente que eso repercute la arca de cualquiera sea municipal o provincial.\u00bb<\/p>\n<p>&nbsp;<\/p>\n<p>Analizando el aumento de tasas municipales para el 2025 y en virtud de una fuerte campa\u00f1a en las redes que lo anuncian como <em><strong>impuestazo,\u00a0<\/strong><\/em> Bordoni aclar\u00f3: \u00abDesde enero del 2022, a noviembre del 2024, la inflaci\u00f3n acumulada en ese periodo fue de 1.155 por ciento. O sea que si aumentaran un 400, como se dice, estar\u00eda hasta la mitad. No llegas a la mitad. Claro, ah\u00ed el aumento acumulado de tributos fue 588 por ciento.<\/p>\n<p>La diferencia porcentual son 573 por ciento. Con los 445 no llegamos a pagar los costos. Se va a aumentar el servicio urbano al 150 por ciento, el agua al 150 por ciento, la red vial el 100 por ciento. Qu\u00e9 vuelvo a repetir;\u00a0 no son impuestos, sino son prestaci\u00f3n de servicios. Son tasas, porque ac\u00e1 hablan de impuestazo.<\/p>\n<p>Son prestaci\u00f3n de servicios que al menos no ganar, pero si cubrir los costos. S\u00ed, cubrir los costos. Pero no llegamos ni a eso.\u00bb y para graficar describi\u00f3 el caso de Villa Ventana, donde el total de cobrabilidad del agua potable no llega a cubrir el 60% de costo de la energ\u00eda que consumen las bombas de la red.<\/p>\n<p>Adem\u00e1s puso como ejemplo las tasas de su vivienda en Tornquist: \u00abmi factura de AVL de Tornquist en la esquina de Sarmiento y San Mart\u00edn, doble avenida con luces de led, asfalto, me juntan la basura todos los d\u00edas, me barren las calles, pago 8200 pesos mensual;\u00a0 con el 150 por ciento de aumento que va a venir, voy a pagar 20.600. Si aplic\u00e1ramos el 445 por ciento, yo estar\u00eda pagando 46.000 pesos. En enero voy a mostrar mis facturas de diciembre, donde me vino el 8.200 pesos, con la que tengo en enero. Y ah\u00ed se cae toda la mentira de los concejales opositores y de los iluminados que siempre opinan.\u00bb<\/p>\n<p><a title=\"2\" href=\"https:\/\/www.flickr.com\/photos\/182279889@N02\/54157342100\/in\/dateposted-public\/\" data-flickr-embed=\"true\" data-header=\"true\" data-footer=\"true\"><img loading=\"lazy\" decoding=\"async\" src=\"https:\/\/live.staticflickr.com\/65535\/54157342100_10048fb5fe_c.jpg\" alt=\"2\" width=\"800\" height=\"533\" \/><\/a><script async src=\"\/\/embedr.flickr.com\/assets\/client-code.js\" charset=\"utf-8\"><\/script><br \/>\nEn otro tramo de la charla explic\u00f3 que est\u00e1n listas para poner en funcionamiento en 15 d\u00edas,\u00a0 la red de agua en Villa Serrana la Gruta y la ampliaci\u00f3n de la red de GLP en Villa Ventana, y sobre obras para Sierra de la Ventana,\u00a0 hizo hincapi\u00e9 en las cloacas asegurando:\u00bb Antes de terminar mi gesti\u00f3n, antes de irme , quiero tener terminada la planta de tratamiento de efluentes de Sierra, estamos trabajando a full con la DIPAC para definir qu\u00e9 van a hacer con la planta\u00bb.<\/p>\n<p>A esto sum\u00f3 los proyectos de cord\u00f3n cuneta y bulevares en Av. Sarmiento, un gimnasio para el CEF en el predio de las piletas municipales para dejar todo integrado como lo est\u00e9 en Tornquist.<\/p>\n<p>Sobre la red vial expuso la alta cobrabilidad que llega al 90% de la tasa y los avances que se realizaron desde que el municipio maneja el recurso y que esta expresado en la conformidad que d\u00eda a d\u00eda muestran los productores por el estado de los caminos.<\/p>\n<p>Bordoni de dej\u00f3 de lado la situaci\u00f3n econ\u00f3mica que se vive en especial por parte de los jubilados a los que el gobierno nacional le sigue recortando:\u00bb Nunca han ganado bien los jubilados, con ning\u00fan gobierno, con el color pol\u00edtico que vos quieras, siempre ha ganado poco,\u00a0 con esto los exterminan, este gobierno nacional no le importa absolutamente nada, ellos quieren cerrar un n\u00famero.\u00bb<\/p>\n<p>Finalmente y apuntando a la campa\u00f1a de la oposici\u00f3n: <strong>Estos son los datos oficiales, que cualquiera de los concejales opositores que hablan, que critican al gobierno de Milei,\u00a0 cuando lo votaron en forma masiva en el balotaje y algunos de los concejales repartieron la boleta de Milei, hoy, ni siquiera dan los datos oficiales de cuanto fue el aumento tributario del 2022 al 2024. 580 por ciento contra una inflaci\u00f3n de 1.155%. Eso es lo que da bronca cuando salen a hablar a la gente mentiras, que en enero se vuelve a blanquear<\/strong>. Pero lo que pasa es que mientras tanto embarran la cancha, como cuando la embarraron ante las elecciones, que la pileta climatizada de Sierra no se iba a hacer, que no se iba a hacer tampoco la pileta de Saldungaray, que era todas promesas de campa\u00f1a de un gobierno que estaba cayendo y que se iba y que ganaban ellos.\u00a0 Gracias a Dios que nos ganaron, porque <strong>con la inoperancia que tienen desde el Concejo Deliberante si hubieran ganado el municipio ya lo hubieran chocado.\u00bb dispar\u00f3.<\/strong><\/p>\n<p>&nbsp;<\/p>\n<p><iframe loading=\"lazy\" src=\"https:\/\/w.soundcloud.com\/player\/?url=https%3A\/\/api.soundcloud.com\/tracks\/1980527787&amp;color=%23ff5500&amp;auto_play=false&amp;hide_related=false&amp;show_comments=true&amp;show_user=true&amp;show_reposts=false&amp;show_teaser=true\" width=\"100%\" height=\"166\" frameborder=\"no\" scrolling=\"no\"><\/iframe><\/p>\n<div style=\"font-size: 10px; color: #cccccc; line-break: anywhere; word-break: normal; overflow: hidden; white-space: nowrap; text-overflow: ellipsis; font-family: Interstate,Lucida Grande,Lucida Sans Unicode,Lucida Sans,Garuda,Verdana,Tahoma,sans-serif; font-weight: 100;\"><a style=\"color: #cccccc; text-decoration: none;\" title=\"fmreflejos 103.7\" href=\"https:\/\/soundcloud.com\/fmreflejos-103-7\" target=\"_blank\" rel=\"noopener\">fmreflejos 103.7<\/a> \u00b7 <a style=\"color: #cccccc; text-decoration: none;\" title=\"Sergio Bordoni 11-12\" href=\"https:\/\/soundcloud.com\/fmreflejos-103-7\/sergio-bordoni-11-12\" target=\"_blank\" rel=\"noopener\">Sergio Bordoni 11-12<\/a><\/div>\n<p>&nbsp;<\/p>\n<p>&nbsp;<\/p>\n<p>&nbsp;<\/p>\n","protected":false},"excerpt":{"rendered":"<p>El intendente de Tornquist analiz\u00f3 esta ma\u00f1ana en FM Reflejos\u00a0 su gesti\u00f3n de los \u00faltimos 12 meses calific\u00e1ndola como\u00a0 \u00abAltamente positiva\u00bb. Habl\u00f3 de los incrementos en las tasas, describi\u00f3 proyectos para finalizar en el 2025 y apunt\u00f3 a la oposici\u00f3n por embarrar la cancha y mentirle a la gente.<\/p>\n","protected":false},"author":3,"featured_media":110606,"comment_status":"closed","ping_status":"closed","sticky":false,"template":"","format":"standard","meta":{"footnotes":""},"categories":[28],"tags":[48],"class_list":["post-110605","post","type-post","status-publish","format-standard","has-post-thumbnail","hentry","category-municipales","tag-destacada"],"yoast_head":"<!-- This site is optimized with the Yoast SEO plugin v25.9 - https:\/\/yoast.com\/wordpress\/plugins\/seo\/ -->\n<title>Sergio Bordoni: &quot;con la inoperancia que tienen desde el Concejo Deliberante si hubieran ganado el municipio ya lo hubieran chocado.&quot; - Noticias Radio Reflejos<\/title>\n<meta name=\"robots\" content=\"index, follow, max-snippet:-1, max-image-preview:large, max-video-preview:-1\" \/>\n<link rel=\"canonical\" href=\"https:\/\/www.noticiasradioreflejos.com.ar\/2021\/sergio-bordoni-con-la-inoperancia-que-tienen-desde-el-concejo-deliberante-si-hubieran-ganado-el-municipio-ya-lo-hubieran-chocado\/\" \/>\n<meta property=\"og:locale\" content=\"es_ES\" \/>\n<meta property=\"og:type\" content=\"article\" \/>\n<meta property=\"og:title\" content=\"Sergio Bordoni: &quot;con la inoperancia que tienen desde el Concejo Deliberante si hubieran ganado el municipio ya lo hubieran chocado.&quot; - Noticias Radio Reflejos\" \/>\n<meta property=\"og:description\" content=\"El intendente de Tornquist analiz\u00f3 esta ma\u00f1ana en FM Reflejos\u00a0 su gesti\u00f3n de los \u00faltimos 12 meses calific\u00e1ndola como\u00a0 \u00abAltamente positiva\u00bb. Habl\u00f3 de los incrementos en las tasas, describi\u00f3 proyectos para finalizar en el 2025 y apunt\u00f3 a la oposici\u00f3n por embarrar la cancha y mentirle a la gente.\" \/>\n<meta property=\"og:url\" content=\"https:\/\/www.noticiasradioreflejos.com.ar\/2021\/sergio-bordoni-con-la-inoperancia-que-tienen-desde-el-concejo-deliberante-si-hubieran-ganado-el-municipio-ya-lo-hubieran-chocado\/\" \/>\n<meta property=\"og:site_name\" content=\"Noticias Radio Reflejos\" \/>\n<meta property=\"article:published_time\" content=\"2024-12-11T21:28:19+00:00\" \/>\n<meta property=\"og:image\" content=\"https:\/\/www.noticiasradioreflejos.com.ar\/2021\/wp-content\/uploads\/2024\/12\/Sergio-Bordoni.jpg\" \/>\n\t<meta property=\"og:image:width\" content=\"2048\" \/>\n\t<meta property=\"og:image:height\" content=\"1366\" \/>\n\t<meta property=\"og:image:type\" content=\"image\/jpeg\" \/>\n<meta name=\"author\" content=\"Arnaldo Botto\" \/>\n<meta name=\"twitter:card\" content=\"summary_large_image\" \/>\n<script type=\"application\/ld+json\" class=\"yoast-schema-graph\">{\"@context\":\"https:\/\/schema.org\",\"@graph\":[{\"@type\":\"WebPage\",\"@id\":\"https:\/\/www.noticiasradioreflejos.com.ar\/2021\/sergio-bordoni-con-la-inoperancia-que-tienen-desde-el-concejo-deliberante-si-hubieran-ganado-el-municipio-ya-lo-hubieran-chocado\/\",\"url\":\"https:\/\/www.noticiasradioreflejos.com.ar\/2021\/sergio-bordoni-con-la-inoperancia-que-tienen-desde-el-concejo-deliberante-si-hubieran-ganado-el-municipio-ya-lo-hubieran-chocado\/\",\"name\":\"Sergio Bordoni: \\\"con la inoperancia que tienen desde el Concejo Deliberante si hubieran ganado el municipio ya lo hubieran chocado.\\\" - Noticias Radio Reflejos\",\"isPartOf\":{\"@id\":\"https:\/\/www.noticiasradioreflejos.com.ar\/2021\/#website\"},\"primaryImageOfPage\":{\"@id\":\"https:\/\/www.noticiasradioreflejos.com.ar\/2021\/sergio-bordoni-con-la-inoperancia-que-tienen-desde-el-concejo-deliberante-si-hubieran-ganado-el-municipio-ya-lo-hubieran-chocado\/#primaryimage\"},\"image\":{\"@id\":\"https:\/\/www.noticiasradioreflejos.com.ar\/2021\/sergio-bordoni-con-la-inoperancia-que-tienen-desde-el-concejo-deliberante-si-hubieran-ganado-el-municipio-ya-lo-hubieran-chocado\/#primaryimage\"},\"thumbnailUrl\":\"https:\/\/www.noticiasradioreflejos.com.ar\/2021\/wp-content\/uploads\/2024\/12\/Sergio-Bordoni.jpg\",\"datePublished\":\"2024-12-11T21:28:19+00:00\",\"author\":{\"@id\":\"https:\/\/www.noticiasradioreflejos.com.ar\/2021\/#\/schema\/person\/ad82545263dcc5ec0996818884fd5fb1\"},\"breadcrumb\":{\"@id\":\"https:\/\/www.noticiasradioreflejos.com.ar\/2021\/sergio-bordoni-con-la-inoperancia-que-tienen-desde-el-concejo-deliberante-si-hubieran-ganado-el-municipio-ya-lo-hubieran-chocado\/#breadcrumb\"},\"inLanguage\":\"es\",\"potentialAction\":[{\"@type\":\"ReadAction\",\"target\":[\"https:\/\/www.noticiasradioreflejos.com.ar\/2021\/sergio-bordoni-con-la-inoperancia-que-tienen-desde-el-concejo-deliberante-si-hubieran-ganado-el-municipio-ya-lo-hubieran-chocado\/\"]}]},{\"@type\":\"ImageObject\",\"inLanguage\":\"es\",\"@id\":\"https:\/\/www.noticiasradioreflejos.com.ar\/2021\/sergio-bordoni-con-la-inoperancia-que-tienen-desde-el-concejo-deliberante-si-hubieran-ganado-el-municipio-ya-lo-hubieran-chocado\/#primaryimage\",\"url\":\"https:\/\/www.noticiasradioreflejos.com.ar\/2021\/wp-content\/uploads\/2024\/12\/Sergio-Bordoni.jpg\",\"contentUrl\":\"https:\/\/www.noticiasradioreflejos.com.ar\/2021\/wp-content\/uploads\/2024\/12\/Sergio-Bordoni.jpg\",\"width\":2048,\"height\":1366},{\"@type\":\"BreadcrumbList\",\"@id\":\"https:\/\/www.noticiasradioreflejos.com.ar\/2021\/sergio-bordoni-con-la-inoperancia-que-tienen-desde-el-concejo-deliberante-si-hubieran-ganado-el-municipio-ya-lo-hubieran-chocado\/#breadcrumb\",\"itemListElement\":[{\"@type\":\"ListItem\",\"position\":1,\"name\":\"Portada\",\"item\":\"https:\/\/www.noticiasradioreflejos.com.ar\/2021\/\"},{\"@type\":\"ListItem\",\"position\":2,\"name\":\"Sergio Bordoni: \u00abcon la inoperancia que tienen desde el Concejo Deliberante si hubieran ganado el municipio ya lo hubieran chocado.\u00bb\"}]},{\"@type\":\"WebSite\",\"@id\":\"https:\/\/www.noticiasradioreflejos.com.ar\/2021\/#website\",\"url\":\"https:\/\/www.noticiasradioreflejos.com.ar\/2021\/\",\"name\":\"Noticias Radio Reflejos\",\"description\":\"Las noticias de mi comarca\",\"potentialAction\":[{\"@type\":\"SearchAction\",\"target\":{\"@type\":\"EntryPoint\",\"urlTemplate\":\"https:\/\/www.noticiasradioreflejos.com.ar\/2021\/?s={search_term_string}\"},\"query-input\":{\"@type\":\"PropertyValueSpecification\",\"valueRequired\":true,\"valueName\":\"search_term_string\"}}],\"inLanguage\":\"es\"},{\"@type\":\"Person\",\"@id\":\"https:\/\/www.noticiasradioreflejos.com.ar\/2021\/#\/schema\/person\/ad82545263dcc5ec0996818884fd5fb1\",\"name\":\"Arnaldo Botto\",\"image\":{\"@type\":\"ImageObject\",\"inLanguage\":\"es\",\"@id\":\"https:\/\/www.noticiasradioreflejos.com.ar\/2021\/#\/schema\/person\/image\/\",\"url\":\"https:\/\/secure.gravatar.com\/avatar\/55cb5e37c1efa326397366e6974cb338056df65cb50e7d64d1cf314e87504837?s=96&d=mm&r=g\",\"contentUrl\":\"https:\/\/secure.gravatar.com\/avatar\/55cb5e37c1efa326397366e6974cb338056df65cb50e7d64d1cf314e87504837?s=96&d=mm&r=g\",\"caption\":\"Arnaldo Botto\"},\"url\":\"https:\/\/www.noticiasradioreflejos.com.ar\/2021\/author\/arnaldo\/\"}]}<\/script>\n<!-- \/ Yoast SEO plugin. -->","yoast_head_json":{"title":"Sergio Bordoni: \"con la inoperancia que tienen desde el Concejo Deliberante si hubieran ganado el municipio ya lo hubieran chocado.\" - Noticias Radio Reflejos","robots":{"index":"index","follow":"follow","max-snippet":"max-snippet:-1","max-image-preview":"max-image-preview:large","max-video-preview":"max-video-preview:-1"},"canonical":"https:\/\/www.noticiasradioreflejos.com.ar\/2021\/sergio-bordoni-con-la-inoperancia-que-tienen-desde-el-concejo-deliberante-si-hubieran-ganado-el-municipio-ya-lo-hubieran-chocado\/","og_locale":"es_ES","og_type":"article","og_title":"Sergio Bordoni: \"con la inoperancia que tienen desde el Concejo Deliberante si hubieran ganado el municipio ya lo hubieran chocado.\" - Noticias Radio Reflejos","og_description":"El intendente de Tornquist analiz\u00f3 esta ma\u00f1ana en FM Reflejos\u00a0 su gesti\u00f3n de los \u00faltimos 12 meses calific\u00e1ndola como\u00a0 \u00abAltamente positiva\u00bb. Habl\u00f3 de los incrementos en las tasas, describi\u00f3 proyectos para finalizar en el 2025 y apunt\u00f3 a la oposici\u00f3n por embarrar la cancha y mentirle a la gente.","og_url":"https:\/\/www.noticiasradioreflejos.com.ar\/2021\/sergio-bordoni-con-la-inoperancia-que-tienen-desde-el-concejo-deliberante-si-hubieran-ganado-el-municipio-ya-lo-hubieran-chocado\/","og_site_name":"Noticias Radio Reflejos","article_published_time":"2024-12-11T21:28:19+00:00","og_image":[{"width":2048,"height":1366,"url":"https:\/\/www.noticiasradioreflejos.com.ar\/2021\/wp-content\/uploads\/2024\/12\/Sergio-Bordoni.jpg","type":"image\/jpeg"}],"author":"Arnaldo Botto","twitter_card":"summary_large_image","schema":{"@context":"https:\/\/schema.org","@graph":[{"@type":"WebPage","@id":"https:\/\/www.noticiasradioreflejos.com.ar\/2021\/sergio-bordoni-con-la-inoperancia-que-tienen-desde-el-concejo-deliberante-si-hubieran-ganado-el-municipio-ya-lo-hubieran-chocado\/","url":"https:\/\/www.noticiasradioreflejos.com.ar\/2021\/sergio-bordoni-con-la-inoperancia-que-tienen-desde-el-concejo-deliberante-si-hubieran-ganado-el-municipio-ya-lo-hubieran-chocado\/","name":"Sergio Bordoni: \"con la inoperancia que tienen desde el Concejo Deliberante si hubieran ganado el municipio ya lo hubieran chocado.\" - Noticias Radio Reflejos","isPartOf":{"@id":"https:\/\/www.noticiasradioreflejos.com.ar\/2021\/#website"},"primaryImageOfPage":{"@id":"https:\/\/www.noticiasradioreflejos.com.ar\/2021\/sergio-bordoni-con-la-inoperancia-que-tienen-desde-el-concejo-deliberante-si-hubieran-ganado-el-municipio-ya-lo-hubieran-chocado\/#primaryimage"},"image":{"@id":"https:\/\/www.noticiasradioreflejos.com.ar\/2021\/sergio-bordoni-con-la-inoperancia-que-tienen-desde-el-concejo-deliberante-si-hubieran-ganado-el-municipio-ya-lo-hubieran-chocado\/#primaryimage"},"thumbnailUrl":"https:\/\/www.noticiasradioreflejos.com.ar\/2021\/wp-content\/uploads\/2024\/12\/Sergio-Bordoni.jpg","datePublished":"2024-12-11T21:28:19+00:00","author":{"@id":"https:\/\/www.noticiasradioreflejos.com.ar\/2021\/#\/schema\/person\/ad82545263dcc5ec0996818884fd5fb1"},"breadcrumb":{"@id":"https:\/\/www.noticiasradioreflejos.com.ar\/2021\/sergio-bordoni-con-la-inoperancia-que-tienen-desde-el-concejo-deliberante-si-hubieran-ganado-el-municipio-ya-lo-hubieran-chocado\/#breadcrumb"},"inLanguage":"es","potentialAction":[{"@type":"ReadAction","target":["https:\/\/www.noticiasradioreflejos.com.ar\/2021\/sergio-bordoni-con-la-inoperancia-que-tienen-desde-el-concejo-deliberante-si-hubieran-ganado-el-municipio-ya-lo-hubieran-chocado\/"]}]},{"@type":"ImageObject","inLanguage":"es","@id":"https:\/\/www.noticiasradioreflejos.com.ar\/2021\/sergio-bordoni-con-la-inoperancia-que-tienen-desde-el-concejo-deliberante-si-hubieran-ganado-el-municipio-ya-lo-hubieran-chocado\/#primaryimage","url":"https:\/\/www.noticiasradioreflejos.com.ar\/2021\/wp-content\/uploads\/2024\/12\/Sergio-Bordoni.jpg","contentUrl":"https:\/\/www.noticiasradioreflejos.com.ar\/2021\/wp-content\/uploads\/2024\/12\/Sergio-Bordoni.jpg","width":2048,"height":1366},{"@type":"BreadcrumbList","@id":"https:\/\/www.noticiasradioreflejos.com.ar\/2021\/sergio-bordoni-con-la-inoperancia-que-tienen-desde-el-concejo-deliberante-si-hubieran-ganado-el-municipio-ya-lo-hubieran-chocado\/#breadcrumb","itemListElement":[{"@type":"ListItem","position":1,"name":"Portada","item":"https:\/\/www.noticiasradioreflejos.com.ar\/2021\/"},{"@type":"ListItem","position":2,"name":"Sergio Bordoni: \u00abcon la inoperancia que tienen desde el Concejo Deliberante si hubieran ganado el municipio ya lo hubieran chocado.\u00bb"}]},{"@type":"WebSite","@id":"https:\/\/www.noticiasradioreflejos.com.ar\/2021\/#website","url":"https:\/\/www.noticiasradioreflejos.com.ar\/2021\/","name":"Noticias Radio Reflejos","description":"Las noticias de mi comarca","potentialAction":[{"@type":"SearchAction","target":{"@type":"EntryPoint","urlTemplate":"https:\/\/www.noticiasradioreflejos.com.ar\/2021\/?s={search_term_string}"},"query-input":{"@type":"PropertyValueSpecification","valueRequired":true,"valueName":"search_term_string"}}],"inLanguage":"es"},{"@type":"Person","@id":"https:\/\/www.noticiasradioreflejos.com.ar\/2021\/#\/schema\/person\/ad82545263dcc5ec0996818884fd5fb1","name":"Arnaldo Botto","image":{"@type":"ImageObject","inLanguage":"es","@id":"https:\/\/www.noticiasradioreflejos.com.ar\/2021\/#\/schema\/person\/image\/","url":"https:\/\/secure.gravatar.com\/avatar\/55cb5e37c1efa326397366e6974cb338056df65cb50e7d64d1cf314e87504837?s=96&d=mm&r=g","contentUrl":"https:\/\/secure.gravatar.com\/avatar\/55cb5e37c1efa326397366e6974cb338056df65cb50e7d64d1cf314e87504837?s=96&d=mm&r=g","caption":"Arnaldo Botto"},"url":"https:\/\/www.noticiasradioreflejos.com.ar\/2021\/author\/arnaldo\/"}]}},"_links":{"self":[{"href":"https:\/\/www.noticiasradioreflejos.com.ar\/2021\/wp-json\/wp\/v2\/posts\/110605","targetHints":{"allow":["GET"]}}],"collection":[{"href":"https:\/\/www.noticiasradioreflejos.com.ar\/2021\/wp-json\/wp\/v2\/posts"}],"about":[{"href":"https:\/\/www.noticiasradioreflejos.com.ar\/2021\/wp-json\/wp\/v2\/types\/post"}],"author":[{"embeddable":true,"href":"https:\/\/www.noticiasradioreflejos.com.ar\/2021\/wp-json\/wp\/v2\/users\/3"}],"replies":[{"embeddable":true,"href":"https:\/\/www.noticiasradioreflejos.com.ar\/2021\/wp-json\/wp\/v2\/comments?post=110605"}],"version-history":[{"count":1,"href":"https:\/\/www.noticiasradioreflejos.com.ar\/2021\/wp-json\/wp\/v2\/posts\/110605\/revisions"}],"predecessor-version":[{"id":110607,"href":"https:\/\/www.noticiasradioreflejos.com.ar\/2021\/wp-json\/wp\/v2\/posts\/110605\/revisions\/110607"}],"wp:featuredmedia":[{"embeddable":true,"href":"https:\/\/www.noticiasradioreflejos.com.ar\/2021\/wp-json\/wp\/v2\/media\/110606"}],"wp:attachment":[{"href":"https:\/\/www.noticiasradioreflejos.com.ar\/2021\/wp-json\/wp\/v2\/media?parent=110605"}],"wp:term":[{"taxonomy":"category","embeddable":true,"href":"https:\/\/www.noticiasradioreflejos.com.ar\/2021\/wp-json\/wp\/v2\/categories?post=110605"},{"taxonomy":"post_tag","embeddable":true,"href":"https:\/\/www.noticiasradioreflejos.com.ar\/2021\/wp-json\/wp\/v2\/tags?post=110605"}],"curies":[{"name":"wp","href":"https:\/\/api.w.org\/{rel}","templated":true}]}}