{"id":110580,"date":"2024-12-11T07:21:57","date_gmt":"2024-12-11T10:21:57","guid":{"rendered":"https:\/\/www.noticiasradioreflejos.com.ar\/2021\/?p=110580"},"modified":"2024-12-11T07:21:57","modified_gmt":"2024-12-11T10:21:57","slug":"una-aspera-reunion-en-villa-la-arcadia-los-vecinos-entregaron-petitorio-al-intendente-moccero","status":"publish","type":"post","link":"https:\/\/www.noticiasradioreflejos.com.ar\/2021\/una-aspera-reunion-en-villa-la-arcadia-los-vecinos-entregaron-petitorio-al-intendente-moccero\/","title":{"rendered":"Una \u00e1spera reuni\u00f3n en Villa La Arcadia: los vecinos \u00a0entregaron petitorio al Intendente Moccero"},"content":{"rendered":"<p>En el d\u00eca de ayer vecinos autoconvocados\u00a0 de la localidad de Villa La Arcadia, la cual comprende la villa hom\u00f3nima m\u00e1s el Barrio Ceferino y los Jardines de Pillahuinco, mantuvieron una reuni\u00f3n con el Intendente del Partido de Coronel Suarez, Ricardo Moccero y todo su gabinete , en la que se present\u00f3 al nuevo delegado municipal Sr. Sergio Gomez.<!--more--><\/p>\n<p>El encuentro se inici\u00f3 a las 15 hs , se prolong\u00f3 hasta las 18 y se realiz\u00f3 en el Parque Hotel Pillahuinco, que cedi\u00f3 gentilmente sus instalaciones.<\/p>\n<p>En dicha reuni\u00f3n se conversaron distintos temas de las problem\u00e1ticas que afectan a Villa La Arcadia en su totalidad, que estaban puntualizadas en el petitorio entregado y le\u00eddo al Intendente, como ser la seguridad y funci\u00f3n policial, la falta de maquinaria vial y herramientas para equipar a los trabajadores de la Delegaci\u00f3n, la conservaci\u00f3n \u00a0y riego de las calles y control de la velocidad en la v\u00eda p\u00fablica, la gesti\u00f3n de los residuos, el cuidado de los espacios naturales como pastizales, cursos de agua y fumigaci\u00f3n de los campos lindantes con los barrios, m\u00e1s\u00a0 el cuidado y reposici\u00f3n de juegos infantiles\u00a0 en la plaza.<\/p>\n<p>En la asamblea tambi\u00e9n se habl\u00f3 de mejorar la comunicaci\u00f3n entre funcionarios y vecinos, hoy casi inexistente para que se elabore una agenda de conocimiento p\u00fablico en la que se informen previamente las visitas a nuestra delegaci\u00f3n de los agentes \u00a0de las distintas \u00e1reas de la gesti\u00f3n municipal.<\/p>\n<p>Fuera del petitorio se hablaron de otros temas de inter\u00e9s como la falta de una v\u00eda alternativa para comunicar la Villa con Sierra de la Ventana adem\u00e1s del puente sobre el r\u00edo Sauce Grande y el vado que cruza el curso de agua a la altura del Barrio Ceferino, el cual se inutiliza durante las crecidas del r\u00edo.<\/p>\n<p>Tambi\u00e9n se habl\u00f3 de las necesidades y servicios municipales\u00a0 insatisfechos particulares de cada barrio que integra\u00a0 la localidad.<\/p>\n<p>Al finalizar la asamblea algunos vecinos tuvieron la oportunidad de charlar \u00a0sobre inquietudes particulares, con miembros del gabinete municipal<\/p>\n<p>Como balance, m\u00e1s all\u00e1 de que la reuni\u00f3n fue por momentos \u00e1spera y desordenada, \u00a0se puede afirmar que el Intendente \u00a0Moccero manifest\u00f3 no\u00a0 hacer promesas, comprometi\u00e9ndose \u00e9l y los funcionarios que lo acompa\u00f1aban a agilizar los mecanismos de comunicaci\u00f3n entre vecinos y agentes municipales para dar curso a los reclamos que se presentaron.<\/p>\n<p>&nbsp;<\/p>\n<h4>El petitorio entregado<\/h4>\n<p>&nbsp;<\/p>\n<p><iframe loading=\"lazy\" class=\"scribd_iframe_embed\" tabindex=\"0\" title=\"Petitorio 10 Dic 2024 Definitivo\" src=\"https:\/\/www.scribd.com\/embeds\/803431215\/content?start_page=1&amp;view_mode=scroll&amp;access_key=key-0o4oECEaOPfmjntgvchF\" width=\"100%\" height=\"600\" frameborder=\"0\" scrolling=\"no\" data-auto-height=\"true\" data-aspect-ratio=\"0.7080062794348508\"><\/iframe><\/p>\n<p style=\"margin: 12px auto 6px auto; font-family: Helvetica,Arial,Sans-serif; font-style: normal; font-variant: normal; font-weight: normal; font-size: 14px; line-height: normal; font-size-adjust: none; font-stretch: normal; -x-system-font: none; display: block;\"><a style=\"text-decoration: underline;\" title=\"View Petitorio 10 Dic 2024 Definitivo on Scribd\" href=\"https:\/\/www.scribd.com\/document\/803431215\/Petitorio-10-Dic-2024-Definitivo#from_embed\">Petitorio 10 Dic 2024 Defin&#8230;<\/a> by <a style=\"text-decoration: underline;\" title=\"View FM Reflejos Sierra de la Ventana's profile on Scribd\" href=\"https:\/\/www.scribd.com\/user\/128459674\/FM-Reflejos-Sierra-de-la-Ventana#from_embed\">FM Reflejos Sierra de la Ve&#8230;<\/a><\/p>\n","protected":false},"excerpt":{"rendered":"<p>En el d\u00eca de ayer vecinos autoconvocados\u00a0 de la localidad de Villa La Arcadia, la cual comprende la villa hom\u00f3nima m\u00e1s el Barrio Ceferino y los Jardines de Pillahuinco, mantuvieron una reuni\u00f3n con el Intendente del Partido de Coronel Suarez, Ricardo Moccero y todo su gabinete , en la que se present\u00f3 al nuevo delegado [&hellip;]<\/p>\n","protected":false},"author":3,"featured_media":0,"comment_status":"closed","ping_status":"closed","sticky":false,"template":"","format":"standard","meta":{"footnotes":""},"categories":[24],"tags":[48],"class_list":["post-110580","post","type-post","status-publish","format-standard","hentry","category-politica","tag-destacada"],"yoast_head":"<!-- This site is optimized with the Yoast SEO plugin v25.9 - https:\/\/yoast.com\/wordpress\/plugins\/seo\/ -->\n<title>Una \u00e1spera reuni\u00f3n en Villa La Arcadia: los vecinos \u00a0entregaron petitorio al Intendente Moccero - Noticias Radio Reflejos<\/title>\n<meta name=\"robots\" content=\"index, follow, max-snippet:-1, max-image-preview:large, max-video-preview:-1\" \/>\n<link rel=\"canonical\" href=\"https:\/\/www.noticiasradioreflejos.com.ar\/2021\/una-aspera-reunion-en-villa-la-arcadia-los-vecinos-entregaron-petitorio-al-intendente-moccero\/\" \/>\n<meta property=\"og:locale\" content=\"es_ES\" \/>\n<meta property=\"og:type\" content=\"article\" \/>\n<meta property=\"og:title\" content=\"Una \u00e1spera reuni\u00f3n en Villa La Arcadia: los vecinos \u00a0entregaron petitorio al Intendente Moccero - Noticias Radio Reflejos\" \/>\n<meta property=\"og:description\" content=\"En el d\u00eca de ayer vecinos autoconvocados\u00a0 de la localidad de Villa La Arcadia, la cual comprende la villa hom\u00f3nima m\u00e1s el Barrio Ceferino y los Jardines de Pillahuinco, mantuvieron una reuni\u00f3n con el Intendente del Partido de Coronel Suarez, Ricardo Moccero y todo su gabinete , en la que se present\u00f3 al nuevo delegado [&hellip;]\" \/>\n<meta property=\"og:url\" content=\"https:\/\/www.noticiasradioreflejos.com.ar\/2021\/una-aspera-reunion-en-villa-la-arcadia-los-vecinos-entregaron-petitorio-al-intendente-moccero\/\" \/>\n<meta property=\"og:site_name\" content=\"Noticias Radio Reflejos\" \/>\n<meta property=\"article:published_time\" content=\"2024-12-11T10:21:57+00:00\" \/>\n<meta property=\"og:image\" content=\"https:\/\/www.noticiasradioreflejos.com.ar\/2021\/wp-content\/uploads\/2021\/07\/logosol300x200.png\" \/>\n\t<meta property=\"og:image:width\" content=\"300\" \/>\n\t<meta property=\"og:image:height\" content=\"200\" \/>\n\t<meta property=\"og:image:type\" content=\"image\/png\" \/>\n<meta name=\"author\" content=\"Arnaldo Botto\" \/>\n<meta name=\"twitter:card\" content=\"summary_large_image\" \/>\n<script type=\"application\/ld+json\" class=\"yoast-schema-graph\">{\"@context\":\"https:\/\/schema.org\",\"@graph\":[{\"@type\":\"WebPage\",\"@id\":\"https:\/\/www.noticiasradioreflejos.com.ar\/2021\/una-aspera-reunion-en-villa-la-arcadia-los-vecinos-entregaron-petitorio-al-intendente-moccero\/\",\"url\":\"https:\/\/www.noticiasradioreflejos.com.ar\/2021\/una-aspera-reunion-en-villa-la-arcadia-los-vecinos-entregaron-petitorio-al-intendente-moccero\/\",\"name\":\"Una \u00e1spera reuni\u00f3n en Villa La Arcadia: los vecinos \u00a0entregaron petitorio al Intendente Moccero - Noticias Radio Reflejos\",\"isPartOf\":{\"@id\":\"https:\/\/www.noticiasradioreflejos.com.ar\/2021\/#website\"},\"datePublished\":\"2024-12-11T10:21:57+00:00\",\"author\":{\"@id\":\"https:\/\/www.noticiasradioreflejos.com.ar\/2021\/#\/schema\/person\/ad82545263dcc5ec0996818884fd5fb1\"},\"breadcrumb\":{\"@id\":\"https:\/\/www.noticiasradioreflejos.com.ar\/2021\/una-aspera-reunion-en-villa-la-arcadia-los-vecinos-entregaron-petitorio-al-intendente-moccero\/#breadcrumb\"},\"inLanguage\":\"es\",\"potentialAction\":[{\"@type\":\"ReadAction\",\"target\":[\"https:\/\/www.noticiasradioreflejos.com.ar\/2021\/una-aspera-reunion-en-villa-la-arcadia-los-vecinos-entregaron-petitorio-al-intendente-moccero\/\"]}]},{\"@type\":\"BreadcrumbList\",\"@id\":\"https:\/\/www.noticiasradioreflejos.com.ar\/2021\/una-aspera-reunion-en-villa-la-arcadia-los-vecinos-entregaron-petitorio-al-intendente-moccero\/#breadcrumb\",\"itemListElement\":[{\"@type\":\"ListItem\",\"position\":1,\"name\":\"Portada\",\"item\":\"https:\/\/www.noticiasradioreflejos.com.ar\/2021\/\"},{\"@type\":\"ListItem\",\"position\":2,\"name\":\"Una \u00e1spera reuni\u00f3n en Villa La Arcadia: los vecinos \u00a0entregaron petitorio al Intendente Moccero\"}]},{\"@type\":\"WebSite\",\"@id\":\"https:\/\/www.noticiasradioreflejos.com.ar\/2021\/#website\",\"url\":\"https:\/\/www.noticiasradioreflejos.com.ar\/2021\/\",\"name\":\"Noticias Radio Reflejos\",\"description\":\"Las noticias de mi comarca\",\"potentialAction\":[{\"@type\":\"SearchAction\",\"target\":{\"@type\":\"EntryPoint\",\"urlTemplate\":\"https:\/\/www.noticiasradioreflejos.com.ar\/2021\/?s={search_term_string}\"},\"query-input\":{\"@type\":\"PropertyValueSpecification\",\"valueRequired\":true,\"valueName\":\"search_term_string\"}}],\"inLanguage\":\"es\"},{\"@type\":\"Person\",\"@id\":\"https:\/\/www.noticiasradioreflejos.com.ar\/2021\/#\/schema\/person\/ad82545263dcc5ec0996818884fd5fb1\",\"name\":\"Arnaldo Botto\",\"image\":{\"@type\":\"ImageObject\",\"inLanguage\":\"es\",\"@id\":\"https:\/\/www.noticiasradioreflejos.com.ar\/2021\/#\/schema\/person\/image\/\",\"url\":\"https:\/\/secure.gravatar.com\/avatar\/55cb5e37c1efa326397366e6974cb338056df65cb50e7d64d1cf314e87504837?s=96&d=mm&r=g\",\"contentUrl\":\"https:\/\/secure.gravatar.com\/avatar\/55cb5e37c1efa326397366e6974cb338056df65cb50e7d64d1cf314e87504837?s=96&d=mm&r=g\",\"caption\":\"Arnaldo Botto\"},\"url\":\"https:\/\/www.noticiasradioreflejos.com.ar\/2021\/author\/arnaldo\/\"}]}<\/script>\n<!-- \/ Yoast SEO plugin. -->","yoast_head_json":{"title":"Una \u00e1spera reuni\u00f3n en Villa La Arcadia: los vecinos \u00a0entregaron petitorio al Intendente Moccero - Noticias Radio Reflejos","robots":{"index":"index","follow":"follow","max-snippet":"max-snippet:-1","max-image-preview":"max-image-preview:large","max-video-preview":"max-video-preview:-1"},"canonical":"https:\/\/www.noticiasradioreflejos.com.ar\/2021\/una-aspera-reunion-en-villa-la-arcadia-los-vecinos-entregaron-petitorio-al-intendente-moccero\/","og_locale":"es_ES","og_type":"article","og_title":"Una \u00e1spera reuni\u00f3n en Villa La Arcadia: los vecinos \u00a0entregaron petitorio al Intendente Moccero - Noticias Radio Reflejos","og_description":"En el d\u00eca de ayer vecinos autoconvocados\u00a0 de la localidad de Villa La Arcadia, la cual comprende la villa hom\u00f3nima m\u00e1s el Barrio Ceferino y los Jardines de Pillahuinco, mantuvieron una reuni\u00f3n con el Intendente del Partido de Coronel Suarez, Ricardo Moccero y todo su gabinete , en la que se present\u00f3 al nuevo delegado [&hellip;]","og_url":"https:\/\/www.noticiasradioreflejos.com.ar\/2021\/una-aspera-reunion-en-villa-la-arcadia-los-vecinos-entregaron-petitorio-al-intendente-moccero\/","og_site_name":"Noticias Radio Reflejos","article_published_time":"2024-12-11T10:21:57+00:00","og_image":[{"width":300,"height":200,"url":"https:\/\/www.noticiasradioreflejos.com.ar\/2021\/wp-content\/uploads\/2021\/07\/logosol300x200.png","type":"image\/png"}],"author":"Arnaldo Botto","twitter_card":"summary_large_image","schema":{"@context":"https:\/\/schema.org","@graph":[{"@type":"WebPage","@id":"https:\/\/www.noticiasradioreflejos.com.ar\/2021\/una-aspera-reunion-en-villa-la-arcadia-los-vecinos-entregaron-petitorio-al-intendente-moccero\/","url":"https:\/\/www.noticiasradioreflejos.com.ar\/2021\/una-aspera-reunion-en-villa-la-arcadia-los-vecinos-entregaron-petitorio-al-intendente-moccero\/","name":"Una \u00e1spera reuni\u00f3n en Villa La Arcadia: los vecinos \u00a0entregaron petitorio al Intendente Moccero - Noticias Radio Reflejos","isPartOf":{"@id":"https:\/\/www.noticiasradioreflejos.com.ar\/2021\/#website"},"datePublished":"2024-12-11T10:21:57+00:00","author":{"@id":"https:\/\/www.noticiasradioreflejos.com.ar\/2021\/#\/schema\/person\/ad82545263dcc5ec0996818884fd5fb1"},"breadcrumb":{"@id":"https:\/\/www.noticiasradioreflejos.com.ar\/2021\/una-aspera-reunion-en-villa-la-arcadia-los-vecinos-entregaron-petitorio-al-intendente-moccero\/#breadcrumb"},"inLanguage":"es","potentialAction":[{"@type":"ReadAction","target":["https:\/\/www.noticiasradioreflejos.com.ar\/2021\/una-aspera-reunion-en-villa-la-arcadia-los-vecinos-entregaron-petitorio-al-intendente-moccero\/"]}]},{"@type":"BreadcrumbList","@id":"https:\/\/www.noticiasradioreflejos.com.ar\/2021\/una-aspera-reunion-en-villa-la-arcadia-los-vecinos-entregaron-petitorio-al-intendente-moccero\/#breadcrumb","itemListElement":[{"@type":"ListItem","position":1,"name":"Portada","item":"https:\/\/www.noticiasradioreflejos.com.ar\/2021\/"},{"@type":"ListItem","position":2,"name":"Una \u00e1spera reuni\u00f3n en Villa La Arcadia: los vecinos \u00a0entregaron petitorio al Intendente Moccero"}]},{"@type":"WebSite","@id":"https:\/\/www.noticiasradioreflejos.com.ar\/2021\/#website","url":"https:\/\/www.noticiasradioreflejos.com.ar\/2021\/","name":"Noticias Radio Reflejos","description":"Las noticias de mi comarca","potentialAction":[{"@type":"SearchAction","target":{"@type":"EntryPoint","urlTemplate":"https:\/\/www.noticiasradioreflejos.com.ar\/2021\/?s={search_term_string}"},"query-input":{"@type":"PropertyValueSpecification","valueRequired":true,"valueName":"search_term_string"}}],"inLanguage":"es"},{"@type":"Person","@id":"https:\/\/www.noticiasradioreflejos.com.ar\/2021\/#\/schema\/person\/ad82545263dcc5ec0996818884fd5fb1","name":"Arnaldo Botto","image":{"@type":"ImageObject","inLanguage":"es","@id":"https:\/\/www.noticiasradioreflejos.com.ar\/2021\/#\/schema\/person\/image\/","url":"https:\/\/secure.gravatar.com\/avatar\/55cb5e37c1efa326397366e6974cb338056df65cb50e7d64d1cf314e87504837?s=96&d=mm&r=g","contentUrl":"https:\/\/secure.gravatar.com\/avatar\/55cb5e37c1efa326397366e6974cb338056df65cb50e7d64d1cf314e87504837?s=96&d=mm&r=g","caption":"Arnaldo Botto"},"url":"https:\/\/www.noticiasradioreflejos.com.ar\/2021\/author\/arnaldo\/"}]}},"_links":{"self":[{"href":"https:\/\/www.noticiasradioreflejos.com.ar\/2021\/wp-json\/wp\/v2\/posts\/110580","targetHints":{"allow":["GET"]}}],"collection":[{"href":"https:\/\/www.noticiasradioreflejos.com.ar\/2021\/wp-json\/wp\/v2\/posts"}],"about":[{"href":"https:\/\/www.noticiasradioreflejos.com.ar\/2021\/wp-json\/wp\/v2\/types\/post"}],"author":[{"embeddable":true,"href":"https:\/\/www.noticiasradioreflejos.com.ar\/2021\/wp-json\/wp\/v2\/users\/3"}],"replies":[{"embeddable":true,"href":"https:\/\/www.noticiasradioreflejos.com.ar\/2021\/wp-json\/wp\/v2\/comments?post=110580"}],"version-history":[{"count":1,"href":"https:\/\/www.noticiasradioreflejos.com.ar\/2021\/wp-json\/wp\/v2\/posts\/110580\/revisions"}],"predecessor-version":[{"id":110582,"href":"https:\/\/www.noticiasradioreflejos.com.ar\/2021\/wp-json\/wp\/v2\/posts\/110580\/revisions\/110582"}],"wp:attachment":[{"href":"https:\/\/www.noticiasradioreflejos.com.ar\/2021\/wp-json\/wp\/v2\/media?parent=110580"}],"wp:term":[{"taxonomy":"category","embeddable":true,"href":"https:\/\/www.noticiasradioreflejos.com.ar\/2021\/wp-json\/wp\/v2\/categories?post=110580"},{"taxonomy":"post_tag","embeddable":true,"href":"https:\/\/www.noticiasradioreflejos.com.ar\/2021\/wp-json\/wp\/v2\/tags?post=110580"}],"curies":[{"name":"wp","href":"https:\/\/api.w.org\/{rel}","templated":true}]}}