{"id":110574,"date":"2024-12-11T07:03:21","date_gmt":"2024-12-11T10:03:21","guid":{"rendered":"https:\/\/www.noticiasradioreflejos.com.ar\/2021\/?p=110574"},"modified":"2024-12-11T07:03:35","modified_gmt":"2024-12-11T10:03:35","slug":"miercoles-inestable-con-tormentas-hay-alertas-naranja-y-amarilla-para-sierra-de-la-ventana-y-la-region","status":"publish","type":"post","link":"https:\/\/www.noticiasradioreflejos.com.ar\/2021\/miercoles-inestable-con-tormentas-hay-alertas-naranja-y-amarilla-para-sierra-de-la-ventana-y-la-region\/","title":{"rendered":"Mi\u00e9rcoles inestable con tormentas: hay alertas naranja y amarilla para Sierra\u00a0 de la Ventana y la regi\u00f3n"},"content":{"rendered":"<p>Las condiciones adversas se dar\u00edan en las pr\u00f3ximas horas en todo el Sudoeste Bonaerense.<!--more--><\/p>\n<div class=\"articulo__cuerpo\">\n<div id=\"autor-cls\" class=\"articulo__opinologo activo\">\n<div class=\"autor_detalle\"><\/div>\n<\/div>\n<div id=\"autor-opn\" class=\"articulo__opinologo contenedor-gral\">\n<p>El pron\u00f3stico de tormentas con lluvias, granizo y actividad el\u00e9ctrica hizo que el Servicio Meteorol\u00f3gico Nacional emitiera dos alertas, uno amarillo y otro naranja, para\u00a0 la regi\u00f3n para las pr\u00f3ximas horas.<\/p>\n<\/div>\n<p>Seg\u00fan inform\u00f3 el organismo, el fen\u00f3meno est\u00e1 previsto para desarrollarse entre las primeras horas del mi\u00e9rcoles, adem\u00e1s de la tarde y medianoche en distintos sectores del Sudoeste Bonaerense.<\/p>\n<p>Para las primeras horas del mi\u00e9rcoles, el SMN se\u00f1al\u00f3 que el \u00e1rea ser\u00e1 afectada por tormentas, algunas de las cuales podr\u00edan ser localmente fuertes o severas.<\/p>\n<p>\u201cEstas tormentas estar\u00e1n acompa\u00f1adas de r\u00e1fagas intensas, ca\u00edda de granizo, actividad el\u00e9ctrica significativa y abundante ca\u00edda de agua en cortos per\u00edodos. Se prev\u00e9n valores de precipitaci\u00f3n acumulada entre 30 y 60 mil\u00edmetros, pudiendo ser superados en forma puntual\u201d, se indic\u00f3.<\/p>\n<p>En este caso, el alerta amarilla comprende al distrito de Patagones, oeste de Villarino, Puan, la mayor parte de Saavedra, Tornquist, Coronel Pringles y Coronel Su\u00e1rez, y el norte de Bah\u00eda Blanca y Coronel Rosales. Tambi\u00e9n incluye al noreste rionegrino y el este de La Pampa.<\/p>\n<p>Por su parte, este\u00a0mi\u00e9rcoles se repetir\u00edan las condiciones de tormenta, aunque el nivel de peligrosidad se intensificar\u00eda en la costa de Patagones y en parte de R\u00edo Negro, alcanzando al alerta naranja.<\/p>\n<p>&nbsp;<\/p>\n<div class=\"fixed-container undefined direction-center\"><img decoding=\"async\" class=\"i-amphtml-fill-content i-amphtml-replaced-content\" title=\"\" src=\"https:\/\/px.cdn.lanueva.com\/122024\/1733874110590\/241210%20alerta%20martes.jpeg?cw=807\" alt=\"\" \/><\/div>\n<p>&nbsp;<\/p>\n<p>En este caso, se esperan precipitaciones de hasta 60 mil\u00edmetros.<\/p>\n<p>Por su parte, en el resto de la regi\u00f3n se mantienen las condiciones de alerta amarilla por tormenta para la tarde-noche del mi\u00e9rcoles.<\/p>\n<p>\u201cEl \u00e1rea ser\u00e1 afectada por tormentas, algunas de las cuales podr\u00edan ser localmente fuertes o severas\u201d, se indic\u00f3 desde el SMN.<\/p>\n<p>El alerta comprende el oeste de Patagones y los distritos de Villarino, Puan, Adolfo Alsina, Guamin\u00ed, Coronel Su\u00e1rez, Saavedra, Coronel Pringles, Tornquist, Coronel Dorrego, Bah\u00eda Blanca, Coronel Rosales y Monte Hermoso. Tambi\u00e9n se inlcuye al este pampeano.<\/p>\n<p>&nbsp;<\/p>\n<div class=\"fixed-container undefined direction-center\"><img decoding=\"async\" class=\"i-amphtml-fill-content i-amphtml-replaced-content\" title=\"\" src=\"https:\/\/px.cdn.lanueva.com\/122024\/1733874135132\/241210%20alerta%20miercoles.jpeg?cw=807\" alt=\"\" \/><\/div>\n<p>&nbsp;<\/p>\n<p>En este contexto, el SMN brind\u00f3 recomendaciones para minimizar riesgos: evitar sacar la basura y retirar objetos que puedan obstruir el escurrimiento del agua; abstenerse de realizar actividades al aire libre; y no refugiarse cerca de \u00e1rboles o postes de electricidad susceptibles a ca\u00eddas.<\/p>\n<p>Asimismo, se aconseja alejarse de playas, r\u00edos, lagunas o piletas para reducir el riesgo de impacto por rayos, estar atentos a la posible ca\u00edda de granizo y mantenerse informado a trav\u00e9s de las autoridades locales.<\/p>\n<p>Tambi\u00e9n se recomienda tener preparada una mochila de emergencias con elementos esenciales como linterna, radio, documentos y tel\u00e9fono m\u00f3vil.<\/p>\n<\/div>\n","protected":false},"excerpt":{"rendered":"<p>Las condiciones adversas se dar\u00edan en las pr\u00f3ximas horas en todo el Sudoeste Bonaerense.<\/p>\n","protected":false},"author":3,"featured_media":99114,"comment_status":"closed","ping_status":"closed","sticky":false,"template":"","format":"standard","meta":{"footnotes":""},"categories":[46],"tags":[48],"class_list":["post-110574","post","type-post","status-publish","format-standard","has-post-thumbnail","hentry","category-ciencia-y-tecnologia","tag-destacada"],"yoast_head":"<!-- This site is optimized with the Yoast SEO plugin v25.9 - https:\/\/yoast.com\/wordpress\/plugins\/seo\/ -->\n<title>Mi\u00e9rcoles inestable con tormentas: hay alertas naranja y amarilla para Sierra\u00a0 de la Ventana y la regi\u00f3n - Noticias Radio Reflejos<\/title>\n<meta name=\"robots\" content=\"index, follow, max-snippet:-1, max-image-preview:large, max-video-preview:-1\" \/>\n<link rel=\"canonical\" href=\"https:\/\/www.noticiasradioreflejos.com.ar\/2021\/miercoles-inestable-con-tormentas-hay-alertas-naranja-y-amarilla-para-sierra-de-la-ventana-y-la-region\/\" \/>\n<meta property=\"og:locale\" content=\"es_ES\" \/>\n<meta property=\"og:type\" content=\"article\" \/>\n<meta property=\"og:title\" content=\"Mi\u00e9rcoles inestable con tormentas: hay alertas naranja y amarilla para Sierra\u00a0 de la Ventana y la regi\u00f3n - Noticias Radio Reflejos\" \/>\n<meta property=\"og:description\" content=\"Las condiciones adversas se dar\u00edan en las pr\u00f3ximas horas en todo el Sudoeste Bonaerense.\" \/>\n<meta property=\"og:url\" content=\"https:\/\/www.noticiasradioreflejos.com.ar\/2021\/miercoles-inestable-con-tormentas-hay-alertas-naranja-y-amarilla-para-sierra-de-la-ventana-y-la-region\/\" \/>\n<meta property=\"og:site_name\" content=\"Noticias Radio Reflejos\" \/>\n<meta property=\"article:published_time\" content=\"2024-12-11T10:03:21+00:00\" \/>\n<meta property=\"article:modified_time\" content=\"2024-12-11T10:03:35+00:00\" \/>\n<meta property=\"og:image\" content=\"https:\/\/www.noticiasradioreflejos.com.ar\/2021\/wp-content\/uploads\/2024\/02\/Tormenta-lluvias-4.jpeg\" \/>\n\t<meta property=\"og:image:width\" content=\"1600\" \/>\n\t<meta property=\"og:image:height\" content=\"1197\" \/>\n\t<meta property=\"og:image:type\" content=\"image\/jpeg\" \/>\n<meta name=\"author\" content=\"Arnaldo Botto\" \/>\n<meta name=\"twitter:card\" content=\"summary_large_image\" \/>\n<script type=\"application\/ld+json\" class=\"yoast-schema-graph\">{\"@context\":\"https:\/\/schema.org\",\"@graph\":[{\"@type\":\"WebPage\",\"@id\":\"https:\/\/www.noticiasradioreflejos.com.ar\/2021\/miercoles-inestable-con-tormentas-hay-alertas-naranja-y-amarilla-para-sierra-de-la-ventana-y-la-region\/\",\"url\":\"https:\/\/www.noticiasradioreflejos.com.ar\/2021\/miercoles-inestable-con-tormentas-hay-alertas-naranja-y-amarilla-para-sierra-de-la-ventana-y-la-region\/\",\"name\":\"Mi\u00e9rcoles inestable con tormentas: hay alertas naranja y amarilla para Sierra\u00a0 de la Ventana y la regi\u00f3n - Noticias Radio Reflejos\",\"isPartOf\":{\"@id\":\"https:\/\/www.noticiasradioreflejos.com.ar\/2021\/#website\"},\"primaryImageOfPage\":{\"@id\":\"https:\/\/www.noticiasradioreflejos.com.ar\/2021\/miercoles-inestable-con-tormentas-hay-alertas-naranja-y-amarilla-para-sierra-de-la-ventana-y-la-region\/#primaryimage\"},\"image\":{\"@id\":\"https:\/\/www.noticiasradioreflejos.com.ar\/2021\/miercoles-inestable-con-tormentas-hay-alertas-naranja-y-amarilla-para-sierra-de-la-ventana-y-la-region\/#primaryimage\"},\"thumbnailUrl\":\"https:\/\/www.noticiasradioreflejos.com.ar\/2021\/wp-content\/uploads\/2024\/02\/Tormenta-lluvias-4.jpeg\",\"datePublished\":\"2024-12-11T10:03:21+00:00\",\"dateModified\":\"2024-12-11T10:03:35+00:00\",\"author\":{\"@id\":\"https:\/\/www.noticiasradioreflejos.com.ar\/2021\/#\/schema\/person\/ad82545263dcc5ec0996818884fd5fb1\"},\"breadcrumb\":{\"@id\":\"https:\/\/www.noticiasradioreflejos.com.ar\/2021\/miercoles-inestable-con-tormentas-hay-alertas-naranja-y-amarilla-para-sierra-de-la-ventana-y-la-region\/#breadcrumb\"},\"inLanguage\":\"es\",\"potentialAction\":[{\"@type\":\"ReadAction\",\"target\":[\"https:\/\/www.noticiasradioreflejos.com.ar\/2021\/miercoles-inestable-con-tormentas-hay-alertas-naranja-y-amarilla-para-sierra-de-la-ventana-y-la-region\/\"]}]},{\"@type\":\"ImageObject\",\"inLanguage\":\"es\",\"@id\":\"https:\/\/www.noticiasradioreflejos.com.ar\/2021\/miercoles-inestable-con-tormentas-hay-alertas-naranja-y-amarilla-para-sierra-de-la-ventana-y-la-region\/#primaryimage\",\"url\":\"https:\/\/www.noticiasradioreflejos.com.ar\/2021\/wp-content\/uploads\/2024\/02\/Tormenta-lluvias-4.jpeg\",\"contentUrl\":\"https:\/\/www.noticiasradioreflejos.com.ar\/2021\/wp-content\/uploads\/2024\/02\/Tormenta-lluvias-4.jpeg\",\"width\":1600,\"height\":1197},{\"@type\":\"BreadcrumbList\",\"@id\":\"https:\/\/www.noticiasradioreflejos.com.ar\/2021\/miercoles-inestable-con-tormentas-hay-alertas-naranja-y-amarilla-para-sierra-de-la-ventana-y-la-region\/#breadcrumb\",\"itemListElement\":[{\"@type\":\"ListItem\",\"position\":1,\"name\":\"Portada\",\"item\":\"https:\/\/www.noticiasradioreflejos.com.ar\/2021\/\"},{\"@type\":\"ListItem\",\"position\":2,\"name\":\"Mi\u00e9rcoles inestable con tormentas: hay alertas naranja y amarilla para Sierra\u00a0 de la Ventana y la regi\u00f3n\"}]},{\"@type\":\"WebSite\",\"@id\":\"https:\/\/www.noticiasradioreflejos.com.ar\/2021\/#website\",\"url\":\"https:\/\/www.noticiasradioreflejos.com.ar\/2021\/\",\"name\":\"Noticias Radio Reflejos\",\"description\":\"Las noticias de mi comarca\",\"potentialAction\":[{\"@type\":\"SearchAction\",\"target\":{\"@type\":\"EntryPoint\",\"urlTemplate\":\"https:\/\/www.noticiasradioreflejos.com.ar\/2021\/?s={search_term_string}\"},\"query-input\":{\"@type\":\"PropertyValueSpecification\",\"valueRequired\":true,\"valueName\":\"search_term_string\"}}],\"inLanguage\":\"es\"},{\"@type\":\"Person\",\"@id\":\"https:\/\/www.noticiasradioreflejos.com.ar\/2021\/#\/schema\/person\/ad82545263dcc5ec0996818884fd5fb1\",\"name\":\"Arnaldo Botto\",\"image\":{\"@type\":\"ImageObject\",\"inLanguage\":\"es\",\"@id\":\"https:\/\/www.noticiasradioreflejos.com.ar\/2021\/#\/schema\/person\/image\/\",\"url\":\"https:\/\/secure.gravatar.com\/avatar\/55cb5e37c1efa326397366e6974cb338056df65cb50e7d64d1cf314e87504837?s=96&d=mm&r=g\",\"contentUrl\":\"https:\/\/secure.gravatar.com\/avatar\/55cb5e37c1efa326397366e6974cb338056df65cb50e7d64d1cf314e87504837?s=96&d=mm&r=g\",\"caption\":\"Arnaldo Botto\"},\"url\":\"https:\/\/www.noticiasradioreflejos.com.ar\/2021\/author\/arnaldo\/\"}]}<\/script>\n<!-- \/ Yoast SEO plugin. -->","yoast_head_json":{"title":"Mi\u00e9rcoles inestable con tormentas: hay alertas naranja y amarilla para Sierra\u00a0 de la Ventana y la regi\u00f3n - Noticias Radio Reflejos","robots":{"index":"index","follow":"follow","max-snippet":"max-snippet:-1","max-image-preview":"max-image-preview:large","max-video-preview":"max-video-preview:-1"},"canonical":"https:\/\/www.noticiasradioreflejos.com.ar\/2021\/miercoles-inestable-con-tormentas-hay-alertas-naranja-y-amarilla-para-sierra-de-la-ventana-y-la-region\/","og_locale":"es_ES","og_type":"article","og_title":"Mi\u00e9rcoles inestable con tormentas: hay alertas naranja y amarilla para Sierra\u00a0 de la Ventana y la regi\u00f3n - Noticias Radio Reflejos","og_description":"Las condiciones adversas se dar\u00edan en las pr\u00f3ximas horas en todo el Sudoeste Bonaerense.","og_url":"https:\/\/www.noticiasradioreflejos.com.ar\/2021\/miercoles-inestable-con-tormentas-hay-alertas-naranja-y-amarilla-para-sierra-de-la-ventana-y-la-region\/","og_site_name":"Noticias Radio Reflejos","article_published_time":"2024-12-11T10:03:21+00:00","article_modified_time":"2024-12-11T10:03:35+00:00","og_image":[{"width":1600,"height":1197,"url":"https:\/\/www.noticiasradioreflejos.com.ar\/2021\/wp-content\/uploads\/2024\/02\/Tormenta-lluvias-4.jpeg","type":"image\/jpeg"}],"author":"Arnaldo Botto","twitter_card":"summary_large_image","schema":{"@context":"https:\/\/schema.org","@graph":[{"@type":"WebPage","@id":"https:\/\/www.noticiasradioreflejos.com.ar\/2021\/miercoles-inestable-con-tormentas-hay-alertas-naranja-y-amarilla-para-sierra-de-la-ventana-y-la-region\/","url":"https:\/\/www.noticiasradioreflejos.com.ar\/2021\/miercoles-inestable-con-tormentas-hay-alertas-naranja-y-amarilla-para-sierra-de-la-ventana-y-la-region\/","name":"Mi\u00e9rcoles inestable con tormentas: hay alertas naranja y amarilla para Sierra\u00a0 de la Ventana y la regi\u00f3n - Noticias Radio Reflejos","isPartOf":{"@id":"https:\/\/www.noticiasradioreflejos.com.ar\/2021\/#website"},"primaryImageOfPage":{"@id":"https:\/\/www.noticiasradioreflejos.com.ar\/2021\/miercoles-inestable-con-tormentas-hay-alertas-naranja-y-amarilla-para-sierra-de-la-ventana-y-la-region\/#primaryimage"},"image":{"@id":"https:\/\/www.noticiasradioreflejos.com.ar\/2021\/miercoles-inestable-con-tormentas-hay-alertas-naranja-y-amarilla-para-sierra-de-la-ventana-y-la-region\/#primaryimage"},"thumbnailUrl":"https:\/\/www.noticiasradioreflejos.com.ar\/2021\/wp-content\/uploads\/2024\/02\/Tormenta-lluvias-4.jpeg","datePublished":"2024-12-11T10:03:21+00:00","dateModified":"2024-12-11T10:03:35+00:00","author":{"@id":"https:\/\/www.noticiasradioreflejos.com.ar\/2021\/#\/schema\/person\/ad82545263dcc5ec0996818884fd5fb1"},"breadcrumb":{"@id":"https:\/\/www.noticiasradioreflejos.com.ar\/2021\/miercoles-inestable-con-tormentas-hay-alertas-naranja-y-amarilla-para-sierra-de-la-ventana-y-la-region\/#breadcrumb"},"inLanguage":"es","potentialAction":[{"@type":"ReadAction","target":["https:\/\/www.noticiasradioreflejos.com.ar\/2021\/miercoles-inestable-con-tormentas-hay-alertas-naranja-y-amarilla-para-sierra-de-la-ventana-y-la-region\/"]}]},{"@type":"ImageObject","inLanguage":"es","@id":"https:\/\/www.noticiasradioreflejos.com.ar\/2021\/miercoles-inestable-con-tormentas-hay-alertas-naranja-y-amarilla-para-sierra-de-la-ventana-y-la-region\/#primaryimage","url":"https:\/\/www.noticiasradioreflejos.com.ar\/2021\/wp-content\/uploads\/2024\/02\/Tormenta-lluvias-4.jpeg","contentUrl":"https:\/\/www.noticiasradioreflejos.com.ar\/2021\/wp-content\/uploads\/2024\/02\/Tormenta-lluvias-4.jpeg","width":1600,"height":1197},{"@type":"BreadcrumbList","@id":"https:\/\/www.noticiasradioreflejos.com.ar\/2021\/miercoles-inestable-con-tormentas-hay-alertas-naranja-y-amarilla-para-sierra-de-la-ventana-y-la-region\/#breadcrumb","itemListElement":[{"@type":"ListItem","position":1,"name":"Portada","item":"https:\/\/www.noticiasradioreflejos.com.ar\/2021\/"},{"@type":"ListItem","position":2,"name":"Mi\u00e9rcoles inestable con tormentas: hay alertas naranja y amarilla para Sierra\u00a0 de la Ventana y la regi\u00f3n"}]},{"@type":"WebSite","@id":"https:\/\/www.noticiasradioreflejos.com.ar\/2021\/#website","url":"https:\/\/www.noticiasradioreflejos.com.ar\/2021\/","name":"Noticias Radio Reflejos","description":"Las noticias de mi comarca","potentialAction":[{"@type":"SearchAction","target":{"@type":"EntryPoint","urlTemplate":"https:\/\/www.noticiasradioreflejos.com.ar\/2021\/?s={search_term_string}"},"query-input":{"@type":"PropertyValueSpecification","valueRequired":true,"valueName":"search_term_string"}}],"inLanguage":"es"},{"@type":"Person","@id":"https:\/\/www.noticiasradioreflejos.com.ar\/2021\/#\/schema\/person\/ad82545263dcc5ec0996818884fd5fb1","name":"Arnaldo Botto","image":{"@type":"ImageObject","inLanguage":"es","@id":"https:\/\/www.noticiasradioreflejos.com.ar\/2021\/#\/schema\/person\/image\/","url":"https:\/\/secure.gravatar.com\/avatar\/55cb5e37c1efa326397366e6974cb338056df65cb50e7d64d1cf314e87504837?s=96&d=mm&r=g","contentUrl":"https:\/\/secure.gravatar.com\/avatar\/55cb5e37c1efa326397366e6974cb338056df65cb50e7d64d1cf314e87504837?s=96&d=mm&r=g","caption":"Arnaldo Botto"},"url":"https:\/\/www.noticiasradioreflejos.com.ar\/2021\/author\/arnaldo\/"}]}},"_links":{"self":[{"href":"https:\/\/www.noticiasradioreflejos.com.ar\/2021\/wp-json\/wp\/v2\/posts\/110574","targetHints":{"allow":["GET"]}}],"collection":[{"href":"https:\/\/www.noticiasradioreflejos.com.ar\/2021\/wp-json\/wp\/v2\/posts"}],"about":[{"href":"https:\/\/www.noticiasradioreflejos.com.ar\/2021\/wp-json\/wp\/v2\/types\/post"}],"author":[{"embeddable":true,"href":"https:\/\/www.noticiasradioreflejos.com.ar\/2021\/wp-json\/wp\/v2\/users\/3"}],"replies":[{"embeddable":true,"href":"https:\/\/www.noticiasradioreflejos.com.ar\/2021\/wp-json\/wp\/v2\/comments?post=110574"}],"version-history":[{"count":2,"href":"https:\/\/www.noticiasradioreflejos.com.ar\/2021\/wp-json\/wp\/v2\/posts\/110574\/revisions"}],"predecessor-version":[{"id":110576,"href":"https:\/\/www.noticiasradioreflejos.com.ar\/2021\/wp-json\/wp\/v2\/posts\/110574\/revisions\/110576"}],"wp:featuredmedia":[{"embeddable":true,"href":"https:\/\/www.noticiasradioreflejos.com.ar\/2021\/wp-json\/wp\/v2\/media\/99114"}],"wp:attachment":[{"href":"https:\/\/www.noticiasradioreflejos.com.ar\/2021\/wp-json\/wp\/v2\/media?parent=110574"}],"wp:term":[{"taxonomy":"category","embeddable":true,"href":"https:\/\/www.noticiasradioreflejos.com.ar\/2021\/wp-json\/wp\/v2\/categories?post=110574"},{"taxonomy":"post_tag","embeddable":true,"href":"https:\/\/www.noticiasradioreflejos.com.ar\/2021\/wp-json\/wp\/v2\/tags?post=110574"}],"curies":[{"name":"wp","href":"https:\/\/api.w.org\/{rel}","templated":true}]}}