{"id":110538,"date":"2024-12-10T06:45:23","date_gmt":"2024-12-10T09:45:23","guid":{"rendered":"https:\/\/www.noticiasradioreflejos.com.ar\/2021\/?p=110538"},"modified":"2024-12-10T07:20:02","modified_gmt":"2024-12-10T10:20:02","slug":"martes-soleado-y-caluroso-con-nuevo-alerta-por-tormentas-para-manana","status":"publish","type":"post","link":"https:\/\/www.noticiasradioreflejos.com.ar\/2021\/martes-soleado-y-caluroso-con-nuevo-alerta-por-tormentas-para-manana\/","title":{"rendered":"Martes soleado y caluroso con nuevo alerta por tormentas para ma\u00f1ana."},"content":{"rendered":"<div class=\"articulo__intro\">\n<p>El Servicio Meteorol\u00f3gico Nacional emiti\u00f3 un nuevo alerta amarillo por tormentas para Sierra de la Ventana y gran parte de la regi\u00f3n.<\/p>\n<\/div>\n<p><!--more--><\/p>\n<div class=\"articulo__body\">\n<div class=\"articulo__cuerpo\">\n<p>Para este martes se espera una jornada de hasta 32 grados en la comarca, soleado y vientos suaves del oeste rotando al norte en horas de la tarde, Sobre las ultimas horas del d\u00eda, comenzar\u00e1 a nublarse y durante la madrugada llegar\u00e1 a la zona serrana un frente de tormentas por lo cual el SMN emiti\u00f3 un alerta amarillo, para Tornquist y todo el sudoeste bonaerense.<\/p>\n<p>Seg\u00fan se indic\u00f3 desde el ente, el fen\u00f3meno se dar\u00eda entre la tarde y la medianoche del pr\u00f3ximo mi\u00e9rcoles. Para esas horas, \u00abel \u00e1rea ser\u00e1 afectada por tormentas, algunas localmente fuertes\u00bb.<\/p>\n<p>\u00abLas mismas podr\u00e1n estar acompa\u00f1adas por r\u00e1fagas fuertes, ca\u00edda de granizo ocasional, actividad el\u00e9ctrica intensa y abundante ca\u00edda de agua en cortos per\u00edodos. Se prev\u00e9n valores de precipitaci\u00f3n acumulada entre 15 y 30 mil\u00edmetros, pudiendo ser superados en forma puntual\u00bb, se explic\u00f3 desde el SMN.<\/p>\n<p>El \u00e1rea incluye los distritos de Patagones, Villarino, Puan, Adolfo Alsina, Guamin\u00ed, Coronel Su\u00e1rez, Saavedra, Coronel Pringles, Tornquist, Bah\u00eda Blanca, Coronel Rosales, Monte Hermoso y el norte de Coronel Dorrego.<\/p>\n<p>Tambi\u00e9n comprende al noreste de R\u00edo Negro y el este pampeano.<\/p>\n<p>&nbsp;<\/p>\n<div class=\"fixed-container undefined direction-center\"><img decoding=\"async\" class=\"i-amphtml-fill-content i-amphtml-replaced-content\" title=\"\" src=\"https:\/\/px.cdn.lanueva.com\/122024\/1733784568742\/241209%20alerta.JPG?cw=807\" alt=\"\" \/><\/div>\n<p>&nbsp;<\/p>\n<p>En el marco del alerta amarilla, desde el ente se recomend\u00f3 -para esas horas- no sacar la basura y retirar\u00a0objetos que impidan que el agua escurra; evitar\u00a0actividades al aire libre y no refugiarse\u00a0cerca de \u00e1rboles y postes de electricidad que puedan caerse.<\/p>\n<p>Tambi\u00e9n se pide, de forma de minimizar el riesgo de ser alcanzado por un rayo, no permanecer en playas, r\u00edos, lagunas o piletas; estar atentos\u00a0ante la posible ca\u00edda de granizo y mantenerse informado por autoridades. Tener\u00a0siempre lista una mochila de emergencias con linterna, radio,\u00a0documentos y tel\u00e9fono.<\/p>\n<\/div>\n<\/div>\n","protected":false},"excerpt":{"rendered":"<p>El Servicio Meteorol\u00f3gico Nacional emiti\u00f3 un nuevo alerta amarillo por tormentas para Sierra de la Ventana y gran parte de la regi\u00f3n.<\/p>\n","protected":false},"author":3,"featured_media":86572,"comment_status":"closed","ping_status":"closed","sticky":false,"template":"","format":"standard","meta":{"footnotes":""},"categories":[46],"tags":[48],"class_list":["post-110538","post","type-post","status-publish","format-standard","has-post-thumbnail","hentry","category-ciencia-y-tecnologia","tag-destacada"],"yoast_head":"<!-- This site is optimized with the Yoast SEO plugin v25.9 - https:\/\/yoast.com\/wordpress\/plugins\/seo\/ -->\n<title>Martes soleado y caluroso con nuevo alerta por tormentas para ma\u00f1ana. - Noticias Radio Reflejos<\/title>\n<meta name=\"robots\" content=\"index, follow, max-snippet:-1, max-image-preview:large, max-video-preview:-1\" \/>\n<link rel=\"canonical\" href=\"https:\/\/www.noticiasradioreflejos.com.ar\/2021\/martes-soleado-y-caluroso-con-nuevo-alerta-por-tormentas-para-manana\/\" \/>\n<meta property=\"og:locale\" content=\"es_ES\" \/>\n<meta property=\"og:type\" content=\"article\" \/>\n<meta property=\"og:title\" content=\"Martes soleado y caluroso con nuevo alerta por tormentas para ma\u00f1ana. - Noticias Radio Reflejos\" \/>\n<meta property=\"og:description\" content=\"El Servicio Meteorol\u00f3gico Nacional emiti\u00f3 un nuevo alerta amarillo por tormentas para Sierra de la Ventana y gran parte de la regi\u00f3n.\" \/>\n<meta property=\"og:url\" content=\"https:\/\/www.noticiasradioreflejos.com.ar\/2021\/martes-soleado-y-caluroso-con-nuevo-alerta-por-tormentas-para-manana\/\" \/>\n<meta property=\"og:site_name\" content=\"Noticias Radio Reflejos\" \/>\n<meta property=\"article:published_time\" content=\"2024-12-10T09:45:23+00:00\" \/>\n<meta property=\"article:modified_time\" content=\"2024-12-10T10:20:02+00:00\" \/>\n<meta property=\"og:image\" content=\"https:\/\/www.noticiasradioreflejos.com.ar\/2021\/wp-content\/uploads\/2023\/04\/Sierra-de-la-Ventana.jpg\" \/>\n\t<meta property=\"og:image:width\" content=\"1278\" \/>\n\t<meta property=\"og:image:height\" content=\"1598\" \/>\n\t<meta property=\"og:image:type\" content=\"image\/jpeg\" \/>\n<meta name=\"author\" content=\"Arnaldo Botto\" \/>\n<meta name=\"twitter:card\" content=\"summary_large_image\" \/>\n<script type=\"application\/ld+json\" class=\"yoast-schema-graph\">{\"@context\":\"https:\/\/schema.org\",\"@graph\":[{\"@type\":\"WebPage\",\"@id\":\"https:\/\/www.noticiasradioreflejos.com.ar\/2021\/martes-soleado-y-caluroso-con-nuevo-alerta-por-tormentas-para-manana\/\",\"url\":\"https:\/\/www.noticiasradioreflejos.com.ar\/2021\/martes-soleado-y-caluroso-con-nuevo-alerta-por-tormentas-para-manana\/\",\"name\":\"Martes soleado y caluroso con nuevo alerta por tormentas para ma\u00f1ana. - Noticias Radio Reflejos\",\"isPartOf\":{\"@id\":\"https:\/\/www.noticiasradioreflejos.com.ar\/2021\/#website\"},\"primaryImageOfPage\":{\"@id\":\"https:\/\/www.noticiasradioreflejos.com.ar\/2021\/martes-soleado-y-caluroso-con-nuevo-alerta-por-tormentas-para-manana\/#primaryimage\"},\"image\":{\"@id\":\"https:\/\/www.noticiasradioreflejos.com.ar\/2021\/martes-soleado-y-caluroso-con-nuevo-alerta-por-tormentas-para-manana\/#primaryimage\"},\"thumbnailUrl\":\"https:\/\/www.noticiasradioreflejos.com.ar\/2021\/wp-content\/uploads\/2023\/04\/Sierra-de-la-Ventana.jpg\",\"datePublished\":\"2024-12-10T09:45:23+00:00\",\"dateModified\":\"2024-12-10T10:20:02+00:00\",\"author\":{\"@id\":\"https:\/\/www.noticiasradioreflejos.com.ar\/2021\/#\/schema\/person\/ad82545263dcc5ec0996818884fd5fb1\"},\"breadcrumb\":{\"@id\":\"https:\/\/www.noticiasradioreflejos.com.ar\/2021\/martes-soleado-y-caluroso-con-nuevo-alerta-por-tormentas-para-manana\/#breadcrumb\"},\"inLanguage\":\"es\",\"potentialAction\":[{\"@type\":\"ReadAction\",\"target\":[\"https:\/\/www.noticiasradioreflejos.com.ar\/2021\/martes-soleado-y-caluroso-con-nuevo-alerta-por-tormentas-para-manana\/\"]}]},{\"@type\":\"ImageObject\",\"inLanguage\":\"es\",\"@id\":\"https:\/\/www.noticiasradioreflejos.com.ar\/2021\/martes-soleado-y-caluroso-con-nuevo-alerta-por-tormentas-para-manana\/#primaryimage\",\"url\":\"https:\/\/www.noticiasradioreflejos.com.ar\/2021\/wp-content\/uploads\/2023\/04\/Sierra-de-la-Ventana.jpg\",\"contentUrl\":\"https:\/\/www.noticiasradioreflejos.com.ar\/2021\/wp-content\/uploads\/2023\/04\/Sierra-de-la-Ventana.jpg\",\"width\":1278,\"height\":1598},{\"@type\":\"BreadcrumbList\",\"@id\":\"https:\/\/www.noticiasradioreflejos.com.ar\/2021\/martes-soleado-y-caluroso-con-nuevo-alerta-por-tormentas-para-manana\/#breadcrumb\",\"itemListElement\":[{\"@type\":\"ListItem\",\"position\":1,\"name\":\"Portada\",\"item\":\"https:\/\/www.noticiasradioreflejos.com.ar\/2021\/\"},{\"@type\":\"ListItem\",\"position\":2,\"name\":\"Martes soleado y caluroso con nuevo alerta por tormentas para ma\u00f1ana.\"}]},{\"@type\":\"WebSite\",\"@id\":\"https:\/\/www.noticiasradioreflejos.com.ar\/2021\/#website\",\"url\":\"https:\/\/www.noticiasradioreflejos.com.ar\/2021\/\",\"name\":\"Noticias Radio Reflejos\",\"description\":\"Las noticias de mi comarca\",\"potentialAction\":[{\"@type\":\"SearchAction\",\"target\":{\"@type\":\"EntryPoint\",\"urlTemplate\":\"https:\/\/www.noticiasradioreflejos.com.ar\/2021\/?s={search_term_string}\"},\"query-input\":{\"@type\":\"PropertyValueSpecification\",\"valueRequired\":true,\"valueName\":\"search_term_string\"}}],\"inLanguage\":\"es\"},{\"@type\":\"Person\",\"@id\":\"https:\/\/www.noticiasradioreflejos.com.ar\/2021\/#\/schema\/person\/ad82545263dcc5ec0996818884fd5fb1\",\"name\":\"Arnaldo Botto\",\"image\":{\"@type\":\"ImageObject\",\"inLanguage\":\"es\",\"@id\":\"https:\/\/www.noticiasradioreflejos.com.ar\/2021\/#\/schema\/person\/image\/\",\"url\":\"https:\/\/secure.gravatar.com\/avatar\/55cb5e37c1efa326397366e6974cb338056df65cb50e7d64d1cf314e87504837?s=96&d=mm&r=g\",\"contentUrl\":\"https:\/\/secure.gravatar.com\/avatar\/55cb5e37c1efa326397366e6974cb338056df65cb50e7d64d1cf314e87504837?s=96&d=mm&r=g\",\"caption\":\"Arnaldo Botto\"},\"url\":\"https:\/\/www.noticiasradioreflejos.com.ar\/2021\/author\/arnaldo\/\"}]}<\/script>\n<!-- \/ Yoast SEO plugin. -->","yoast_head_json":{"title":"Martes soleado y caluroso con nuevo alerta por tormentas para ma\u00f1ana. - Noticias Radio Reflejos","robots":{"index":"index","follow":"follow","max-snippet":"max-snippet:-1","max-image-preview":"max-image-preview:large","max-video-preview":"max-video-preview:-1"},"canonical":"https:\/\/www.noticiasradioreflejos.com.ar\/2021\/martes-soleado-y-caluroso-con-nuevo-alerta-por-tormentas-para-manana\/","og_locale":"es_ES","og_type":"article","og_title":"Martes soleado y caluroso con nuevo alerta por tormentas para ma\u00f1ana. - Noticias Radio Reflejos","og_description":"El Servicio Meteorol\u00f3gico Nacional emiti\u00f3 un nuevo alerta amarillo por tormentas para Sierra de la Ventana y gran parte de la regi\u00f3n.","og_url":"https:\/\/www.noticiasradioreflejos.com.ar\/2021\/martes-soleado-y-caluroso-con-nuevo-alerta-por-tormentas-para-manana\/","og_site_name":"Noticias Radio Reflejos","article_published_time":"2024-12-10T09:45:23+00:00","article_modified_time":"2024-12-10T10:20:02+00:00","og_image":[{"width":1278,"height":1598,"url":"https:\/\/www.noticiasradioreflejos.com.ar\/2021\/wp-content\/uploads\/2023\/04\/Sierra-de-la-Ventana.jpg","type":"image\/jpeg"}],"author":"Arnaldo Botto","twitter_card":"summary_large_image","schema":{"@context":"https:\/\/schema.org","@graph":[{"@type":"WebPage","@id":"https:\/\/www.noticiasradioreflejos.com.ar\/2021\/martes-soleado-y-caluroso-con-nuevo-alerta-por-tormentas-para-manana\/","url":"https:\/\/www.noticiasradioreflejos.com.ar\/2021\/martes-soleado-y-caluroso-con-nuevo-alerta-por-tormentas-para-manana\/","name":"Martes soleado y caluroso con nuevo alerta por tormentas para ma\u00f1ana. - Noticias Radio Reflejos","isPartOf":{"@id":"https:\/\/www.noticiasradioreflejos.com.ar\/2021\/#website"},"primaryImageOfPage":{"@id":"https:\/\/www.noticiasradioreflejos.com.ar\/2021\/martes-soleado-y-caluroso-con-nuevo-alerta-por-tormentas-para-manana\/#primaryimage"},"image":{"@id":"https:\/\/www.noticiasradioreflejos.com.ar\/2021\/martes-soleado-y-caluroso-con-nuevo-alerta-por-tormentas-para-manana\/#primaryimage"},"thumbnailUrl":"https:\/\/www.noticiasradioreflejos.com.ar\/2021\/wp-content\/uploads\/2023\/04\/Sierra-de-la-Ventana.jpg","datePublished":"2024-12-10T09:45:23+00:00","dateModified":"2024-12-10T10:20:02+00:00","author":{"@id":"https:\/\/www.noticiasradioreflejos.com.ar\/2021\/#\/schema\/person\/ad82545263dcc5ec0996818884fd5fb1"},"breadcrumb":{"@id":"https:\/\/www.noticiasradioreflejos.com.ar\/2021\/martes-soleado-y-caluroso-con-nuevo-alerta-por-tormentas-para-manana\/#breadcrumb"},"inLanguage":"es","potentialAction":[{"@type":"ReadAction","target":["https:\/\/www.noticiasradioreflejos.com.ar\/2021\/martes-soleado-y-caluroso-con-nuevo-alerta-por-tormentas-para-manana\/"]}]},{"@type":"ImageObject","inLanguage":"es","@id":"https:\/\/www.noticiasradioreflejos.com.ar\/2021\/martes-soleado-y-caluroso-con-nuevo-alerta-por-tormentas-para-manana\/#primaryimage","url":"https:\/\/www.noticiasradioreflejos.com.ar\/2021\/wp-content\/uploads\/2023\/04\/Sierra-de-la-Ventana.jpg","contentUrl":"https:\/\/www.noticiasradioreflejos.com.ar\/2021\/wp-content\/uploads\/2023\/04\/Sierra-de-la-Ventana.jpg","width":1278,"height":1598},{"@type":"BreadcrumbList","@id":"https:\/\/www.noticiasradioreflejos.com.ar\/2021\/martes-soleado-y-caluroso-con-nuevo-alerta-por-tormentas-para-manana\/#breadcrumb","itemListElement":[{"@type":"ListItem","position":1,"name":"Portada","item":"https:\/\/www.noticiasradioreflejos.com.ar\/2021\/"},{"@type":"ListItem","position":2,"name":"Martes soleado y caluroso con nuevo alerta por tormentas para ma\u00f1ana."}]},{"@type":"WebSite","@id":"https:\/\/www.noticiasradioreflejos.com.ar\/2021\/#website","url":"https:\/\/www.noticiasradioreflejos.com.ar\/2021\/","name":"Noticias Radio Reflejos","description":"Las noticias de mi comarca","potentialAction":[{"@type":"SearchAction","target":{"@type":"EntryPoint","urlTemplate":"https:\/\/www.noticiasradioreflejos.com.ar\/2021\/?s={search_term_string}"},"query-input":{"@type":"PropertyValueSpecification","valueRequired":true,"valueName":"search_term_string"}}],"inLanguage":"es"},{"@type":"Person","@id":"https:\/\/www.noticiasradioreflejos.com.ar\/2021\/#\/schema\/person\/ad82545263dcc5ec0996818884fd5fb1","name":"Arnaldo Botto","image":{"@type":"ImageObject","inLanguage":"es","@id":"https:\/\/www.noticiasradioreflejos.com.ar\/2021\/#\/schema\/person\/image\/","url":"https:\/\/secure.gravatar.com\/avatar\/55cb5e37c1efa326397366e6974cb338056df65cb50e7d64d1cf314e87504837?s=96&d=mm&r=g","contentUrl":"https:\/\/secure.gravatar.com\/avatar\/55cb5e37c1efa326397366e6974cb338056df65cb50e7d64d1cf314e87504837?s=96&d=mm&r=g","caption":"Arnaldo Botto"},"url":"https:\/\/www.noticiasradioreflejos.com.ar\/2021\/author\/arnaldo\/"}]}},"_links":{"self":[{"href":"https:\/\/www.noticiasradioreflejos.com.ar\/2021\/wp-json\/wp\/v2\/posts\/110538","targetHints":{"allow":["GET"]}}],"collection":[{"href":"https:\/\/www.noticiasradioreflejos.com.ar\/2021\/wp-json\/wp\/v2\/posts"}],"about":[{"href":"https:\/\/www.noticiasradioreflejos.com.ar\/2021\/wp-json\/wp\/v2\/types\/post"}],"author":[{"embeddable":true,"href":"https:\/\/www.noticiasradioreflejos.com.ar\/2021\/wp-json\/wp\/v2\/users\/3"}],"replies":[{"embeddable":true,"href":"https:\/\/www.noticiasradioreflejos.com.ar\/2021\/wp-json\/wp\/v2\/comments?post=110538"}],"version-history":[{"count":3,"href":"https:\/\/www.noticiasradioreflejos.com.ar\/2021\/wp-json\/wp\/v2\/posts\/110538\/revisions"}],"predecessor-version":[{"id":110545,"href":"https:\/\/www.noticiasradioreflejos.com.ar\/2021\/wp-json\/wp\/v2\/posts\/110538\/revisions\/110545"}],"wp:featuredmedia":[{"embeddable":true,"href":"https:\/\/www.noticiasradioreflejos.com.ar\/2021\/wp-json\/wp\/v2\/media\/86572"}],"wp:attachment":[{"href":"https:\/\/www.noticiasradioreflejos.com.ar\/2021\/wp-json\/wp\/v2\/media?parent=110538"}],"wp:term":[{"taxonomy":"category","embeddable":true,"href":"https:\/\/www.noticiasradioreflejos.com.ar\/2021\/wp-json\/wp\/v2\/categories?post=110538"},{"taxonomy":"post_tag","embeddable":true,"href":"https:\/\/www.noticiasradioreflejos.com.ar\/2021\/wp-json\/wp\/v2\/tags?post=110538"}],"curies":[{"name":"wp","href":"https:\/\/api.w.org\/{rel}","templated":true}]}}