{"id":110536,"date":"2024-12-09T16:21:05","date_gmt":"2024-12-09T19:21:05","guid":{"rendered":"https:\/\/www.noticiasradioreflejos.com.ar\/2021\/?p=110536"},"modified":"2024-12-09T16:21:05","modified_gmt":"2024-12-09T19:21:05","slug":"charla-sobre-inscripcion-y-actualizacion-de-la-normativa-para-vinateros-y-elaboradores-de-vino-casero","status":"publish","type":"post","link":"https:\/\/www.noticiasradioreflejos.com.ar\/2021\/charla-sobre-inscripcion-y-actualizacion-de-la-normativa-para-vinateros-y-elaboradores-de-vino-casero\/","title":{"rendered":"Charla sobre inscripci\u00f3n y actualizaci\u00f3n de la normativa para vi\u00f1ateros y elaboradores de vino casero"},"content":{"rendered":"<p>La Secretar\u00eda de Ambiente y Desarrollo Productivo, invita a la charla virtual sobre la inscripci\u00f3n y actualizaci\u00f3n de la normativa para vi\u00f1ateros y elaboradores de vino casero y\/o artesanal de la Provincia de Buenos Aires.<!--more--><br \/>\nLa jornada es organizada por la Direcci\u00f3n de Horticultura, Fruticultura y Floricultura Ministerio de Desarrollo Agrario y el Instituto Nacional de Vitivinicultura, y se desarrollar\u00e1 este mi\u00e9rcoles 11 a partir de las 10.30 hs.<\/p>\n<p>Los interesados en participar, deben inscribirse en el siguiente formulario:<a href=\"https:\/\/forms.gle\/x8Wepii7q24EWTh29.\"><strong> https:\/\/forms.gle\/x8Wepii7q24EWTh29.<\/strong><\/a><\/p>\n","protected":false},"excerpt":{"rendered":"<p>La Secretar\u00eda de Ambiente y Desarrollo Productivo, invita a la charla virtual sobre la inscripci\u00f3n y actualizaci\u00f3n de la normativa para vi\u00f1ateros y elaboradores de vino casero y\/o artesanal de la Provincia de Buenos Aires.<\/p>\n","protected":false},"author":3,"featured_media":69479,"comment_status":"closed","ping_status":"closed","sticky":false,"template":"","format":"standard","meta":{"footnotes":""},"categories":[28],"tags":[],"class_list":["post-110536","post","type-post","status-publish","format-standard","has-post-thumbnail","hentry","category-municipales"],"yoast_head":"<!-- This site is optimized with the Yoast SEO plugin v25.9 - https:\/\/yoast.com\/wordpress\/plugins\/seo\/ -->\n<title>Charla sobre inscripci\u00f3n y actualizaci\u00f3n de la normativa para vi\u00f1ateros y elaboradores de vino casero - Noticias Radio Reflejos<\/title>\n<meta name=\"robots\" content=\"index, follow, max-snippet:-1, max-image-preview:large, max-video-preview:-1\" \/>\n<link rel=\"canonical\" href=\"https:\/\/www.noticiasradioreflejos.com.ar\/2021\/charla-sobre-inscripcion-y-actualizacion-de-la-normativa-para-vinateros-y-elaboradores-de-vino-casero\/\" \/>\n<meta property=\"og:locale\" content=\"es_ES\" \/>\n<meta property=\"og:type\" content=\"article\" \/>\n<meta property=\"og:title\" content=\"Charla sobre inscripci\u00f3n y actualizaci\u00f3n de la normativa para vi\u00f1ateros y elaboradores de vino casero - Noticias Radio Reflejos\" \/>\n<meta property=\"og:description\" content=\"La Secretar\u00eda de Ambiente y Desarrollo Productivo, invita a la charla virtual sobre la inscripci\u00f3n y actualizaci\u00f3n de la normativa para vi\u00f1ateros y elaboradores de vino casero y\/o artesanal de la Provincia de Buenos Aires.\" \/>\n<meta property=\"og:url\" content=\"https:\/\/www.noticiasradioreflejos.com.ar\/2021\/charla-sobre-inscripcion-y-actualizacion-de-la-normativa-para-vinateros-y-elaboradores-de-vino-casero\/\" \/>\n<meta property=\"og:site_name\" content=\"Noticias Radio Reflejos\" \/>\n<meta property=\"article:published_time\" content=\"2024-12-09T19:21:05+00:00\" \/>\n<meta property=\"og:image\" content=\"https:\/\/www.noticiasradioreflejos.com.ar\/2021\/wp-content\/uploads\/2022\/03\/vino-argentina.jpg\" \/>\n\t<meta property=\"og:image:width\" content=\"600\" \/>\n\t<meta property=\"og:image:height\" content=\"300\" \/>\n\t<meta property=\"og:image:type\" content=\"image\/jpeg\" \/>\n<meta name=\"author\" content=\"Arnaldo Botto\" \/>\n<meta name=\"twitter:card\" content=\"summary_large_image\" \/>\n<script type=\"application\/ld+json\" class=\"yoast-schema-graph\">{\"@context\":\"https:\/\/schema.org\",\"@graph\":[{\"@type\":\"WebPage\",\"@id\":\"https:\/\/www.noticiasradioreflejos.com.ar\/2021\/charla-sobre-inscripcion-y-actualizacion-de-la-normativa-para-vinateros-y-elaboradores-de-vino-casero\/\",\"url\":\"https:\/\/www.noticiasradioreflejos.com.ar\/2021\/charla-sobre-inscripcion-y-actualizacion-de-la-normativa-para-vinateros-y-elaboradores-de-vino-casero\/\",\"name\":\"Charla sobre inscripci\u00f3n y actualizaci\u00f3n de la normativa para vi\u00f1ateros y elaboradores de vino casero - Noticias Radio Reflejos\",\"isPartOf\":{\"@id\":\"https:\/\/www.noticiasradioreflejos.com.ar\/2021\/#website\"},\"primaryImageOfPage\":{\"@id\":\"https:\/\/www.noticiasradioreflejos.com.ar\/2021\/charla-sobre-inscripcion-y-actualizacion-de-la-normativa-para-vinateros-y-elaboradores-de-vino-casero\/#primaryimage\"},\"image\":{\"@id\":\"https:\/\/www.noticiasradioreflejos.com.ar\/2021\/charla-sobre-inscripcion-y-actualizacion-de-la-normativa-para-vinateros-y-elaboradores-de-vino-casero\/#primaryimage\"},\"thumbnailUrl\":\"https:\/\/www.noticiasradioreflejos.com.ar\/2021\/wp-content\/uploads\/2022\/03\/vino-argentina.jpg\",\"datePublished\":\"2024-12-09T19:21:05+00:00\",\"author\":{\"@id\":\"https:\/\/www.noticiasradioreflejos.com.ar\/2021\/#\/schema\/person\/ad82545263dcc5ec0996818884fd5fb1\"},\"breadcrumb\":{\"@id\":\"https:\/\/www.noticiasradioreflejos.com.ar\/2021\/charla-sobre-inscripcion-y-actualizacion-de-la-normativa-para-vinateros-y-elaboradores-de-vino-casero\/#breadcrumb\"},\"inLanguage\":\"es\",\"potentialAction\":[{\"@type\":\"ReadAction\",\"target\":[\"https:\/\/www.noticiasradioreflejos.com.ar\/2021\/charla-sobre-inscripcion-y-actualizacion-de-la-normativa-para-vinateros-y-elaboradores-de-vino-casero\/\"]}]},{\"@type\":\"ImageObject\",\"inLanguage\":\"es\",\"@id\":\"https:\/\/www.noticiasradioreflejos.com.ar\/2021\/charla-sobre-inscripcion-y-actualizacion-de-la-normativa-para-vinateros-y-elaboradores-de-vino-casero\/#primaryimage\",\"url\":\"https:\/\/www.noticiasradioreflejos.com.ar\/2021\/wp-content\/uploads\/2022\/03\/vino-argentina.jpg\",\"contentUrl\":\"https:\/\/www.noticiasradioreflejos.com.ar\/2021\/wp-content\/uploads\/2022\/03\/vino-argentina.jpg\",\"width\":600,\"height\":300},{\"@type\":\"BreadcrumbList\",\"@id\":\"https:\/\/www.noticiasradioreflejos.com.ar\/2021\/charla-sobre-inscripcion-y-actualizacion-de-la-normativa-para-vinateros-y-elaboradores-de-vino-casero\/#breadcrumb\",\"itemListElement\":[{\"@type\":\"ListItem\",\"position\":1,\"name\":\"Portada\",\"item\":\"https:\/\/www.noticiasradioreflejos.com.ar\/2021\/\"},{\"@type\":\"ListItem\",\"position\":2,\"name\":\"Charla sobre inscripci\u00f3n y actualizaci\u00f3n de la normativa para vi\u00f1ateros y elaboradores de vino casero\"}]},{\"@type\":\"WebSite\",\"@id\":\"https:\/\/www.noticiasradioreflejos.com.ar\/2021\/#website\",\"url\":\"https:\/\/www.noticiasradioreflejos.com.ar\/2021\/\",\"name\":\"Noticias Radio Reflejos\",\"description\":\"Las noticias de mi comarca\",\"potentialAction\":[{\"@type\":\"SearchAction\",\"target\":{\"@type\":\"EntryPoint\",\"urlTemplate\":\"https:\/\/www.noticiasradioreflejos.com.ar\/2021\/?s={search_term_string}\"},\"query-input\":{\"@type\":\"PropertyValueSpecification\",\"valueRequired\":true,\"valueName\":\"search_term_string\"}}],\"inLanguage\":\"es\"},{\"@type\":\"Person\",\"@id\":\"https:\/\/www.noticiasradioreflejos.com.ar\/2021\/#\/schema\/person\/ad82545263dcc5ec0996818884fd5fb1\",\"name\":\"Arnaldo Botto\",\"image\":{\"@type\":\"ImageObject\",\"inLanguage\":\"es\",\"@id\":\"https:\/\/www.noticiasradioreflejos.com.ar\/2021\/#\/schema\/person\/image\/\",\"url\":\"https:\/\/secure.gravatar.com\/avatar\/55cb5e37c1efa326397366e6974cb338056df65cb50e7d64d1cf314e87504837?s=96&d=mm&r=g\",\"contentUrl\":\"https:\/\/secure.gravatar.com\/avatar\/55cb5e37c1efa326397366e6974cb338056df65cb50e7d64d1cf314e87504837?s=96&d=mm&r=g\",\"caption\":\"Arnaldo Botto\"},\"url\":\"https:\/\/www.noticiasradioreflejos.com.ar\/2021\/author\/arnaldo\/\"}]}<\/script>\n<!-- \/ Yoast SEO plugin. -->","yoast_head_json":{"title":"Charla sobre inscripci\u00f3n y actualizaci\u00f3n de la normativa para vi\u00f1ateros y elaboradores de vino casero - Noticias Radio Reflejos","robots":{"index":"index","follow":"follow","max-snippet":"max-snippet:-1","max-image-preview":"max-image-preview:large","max-video-preview":"max-video-preview:-1"},"canonical":"https:\/\/www.noticiasradioreflejos.com.ar\/2021\/charla-sobre-inscripcion-y-actualizacion-de-la-normativa-para-vinateros-y-elaboradores-de-vino-casero\/","og_locale":"es_ES","og_type":"article","og_title":"Charla sobre inscripci\u00f3n y actualizaci\u00f3n de la normativa para vi\u00f1ateros y elaboradores de vino casero - Noticias Radio Reflejos","og_description":"La Secretar\u00eda de Ambiente y Desarrollo Productivo, invita a la charla virtual sobre la inscripci\u00f3n y actualizaci\u00f3n de la normativa para vi\u00f1ateros y elaboradores de vino casero y\/o artesanal de la Provincia de Buenos Aires.","og_url":"https:\/\/www.noticiasradioreflejos.com.ar\/2021\/charla-sobre-inscripcion-y-actualizacion-de-la-normativa-para-vinateros-y-elaboradores-de-vino-casero\/","og_site_name":"Noticias Radio Reflejos","article_published_time":"2024-12-09T19:21:05+00:00","og_image":[{"width":600,"height":300,"url":"https:\/\/www.noticiasradioreflejos.com.ar\/2021\/wp-content\/uploads\/2022\/03\/vino-argentina.jpg","type":"image\/jpeg"}],"author":"Arnaldo Botto","twitter_card":"summary_large_image","schema":{"@context":"https:\/\/schema.org","@graph":[{"@type":"WebPage","@id":"https:\/\/www.noticiasradioreflejos.com.ar\/2021\/charla-sobre-inscripcion-y-actualizacion-de-la-normativa-para-vinateros-y-elaboradores-de-vino-casero\/","url":"https:\/\/www.noticiasradioreflejos.com.ar\/2021\/charla-sobre-inscripcion-y-actualizacion-de-la-normativa-para-vinateros-y-elaboradores-de-vino-casero\/","name":"Charla sobre inscripci\u00f3n y actualizaci\u00f3n de la normativa para vi\u00f1ateros y elaboradores de vino casero - Noticias Radio Reflejos","isPartOf":{"@id":"https:\/\/www.noticiasradioreflejos.com.ar\/2021\/#website"},"primaryImageOfPage":{"@id":"https:\/\/www.noticiasradioreflejos.com.ar\/2021\/charla-sobre-inscripcion-y-actualizacion-de-la-normativa-para-vinateros-y-elaboradores-de-vino-casero\/#primaryimage"},"image":{"@id":"https:\/\/www.noticiasradioreflejos.com.ar\/2021\/charla-sobre-inscripcion-y-actualizacion-de-la-normativa-para-vinateros-y-elaboradores-de-vino-casero\/#primaryimage"},"thumbnailUrl":"https:\/\/www.noticiasradioreflejos.com.ar\/2021\/wp-content\/uploads\/2022\/03\/vino-argentina.jpg","datePublished":"2024-12-09T19:21:05+00:00","author":{"@id":"https:\/\/www.noticiasradioreflejos.com.ar\/2021\/#\/schema\/person\/ad82545263dcc5ec0996818884fd5fb1"},"breadcrumb":{"@id":"https:\/\/www.noticiasradioreflejos.com.ar\/2021\/charla-sobre-inscripcion-y-actualizacion-de-la-normativa-para-vinateros-y-elaboradores-de-vino-casero\/#breadcrumb"},"inLanguage":"es","potentialAction":[{"@type":"ReadAction","target":["https:\/\/www.noticiasradioreflejos.com.ar\/2021\/charla-sobre-inscripcion-y-actualizacion-de-la-normativa-para-vinateros-y-elaboradores-de-vino-casero\/"]}]},{"@type":"ImageObject","inLanguage":"es","@id":"https:\/\/www.noticiasradioreflejos.com.ar\/2021\/charla-sobre-inscripcion-y-actualizacion-de-la-normativa-para-vinateros-y-elaboradores-de-vino-casero\/#primaryimage","url":"https:\/\/www.noticiasradioreflejos.com.ar\/2021\/wp-content\/uploads\/2022\/03\/vino-argentina.jpg","contentUrl":"https:\/\/www.noticiasradioreflejos.com.ar\/2021\/wp-content\/uploads\/2022\/03\/vino-argentina.jpg","width":600,"height":300},{"@type":"BreadcrumbList","@id":"https:\/\/www.noticiasradioreflejos.com.ar\/2021\/charla-sobre-inscripcion-y-actualizacion-de-la-normativa-para-vinateros-y-elaboradores-de-vino-casero\/#breadcrumb","itemListElement":[{"@type":"ListItem","position":1,"name":"Portada","item":"https:\/\/www.noticiasradioreflejos.com.ar\/2021\/"},{"@type":"ListItem","position":2,"name":"Charla sobre inscripci\u00f3n y actualizaci\u00f3n de la normativa para vi\u00f1ateros y elaboradores de vino casero"}]},{"@type":"WebSite","@id":"https:\/\/www.noticiasradioreflejos.com.ar\/2021\/#website","url":"https:\/\/www.noticiasradioreflejos.com.ar\/2021\/","name":"Noticias Radio Reflejos","description":"Las noticias de mi comarca","potentialAction":[{"@type":"SearchAction","target":{"@type":"EntryPoint","urlTemplate":"https:\/\/www.noticiasradioreflejos.com.ar\/2021\/?s={search_term_string}"},"query-input":{"@type":"PropertyValueSpecification","valueRequired":true,"valueName":"search_term_string"}}],"inLanguage":"es"},{"@type":"Person","@id":"https:\/\/www.noticiasradioreflejos.com.ar\/2021\/#\/schema\/person\/ad82545263dcc5ec0996818884fd5fb1","name":"Arnaldo Botto","image":{"@type":"ImageObject","inLanguage":"es","@id":"https:\/\/www.noticiasradioreflejos.com.ar\/2021\/#\/schema\/person\/image\/","url":"https:\/\/secure.gravatar.com\/avatar\/55cb5e37c1efa326397366e6974cb338056df65cb50e7d64d1cf314e87504837?s=96&d=mm&r=g","contentUrl":"https:\/\/secure.gravatar.com\/avatar\/55cb5e37c1efa326397366e6974cb338056df65cb50e7d64d1cf314e87504837?s=96&d=mm&r=g","caption":"Arnaldo Botto"},"url":"https:\/\/www.noticiasradioreflejos.com.ar\/2021\/author\/arnaldo\/"}]}},"_links":{"self":[{"href":"https:\/\/www.noticiasradioreflejos.com.ar\/2021\/wp-json\/wp\/v2\/posts\/110536","targetHints":{"allow":["GET"]}}],"collection":[{"href":"https:\/\/www.noticiasradioreflejos.com.ar\/2021\/wp-json\/wp\/v2\/posts"}],"about":[{"href":"https:\/\/www.noticiasradioreflejos.com.ar\/2021\/wp-json\/wp\/v2\/types\/post"}],"author":[{"embeddable":true,"href":"https:\/\/www.noticiasradioreflejos.com.ar\/2021\/wp-json\/wp\/v2\/users\/3"}],"replies":[{"embeddable":true,"href":"https:\/\/www.noticiasradioreflejos.com.ar\/2021\/wp-json\/wp\/v2\/comments?post=110536"}],"version-history":[{"count":1,"href":"https:\/\/www.noticiasradioreflejos.com.ar\/2021\/wp-json\/wp\/v2\/posts\/110536\/revisions"}],"predecessor-version":[{"id":110537,"href":"https:\/\/www.noticiasradioreflejos.com.ar\/2021\/wp-json\/wp\/v2\/posts\/110536\/revisions\/110537"}],"wp:featuredmedia":[{"embeddable":true,"href":"https:\/\/www.noticiasradioreflejos.com.ar\/2021\/wp-json\/wp\/v2\/media\/69479"}],"wp:attachment":[{"href":"https:\/\/www.noticiasradioreflejos.com.ar\/2021\/wp-json\/wp\/v2\/media?parent=110536"}],"wp:term":[{"taxonomy":"category","embeddable":true,"href":"https:\/\/www.noticiasradioreflejos.com.ar\/2021\/wp-json\/wp\/v2\/categories?post=110536"},{"taxonomy":"post_tag","embeddable":true,"href":"https:\/\/www.noticiasradioreflejos.com.ar\/2021\/wp-json\/wp\/v2\/tags?post=110536"}],"curies":[{"name":"wp","href":"https:\/\/api.w.org\/{rel}","templated":true}]}}