{"id":110504,"date":"2024-12-09T07:22:18","date_gmt":"2024-12-09T10:22:18","guid":{"rendered":"https:\/\/www.noticiasradioreflejos.com.ar\/2021\/?p=110504"},"modified":"2024-12-09T07:22:18","modified_gmt":"2024-12-09T10:22:18","slug":"las-ventas-minoristas-pyme-cayeron-17-interanual-en-noviembre","status":"publish","type":"post","link":"https:\/\/www.noticiasradioreflejos.com.ar\/2021\/las-ventas-minoristas-pyme-cayeron-17-interanual-en-noviembre\/","title":{"rendered":"Las ventas minoristas pyme cayeron 1,7% interanual en noviembre"},"content":{"rendered":"<p>Las ventas minoristas pymes bajaron 1,7% interanual en noviembre, a precios constantes, y acumulan un descenso de 12,2% en los primeros once meses del a\u00f1o. En la comparaci\u00f3n mensual desestacionalizada, crecieron 3,9%.<!--more--><\/p>\n<p align=\"center\"><img loading=\"lazy\" decoding=\"async\" class=\"CToWUd a6T\" tabindex=\"0\" src=\"https:\/\/ci3.googleusercontent.com\/meips\/ADKq_NbfIMLPMtid7GknNOQ_cu1Zu0Ti9nKmXMf6efteGV9BL2GcqxmvUY_qqctrIK9m1lGSNRwOaORX8qRQvfcj1iD9fazE56b6JvQ3F3CvOgU9FlJ4SKG3meeS-FVdH46tMa_D_a_4TKAZMMdKqHz7RZiDtYHgBIIdn-3cMkqCzY2wEIY7dMt3=s0-d-e1-ft#https:\/\/mailprensa.came.org.ar\/data\/1899c60d3e88c767f20949a98d5003460b14bf85\/media_files\/1129\/original\/image.png\" width=\"600\" height=\"125\" data-bit=\"iit\" \/><\/p>\n<p>Durante noviembre los comercios informaron que recibieron incrementos en los precios por parte de algunos proveedores y que para compensar los mismos, implementaron promociones que lograron mantener la estabilidad en diversos rubros. El comportamiento observado sugiere un cierre de a\u00f1o con niveles similares o superiores a los del a\u00f1o anterior.<\/p>\n<p><img loading=\"lazy\" decoding=\"async\" class=\"CToWUd a6T\" tabindex=\"0\" src=\"https:\/\/ci3.googleusercontent.com\/meips\/ADKq_NbU2ex7aWCqncj5x8ySU1_EGuHkQMKxaL-Y5iReQQcRkvvT1ZM8eUm-xfn8Tjyophinr6lMZgAnhDQmcP3DGxIUerVgGo6m1kMfuL7cibVYuElkQP_3jANfF5dxp06oUNYtaW1nlGDp9H0VhQc2wdSH77LQoNYRs0sd6JwIM-q5vsYUULOJ=s0-d-e1-ft#https:\/\/mailprensa.came.org.ar\/data\/1899c60d3e88c767f20949a98d5003460b14bf85\/media_files\/1130\/original\/image.png\" width=\"600\" height=\"352\" data-bit=\"iit\" \/><\/p>\n<p>As\u00ed surge del \u00cdndice de Ventas Minoristas Pymes de la Confederaci\u00f3n Argentina de la Mediana Empresa (CAME), elaborado en base a un relevamiento mensual a 1.300 comercios minoristas del pa\u00eds, realizado del 2 al 5 de diciembre.<\/p>\n<p>&nbsp;<\/p>\n<p><strong>An\u00e1lisis sectorial<\/strong><\/p>\n<p>En noviembre, cinco de los siete rubros relevados registraron declives interanuales en sus ventas. La mayor retracci\u00f3n se detect\u00f3 en Perfumer\u00eda (-15,4%), seguido por Farmacias (-10,4%) y Bazar, decoraci\u00f3n, textiles de hogar (-9,4%). En cambio, subieron Alimentos y bebidas (+4,4%) y Calzado y Marroquiner\u00eda (+2,6%).<\/p>\n<p align=\"center\"><img loading=\"lazy\" decoding=\"async\" class=\"CToWUd a6T\" tabindex=\"0\" src=\"https:\/\/ci3.googleusercontent.com\/meips\/ADKq_NaUkOCfWuxMVYYVEBDx7yrFBPAmqfkzig2itAR987nwYX_vFTSROMjJijzc0r69z7jcDBYODfHe41No3Mhn_VYj5CR2BohklvOMB6EGOb52xNzRM6KJ80eePABvIs3UC_W7UuPB_mwpLFdqPV4tiCOcrj4TIJcp92x6KyQHSyDPFVLA-vaV=s0-d-e1-ft#https:\/\/mailprensa.came.org.ar\/data\/1899c60d3e88c767f20949a98d5003460b14bf85\/media_files\/1131\/original\/image.png\" width=\"600\" height=\"528\" data-bit=\"iit\" \/><\/p>\n<p>&nbsp;<\/p>\n<p><strong>Alimentos y bebidas<\/strong><\/p>\n<p align=\"center\"><img loading=\"lazy\" decoding=\"async\" class=\"CToWUd a6T\" tabindex=\"0\" src=\"https:\/\/ci3.googleusercontent.com\/meips\/ADKq_NZgvsCIBnV86aB_zS12jEM4fDmb9Uieb-Ypro6DDmfB-i8p834MZj-5bnecIyRD0sGzJKix8VJCOzFC4BAgFfaKMl1q1Q7ESYxvlAqVaSsDTYOjDR1Get-U7WsTigtl0xuMUW2F9kwLgKfL71LdQYCwmF0cYMrKLbX1sF8N0Dx2qVJXxP6T=s0-d-e1-ft#https:\/\/mailprensa.came.org.ar\/data\/1899c60d3e88c767f20949a98d5003460b14bf85\/media_files\/1132\/original\/image.png\" width=\"600\" height=\"125\" data-bit=\"iit\" \/><\/p>\n<p>Las ventas subieron 4,4% interanual en noviembre, a precios constantes y acumulan una ca\u00edda de 14,5% en los primeros once meses del a\u00f1o frente al mismo periodo de 2023. En la comparaci\u00f3n intermensual, se ubicaron 0,1% por encima de octubre.<\/p>\n<p>El sector se mostr\u00f3 satisfecho por el comportamiento de la demanda en el ante\u00faltimo mes del a\u00f1o, aunque manifest\u00f3 preocupaci\u00f3n por los incrementos en los precios de la carne, particularmente en la \u00faltima semana del mes. Este factor genera inquietud respecto a una posible disminuci\u00f3n en las ventas durante las fiestas de fin de a\u00f1o. Asimismo, la venta informal fue se\u00f1alada como un tema relevante, ya que los comercios reportaron un aumento inusual en su actividad.<\/p>\n<p>&nbsp;<\/p>\n<p><strong><span lang=\"ES-MX\">Bazar, decoraci\u00f3n, textiles para el hogar y muebles<\/span><\/strong><\/p>\n<p align=\"center\"><img loading=\"lazy\" decoding=\"async\" class=\"CToWUd a6T\" tabindex=\"0\" src=\"https:\/\/ci3.googleusercontent.com\/meips\/ADKq_NZ0l6nOuZPBpM67hPwowf3tlv7chSrtw6G3Lbm0j_xnzOeky0bJpBJDHJnVTYC30a_Z5IsVWpongUOSGuZeXCCnxIPn020vyRpPjUiSQHYb-oN3mHScE3X-lSiL_COOYMJNYmLVEmfUk658EeMh22ZRFw1XCFU3qPUhcQQxkgQqos0C41OK=s0-d-e1-ft#https:\/\/mailprensa.came.org.ar\/data\/1899c60d3e88c767f20949a98d5003460b14bf85\/media_files\/1133\/original\/image.png\" width=\"600\" height=\"125\" data-bit=\"iit\" \/><\/p>\n<p>Las ventas bajaron 9,4% interanual, siempre a precios constantes, y suman un retroceso del 14,6% en los primeros once meses del 2024 frente al mismo periodo del a\u00f1o pasado. En el contraste intermensual crecieron 3,4%.<\/p>\n<p>En noviembre, las expectativas generales del sector mejoraron debido a la estabilidad de precios y al impulso de promociones, lo que facilit\u00f3 la obtenci\u00f3n de liquidez. Los negocios consultados indicaron un aumento en la oferta de productos importados, lo que ha permitido ofrecer precios m\u00e1s competitivos al consumidor. Sin embargo, el rubro de muebles se vio particularmente afectado, registrando niveles de ventas m\u00ednimos durante el mes.<\/p>\n<p>&nbsp;<\/p>\n<p><strong>Calzado y marroquiner\u00eda<\/strong><\/p>\n<p align=\"center\"><img loading=\"lazy\" decoding=\"async\" class=\"CToWUd a6T\" tabindex=\"0\" src=\"https:\/\/ci3.googleusercontent.com\/meips\/ADKq_NYP_aLE44llcfVoiLoVP_L4ZHef6iy_11OksW-B1M9mWorr6l-rjJUkr2Sp4ZNDLss0glHxdnKdQkJ_P739qAEuVYYX6U81aOQ5OomkDsXQ0nXismvF80oUTkqDAw51oXrFU2M4Axp1V_eDf829BmQGHz5WfXCto9s3AgHvYnnFwZbz6gXH=s0-d-e1-ft#https:\/\/mailprensa.came.org.ar\/data\/1899c60d3e88c767f20949a98d5003460b14bf85\/media_files\/1134\/original\/image.png\" width=\"600\" height=\"125\" data-bit=\"iit\" \/><\/p>\n<p>Las ventas tuvieron una mejora del 2,6% interanual, y acumulan una ca\u00edda de 7,2% hasta noviembre frente al mismo periodo de 2023. En la comparaci\u00f3n intermensual subieron 3,4%.<\/p>\n<p>Los comercios incrementaron las promociones y redujeron precios para dinamizar las ventas, especialmente en productos de menor valor. Esto gener\u00f3 un mayor movimiento en el mercado. Sin embargo, las ciudades de frontera no experimentaron el mismo impacto. En los comercios encuestados se\u00f1alaron que, a pesar de las rebajas, los consumidores optan por realizar sus compras en pa\u00edses vecinos, donde perciben mejores oportunidades, especialmente en las localidades cercanas a Chile.<\/p>\n<p>&nbsp;<\/p>\n<p><strong>Farmacia<\/strong><\/p>\n<p align=\"center\"><img loading=\"lazy\" decoding=\"async\" class=\"CToWUd a6T\" tabindex=\"0\" src=\"https:\/\/ci3.googleusercontent.com\/meips\/ADKq_NYfyOEQeFVndHRqZihzBurnU8Muvjp_4D0wZ5vYXEjFTrFwy0f6yV0hOhRr765lfQkt801mrZvTnmQLGAOoPuMaOz6pOVevyUrtzxDzPeB3PQJswObUTcVTJ1m_qOoSilgukydDcZ0s0StDfLXwOz6oSeMgJNdD9KnNu4pKnNTR65figms_=s0-d-e1-ft#https:\/\/mailprensa.came.org.ar\/data\/1899c60d3e88c767f20949a98d5003460b14bf85\/media_files\/1135\/original\/image.png\" width=\"600\" height=\"125\" data-bit=\"iit\" \/><\/p>\n<p>&nbsp;<\/p>\n<p>Las ventas disminuyeron 10,4% interanual en noviembre, a precios constantes, y llevan una ca\u00edda de 22,1% en los primeros once meses del a\u00f1o frente al mismo periodo de 2023. En la medici\u00f3n intermensual, crecieron 3,2%.<\/p>\n<p>La reducci\u00f3n en la demanda se registr\u00f3 principalmente en productos no esenciales, como suplementos diet\u00e9ticos y productos de cuidado del cabello, as\u00ed como en tratamientos costosos y especializados, como los medicamentos para enfermedades cr\u00f3nicas.<\/p>\n<p>&nbsp;<\/p>\n<p><strong>Perfumer\u00eda<\/strong><\/p>\n<p align=\"center\"><img loading=\"lazy\" decoding=\"async\" class=\"CToWUd a6T\" tabindex=\"0\" src=\"https:\/\/ci3.googleusercontent.com\/meips\/ADKq_NZHBeeNewJSFQXV7-9_0xPJCb_Xc5O5ZkxoURjninml39pZx1Eog1Wn99_62K861AnuCfZt4h6iQInDYzhnAC6PB7YOwaW8vIinJ8UjtELcTIi-xYMCVZAASoqYEFMDh7aP1iAi1QNXof148G0FlrApIkVR6JH5Mdw5PHtq8aJwsgDnbcKj=s0-d-e1-ft#https:\/\/mailprensa.came.org.ar\/data\/1899c60d3e88c767f20949a98d5003460b14bf85\/media_files\/1136\/original\/image.png\" width=\"600\" height=\"125\" data-bit=\"iit\" \/><\/p>\n<p>&nbsp;<\/p>\n<p>Las ventas descendieron 15,4% interanual, y hasta noviembre registran un retroceso del 28%, en comparaci\u00f3n al igual periodo del 2023. En el contraste intermensual, hubo un alza de 6,8%.<\/p>\n<p>Los consumidores enfocaron su compra en productos esenciales, dejando de lado art\u00edculos considerados de lujo, como perfumes y productos de belleza de gama alta. Adem\u00e1s, el crecimiento del comercio electr\u00f3nico, con sus descuentos y promociones frecuentes, desvi\u00f3 parte del gasto de las tiendas f\u00edsicas hacia plataformas en l\u00ednea. Aunque muchas perfumer\u00edas implementaron estrategias de marketing, como promociones especiales o lanzamientos de nuevos productos, los resultados fueron limitados.<\/p>\n<p>&nbsp;<\/p>\n<p><strong>Ferreter\u00eda, materiales el\u00e9ctricos y materiales de la construcci\u00f3n<\/strong><\/p>\n<p align=\"center\"><img loading=\"lazy\" decoding=\"async\" class=\"CToWUd a6T\" tabindex=\"0\" src=\"https:\/\/ci3.googleusercontent.com\/meips\/ADKq_NbLzPEXA9qUfghCuRv8lwYhFskXl9EG9B677vhnhbktiNB9HCTrjSqihtCSD_-nAgTjZKdq8y07RySFFoTJuye7XNWWfWM5oZWEdtHUn21eOxVwCoGh-_Q6OxsBer6R4O0of6exdLHPadz30hP4YnHG_I-hFyaer78C9OKXpiknz3IaFd8A=s0-d-e1-ft#https:\/\/mailprensa.came.org.ar\/data\/1899c60d3e88c767f20949a98d5003460b14bf85\/media_files\/1137\/original\/image.png\" width=\"600\" height=\"125\" data-bit=\"iit\" \/><\/p>\n<p>Las ventas declinaron 2,1% interanual en noviembre, a precios constantes y la retracci\u00f3n hasta noviembre llega al 13,1% en contraste con el mismo periodo de 2023. En la comparaci\u00f3n intermensual, aumentaron 2,5%.<\/p>\n<p>En los comercios medidos observaron un leve enfriamiento en la industria de la construcci\u00f3n, con retrasos en proyectos y una menor inversi\u00f3n en infraestructuras, lo que afect\u00f3 la demanda de materiales. Los principales retrasos provinieron de los proyectos residenciales, lo que tambi\u00e9n impact\u00f3 negativamente en el rubro de ferreter\u00edas y materiales el\u00e9ctricos, que no tuvieron un buen desempe\u00f1o en noviembre.<\/p>\n<p>&nbsp;<\/p>\n<p><strong>Textil e indumentaria<\/strong><\/p>\n<p align=\"center\"><img loading=\"lazy\" decoding=\"async\" class=\"CToWUd a6T\" tabindex=\"0\" src=\"https:\/\/ci3.googleusercontent.com\/meips\/ADKq_NbyG2ksNWvGPvFP2xY16lQdj_KuhFwO9nfa5RJSGKV1Pdr7IoRl563sEu0RsmRiW7sd4hARDpRIV-_1YgY05jN_LtFTKYME7ntMbCbot93DnnQW1m9tLHUrxw0YNYHRj3W_P6o10Rm6vN6a4tOQFaC7mSw6vWJId4GUENgkfO1QekLZE6xs=s0-d-e1-ft#https:\/\/mailprensa.came.org.ar\/data\/1899c60d3e88c767f20949a98d5003460b14bf85\/media_files\/1138\/original\/image.png\" width=\"600\" height=\"125\" data-bit=\"iit\" \/><\/p>\n<p>&nbsp;<\/p>\n<p>Las ventas se redujeron 0,8% interanual en noviembre, a precios constantes y acumulan un incremento de 1,4% en los primeros once meses del a\u00f1o frente al mismo periodo de 2023. En la comparaci\u00f3n intermensual, aumentaron 3%.<\/p>\n<p>Las promociones y rebajas en muchos productos resultaron atractivas, lo que gener\u00f3 inter\u00e9s, pero a la hora de concretar la compra, prevaleci\u00f3 la duda y el aplazamiento. A pesar de esto, en las tiendas sondeadas mantienen expectativas positivas para diciembre.<\/p>\n<p>&nbsp;<\/p>\n<p align=\"center\"><strong>An\u00e1lisis cualitativo<\/strong><\/p>\n<p><strong>Reclamos, obst\u00e1culos y acomodamientos<\/strong><\/p>\n<p>La carga impositiva continu\u00f3 siendo en noviembre el principal problema para los comercios. As\u00ed, entre las principales pol\u00edticas que esperar\u00edan del gobierno, el 66% se refiri\u00f3 a una baja de los impuestos (vs. 68,6% en octubre).<\/p>\n<p>M\u00e1s all\u00e1 de las cuestiones impositivas, sobresali\u00f3 el reclamo de medidas que fortalezcan la demanda interna con 12,7% de las respuestas (vs. 11,4% el mes previo), la simplificaci\u00f3n burocr\u00e1tica con 9,8%, y la generaci\u00f3n de incentivos para la contrataci\u00f3n de personal (6,4%).<\/p>\n<p align=\"center\"><img loading=\"lazy\" decoding=\"async\" class=\"CToWUd a6T\" tabindex=\"0\" src=\"https:\/\/ci3.googleusercontent.com\/meips\/ADKq_NZt-ITbTR3yAelMd3_qdU0FqH5IdMVw1KA_ythZCLVxLK7TY3QlBGe2Ou8bvuLs3j0ruAz4KHKSpfMPIAO6TwDJUI4Y446rQXNwQUkYy2vrfhU5mQlRcqKz7MLg7PwH7ZBBJSQefDOQOAZrVFW4fQlKkT6owQbSoM8Ka6ZQriqR3ij8lR18=s0-d-e1-ft#https:\/\/mailprensa.came.org.ar\/data\/1899c60d3e88c767f20949a98d5003460b14bf85\/media_files\/1139\/original\/image.png\" width=\"600\" height=\"403\" data-bit=\"iit\" \/><\/p>\n<p>Al momento de mencionar los obst\u00e1culos que enfrenta la pyme, en noviembre el 50,6% apunt\u00f3 a la falta de ventas; 31,3% ubic\u00f3 a los altos costos de producci\u00f3n y log\u00edsticos; el 8,3% se refiri\u00f3 a los obst\u00e1culos para acceder al cr\u00e9dito, y 4,3% a los problemas de cobranzas, que en algunos rubros como Alimentos y bebidas fue m\u00e1s importante que en otros. Los resultados se mantuvieron en niveles similares a los del mes anterior.<\/p>\n<p><img loading=\"lazy\" decoding=\"async\" class=\"CToWUd a6T\" tabindex=\"0\" src=\"https:\/\/ci3.googleusercontent.com\/meips\/ADKq_NabhaPUwgEDwmGXrYBT_5DWwoDBxfWua0rDpPtyM84OUOfcjeFzYXXcyv8HhqJ34OedK6aQJUItsvzND9gVBuHXVrIdT4uZvIz3ZHeFFbtlhEg5y_qFb5A2HEHjv8010dkFf4hsdR7c8ko7wClDC4lBH69AzDZLk0Hlcu19gn-CWIGFx9Zn=s0-d-e1-ft#https:\/\/mailprensa.came.org.ar\/data\/1899c60d3e88c767f20949a98d5003460b14bf85\/media_files\/1140\/original\/image.png\" width=\"600\" height=\"403\" data-bit=\"iit\" \/><\/p>\n<p>Las condiciones del mercado han llevado a las pymes a reacomodar su estructura financiera, reducir costos, explorar nuevos canales de venta y mejorar la productividad. El 37,9% de las empresas consultadas incorpor\u00f3 nuevos productos y el 25,7% redujo sus gastos operativos.<\/p>\n<p>&nbsp;<\/p>\n<p align=\"center\"><img loading=\"lazy\" decoding=\"async\" class=\"CToWUd a6T\" tabindex=\"0\" src=\"https:\/\/ci3.googleusercontent.com\/meips\/ADKq_NYgy_WNL0B79pYwrhP3nG7E_tgwdRaB0gDuzTnL_qY3qeqzmCG4vo9ayPW35gisxMAZKBjc2WxusQBkMoy28hKoMxMOAWRMBgYQI1dYjS8k9u_Y4X7cQIHvqZ1AtIokQuzls9SvvLoRhOJinmrz93-LxXeu7Jv8glx3Q685qkKQ2GZt2bdm=s0-d-e1-ft#https:\/\/mailprensa.came.org.ar\/data\/1899c60d3e88c767f20949a98d5003460b14bf85\/media_files\/1141\/original\/image.png\" width=\"600\" height=\"400\" data-bit=\"iit\" \/><\/p>\n<p>&nbsp;<\/p>\n<p>En cuanto a la capacidad para cumplir con el pago de sueldos en noviembre, el sector de Textil e indumentaria fue el que manifest\u00f3 m\u00e1s dificultades, con un 19,7% de las empresas indicando problemas, seguido por el sector Alimentos y Bebidas, donde 18,3% report\u00f3 inconvenientes. En el extremo opuesto, el sector de Perfumer\u00edas fue el que menos obst\u00e1culos tuvo, ya que solo 7,7% tuvo complicaciones. Incide en este \u00faltimo caso que se trata de comercios m\u00e1s peque\u00f1os, atendidos generalmente por sus due\u00f1os o con menor cantidad de personal.<\/p>\n<p><img loading=\"lazy\" decoding=\"async\" class=\"CToWUd a6T\" tabindex=\"0\" src=\"https:\/\/ci3.googleusercontent.com\/meips\/ADKq_NaOu076VeIU-B0m0YeYfIRiIp9CDLYJekiqphH0Stz_KTed-ULzlHHIi_BmsmXQ47eHfT4JGHy3S2DRVSLV8awMpbq6HAZszaOVXJrdFvJ49XwqTBvg51ejbtcHV3YAi_h3I-LkTIaR57WCsx-qap5jGXvvNTX_rFpCbda8ao61YRSqfF52=s0-d-e1-ft#https:\/\/mailprensa.came.org.ar\/data\/1899c60d3e88c767f20949a98d5003460b14bf85\/media_files\/1142\/original\/image.png\" width=\"600\" height=\"383\" data-bit=\"iit\" \/><\/p>\n","protected":false},"excerpt":{"rendered":"<p>Las ventas minoristas pymes bajaron 1,7% interanual en noviembre, a precios constantes, y acumulan un descenso de 12,2% en los primeros once meses del a\u00f1o. En la comparaci\u00f3n mensual desestacionalizada, crecieron 3,9%.<\/p>\n","protected":false},"author":3,"featured_media":83623,"comment_status":"closed","ping_status":"closed","sticky":false,"template":"","format":"standard","meta":{"footnotes":""},"categories":[36],"tags":[],"class_list":["post-110504","post","type-post","status-publish","format-standard","has-post-thumbnail","hentry","category-economia"],"yoast_head":"<!-- This site is optimized with the Yoast SEO plugin v25.9 - https:\/\/yoast.com\/wordpress\/plugins\/seo\/ -->\n<title>Las ventas minoristas pyme cayeron 1,7% interanual en noviembre - Noticias Radio Reflejos<\/title>\n<meta name=\"robots\" content=\"index, follow, max-snippet:-1, max-image-preview:large, max-video-preview:-1\" \/>\n<link rel=\"canonical\" href=\"https:\/\/www.noticiasradioreflejos.com.ar\/2021\/las-ventas-minoristas-pyme-cayeron-17-interanual-en-noviembre\/\" \/>\n<meta property=\"og:locale\" content=\"es_ES\" \/>\n<meta property=\"og:type\" content=\"article\" \/>\n<meta property=\"og:title\" content=\"Las ventas minoristas pyme cayeron 1,7% interanual en noviembre - Noticias Radio Reflejos\" \/>\n<meta property=\"og:description\" content=\"Las ventas minoristas pymes bajaron 1,7% interanual en noviembre, a precios constantes, y acumulan un descenso de 12,2% en los primeros once meses del a\u00f1o. En la comparaci\u00f3n mensual desestacionalizada, crecieron 3,9%.\" \/>\n<meta property=\"og:url\" content=\"https:\/\/www.noticiasradioreflejos.com.ar\/2021\/las-ventas-minoristas-pyme-cayeron-17-interanual-en-noviembre\/\" \/>\n<meta property=\"og:site_name\" content=\"Noticias Radio Reflejos\" \/>\n<meta property=\"article:published_time\" content=\"2024-12-09T10:22:18+00:00\" \/>\n<meta property=\"og:image\" content=\"https:\/\/www.noticiasradioreflejos.com.ar\/2021\/wp-content\/uploads\/2023\/02\/ventas.jpg\" \/>\n\t<meta property=\"og:image:width\" content=\"992\" \/>\n\t<meta property=\"og:image:height\" content=\"580\" \/>\n\t<meta property=\"og:image:type\" content=\"image\/jpeg\" \/>\n<meta name=\"author\" content=\"Arnaldo Botto\" \/>\n<meta name=\"twitter:card\" content=\"summary_large_image\" \/>\n<script type=\"application\/ld+json\" class=\"yoast-schema-graph\">{\"@context\":\"https:\/\/schema.org\",\"@graph\":[{\"@type\":\"WebPage\",\"@id\":\"https:\/\/www.noticiasradioreflejos.com.ar\/2021\/las-ventas-minoristas-pyme-cayeron-17-interanual-en-noviembre\/\",\"url\":\"https:\/\/www.noticiasradioreflejos.com.ar\/2021\/las-ventas-minoristas-pyme-cayeron-17-interanual-en-noviembre\/\",\"name\":\"Las ventas minoristas pyme cayeron 1,7% interanual en noviembre - Noticias Radio Reflejos\",\"isPartOf\":{\"@id\":\"https:\/\/www.noticiasradioreflejos.com.ar\/2021\/#website\"},\"primaryImageOfPage\":{\"@id\":\"https:\/\/www.noticiasradioreflejos.com.ar\/2021\/las-ventas-minoristas-pyme-cayeron-17-interanual-en-noviembre\/#primaryimage\"},\"image\":{\"@id\":\"https:\/\/www.noticiasradioreflejos.com.ar\/2021\/las-ventas-minoristas-pyme-cayeron-17-interanual-en-noviembre\/#primaryimage\"},\"thumbnailUrl\":\"https:\/\/www.noticiasradioreflejos.com.ar\/2021\/wp-content\/uploads\/2023\/02\/ventas.jpg\",\"datePublished\":\"2024-12-09T10:22:18+00:00\",\"author\":{\"@id\":\"https:\/\/www.noticiasradioreflejos.com.ar\/2021\/#\/schema\/person\/ad82545263dcc5ec0996818884fd5fb1\"},\"breadcrumb\":{\"@id\":\"https:\/\/www.noticiasradioreflejos.com.ar\/2021\/las-ventas-minoristas-pyme-cayeron-17-interanual-en-noviembre\/#breadcrumb\"},\"inLanguage\":\"es\",\"potentialAction\":[{\"@type\":\"ReadAction\",\"target\":[\"https:\/\/www.noticiasradioreflejos.com.ar\/2021\/las-ventas-minoristas-pyme-cayeron-17-interanual-en-noviembre\/\"]}]},{\"@type\":\"ImageObject\",\"inLanguage\":\"es\",\"@id\":\"https:\/\/www.noticiasradioreflejos.com.ar\/2021\/las-ventas-minoristas-pyme-cayeron-17-interanual-en-noviembre\/#primaryimage\",\"url\":\"https:\/\/www.noticiasradioreflejos.com.ar\/2021\/wp-content\/uploads\/2023\/02\/ventas.jpg\",\"contentUrl\":\"https:\/\/www.noticiasradioreflejos.com.ar\/2021\/wp-content\/uploads\/2023\/02\/ventas.jpg\",\"width\":992,\"height\":580},{\"@type\":\"BreadcrumbList\",\"@id\":\"https:\/\/www.noticiasradioreflejos.com.ar\/2021\/las-ventas-minoristas-pyme-cayeron-17-interanual-en-noviembre\/#breadcrumb\",\"itemListElement\":[{\"@type\":\"ListItem\",\"position\":1,\"name\":\"Portada\",\"item\":\"https:\/\/www.noticiasradioreflejos.com.ar\/2021\/\"},{\"@type\":\"ListItem\",\"position\":2,\"name\":\"Las ventas minoristas pyme cayeron 1,7% interanual en noviembre\"}]},{\"@type\":\"WebSite\",\"@id\":\"https:\/\/www.noticiasradioreflejos.com.ar\/2021\/#website\",\"url\":\"https:\/\/www.noticiasradioreflejos.com.ar\/2021\/\",\"name\":\"Noticias Radio Reflejos\",\"description\":\"Las noticias de mi comarca\",\"potentialAction\":[{\"@type\":\"SearchAction\",\"target\":{\"@type\":\"EntryPoint\",\"urlTemplate\":\"https:\/\/www.noticiasradioreflejos.com.ar\/2021\/?s={search_term_string}\"},\"query-input\":{\"@type\":\"PropertyValueSpecification\",\"valueRequired\":true,\"valueName\":\"search_term_string\"}}],\"inLanguage\":\"es\"},{\"@type\":\"Person\",\"@id\":\"https:\/\/www.noticiasradioreflejos.com.ar\/2021\/#\/schema\/person\/ad82545263dcc5ec0996818884fd5fb1\",\"name\":\"Arnaldo Botto\",\"image\":{\"@type\":\"ImageObject\",\"inLanguage\":\"es\",\"@id\":\"https:\/\/www.noticiasradioreflejos.com.ar\/2021\/#\/schema\/person\/image\/\",\"url\":\"https:\/\/secure.gravatar.com\/avatar\/55cb5e37c1efa326397366e6974cb338056df65cb50e7d64d1cf314e87504837?s=96&d=mm&r=g\",\"contentUrl\":\"https:\/\/secure.gravatar.com\/avatar\/55cb5e37c1efa326397366e6974cb338056df65cb50e7d64d1cf314e87504837?s=96&d=mm&r=g\",\"caption\":\"Arnaldo Botto\"},\"url\":\"https:\/\/www.noticiasradioreflejos.com.ar\/2021\/author\/arnaldo\/\"}]}<\/script>\n<!-- \/ Yoast SEO plugin. -->","yoast_head_json":{"title":"Las ventas minoristas pyme cayeron 1,7% interanual en noviembre - Noticias Radio Reflejos","robots":{"index":"index","follow":"follow","max-snippet":"max-snippet:-1","max-image-preview":"max-image-preview:large","max-video-preview":"max-video-preview:-1"},"canonical":"https:\/\/www.noticiasradioreflejos.com.ar\/2021\/las-ventas-minoristas-pyme-cayeron-17-interanual-en-noviembre\/","og_locale":"es_ES","og_type":"article","og_title":"Las ventas minoristas pyme cayeron 1,7% interanual en noviembre - Noticias Radio Reflejos","og_description":"Las ventas minoristas pymes bajaron 1,7% interanual en noviembre, a precios constantes, y acumulan un descenso de 12,2% en los primeros once meses del a\u00f1o. En la comparaci\u00f3n mensual desestacionalizada, crecieron 3,9%.","og_url":"https:\/\/www.noticiasradioreflejos.com.ar\/2021\/las-ventas-minoristas-pyme-cayeron-17-interanual-en-noviembre\/","og_site_name":"Noticias Radio Reflejos","article_published_time":"2024-12-09T10:22:18+00:00","og_image":[{"width":992,"height":580,"url":"https:\/\/www.noticiasradioreflejos.com.ar\/2021\/wp-content\/uploads\/2023\/02\/ventas.jpg","type":"image\/jpeg"}],"author":"Arnaldo Botto","twitter_card":"summary_large_image","schema":{"@context":"https:\/\/schema.org","@graph":[{"@type":"WebPage","@id":"https:\/\/www.noticiasradioreflejos.com.ar\/2021\/las-ventas-minoristas-pyme-cayeron-17-interanual-en-noviembre\/","url":"https:\/\/www.noticiasradioreflejos.com.ar\/2021\/las-ventas-minoristas-pyme-cayeron-17-interanual-en-noviembre\/","name":"Las ventas minoristas pyme cayeron 1,7% interanual en noviembre - Noticias Radio Reflejos","isPartOf":{"@id":"https:\/\/www.noticiasradioreflejos.com.ar\/2021\/#website"},"primaryImageOfPage":{"@id":"https:\/\/www.noticiasradioreflejos.com.ar\/2021\/las-ventas-minoristas-pyme-cayeron-17-interanual-en-noviembre\/#primaryimage"},"image":{"@id":"https:\/\/www.noticiasradioreflejos.com.ar\/2021\/las-ventas-minoristas-pyme-cayeron-17-interanual-en-noviembre\/#primaryimage"},"thumbnailUrl":"https:\/\/www.noticiasradioreflejos.com.ar\/2021\/wp-content\/uploads\/2023\/02\/ventas.jpg","datePublished":"2024-12-09T10:22:18+00:00","author":{"@id":"https:\/\/www.noticiasradioreflejos.com.ar\/2021\/#\/schema\/person\/ad82545263dcc5ec0996818884fd5fb1"},"breadcrumb":{"@id":"https:\/\/www.noticiasradioreflejos.com.ar\/2021\/las-ventas-minoristas-pyme-cayeron-17-interanual-en-noviembre\/#breadcrumb"},"inLanguage":"es","potentialAction":[{"@type":"ReadAction","target":["https:\/\/www.noticiasradioreflejos.com.ar\/2021\/las-ventas-minoristas-pyme-cayeron-17-interanual-en-noviembre\/"]}]},{"@type":"ImageObject","inLanguage":"es","@id":"https:\/\/www.noticiasradioreflejos.com.ar\/2021\/las-ventas-minoristas-pyme-cayeron-17-interanual-en-noviembre\/#primaryimage","url":"https:\/\/www.noticiasradioreflejos.com.ar\/2021\/wp-content\/uploads\/2023\/02\/ventas.jpg","contentUrl":"https:\/\/www.noticiasradioreflejos.com.ar\/2021\/wp-content\/uploads\/2023\/02\/ventas.jpg","width":992,"height":580},{"@type":"BreadcrumbList","@id":"https:\/\/www.noticiasradioreflejos.com.ar\/2021\/las-ventas-minoristas-pyme-cayeron-17-interanual-en-noviembre\/#breadcrumb","itemListElement":[{"@type":"ListItem","position":1,"name":"Portada","item":"https:\/\/www.noticiasradioreflejos.com.ar\/2021\/"},{"@type":"ListItem","position":2,"name":"Las ventas minoristas pyme cayeron 1,7% interanual en noviembre"}]},{"@type":"WebSite","@id":"https:\/\/www.noticiasradioreflejos.com.ar\/2021\/#website","url":"https:\/\/www.noticiasradioreflejos.com.ar\/2021\/","name":"Noticias Radio Reflejos","description":"Las noticias de mi comarca","potentialAction":[{"@type":"SearchAction","target":{"@type":"EntryPoint","urlTemplate":"https:\/\/www.noticiasradioreflejos.com.ar\/2021\/?s={search_term_string}"},"query-input":{"@type":"PropertyValueSpecification","valueRequired":true,"valueName":"search_term_string"}}],"inLanguage":"es"},{"@type":"Person","@id":"https:\/\/www.noticiasradioreflejos.com.ar\/2021\/#\/schema\/person\/ad82545263dcc5ec0996818884fd5fb1","name":"Arnaldo Botto","image":{"@type":"ImageObject","inLanguage":"es","@id":"https:\/\/www.noticiasradioreflejos.com.ar\/2021\/#\/schema\/person\/image\/","url":"https:\/\/secure.gravatar.com\/avatar\/55cb5e37c1efa326397366e6974cb338056df65cb50e7d64d1cf314e87504837?s=96&d=mm&r=g","contentUrl":"https:\/\/secure.gravatar.com\/avatar\/55cb5e37c1efa326397366e6974cb338056df65cb50e7d64d1cf314e87504837?s=96&d=mm&r=g","caption":"Arnaldo Botto"},"url":"https:\/\/www.noticiasradioreflejos.com.ar\/2021\/author\/arnaldo\/"}]}},"_links":{"self":[{"href":"https:\/\/www.noticiasradioreflejos.com.ar\/2021\/wp-json\/wp\/v2\/posts\/110504","targetHints":{"allow":["GET"]}}],"collection":[{"href":"https:\/\/www.noticiasradioreflejos.com.ar\/2021\/wp-json\/wp\/v2\/posts"}],"about":[{"href":"https:\/\/www.noticiasradioreflejos.com.ar\/2021\/wp-json\/wp\/v2\/types\/post"}],"author":[{"embeddable":true,"href":"https:\/\/www.noticiasradioreflejos.com.ar\/2021\/wp-json\/wp\/v2\/users\/3"}],"replies":[{"embeddable":true,"href":"https:\/\/www.noticiasradioreflejos.com.ar\/2021\/wp-json\/wp\/v2\/comments?post=110504"}],"version-history":[{"count":1,"href":"https:\/\/www.noticiasradioreflejos.com.ar\/2021\/wp-json\/wp\/v2\/posts\/110504\/revisions"}],"predecessor-version":[{"id":110505,"href":"https:\/\/www.noticiasradioreflejos.com.ar\/2021\/wp-json\/wp\/v2\/posts\/110504\/revisions\/110505"}],"wp:featuredmedia":[{"embeddable":true,"href":"https:\/\/www.noticiasradioreflejos.com.ar\/2021\/wp-json\/wp\/v2\/media\/83623"}],"wp:attachment":[{"href":"https:\/\/www.noticiasradioreflejos.com.ar\/2021\/wp-json\/wp\/v2\/media?parent=110504"}],"wp:term":[{"taxonomy":"category","embeddable":true,"href":"https:\/\/www.noticiasradioreflejos.com.ar\/2021\/wp-json\/wp\/v2\/categories?post=110504"},{"taxonomy":"post_tag","embeddable":true,"href":"https:\/\/www.noticiasradioreflejos.com.ar\/2021\/wp-json\/wp\/v2\/tags?post=110504"}],"curies":[{"name":"wp","href":"https:\/\/api.w.org\/{rel}","templated":true}]}}